{"id":13061,"date":"2017-01-11T13:44:30","date_gmt":"2017-01-11T12:44:30","guid":{"rendered":"http:\/\/www.robertosedda.it\/?p=13061"},"modified":"2017-01-25T19:36:02","modified_gmt":"2017-01-25T18:36:02","slug":"il-mondo-va-avanti","status":"publish","type":"post","link":"http:\/\/www.robertosedda.it\/?p=13061","title":{"rendered":"Il mondo va avanti"},"content":{"rendered":"<p>Ricordo che quando studiavo ai primi anni dell&#8217;universit\u00e0 lessi su\u00a0<em><a href=\"http:\/\/www.robertosedda.it\/?p=4575\">Sei lezioni sulla storia<\/a><\/em> di Carr l&#8217;idea che il mondo progredisce positivamente. La storia\u00a0<em>migliora<\/em>.<\/p>\n<p><img data-attachment-id=\"13079\" data-permalink=\"http:\/\/www.robertosedda.it\/?attachment_id=13079\" data-orig-file=\"https:\/\/i0.wp.com\/www.robertosedda.it\/wp-content\/uploads\/2017\/01\/Medium.jpeg?fit=2000%2C1357\" data-orig-size=\"2000,1357\" data-comments-opened=\"1\" data-image-meta=\"{&quot;aperture&quot;:&quot;0&quot;,&quot;credit&quot;:&quot;&quot;,&quot;camera&quot;:&quot;&quot;,&quot;caption&quot;:&quot;&quot;,&quot;created_timestamp&quot;:&quot;0&quot;,&quot;copyright&quot;:&quot;&quot;,&quot;focal_length&quot;:&quot;0&quot;,&quot;iso&quot;:&quot;0&quot;,&quot;shutter_speed&quot;:&quot;0&quot;,&quot;title&quot;:&quot;&quot;,&quot;orientation&quot;:&quot;0&quot;}\" data-image-title=\"Medium\" data-image-description=\"\" data-image-caption=\"\" data-medium-file=\"https:\/\/i0.wp.com\/www.robertosedda.it\/wp-content\/uploads\/2017\/01\/Medium.jpeg?fit=300%2C204\" data-large-file=\"https:\/\/i0.wp.com\/www.robertosedda.it\/wp-content\/uploads\/2017\/01\/Medium.jpeg?fit=510%2C346\" decoding=\"async\" loading=\"lazy\" class=\"aligncenter size-full wp-image-13079\" src=\"https:\/\/i0.wp.com\/www.robertosedda.it\/wp-content\/uploads\/2017\/01\/Medium.jpeg?resize=800%2C543\" alt=\"\" width=\"800\" height=\"543\" srcset=\"https:\/\/i0.wp.com\/www.robertosedda.it\/wp-content\/uploads\/2017\/01\/Medium.jpeg?w=2000 2000w, https:\/\/i0.wp.com\/www.robertosedda.it\/wp-content\/uploads\/2017\/01\/Medium.jpeg?resize=150%2C102 150w, https:\/\/i0.wp.com\/www.robertosedda.it\/wp-content\/uploads\/2017\/01\/Medium.jpeg?resize=300%2C204 300w, https:\/\/i0.wp.com\/www.robertosedda.it\/wp-content\/uploads\/2017\/01\/Medium.jpeg?resize=510%2C346 510w, https:\/\/i0.wp.com\/www.robertosedda.it\/wp-content\/uploads\/2017\/01\/Medium.jpeg?resize=700%2C475 700w, https:\/\/i0.wp.com\/www.robertosedda.it\/wp-content\/uploads\/2017\/01\/Medium.jpeg?w=1600 1600w\" sizes=\"(max-width: 800px) 100vw, 800px\" data-recalc-dims=\"1\" \/>Il vecchio storico inglese era piuttosto brusco, in materia: quando ci si lamenta che i tempi peggiorano, sosteneva, \u00e8 perch\u00e9 peggiorano per il gruppo sociale al quale si appartiene, che di solito \u00e8 privilegiato. Ma nel frattempo la storia, nel complesso, sta migliorando la posizione di <em>tutti<\/em> gli altri.\u00a0Sicuramente aveva in testa i movimenti di decolonizzazione del secondo dopoguerra: l&#8217;Inghilterra non aveva pi\u00f9 l&#8217;Impero, per dire, ma interi nuovi popoli acquisivano la libert\u00e0 di progettare da s\u00e9 il loro futuro. Le\u00a0<em>\u00e9lite<\/em> bianche degli USA vedevano sfidato il loro potere, ma i neri si emancipavano. E cos\u00ec via: sicuramente Carr aveva anche in mente la Gloriosa Rivoluzione Russa, ma sua quella possiamo passare oltre senza inficiare il suo pensiero.<\/p>\n<p>Viviamo in un periodo nel quale siamo passati dal timore della catastrofe nucleare a quello della catastrofe ambientale, per non parlare della persistenza della crisi economica, quindi l&#8217;umore generale\u00a0probabilmente non sembra corrispondere alla teoria cos\u00ec baldanzosamente enunciata da Carr qualche decennio fa e forse \u00e8 pi\u00f9 urgente <a href=\"https:\/\/www.amazon.it\/Imparare-catastrofi-galattica-sopravvivere-futuro\/dp\/8865160861\/ref=sr_1_8?ie=UTF8&amp;qid=1484137693&amp;sr=8-8\">una pedagogia delle catastrofi<\/a>\u00a0che non un indulgere piacevolmente alla contemplazione del progresso.<\/p>\n<p>E\u00a0tuttavia ricordarsene \u00e8 sempre un elemento di realt\u00e0 da tenere presente: se l&#8217;Europa declina miliardi di cinesi accedono per la prima volta al benessere, per esempio. E l&#8217;idea di progresso, <a href=\"https:\/\/www.amazon.it\/paradiso-terra-progresso-sua-critica\/dp\/8854513652\/ref=sr_1_1?ie=UTF8&amp;qid=1484137305&amp;sr=8-1\">per quanto discutibile\u00a0e probabilmente disperatamente materialistica<\/a>, ha ricadute spirituali anche molto interessanti, come dimostra la predicazione fresca e originale nella nostra citt\u00e0 del mio amico <a href=\"http:\/\/www.frachristiansteiner.eu\/\">padre Christian Steiner<\/a>.<\/p>\n<p>Detto tutto questo, mi sembra in argomento segnalare che nella <a href=\"http:\/\/www.robertosedda.it\/?p=13059\">discussione sullo stato del mondo<\/a> di cui vi ho parlato l&#8217;altro giorno ho trovato un interessante\u00a0<em>link<\/em> a un articolo su\u00a0<em><a href=\"https:\/\/medium.com\">Medium<\/a><\/em>\u00a0che elenca 99 buoni motivi per i quali il 2016 \u00e8 stato un buon anno, un anno di progresso e di grandi risultati in campo ambientale, politico, sociale, dei diritti, del lavoro, della sostenibilit\u00e0.<\/p>\n<p>Nel mondo. Ognuno, come sappiamo, <a href=\"http:\/\/www.robertosedda.it\/?p=68\">guarda il mondo dal suo punto di vista<\/a>. Ma i controlli di realt\u00e0 sono importanti lo stesso.\u00a0Potete leggere la lista e farvi la vostra opinione (cliccate sul titolo nella figura qui sotto).<\/p>\n<p><a class=\"m-story\" href=\"https:\/\/medium.com\/future-crunch\/99-reasons-why-2016-has-been-a-great-year-for-humanity-8420debc2823#.dl14ke4j6\" target=\"_blank\" data-width=\"800\" data-border=\"1\" data-collapsed=\"\">Visualizza su Medium.com<\/a><\/p>\n<p>&nbsp;<\/p>\n<p>&nbsp;<\/p>\n","protected":false},"excerpt":{"rendered":"<p>Ricordo che quando studiavo ai primi anni dell&#8217;universit\u00e0 lessi su\u00a0Sei lezioni sulla storia di Carr l&#8217;idea che il mondo progredisce<\/p>\n","protected":false},"author":1,"featured_media":13079,"comment_status":"open","ping_status":"open","sticky":false,"template":"","format":"standard","meta":{"_mi_skip_tracking":false,"_monsterinsights_sitenote_active":false,"_monsterinsights_sitenote_note":"","_monsterinsights_sitenote_category":0,"jetpack_post_was_ever_published":false,"_jetpack_newsletter_access":"","jetpack_publicize_message":"","jetpack_is_tweetstorm":false,"jetpack_publicize_feature_enabled":true,"jetpack_social_post_already_shared":true,"jetpack_social_options":{"image_generator_settings":{"template":"highway","enabled":false}}},"categories":[52,55,77,17,16],"tags":[],"jetpack_publicize_connections":[],"jetpack_featured_media_url":"https:\/\/i0.wp.com\/www.robertosedda.it\/wp-content\/uploads\/2017\/01\/Medium.jpeg?fit=2000%2C1357","jetpack_sharing_enabled":true,"jetpack_shortlink":"https:\/\/wp.me\/p4jV2T-3oF","jetpack_likes_enabled":true,"jetpack-related-posts":[{"id":4575,"url":"http:\/\/www.robertosedda.it\/?p=4575","url_meta":{"origin":13061,"position":0},"title":"Sei lezioni sulla storia","author":"Rufus","date":"09\/10\/2013","format":false,"excerpt":"\u00a0Una lettura fondamentale Ho letto nei giorni scorsi Sei lezioni sulla storia, dello storico inglese E.H. Carr (Piccola Biblioteca Einaudi, la mia edizione\u00a0\u00e8 del 1967 ma vedo che ce n'\u00e8 una del 2000 arricchita di nuovi appunti di Carr stesso per una edizione successiva rimasta incompiuta). Per la verit\u00e0 si\u2026","rel":"","context":"In &quot;Coordinate&quot;","block_context":{"text":"Coordinate","link":"http:\/\/www.robertosedda.it\/?cat=52"},"img":{"alt_text":"","src":"https:\/\/i0.wp.com\/www.robertosedda.it\/wp-content\/uploads\/2013\/10\/Carr-lezioni-storia.jpg?fit=200%2C345&resize=350%2C200","width":350,"height":200},"classes":[]},{"id":1715,"url":"http:\/\/www.robertosedda.it\/?p=1715","url_meta":{"origin":13061,"position":1},"title":"L&#8217;innocenza di Clara","author":"Rufus","date":"17\/12\/2012","format":"video","excerpt":"Ci sono film che peggiorano nel ricordo (per esempio Grandi speranze di Newell). E altri, come questo l'Innocenza di Clara di Toni D'Angelo, che invece prendono quota col passare del tempo. In sala devo dire che mi sono annoiato disperatamente: la storia dell'ingresso\u00a0della bionda Clara (Chiara Conti, bellissima) nel piccolo\u2026","rel":"","context":"In &quot;Coordinate&quot;","block_context":{"text":"Coordinate","link":"http:\/\/www.robertosedda.it\/?cat=52"},"img":{"alt_text":"","src":"https:\/\/i0.wp.com\/img.youtube.com\/vi\/-NrXCDHtDUY\/0.jpg?resize=350%2C200","width":350,"height":200},"classes":[]},{"id":8445,"url":"http:\/\/www.robertosedda.it\/?p=8445","url_meta":{"origin":13061,"position":2},"title":"Modi eleganti per sottrarsi alle catene e i miei dieci libri preferiti","author":"Rufus","date":"16\/09\/2014","format":false,"excerpt":"Ho deciso da un po' di fare il possibile per non partecipare alle catene su Facebook: non \u00e8 proprio una regola fissa, ma se posso lascio cadere le chiamate per quanto possa sentirmi solleticato nell'orgoglio dal fatto che c'\u00e8 gente che mi pensa. Lo faccio perch\u00e9 penso che le catene\u2026","rel":"","context":"In &quot;Coordinate&quot;","block_context":{"text":"Coordinate","link":"http:\/\/www.robertosedda.it\/?cat=52"},"img":{"alt_text":"","src":"https:\/\/i0.wp.com\/www.robertosedda.it\/wp-content\/uploads\/2014\/09\/Il-signore-degli-anelli.jpg?fit=393%2C620&resize=350%2C200","width":350,"height":200},"classes":[]},{"id":13376,"url":"http:\/\/www.robertosedda.it\/?p=13376","url_meta":{"origin":13061,"position":3},"title":"Sempre meno libert\u00e0 nel mondo","author":"Rufus","date":"09\/03\/2017","format":false,"excerpt":"Traduco da\u00a0Visual Capitalist\u00a0un pezzo che accompagna alcune rappresentazioni grafiche dello stato della libert\u00e0 del mondo. Un riassunto del pezzo potrebbe essere: \u00abNon c'\u00e8 molto da stare allegri\u00bb, ma l'elemento interessante non \u00e8 tanto quello quanto il fatto che la cosa, a quanto pare, peggiora anno dopo anno da parecchio tempo.\u2026","rel":"","context":"In &quot;Coordinate&quot;","block_context":{"text":"Coordinate","link":"http:\/\/www.robertosedda.it\/?cat=52"},"img":{"alt_text":"","src":"https:\/\/i0.wp.com\/www.robertosedda.it\/wp-content\/uploads\/2017\/03\/Libert\u00e0-globale-4.jpg?fit=796%2C429&resize=350%2C200","width":350,"height":200,"srcset":"https:\/\/i0.wp.com\/www.robertosedda.it\/wp-content\/uploads\/2017\/03\/Libert\u00e0-globale-4.jpg?fit=796%2C429&resize=350%2C200 1x, https:\/\/i0.wp.com\/www.robertosedda.it\/wp-content\/uploads\/2017\/03\/Libert\u00e0-globale-4.jpg?fit=796%2C429&resize=700%2C400 2x"},"classes":[]},{"id":5710,"url":"http:\/\/www.robertosedda.it\/?p=5710","url_meta":{"origin":13061,"position":4},"title":"I libri che ho letto nel 2013","author":"Rufus","date":"02\/01\/2014","format":false,"excerpt":"Come l'anno scorso Anobii mi permette di tenere conto dei libri che ho letto nel corso dell'anno. Vedo che nel 2013 ho letto un libro in pi\u00f9 del 2012 ma con un numero di pagine inferiore: un po' la cosa mi sorprende e ho l'impressione di aver dimenticato qualcosa, ma\u2026","rel":"","context":"In &quot;Coordinate&quot;","block_context":{"text":"Coordinate","link":"http:\/\/www.robertosedda.it\/?cat=52"},"img":{"alt_text":"","src":"https:\/\/i0.wp.com\/www.robertosedda.it\/wp-content\/uploads\/2013\/01\/8850328802p400.gif?fit=400%2C622&resize=350%2C200","width":350,"height":200},"classes":[]},{"id":5645,"url":"http:\/\/www.robertosedda.it\/?p=5645","url_meta":{"origin":13061,"position":5},"title":"L&#8217;assedio di Stalingrado","author":"Rufus","date":"30\/12\/2013","format":false,"excerpt":"\u00a0Stalingrad (Antony Beevor, Penguin 1998) Ho finito Stalingrad di Antony Beevor, a cui ho gi\u00e0 accennato, e non posso che consigliarne la lettura agli appassionati di storia del XX secolo (il libro \u00e8 edito in Italia nella BUR col titolo Stalingrado) - con avvertenze. Il libro prende le mosse dalla\u2026","rel":"","context":"In &quot;Coordinate&quot;","block_context":{"text":"Coordinate","link":"http:\/\/www.robertosedda.it\/?cat=52"},"img":{"alt_text":"","src":"https:\/\/i0.wp.com\/www.robertosedda.it\/wp-content\/uploads\/2013\/12\/Beevor-Stalingrad.jpg?fit=775%2C1200&resize=350%2C200","width":350,"height":200,"srcset":"https:\/\/i0.wp.com\/www.robertosedda.it\/wp-content\/uploads\/2013\/12\/Beevor-Stalingrad.jpg?fit=775%2C1200&resize=350%2C200 1x, https:\/\/i0.wp.com\/www.robertosedda.it\/wp-content\/uploads\/2013\/12\/Beevor-Stalingrad.jpg?fit=775%2C1200&resize=700%2C400 2x"},"classes":[]}],"_links":{"self":[{"href":"http:\/\/www.robertosedda.it\/index.php?rest_route=\/wp\/v2\/posts\/13061"}],"collection":[{"href":"http:\/\/www.robertosedda.it\/index.php?rest_route=\/wp\/v2\/posts"}],"about":[{"href":"http:\/\/www.robertosedda.it\/index.php?rest_route=\/wp\/v2\/types\/post"}],"author":[{"embeddable":true,"href":"http:\/\/www.robertosedda.it\/index.php?rest_route=\/wp\/v2\/users\/1"}],"replies":[{"embeddable":true,"href":"http:\/\/www.robertosedda.it\/index.php?rest_route=%2Fwp%2Fv2%2Fcomments&post=13061"}],"version-history":[{"count":4,"href":"http:\/\/www.robertosedda.it\/index.php?rest_route=\/wp\/v2\/posts\/13061\/revisions"}],"predecessor-version":[{"id":13081,"href":"http:\/\/www.robertosedda.it\/index.php?rest_route=\/wp\/v2\/posts\/13061\/revisions\/13081"}],"wp:featuredmedia":[{"embeddable":true,"href":"http:\/\/www.robertosedda.it\/index.php?rest_route=\/wp\/v2\/media\/13079"}],"wp:attachment":[{"href":"http:\/\/www.robertosedda.it\/index.php?rest_route=%2Fwp%2Fv2%2Fmedia&parent=13061"}],"wp:term":[{"taxonomy":"category","embeddable":true,"href":"http:\/\/www.robertosedda.it\/index.php?rest_route=%2Fwp%2Fv2%2Fcategories&post=13061"},{"taxonomy":"post_tag","embeddable":true,"href":"http:\/\/www.robertosedda.it\/index.php?rest_route=%2Fwp%2Fv2%2Ftags&post=13061"}],"curies":[{"name":"wp","href":"https:\/\/api.w.org\/{rel}","templated":true}]}}