{"id":13059,"date":"2017-01-09T17:08:34","date_gmt":"2017-01-09T16:08:34","guid":{"rendered":"http:\/\/www.robertosedda.it\/?p=13059"},"modified":"2017-01-16T17:12:48","modified_gmt":"2017-01-16T16:12:48","slug":"lottimista-e-il-pessimista","status":"publish","type":"post","link":"http:\/\/www.robertosedda.it\/?p=13059","title":{"rendered":"L&#8217;ottimista e il pessimista"},"content":{"rendered":"<p><img data-attachment-id=\"13063\" data-permalink=\"http:\/\/www.robertosedda.it\/?attachment_id=13063\" data-orig-file=\"https:\/\/i0.wp.com\/www.robertosedda.it\/wp-content\/uploads\/2017\/01\/The-well.jpeg?fit=225%2C225\" data-orig-size=\"225,225\" data-comments-opened=\"1\" data-image-meta=\"{&quot;aperture&quot;:&quot;0&quot;,&quot;credit&quot;:&quot;&quot;,&quot;camera&quot;:&quot;&quot;,&quot;caption&quot;:&quot;&quot;,&quot;created_timestamp&quot;:&quot;0&quot;,&quot;copyright&quot;:&quot;&quot;,&quot;focal_length&quot;:&quot;0&quot;,&quot;iso&quot;:&quot;0&quot;,&quot;shutter_speed&quot;:&quot;0&quot;,&quot;title&quot;:&quot;&quot;,&quot;orientation&quot;:&quot;0&quot;}\" data-image-title=\"The well\" data-image-description=\"\" data-image-caption=\"\" data-medium-file=\"https:\/\/i0.wp.com\/www.robertosedda.it\/wp-content\/uploads\/2017\/01\/The-well.jpeg?fit=225%2C225\" data-large-file=\"https:\/\/i0.wp.com\/www.robertosedda.it\/wp-content\/uploads\/2017\/01\/The-well.jpeg?fit=225%2C225\" decoding=\"async\" loading=\"lazy\" class=\"alignright size-full wp-image-13063\" src=\"https:\/\/i0.wp.com\/www.robertosedda.it\/wp-content\/uploads\/2017\/01\/The-well.jpeg?resize=225%2C225\" alt=\"\" width=\"225\" height=\"225\" srcset=\"https:\/\/i0.wp.com\/www.robertosedda.it\/wp-content\/uploads\/2017\/01\/The-well.jpeg?w=225 225w, https:\/\/i0.wp.com\/www.robertosedda.it\/wp-content\/uploads\/2017\/01\/The-well.jpeg?resize=150%2C150 150w, https:\/\/i0.wp.com\/www.robertosedda.it\/wp-content\/uploads\/2017\/01\/The-well.jpeg?resize=100%2C100 100w\" sizes=\"(max-width: 225px) 100vw, 225px\" data-recalc-dims=\"1\" \/>Una delle letture pi\u00f9 stimolanti che potete fare in questo momento \u00e8 l&#8217;<a href=\"http:\/\/www.well.com\/conf\/inkwell.vue\/topics\/495\/Bruce-Sterling-and-Jon-Lebkowsky-page01.html\">annuale dibattito fra Bruce Sterling e Jon Lebkowsky sullo &#8220;stato del mondo&#8221; 2017<\/a>, ospitato da <a href=\"http:\/\/www.well.com\"><em>The Well<\/em><\/a>.<br \/>\nLo so che lo consiglio ogni anno, ma quest&#8217;anno lo trovo particolarmente interessante e ho deciso di mettermi di buzzo buono per convincerci a leggerlo.Prima le cattive notizie. Funziona cos\u00ec: <a href=\"http:\/\/weblogsky.com\/\">Lebkowski<\/a> (uno dei padri del mediattivismo) inizia il dibattito con una affermazione, che quest&#8217;anno \u00e8 tutta centrata sul concetto di diseguaglianza globale (meglio: <em>globalizzata<\/em>), a partire da <a href=\"https:\/\/www.theguardian.com\/commentisfree\/2016\/dec\/01\/stephen-hawking-dangerous-time-planet-inequality\">un articolo di Stephen Hawking sul <em>Guardian<\/em><\/a>.<\/p>\n<figure id=\"attachment_13065\" aria-describedby=\"caption-attachment-13065\" style=\"width: 300px\" class=\"wp-caption alignleft\"><img data-attachment-id=\"13065\" data-permalink=\"http:\/\/www.robertosedda.it\/?attachment_id=13065\" data-orig-file=\"https:\/\/i0.wp.com\/www.robertosedda.it\/wp-content\/uploads\/2017\/01\/Bruce-Sterling.jpg?fit=1000%2C667\" data-orig-size=\"1000,667\" data-comments-opened=\"1\" data-image-meta=\"{&quot;aperture&quot;:&quot;6.3&quot;,&quot;credit&quot;:&quot;Elizabeth Cacho Duran&quot;,&quot;camera&quot;:&quot;Canon EOS 60D&quot;,&quot;caption&quot;:&quot;&quot;,&quot;created_timestamp&quot;:&quot;1311454451&quot;,&quot;copyright&quot;:&quot;&quot;,&quot;focal_length&quot;:&quot;135&quot;,&quot;iso&quot;:&quot;6400&quot;,&quot;shutter_speed&quot;:&quot;0.008&quot;,&quot;title&quot;:&quot;&quot;,&quot;orientation&quot;:&quot;1&quot;}\" data-image-title=\"Bruce Sterling\" data-image-description=\"\" data-image-caption=\"&lt;p&gt;Bruce Sterling&lt;\/p&gt;\n\" data-medium-file=\"https:\/\/i0.wp.com\/www.robertosedda.it\/wp-content\/uploads\/2017\/01\/Bruce-Sterling.jpg?fit=300%2C200\" data-large-file=\"https:\/\/i0.wp.com\/www.robertosedda.it\/wp-content\/uploads\/2017\/01\/Bruce-Sterling.jpg?fit=510%2C340\" decoding=\"async\" loading=\"lazy\" class=\"wp-image-13065 size-medium\" src=\"https:\/\/i0.wp.com\/www.robertosedda.it\/wp-content\/uploads\/2017\/01\/Bruce-Sterling.jpg?resize=300%2C200\" width=\"300\" height=\"200\" srcset=\"https:\/\/i0.wp.com\/www.robertosedda.it\/wp-content\/uploads\/2017\/01\/Bruce-Sterling.jpg?resize=300%2C200 300w, https:\/\/i0.wp.com\/www.robertosedda.it\/wp-content\/uploads\/2017\/01\/Bruce-Sterling.jpg?resize=150%2C100 150w, https:\/\/i0.wp.com\/www.robertosedda.it\/wp-content\/uploads\/2017\/01\/Bruce-Sterling.jpg?resize=510%2C340 510w, https:\/\/i0.wp.com\/www.robertosedda.it\/wp-content\/uploads\/2017\/01\/Bruce-Sterling.jpg?resize=700%2C467 700w, https:\/\/i0.wp.com\/www.robertosedda.it\/wp-content\/uploads\/2017\/01\/Bruce-Sterling.jpg?w=1000 1000w\" sizes=\"(max-width: 300px) 100vw, 300px\" data-recalc-dims=\"1\" \/><figcaption id=\"caption-attachment-13065\" class=\"wp-caption-text\">Bruce Sterling<\/figcaption><\/figure>\n<p>Come su un <em>forum<\/em>, <a href=\"https:\/\/www.wired.com\/category\/beyond_the_beyond\">Sterling<\/a> (uno dei pi\u00f9 importanti scrittori di fantascienza dell&#8217;ultimo quarto del secolo scorso) risponde. E si va avanti con altri interventi, talvolta con l&#8217;inserimento di commenti e domande da parte dei frequentatori di <em>The Well<\/em> e della redazione. \u00c8 tutto in inglese, tutto testo, non c&#8217;\u00e8 grafica e il discorso \u00e8 ondivago. Una cosa incredibilmente <em>preistorica<\/em>.<\/p>\n<figure id=\"attachment_13066\" aria-describedby=\"caption-attachment-13066\" style=\"width: 320px\" class=\"wp-caption alignright\"><img data-attachment-id=\"13066\" data-permalink=\"http:\/\/www.robertosedda.it\/?attachment_id=13066\" data-orig-file=\"https:\/\/i0.wp.com\/www.robertosedda.it\/wp-content\/uploads\/2017\/01\/Jon-Lebkowski.jpeg?fit=320%2C320\" data-orig-size=\"320,320\" data-comments-opened=\"1\" data-image-meta=\"{&quot;aperture&quot;:&quot;0&quot;,&quot;credit&quot;:&quot;&quot;,&quot;camera&quot;:&quot;&quot;,&quot;caption&quot;:&quot;&quot;,&quot;created_timestamp&quot;:&quot;0&quot;,&quot;copyright&quot;:&quot;&quot;,&quot;focal_length&quot;:&quot;0&quot;,&quot;iso&quot;:&quot;0&quot;,&quot;shutter_speed&quot;:&quot;0&quot;,&quot;title&quot;:&quot;&quot;,&quot;orientation&quot;:&quot;0&quot;}\" data-image-title=\"Jon Lebkowski\" data-image-description=\"\" data-image-caption=\"&lt;p&gt;Jon Lebkowski&lt;\/p&gt;\n\" data-medium-file=\"https:\/\/i0.wp.com\/www.robertosedda.it\/wp-content\/uploads\/2017\/01\/Jon-Lebkowski.jpeg?fit=300%2C300\" data-large-file=\"https:\/\/i0.wp.com\/www.robertosedda.it\/wp-content\/uploads\/2017\/01\/Jon-Lebkowski.jpeg?fit=320%2C320\" decoding=\"async\" loading=\"lazy\" class=\"size-full wp-image-13066\" src=\"https:\/\/i0.wp.com\/www.robertosedda.it\/wp-content\/uploads\/2017\/01\/Jon-Lebkowski.jpeg?resize=320%2C320\" alt=\"\" width=\"320\" height=\"320\" srcset=\"https:\/\/i0.wp.com\/www.robertosedda.it\/wp-content\/uploads\/2017\/01\/Jon-Lebkowski.jpeg?w=320 320w, https:\/\/i0.wp.com\/www.robertosedda.it\/wp-content\/uploads\/2017\/01\/Jon-Lebkowski.jpeg?resize=150%2C150 150w, https:\/\/i0.wp.com\/www.robertosedda.it\/wp-content\/uploads\/2017\/01\/Jon-Lebkowski.jpeg?resize=300%2C300 300w, https:\/\/i0.wp.com\/www.robertosedda.it\/wp-content\/uploads\/2017\/01\/Jon-Lebkowski.jpeg?resize=100%2C100 100w\" sizes=\"(max-width: 320px) 100vw, 320px\" data-recalc-dims=\"1\" \/><figcaption id=\"caption-attachment-13066\" class=\"wp-caption-text\">Jon Lebkowski<\/figcaption><\/figure>\n<p>E dura <em>quindici<\/em> giorni: \u00e8 iniziato il 30 dicembre e siamo gi\u00e0 oltre le cinque pagine.<\/p>\n<p>Migliaia di caratteri.<\/p>\n<p>Quindi non una passeggiata. Per\u00f2 \u00e8 interessantissimo, sia per le opinioni espresse in s\u00e9 sia come carotaggio di quel che si agita dentro un certo tipo di intellettualit\u00e0 americana, indipendente dai &#8211; o meglio: in rapporto dialogico coi &#8211;\u00a0 media <em>mainstream<\/em> e soprattutto autonoma rispetto a una serie di sistemi di pensiero dominanti.<\/p>\n<p>Il che non vuol dire, naturalmente, che sia tutto oro quel che luccica, che si debba essere d&#8217;accordo per forza o che Sterling, che facilmente tende al tono profetico, sia un oracolo. Tutt&#8217;altro: anzi direi che per molti aspetti non ci azzecca mai, nel dettaglio. Dove \u00e8 interessante \u00e8 nella capacit\u00e0 di cogliere e distillare il sentimento del tempo e rilanciarlo in maniere inaspettate.<\/p>\n<p>Sto ancora nuotando attraverso le pagine e pagine, ma per il momento registro:<\/p>\n<ul>\n<li>un curioso sentimento di ripiegamento su se stessi, sulla propria salvaguardia personale, di fronte a un sentimento attuale di incertezza e, vivaddio, di pericolo. Ricordo che una decina di anni fa Enrico Euli mi disse: \u00abNei prossimi quindici anni sar\u00e0 importante <em>sopravvivere<\/em>, proprio nel senso di riuscire a sopravvivere <em>fisicamente\u00bb,<\/em> ed \u00e8 un sentimento che ritorna spesso, nel dibattito, assieme, evidentemente, al discorso di tenere da conto ci\u00f2 che si ha, ci\u00f2 che si \u00e8, le relazioni, il proprio piccolo mondo;<\/li>\n<li>una accurata disamina del perch\u00e9 Donald Trump \u00e8 <em>migliore<\/em> di tutti gli altri presidenti repubblicani possibili;<\/li>\n<li>una accurata disanima di Donald Trump e di chi ci rimetter\u00e0 dalla sua presidenza (risposta: i suoi colleghi di governo);<\/li>\n<li>la morte dell&#8217;ambasciatore russo in Turchia come paradigma col quale guardare al mondo;perch\u00e9 le cinque aziende tecnologiche mondiali (<em>Apple<\/em>, <em>Google<\/em>, <em>Microsoft<\/em>, <em>Facebook <\/em> e <em>Amazon<\/em>) non riescono a conquistare il mondo e (forse) mai ci riusciranno &#8211; per non parlare di <em>Samsung<\/em>, <em>Intel<\/em>, <em>Huawei<\/em>&#8230; ;<\/li>\n<li>perch\u00e9 essere contenti che Putin \u00e8 vivo;<\/li>\n<li>un ricorrente senso di morte: se Putin morisse, se Trump morisse, se Zuckerberg morisse&#8230; e una <em>estrema <\/em> personalizzazione della visione del mondo: il mondo senza Putin, Trump, Zuckerberg, come se attorno a loro ci fosse il vuoto;<\/li>\n<li>del come e perch\u00e9 l&#8217;<em>Internet<\/em> \u00e8 morta;<\/li>\n<li>tecnologia, tecnologia, tecnologia e le nostre vite;<\/li>\n<li>la cooperazione e le strutture aziendali gerarchiche;<\/li>\n<li>&#8230;e molto altro.<\/li>\n<\/ul>\n<p>Mi pare che ce ne sia abbastanza!<\/p>\n<p>P.S. L&#8217;ottimista e il pessimista del titolo sono, per loro ammissione, Lebkowski e Sterling rispettivamente, anche se le due posizioni si scambiano pi\u00f9 volte.<\/p>\n","protected":false},"excerpt":{"rendered":"<p>Una delle letture pi\u00f9 stimolanti che potete fare in questo momento \u00e8 l&#8217;annuale dibattito fra Bruce Sterling e Jon Lebkowsky<\/p>\n","protected":false},"author":1,"featured_media":13065,"comment_status":"open","ping_status":"open","sticky":false,"template":"","format":"standard","meta":{"_mi_skip_tracking":false,"_monsterinsights_sitenote_active":false,"_monsterinsights_sitenote_note":"","_monsterinsights_sitenote_category":0,"jetpack_post_was_ever_published":false,"_jetpack_newsletter_access":"","jetpack_publicize_message":"","jetpack_is_tweetstorm":false,"jetpack_publicize_feature_enabled":true,"jetpack_social_post_already_shared":true,"jetpack_social_options":{"image_generator_settings":{"template":"highway","enabled":false}}},"categories":[52,49,57,59,12],"tags":[],"jetpack_publicize_connections":[],"jetpack_featured_media_url":"https:\/\/i0.wp.com\/www.robertosedda.it\/wp-content\/uploads\/2017\/01\/Bruce-Sterling.jpg?fit=1000%2C667","jetpack_sharing_enabled":true,"jetpack_shortlink":"https:\/\/wp.me\/p4jV2T-3oD","jetpack_likes_enabled":true,"jetpack-related-posts":[{"id":12621,"url":"http:\/\/www.robertosedda.it\/?p=12621","url_meta":{"origin":13059,"position":0},"title":"Una donna. Per chiarire","author":"Rufus","date":"03\/10\/2016","format":false,"excerpt":"Non ho visto\u00a0il dibattito di venerd\u00ec fra Renzi e Zagrebelasky sulla riforma costituzionale e il referendum, quindi mi baso su quel che mi hanno raccontato e che ho letto in giro. Ho visto\u00a0che si dice che Renzi ha interrotto Zagrebelsky molte volte, preferendo un registro comunicativo aggressivo, immediato, che lascia\u2026","rel":"","context":"In &quot;Coordinate&quot;","block_context":{"text":"Coordinate","link":"http:\/\/www.robertosedda.it\/?cat=52"},"img":{"alt_text":"","src":"https:\/\/i0.wp.com\/www.robertosedda.it\/wp-content\/uploads\/2016\/10\/Renzi-Zagreblesky.jpg?fit=800%2C400&resize=350%2C200","width":350,"height":200,"srcset":"https:\/\/i0.wp.com\/www.robertosedda.it\/wp-content\/uploads\/2016\/10\/Renzi-Zagreblesky.jpg?fit=800%2C400&resize=350%2C200 1x, https:\/\/i0.wp.com\/www.robertosedda.it\/wp-content\/uploads\/2016\/10\/Renzi-Zagreblesky.jpg?fit=800%2C400&resize=700%2C400 2x"},"classes":[]},{"id":16839,"url":"http:\/\/www.robertosedda.it\/?p=16839","url_meta":{"origin":13059,"position":1},"title":"Ma allora dove ci si trova?","author":"Rufus","date":"18\/06\/2019","format":false,"excerpt":"Il titolo non si riferisce, come potreste pensare, alla possibilit\u00e0 di prendere un aperitivo con gli amici, ma a una riflessione che mi \u00e8 venuta in mente leggendo una notiziola proposta oggi dal solito aggregatore di notizie. Dunque, il tizio che vedete qui sopra (che fra l'altro \u00e8 un afroamericano,\u2026","rel":"","context":"In &quot;Coordinate&quot;","block_context":{"text":"Coordinate","link":"http:\/\/www.robertosedda.it\/?cat=52"},"img":{"alt_text":"","src":"https:\/\/i0.wp.com\/www.robertosedda.it\/wp-content\/uploads\/2019\/06\/Will-Hurd-FB.jpg?fit=1200%2C675&resize=350%2C200","width":350,"height":200,"srcset":"https:\/\/i0.wp.com\/www.robertosedda.it\/wp-content\/uploads\/2019\/06\/Will-Hurd-FB.jpg?fit=1200%2C675&resize=350%2C200 1x, https:\/\/i0.wp.com\/www.robertosedda.it\/wp-content\/uploads\/2019\/06\/Will-Hurd-FB.jpg?fit=1200%2C675&resize=700%2C400 2x, https:\/\/i0.wp.com\/www.robertosedda.it\/wp-content\/uploads\/2019\/06\/Will-Hurd-FB.jpg?fit=1200%2C675&resize=1050%2C600 3x"},"classes":[]},{"id":10433,"url":"http:\/\/www.robertosedda.it\/?p=10433","url_meta":{"origin":13059,"position":2},"title":"Psssst: ma esattamente, di cosa stiamo parlando?","author":"Rufus","date":"22\/06\/2015","format":false,"excerpt":"Amici impegnati su fronti opposti nel dibattito sulla famiglia, i diritti, il gender,\u00a0l'universo e tutto quanto, \u00a0impegnatissimi a descrivere in maniera caricaturale l'avversario e a erigere mura che impediscano a orde scatenate di seminare rovina e distruzione...... non vorrei dirvelo ma tanta foga sembra dimostrare che il dibattito si \u00e8\u2026","rel":"","context":"In &quot;Coordinate&quot;","block_context":{"text":"Coordinate","link":"http:\/\/www.robertosedda.it\/?cat=52"},"img":{"alt_text":"","src":"https:\/\/i0.wp.com\/www.robertosedda.it\/wp-content\/uploads\/2015\/06\/Orde-allassalto.jpg?fit=1024%2C1024&resize=350%2C200","width":350,"height":200,"srcset":"https:\/\/i0.wp.com\/www.robertosedda.it\/wp-content\/uploads\/2015\/06\/Orde-allassalto.jpg?fit=1024%2C1024&resize=350%2C200 1x, https:\/\/i0.wp.com\/www.robertosedda.it\/wp-content\/uploads\/2015\/06\/Orde-allassalto.jpg?fit=1024%2C1024&resize=700%2C400 2x"},"classes":[]},{"id":14669,"url":"http:\/\/www.robertosedda.it\/?p=14669","url_meta":{"origin":13059,"position":3},"title":"Povera donna","author":"Rufus","date":"12\/02\/2018","format":false,"excerpt":"Non so se ricordate Nikita Kl\u00e6strup, la giovane attivista politica danese di cui ho parlato un paio di anni fa. Questa. Seguo Nikita su Instagram dall'epoca dell'articolo, anche se raramente la vedo comparire nel mio feed. Questa volta l'ho vista e ho realizzato che il dubbio dell'articolo originale - se\u2026","rel":"","context":"In &quot;Coordinate&quot;","block_context":{"text":"Coordinate","link":"http:\/\/www.robertosedda.it\/?cat=52"},"img":{"alt_text":"","src":"https:\/\/i0.wp.com\/www.robertosedda.it\/wp-content\/uploads\/2018\/02\/Nilita-Klaestrup.png?fit=937%2C451&resize=350%2C200","width":350,"height":200,"srcset":"https:\/\/i0.wp.com\/www.robertosedda.it\/wp-content\/uploads\/2018\/02\/Nilita-Klaestrup.png?fit=937%2C451&resize=350%2C200 1x, https:\/\/i0.wp.com\/www.robertosedda.it\/wp-content\/uploads\/2018\/02\/Nilita-Klaestrup.png?fit=937%2C451&resize=700%2C400 2x"},"classes":[]},{"id":6352,"url":"http:\/\/www.robertosedda.it\/?p=6352","url_meta":{"origin":13059,"position":4},"title":"Una modesta proposta per le reti sociali della Sardegna","author":"Rufus","date":"11\/02\/2014","format":false,"excerpt":"Sabato 8 febbraio sono andato con Gaetano ed Elena a portare il saluto dei soci di Banca Etica all'Assemblea regionale dell'ARCI: oltre a noi si sono alternati, nel corso della mattinata, un gran numero di altri ospiti in rappresentanza di associazioni e organizzazioni di vario genere che collaborano o comunque\u2026","rel":"","context":"In &quot;Banche e finanza&quot;","block_context":{"text":"Banche e finanza","link":"http:\/\/www.robertosedda.it\/?cat=72"},"img":{"alt_text":"","src":"https:\/\/i0.wp.com\/www.robertosedda.it\/wp-content\/uploads\/2014\/02\/ARCI-discussione.jpg?fit=1200%2C900&resize=350%2C200","width":350,"height":200,"srcset":"https:\/\/i0.wp.com\/www.robertosedda.it\/wp-content\/uploads\/2014\/02\/ARCI-discussione.jpg?fit=1200%2C900&resize=350%2C200 1x, https:\/\/i0.wp.com\/www.robertosedda.it\/wp-content\/uploads\/2014\/02\/ARCI-discussione.jpg?fit=1200%2C900&resize=700%2C400 2x, https:\/\/i0.wp.com\/www.robertosedda.it\/wp-content\/uploads\/2014\/02\/ARCI-discussione.jpg?fit=1200%2C900&resize=1050%2C600 3x"},"classes":[]},{"id":12747,"url":"http:\/\/www.robertosedda.it\/?p=12747","url_meta":{"origin":13059,"position":5},"title":"Sadducei adolescenti","author":"Rufus","date":"08\/11\/2016","format":false,"excerpt":"Domenica a Messa\u00a0la liturgia della Parola\u00a0proponeva con forza il tema della vita eterna.\u00a0Era gi\u00e0 evidente nella prima lettura, presa dai Maccabei, e nella fede nella resurrezione dei pii ebrei martirizzati da Antioco,\u00a0e trovava il suo compimento nel Vangelo (Mt 22,23-32). In quello stesso giorno vennero a lui dei sadducei, i\u2026","rel":"","context":"In &quot;Coordinate&quot;","block_context":{"text":"Coordinate","link":"http:\/\/www.robertosedda.it\/?cat=52"},"img":{"alt_text":"","src":"https:\/\/i0.wp.com\/www.robertosedda.it\/wp-content\/uploads\/2016\/11\/Meme-scemi.jpg?fit=550%2C545&resize=350%2C200","width":350,"height":200},"classes":[]}],"_links":{"self":[{"href":"http:\/\/www.robertosedda.it\/index.php?rest_route=\/wp\/v2\/posts\/13059"}],"collection":[{"href":"http:\/\/www.robertosedda.it\/index.php?rest_route=\/wp\/v2\/posts"}],"about":[{"href":"http:\/\/www.robertosedda.it\/index.php?rest_route=\/wp\/v2\/types\/post"}],"author":[{"embeddable":true,"href":"http:\/\/www.robertosedda.it\/index.php?rest_route=\/wp\/v2\/users\/1"}],"replies":[{"embeddable":true,"href":"http:\/\/www.robertosedda.it\/index.php?rest_route=%2Fwp%2Fv2%2Fcomments&post=13059"}],"version-history":[{"count":6,"href":"http:\/\/www.robertosedda.it\/index.php?rest_route=\/wp\/v2\/posts\/13059\/revisions"}],"predecessor-version":[{"id":13071,"href":"http:\/\/www.robertosedda.it\/index.php?rest_route=\/wp\/v2\/posts\/13059\/revisions\/13071"}],"wp:featuredmedia":[{"embeddable":true,"href":"http:\/\/www.robertosedda.it\/index.php?rest_route=\/wp\/v2\/media\/13065"}],"wp:attachment":[{"href":"http:\/\/www.robertosedda.it\/index.php?rest_route=%2Fwp%2Fv2%2Fmedia&parent=13059"}],"wp:term":[{"taxonomy":"category","embeddable":true,"href":"http:\/\/www.robertosedda.it\/index.php?rest_route=%2Fwp%2Fv2%2Fcategories&post=13059"},{"taxonomy":"post_tag","embeddable":true,"href":"http:\/\/www.robertosedda.it\/index.php?rest_route=%2Fwp%2Fv2%2Ftags&post=13059"}],"curies":[{"name":"wp","href":"https:\/\/api.w.org\/{rel}","templated":true}]}}