{"id":1301,"date":"2012-11-09T10:02:46","date_gmt":"2012-11-09T09:02:46","guid":{"rendered":"http:\/\/www.robertosedda.it\/?p=1301"},"modified":"2023-12-06T09:20:08","modified_gmt":"2023-12-06T08:20:08","slug":"da-un-concorso-allaltro","status":"publish","type":"post","link":"http:\/\/www.robertosedda.it\/?p=1301","title":{"rendered":"Da un concorso all&#8217;altro"},"content":{"rendered":"<p>Ho posto termine oggi al <a href=\"http:\/\/www.robertosedda.it\/?p=877\">bizzarro concorso<\/a>: potete ancora provare per il gusto di indovinare, naturalmente, ma la vincitrice \u00e8 Elisabetta Arca. Congratulazioni a lei e&#8230; all&#8217;altra partecipante (<em>niente folle da queste parti, eh!<\/em>) e anche agli osservatori: ad oggi \u00e8 il <em>post<\/em> pi\u00f9 visto del sito.<\/p>\n<h2>Grandi novit\u00e0<\/h2>\n<p>In una data che ancora non so&nbsp;inizier\u00f2 a tenere un programmino&nbsp;su una&nbsp;radio che non credo sia ancora opportuno citare&#8230; va bene, se non voglio dire niente, perch\u00e9 ne parlo? Perch\u00e9 sto iniziando a progettare il programma, che sar\u00e0 di una quindicina di minuti e nel quale si parler\u00e0 di libri. Inizialmente penso&nbsp;che saranno&nbsp;libri di <em>fantasy<\/em> e fantascienza, e poi vedremo: magari gialli o libri di avventura oppure altro. Sicuramente non parler\u00f2&nbsp;di novit\u00e0 librarie, perch\u00e9 non ne leggo abbastanza da &#8220;reggere&#8221; un programma settimanale. Da quello che capisco, in una quindicina di minuti che comprendono sigla, un po&#8217; di musica, saluti e baci, rester\u00e0 tempo per parlare di un libro per volta, cosa che anche io preferisco.<\/p>\n<h2>Il nuovo concorso!<\/h2>\n<p>Perch\u00e9 ve ne parlo? &nbsp;Ma ovviamente per creare trepidante attesa tramite un eccitato passaparola.<\/p>\n<p>No, seriamente.<\/p>\n<p>Perch\u00e9 ho pensato che poteva essere divertente decidere insieme il titolo del programma: al momento&nbsp;il progetto si intitola&nbsp;<em>La biblioteca dello zio Rufus<\/em>, ma questo <em>non<\/em> sar\u00e0 il titolo definitivo. Il titolo sar\u00e0 quello suggerito nei commenti qui sotto che mi piacer\u00e0 di pi\u00f9 e che incontrer\u00e0 il maggior consenso degli altri commentatori. Il vincitore avr\u00e0 diritto a essere ringraziato&nbsp;alla fine di&nbsp;ogni puntata (accidenti!).<\/p>\n<p>Fatevi avanti&#8230;<\/p>\n","protected":false},"excerpt":{"rendered":"<p>Ho posto termine oggi al bizzarro concorso: potete ancora provare per il gusto di indovinare, naturalmente, ma la vincitrice \u00e8<\/p>\n","protected":false},"author":1,"featured_media":20231,"comment_status":"open","ping_status":"open","sticky":false,"template":"","format":"standard","meta":{"_mi_skip_tracking":false,"_monsterinsights_sitenote_active":false,"_monsterinsights_sitenote_note":"","_monsterinsights_sitenote_category":0,"jetpack_post_was_ever_published":false,"_jetpack_newsletter_access":"","jetpack_publicize_message":"","jetpack_is_tweetstorm":false,"jetpack_publicize_feature_enabled":true,"jetpack_social_post_already_shared":false,"jetpack_social_options":{"image_generator_settings":{"template":"highway","enabled":false}}},"categories":[52,56,17,82,16],"tags":[],"jetpack_publicize_connections":[],"jetpack_featured_media_url":"https:\/\/i0.wp.com\/www.robertosedda.it\/wp-content\/uploads\/2012\/08\/cropped-cropped-cropped-cropped-cropped-cropped-ALIM2554.jpg?fit=1000%2C250","jetpack_sharing_enabled":true,"jetpack_shortlink":"https:\/\/wp.me\/p4jV2T-kZ","jetpack_likes_enabled":true,"jetpack-related-posts":[{"id":8315,"url":"http:\/\/www.robertosedda.it\/?p=8315","url_meta":{"origin":1301,"position":0},"title":"Riparte &#8220;Oggi parliamo di libri&#8221;","author":"Rufus","date":"03\/09\/2014","format":false,"excerpt":"EDIT: scopro dalla redazione che ho fatto casino e che ripartiamo l'11 settembre. Ehm. Aggiorno. Domani gioved\u00ec 4 settembre\u00a0L'11 settembre torno in onda con Oggi parliamo di libri, la trasmissione di Radio Kalaritana nella quale, immagina un po'?, parlo di libri. Volete sapere: l'orario? Ogni gioved\u00ec alle 19.10 e in\u2026","rel":"","context":"In &quot;Coordinate&quot;","block_context":{"text":"Coordinate","link":"http:\/\/www.robertosedda.it\/?cat=52"},"img":{"alt_text":"","src":"https:\/\/i0.wp.com\/www.robertosedda.it\/wp-content\/uploads\/2014\/09\/Diapositiva10.jpg?fit=960%2C720&resize=350%2C200","width":350,"height":200,"srcset":"https:\/\/i0.wp.com\/www.robertosedda.it\/wp-content\/uploads\/2014\/09\/Diapositiva10.jpg?fit=960%2C720&resize=350%2C200 1x, https:\/\/i0.wp.com\/www.robertosedda.it\/wp-content\/uploads\/2014\/09\/Diapositiva10.jpg?fit=960%2C720&resize=700%2C400 2x"},"classes":[]},{"id":6599,"url":"http:\/\/www.robertosedda.it\/?p=6599","url_meta":{"origin":1301,"position":1},"title":"Sono di nuovo alla caccia di suggerimenti musicali: fatevi avanti!","author":"Rufus","date":"27\/02\/2014","format":"video","excerpt":"A met\u00e0 marzo inizier\u00f2 un nuovo ciclo di trasmissioni di Oggi parliamo di libri in cui parler\u00f2 dei libri del cuore di tutti noi che lavoriamo alla radio: tecnici, giornalisti e tutti quelli che curano i programmi dedicati alla comunicazione, i viaggi, la salute, l'arte sacra e cos\u00ec via e\u2026","rel":"","context":"In &quot;Coordinate&quot;","block_context":{"text":"Coordinate","link":"http:\/\/www.robertosedda.it\/?cat=52"},"img":{"alt_text":"","src":"https:\/\/i0.wp.com\/img.youtube.com\/vi\/7dtn9Gk4Q_E\/0.jpg?resize=350%2C200","width":350,"height":200},"classes":[]},{"id":3424,"url":"http:\/\/www.robertosedda.it\/?p=3424","url_meta":{"origin":1301,"position":2},"title":"I gialli di cui parler\u00f2 (se voi me li consigliate)","author":"Rufus","date":"04\/06\/2013","format":false,"excerpt":"Mentre Oggi parliamo di libri del 2012\/2013 si avvia alla conclusione (per l'estate ci fermiamo) mi \u00e8 venuta voglia di dedicare un po' di tempo a progettare la prossima stagione, lavoro per il quale chiedo aiuto a voi, affezionati lettori. Dedicher\u00f2 sicuramente un ciclo di puntate ai gialli. Ho messo\u2026","rel":"","context":"In &quot;Coordinate&quot;","block_context":{"text":"Coordinate","link":"http:\/\/www.robertosedda.it\/?cat=52"},"img":{"alt_text":"","src":"https:\/\/i0.wp.com\/www.robertosedda.it\/wp-content\/uploads\/2012\/11\/92_1334481194.jpg?fit=447%2C335&resize=350%2C200","width":350,"height":200},"classes":[]},{"id":1551,"url":"http:\/\/www.robertosedda.it\/?p=1551","url_meta":{"origin":1301,"position":3},"title":"Radio Days","author":"Rufus","date":"04\/12\/2012","format":false,"excerpt":"Su gentile invito di don Giulio Madeddu e sotto l'ala protettiva e amichevole di Andrea Pala, dal 6 dicembre conduco (la parola, lo ammetto, mi fa impressione) una trasmissione radio, in cui parlo di libri fantasy e fantascientifici (per una prima serie di una dozzina di puntate:\u00a0in futuro parler\u00f2 anche\u2026","rel":"","context":"In &quot;Coordinate&quot;","block_context":{"text":"Coordinate","link":"http:\/\/www.robertosedda.it\/?cat=52"},"img":{"alt_text":"","src":"https:\/\/i0.wp.com\/www.robertosedda.it\/wp-content\/uploads\/2012\/12\/197882_4997567705416_1682811050_n.jpg?fit=750%2C865&resize=350%2C200","width":350,"height":200,"srcset":"https:\/\/i0.wp.com\/www.robertosedda.it\/wp-content\/uploads\/2012\/12\/197882_4997567705416_1682811050_n.jpg?fit=750%2C865&resize=350%2C200 1x, https:\/\/i0.wp.com\/www.robertosedda.it\/wp-content\/uploads\/2012\/12\/197882_4997567705416_1682811050_n.jpg?fit=750%2C865&resize=700%2C400 2x"},"classes":[]},{"id":3072,"url":"http:\/\/www.robertosedda.it\/?p=3072","url_meta":{"origin":1301,"position":4},"title":"Vive l&#8217;Empereur!","author":"Rufus","date":"02\/05\/2013","format":"video","excerpt":"O forse un titolo pi\u00f9 adatto sarebbe stato Death to the evil Corsican per un articolo in cui si discute la puntata di Oggi parliamo di libri che ho dedicato ai romanzi storici avventurosi di ambientazione napoleonica, tutti libri in cui i francesi sono i \"cattivi\". Non c'\u00e8 da stupirsene,\u2026","rel":"","context":"In &quot;Cappe e spade&quot;","block_context":{"text":"Cappe e spade","link":"http:\/\/www.robertosedda.it\/?cat=70"},"img":{"alt_text":"","src":"https:\/\/i0.wp.com\/www.robertosedda.it\/wp-content\/uploads\/2012\/10\/master_and_commander.jpg?fit=600%2C411&resize=350%2C200","width":350,"height":200},"classes":[]},{"id":10243,"url":"http:\/\/www.robertosedda.it\/?p=10243","url_meta":{"origin":1301,"position":5},"title":"Giustizia per Gino D&#8217;Achille","author":"Rufus","date":"22\/05\/2015","format":false,"excerpt":"Ok, ditemi il nome di un illustratore\u00a0fantasy dell'epoca eroica. Mmmm, Frazetta? L'illustratore principe delle copertine dei libri di Conan? Una buona scelta, naturalmente. Apprezzerete, fra l'altro, che non vi ho messo una donnina delle solite. Oppure Boris Vallejo, un altro che \u00e8 comparso sulle copertine di met\u00e0 dei libri\u00a0fantasy\u00a0del mondo.\u2026","rel":"","context":"In &quot;Coordinate&quot;","block_context":{"text":"Coordinate","link":"http:\/\/www.robertosedda.it\/?cat=52"},"img":{"alt_text":"","src":"https:\/\/i0.wp.com\/www.robertosedda.it\/wp-content\/uploads\/2015\/05\/Gino-DAchille.jpg?fit=591%2C411&resize=350%2C200","width":350,"height":200},"classes":[]}],"_links":{"self":[{"href":"http:\/\/www.robertosedda.it\/index.php?rest_route=\/wp\/v2\/posts\/1301"}],"collection":[{"href":"http:\/\/www.robertosedda.it\/index.php?rest_route=\/wp\/v2\/posts"}],"about":[{"href":"http:\/\/www.robertosedda.it\/index.php?rest_route=\/wp\/v2\/types\/post"}],"author":[{"embeddable":true,"href":"http:\/\/www.robertosedda.it\/index.php?rest_route=\/wp\/v2\/users\/1"}],"replies":[{"embeddable":true,"href":"http:\/\/www.robertosedda.it\/index.php?rest_route=%2Fwp%2Fv2%2Fcomments&post=1301"}],"version-history":[{"count":9,"href":"http:\/\/www.robertosedda.it\/index.php?rest_route=\/wp\/v2\/posts\/1301\/revisions"}],"predecessor-version":[{"id":20382,"href":"http:\/\/www.robertosedda.it\/index.php?rest_route=\/wp\/v2\/posts\/1301\/revisions\/20382"}],"wp:featuredmedia":[{"embeddable":true,"href":"http:\/\/www.robertosedda.it\/index.php?rest_route=\/wp\/v2\/media\/20231"}],"wp:attachment":[{"href":"http:\/\/www.robertosedda.it\/index.php?rest_route=%2Fwp%2Fv2%2Fmedia&parent=1301"}],"wp:term":[{"taxonomy":"category","embeddable":true,"href":"http:\/\/www.robertosedda.it\/index.php?rest_route=%2Fwp%2Fv2%2Fcategories&post=1301"},{"taxonomy":"post_tag","embeddable":true,"href":"http:\/\/www.robertosedda.it\/index.php?rest_route=%2Fwp%2Fv2%2Ftags&post=1301"}],"curies":[{"name":"wp","href":"https:\/\/api.w.org\/{rel}","templated":true}]}}