{"id":13006,"date":"2016-12-23T15:58:34","date_gmt":"2016-12-23T14:58:34","guid":{"rendered":"http:\/\/www.robertosedda.it\/?p=13006"},"modified":"2022-01-18T11:33:57","modified_gmt":"2022-01-18T10:33:57","slug":"diversi-templi","status":"publish","type":"post","link":"http:\/\/www.robertosedda.it\/?p=13006","title":{"rendered":"Diversi templi"},"content":{"rendered":"<p>[trova la differenza]<\/p>\n<figure id=\"attachment_13007\" aria-describedby=\"caption-attachment-13007\" style=\"width: 1200px\" class=\"wp-caption aligncenter\"><img data-attachment-id=\"13007\" data-permalink=\"http:\/\/www.robertosedda.it\/?attachment_id=13007\" data-orig-file=\"https:\/\/i0.wp.com\/www.robertosedda.it\/wp-content\/uploads\/2016\/12\/Rinascente.jpg?fit=1200%2C900\" data-orig-size=\"1200,900\" data-comments-opened=\"1\" data-image-meta=\"{&quot;aperture&quot;:&quot;0&quot;,&quot;credit&quot;:&quot;&quot;,&quot;camera&quot;:&quot;&quot;,&quot;caption&quot;:&quot;&quot;,&quot;created_timestamp&quot;:&quot;0&quot;,&quot;copyright&quot;:&quot;&quot;,&quot;focal_length&quot;:&quot;0&quot;,&quot;iso&quot;:&quot;0&quot;,&quot;shutter_speed&quot;:&quot;0&quot;,&quot;title&quot;:&quot;&quot;,&quot;orientation&quot;:&quot;0&quot;}\" data-image-title=\"Rinascente\" data-image-description=\"\" data-image-caption=\"\" data-medium-file=\"https:\/\/i0.wp.com\/www.robertosedda.it\/wp-content\/uploads\/2016\/12\/Rinascente.jpg?fit=300%2C225\" data-large-file=\"https:\/\/i0.wp.com\/www.robertosedda.it\/wp-content\/uploads\/2016\/12\/Rinascente.jpg?fit=510%2C383\" decoding=\"async\" loading=\"lazy\" class=\"wp-image-13007 size-full\" src=\"https:\/\/i0.wp.com\/www.robertosedda.it\/wp-content\/uploads\/2016\/12\/Rinascente.jpg?resize=800%2C600\" width=\"800\" height=\"600\" srcset=\"https:\/\/i0.wp.com\/www.robertosedda.it\/wp-content\/uploads\/2016\/12\/Rinascente.jpg?w=1200 1200w, https:\/\/i0.wp.com\/www.robertosedda.it\/wp-content\/uploads\/2016\/12\/Rinascente.jpg?resize=150%2C113 150w, https:\/\/i0.wp.com\/www.robertosedda.it\/wp-content\/uploads\/2016\/12\/Rinascente.jpg?resize=300%2C225 300w, https:\/\/i0.wp.com\/www.robertosedda.it\/wp-content\/uploads\/2016\/12\/Rinascente.jpg?resize=510%2C383 510w, https:\/\/i0.wp.com\/www.robertosedda.it\/wp-content\/uploads\/2016\/12\/Rinascente.jpg?resize=268%2C200 268w, https:\/\/i0.wp.com\/www.robertosedda.it\/wp-content\/uploads\/2016\/12\/Rinascente.jpg?resize=700%2C525 700w\" sizes=\"(max-width: 800px) 100vw, 800px\" data-recalc-dims=\"1\" \/><figcaption id=\"caption-attachment-13007\" class=\"wp-caption-text\">Cagliari &#8211; La Rinascente<\/figcaption><\/figure>\n<figure id=\"attachment_13008\" aria-describedby=\"caption-attachment-13008\" style=\"width: 550px\" class=\"wp-caption aligncenter\"><img data-attachment-id=\"13008\" data-permalink=\"http:\/\/www.robertosedda.it\/?attachment_id=13008\" data-orig-file=\"https:\/\/i0.wp.com\/www.robertosedda.it\/wp-content\/uploads\/2016\/12\/Bonaria-luminarie.jpg?fit=550%2C640\" data-orig-size=\"550,640\" data-comments-opened=\"1\" data-image-meta=\"{&quot;aperture&quot;:&quot;0&quot;,&quot;credit&quot;:&quot;&quot;,&quot;camera&quot;:&quot;&quot;,&quot;caption&quot;:&quot;&quot;,&quot;created_timestamp&quot;:&quot;0&quot;,&quot;copyright&quot;:&quot;&quot;,&quot;focal_length&quot;:&quot;0&quot;,&quot;iso&quot;:&quot;0&quot;,&quot;shutter_speed&quot;:&quot;0&quot;,&quot;title&quot;:&quot;&quot;,&quot;orientation&quot;:&quot;0&quot;}\" data-image-title=\"Bonaria luminarie\" data-image-description=\"\" data-image-caption=\"\" data-medium-file=\"https:\/\/i0.wp.com\/www.robertosedda.it\/wp-content\/uploads\/2016\/12\/Bonaria-luminarie.jpg?fit=258%2C300\" data-large-file=\"https:\/\/i0.wp.com\/www.robertosedda.it\/wp-content\/uploads\/2016\/12\/Bonaria-luminarie.jpg?fit=510%2C593\" decoding=\"async\" loading=\"lazy\" class=\"wp-image-13008 size-full\" src=\"https:\/\/i0.wp.com\/www.robertosedda.it\/wp-content\/uploads\/2016\/12\/Bonaria-luminarie.jpg?resize=550%2C640\" width=\"550\" height=\"640\" srcset=\"https:\/\/i0.wp.com\/www.robertosedda.it\/wp-content\/uploads\/2016\/12\/Bonaria-luminarie.jpg?w=550 550w, https:\/\/i0.wp.com\/www.robertosedda.it\/wp-content\/uploads\/2016\/12\/Bonaria-luminarie.jpg?resize=129%2C150 129w, https:\/\/i0.wp.com\/www.robertosedda.it\/wp-content\/uploads\/2016\/12\/Bonaria-luminarie.jpg?resize=258%2C300 258w, https:\/\/i0.wp.com\/www.robertosedda.it\/wp-content\/uploads\/2016\/12\/Bonaria-luminarie.jpg?resize=510%2C593 510w\" sizes=\"(max-width: 550px) 100vw, 550px\" data-recalc-dims=\"1\" \/><figcaption id=\"caption-attachment-13008\" class=\"wp-caption-text\">Cagliari &#8211; Basilica di Bonaria<\/figcaption><\/figure>\n","protected":false},"excerpt":{"rendered":"<p>[trova la differenza]<\/p>\n","protected":false},"author":1,"featured_media":13008,"comment_status":"open","ping_status":"open","sticky":false,"template":"","format":"standard","meta":{"_mi_skip_tracking":false,"_monsterinsights_sitenote_active":false,"_monsterinsights_sitenote_note":"","_monsterinsights_sitenote_category":0,"jetpack_post_was_ever_published":false,"_jetpack_newsletter_access":"","jetpack_publicize_message":"","jetpack_is_tweetstorm":false,"jetpack_publicize_feature_enabled":true,"jetpack_social_post_already_shared":true,"jetpack_social_options":{"image_generator_settings":{"template":"highway","enabled":false}}},"categories":[52,55,77,17,16],"tags":[],"jetpack_publicize_connections":[],"jetpack_featured_media_url":"https:\/\/i0.wp.com\/www.robertosedda.it\/wp-content\/uploads\/2016\/12\/Bonaria-luminarie.jpg?fit=550%2C640","jetpack_sharing_enabled":true,"jetpack_shortlink":"https:\/\/wp.me\/p4jV2T-3nM","jetpack_likes_enabled":true,"jetpack-related-posts":[{"id":6359,"url":"http:\/\/www.robertosedda.it\/?p=6359","url_meta":{"origin":13006,"position":0},"title":"Segni notevoli: seno naturale","author":"Rufus","date":"12\/02\/2014","format":false,"excerpt":"Ieri ho visto su Facebook lo status di un amico che segnalava, pi\u00f9 o meno: la ragazza davanti a me sul treno assomiglia irresistibilmente a Raphaella Anderson; sono turbato. Siccome sono curioso come una scimmia ma non sapevo chi fosse Raphaella Anderson ho cercato su Wiki e ho avuto la\u2026","rel":"","context":"In &quot;Coordinate&quot;","block_context":{"text":"Coordinate","link":"http:\/\/www.robertosedda.it\/?cat=52"},"img":{"alt_text":"","src":"https:\/\/i0.wp.com\/www.robertosedda.it\/wp-content\/uploads\/2014\/02\/Ilona-Staller-parlamento.png?resize=350%2C200","width":350,"height":200},"classes":[]},{"id":10103,"url":"http:\/\/www.robertosedda.it\/?p=10103","url_meta":{"origin":13006,"position":1},"title":"Posti dove vado a mangiare e bere","author":"Rufus","date":"24\/04\/2015","format":false,"excerpt":"Dopo la volta della degustazione dei vini mi \u00e8 capitato di tornare da Cucina.eat per una degustazione di birre della Barley. Stasera ci torno per un'altra degustazione. Siccome sono fermamente intenzionato a non permettere che questo blog diventi un ricettacolo di recensioni e ricette e descrizioni di eventi, ma d'altra\u2026","rel":"","context":"In &quot;Cibo e cucine&quot;","block_context":{"text":"Cibo e cucine","link":"http:\/\/www.robertosedda.it\/?cat=71"},"img":{"alt_text":"","src":"https:\/\/i0.wp.com\/www.robertosedda.it\/wp-content\/uploads\/2013\/08\/ALIM3009.jpg?fit=1200%2C900&resize=350%2C200","width":350,"height":200,"srcset":"https:\/\/i0.wp.com\/www.robertosedda.it\/wp-content\/uploads\/2013\/08\/ALIM3009.jpg?fit=1200%2C900&resize=350%2C200 1x, https:\/\/i0.wp.com\/www.robertosedda.it\/wp-content\/uploads\/2013\/08\/ALIM3009.jpg?fit=1200%2C900&resize=700%2C400 2x, https:\/\/i0.wp.com\/www.robertosedda.it\/wp-content\/uploads\/2013\/08\/ALIM3009.jpg?fit=1200%2C900&resize=1050%2C600 3x"},"classes":[]},{"id":3627,"url":"http:\/\/www.robertosedda.it\/?p=3627","url_meta":{"origin":13006,"position":2},"title":"Da un teaser su Cagliari all&#8217;altro","author":"Rufus","date":"21\/06\/2013","format":"video","excerpt":"Ieri, mentre preparavo la recensione della Cagliari Unofficial Guide, ho trovato un video che voglio farvi vedere. \u00c8 una pubblicit\u00e0 (si scopre a met\u00e0 del video) ma prima di tutto \u00e8 una descrizione di Cagliari a uso turisti, secondo me tra l'altro fatta piuttosto bene, divertente e accattivante. Ma quello\u2026","rel":"","context":"In &quot;Coordinate&quot;","block_context":{"text":"Coordinate","link":"http:\/\/www.robertosedda.it\/?cat=52"},"img":{"alt_text":"","src":"https:\/\/i0.wp.com\/www.robertosedda.it\/wp-content\/uploads\/2013\/06\/Teaser-Cagliari.png?fit=1200%2C673&resize=350%2C200","width":350,"height":200,"srcset":"https:\/\/i0.wp.com\/www.robertosedda.it\/wp-content\/uploads\/2013\/06\/Teaser-Cagliari.png?fit=1200%2C673&resize=350%2C200 1x, https:\/\/i0.wp.com\/www.robertosedda.it\/wp-content\/uploads\/2013\/06\/Teaser-Cagliari.png?fit=1200%2C673&resize=700%2C400 2x, https:\/\/i0.wp.com\/www.robertosedda.it\/wp-content\/uploads\/2013\/06\/Teaser-Cagliari.png?fit=1200%2C673&resize=1050%2C600 3x"},"classes":[]},{"id":13640,"url":"http:\/\/www.robertosedda.it\/?p=13640","url_meta":{"origin":13006,"position":3},"title":"In viaggio col camper da Cagliari lungo la costa occidentale della Sardegna. Consigli?","author":"Rufus","date":"18\/05\/2017","format":false,"excerpt":"Un amico di Banca Etica mi ha chiesto consigli per un viaggio che intende fare, col\u00a0camper, partendo da Cagliari verso fine giugno e risalendo la\u00a0costa occidentale\u00a0pian piano fino a quando \u00e8 il momento di\u00a0muoversi direttamente per riprendere il traghetto dalle parti del capo di sopra. Lui voleva, credo, solo un\u2026","rel":"","context":"In &quot;Coordinate&quot;","block_context":{"text":"Coordinate","link":"http:\/\/www.robertosedda.it\/?cat=52"},"img":{"alt_text":"","src":"https:\/\/i0.wp.com\/www.robertosedda.it\/wp-content\/uploads\/2017\/05\/ALIM4546.jpg?fit=1200%2C900&resize=350%2C200","width":350,"height":200,"srcset":"https:\/\/i0.wp.com\/www.robertosedda.it\/wp-content\/uploads\/2017\/05\/ALIM4546.jpg?fit=1200%2C900&resize=350%2C200 1x, https:\/\/i0.wp.com\/www.robertosedda.it\/wp-content\/uploads\/2017\/05\/ALIM4546.jpg?fit=1200%2C900&resize=700%2C400 2x, https:\/\/i0.wp.com\/www.robertosedda.it\/wp-content\/uploads\/2017\/05\/ALIM4546.jpg?fit=1200%2C900&resize=1050%2C600 3x"},"classes":[]},{"id":17061,"url":"http:\/\/www.robertosedda.it\/?p=17061","url_meta":{"origin":13006,"position":4},"title":"Un giorno a Cagliari","author":"Rufus","date":"24\/08\/2019","format":false,"excerpt":"Vedo che Cagliari ha un nuovo video istituzionale di presentazione per i turisti. https:\/\/www.youtube.com\/watch?v=V0zYpeuUA2E&fbclid=IwAR1ywZfCwsJVj1PeijRzLzjE6_x6cmtZUfmKRGOS_yDmNxZDOhPCuxbMjKI Resto un pochino perplesso per un paio di insistenze su certi esercizi commerciali rispetto ad altri, per alcune clamorose omissioni (niente Museo Archeologico, niente lungomare Poetto con quelli che fanno sport o si godono la vita,\u2026","rel":"","context":"In &quot;Coordinate&quot;","block_context":{"text":"Coordinate","link":"http:\/\/www.robertosedda.it\/?cat=52"},"img":{"alt_text":"","src":"https:\/\/i0.wp.com\/www.robertosedda.it\/wp-content\/uploads\/2019\/08\/Logo-Cagliari.jpg?fit=1200%2C758&resize=350%2C200","width":350,"height":200,"srcset":"https:\/\/i0.wp.com\/www.robertosedda.it\/wp-content\/uploads\/2019\/08\/Logo-Cagliari.jpg?fit=1200%2C758&resize=350%2C200 1x, https:\/\/i0.wp.com\/www.robertosedda.it\/wp-content\/uploads\/2019\/08\/Logo-Cagliari.jpg?fit=1200%2C758&resize=700%2C400 2x, https:\/\/i0.wp.com\/www.robertosedda.it\/wp-content\/uploads\/2019\/08\/Logo-Cagliari.jpg?fit=1200%2C758&resize=1050%2C600 3x"},"classes":[]},{"id":14970,"url":"http:\/\/www.robertosedda.it\/?p=14970","url_meta":{"origin":13006,"position":5},"title":"La mattina, quando mi alzo&#8230;","author":"Rufus","date":"06\/04\/2018","format":false,"excerpt":"Cagliari Inedei \u00e8 un programma su\u00a0Radio X\u00a0inventato e curato da Cristina Marras che cerca di raccontare la nostra citt\u00e0 e la sua vita attraverso delle piccolissime pillole di racconti della giornata tipo dei suoi abitanti, fatti dalla loro stessa voce raccolta in maniera molto spontanea. Cos'\u00e8 una citt\u00e0 se non\u2026","rel":"","context":"In &quot;Coordinate&quot;","block_context":{"text":"Coordinate","link":"http:\/\/www.robertosedda.it\/?cat=52"},"img":{"alt_text":"","src":"https:\/\/i0.wp.com\/www.robertosedda.it\/wp-content\/uploads\/2018\/04\/cagliari-inedeilogo-620x350.jpg?fit=620%2C350&resize=350%2C200","width":350,"height":200},"classes":[]}],"_links":{"self":[{"href":"http:\/\/www.robertosedda.it\/index.php?rest_route=\/wp\/v2\/posts\/13006"}],"collection":[{"href":"http:\/\/www.robertosedda.it\/index.php?rest_route=\/wp\/v2\/posts"}],"about":[{"href":"http:\/\/www.robertosedda.it\/index.php?rest_route=\/wp\/v2\/types\/post"}],"author":[{"embeddable":true,"href":"http:\/\/www.robertosedda.it\/index.php?rest_route=\/wp\/v2\/users\/1"}],"replies":[{"embeddable":true,"href":"http:\/\/www.robertosedda.it\/index.php?rest_route=%2Fwp%2Fv2%2Fcomments&post=13006"}],"version-history":[{"count":2,"href":"http:\/\/www.robertosedda.it\/index.php?rest_route=\/wp\/v2\/posts\/13006\/revisions"}],"predecessor-version":[{"id":13010,"href":"http:\/\/www.robertosedda.it\/index.php?rest_route=\/wp\/v2\/posts\/13006\/revisions\/13010"}],"wp:featuredmedia":[{"embeddable":true,"href":"http:\/\/www.robertosedda.it\/index.php?rest_route=\/wp\/v2\/media\/13008"}],"wp:attachment":[{"href":"http:\/\/www.robertosedda.it\/index.php?rest_route=%2Fwp%2Fv2%2Fmedia&parent=13006"}],"wp:term":[{"taxonomy":"category","embeddable":true,"href":"http:\/\/www.robertosedda.it\/index.php?rest_route=%2Fwp%2Fv2%2Fcategories&post=13006"},{"taxonomy":"post_tag","embeddable":true,"href":"http:\/\/www.robertosedda.it\/index.php?rest_route=%2Fwp%2Fv2%2Ftags&post=13006"}],"curies":[{"name":"wp","href":"https:\/\/api.w.org\/{rel}","templated":true}]}}