{"id":12971,"date":"2016-12-19T13:59:29","date_gmt":"2016-12-19T12:59:29","guid":{"rendered":"http:\/\/www.robertosedda.it\/?p=12971"},"modified":"2021-12-20T11:45:59","modified_gmt":"2021-12-20T10:45:59","slug":"nel-gorgo-di-mantinea","status":"publish","type":"post","link":"http:\/\/www.robertosedda.it\/?p=12971","title":{"rendered":"Nel gorgo di Mantinea"},"content":{"rendered":"<p>Ci sono frasi di cose studiate da ragazzi che rimangono impresse, chiss\u00e0 perch\u00e9. Per esempio io ricordo che nel mio libro di storia del ginnasio compariva l&#8217;espressione: \u00ab&#8230; nel gorgo di Mantinea&#8230;\u00bb.<\/p>\n<p><img data-attachment-id=\"12972\" data-permalink=\"http:\/\/www.robertosedda.it\/?attachment_id=12972\" data-orig-file=\"https:\/\/i0.wp.com\/www.robertosedda.it\/wp-content\/uploads\/2016\/12\/Opliti.jpg?fit=736%2C480\" data-orig-size=\"736,480\" data-comments-opened=\"1\" data-image-meta=\"{&quot;aperture&quot;:&quot;0&quot;,&quot;credit&quot;:&quot;&quot;,&quot;camera&quot;:&quot;&quot;,&quot;caption&quot;:&quot;&quot;,&quot;created_timestamp&quot;:&quot;0&quot;,&quot;copyright&quot;:&quot;&quot;,&quot;focal_length&quot;:&quot;0&quot;,&quot;iso&quot;:&quot;0&quot;,&quot;shutter_speed&quot;:&quot;0&quot;,&quot;title&quot;:&quot;&quot;,&quot;orientation&quot;:&quot;0&quot;}\" data-image-title=\"Opliti\" data-image-description=\"\" data-image-caption=\"\" data-medium-file=\"https:\/\/i0.wp.com\/www.robertosedda.it\/wp-content\/uploads\/2016\/12\/Opliti.jpg?fit=300%2C196\" data-large-file=\"https:\/\/i0.wp.com\/www.robertosedda.it\/wp-content\/uploads\/2016\/12\/Opliti.jpg?fit=510%2C333\" decoding=\"async\" loading=\"lazy\" class=\"aligncenter size-full wp-image-12972\" src=\"https:\/\/i0.wp.com\/www.robertosedda.it\/wp-content\/uploads\/2016\/12\/Opliti.jpg?resize=736%2C480\" alt=\"\" width=\"736\" height=\"480\" srcset=\"https:\/\/i0.wp.com\/www.robertosedda.it\/wp-content\/uploads\/2016\/12\/Opliti.jpg?w=736 736w, https:\/\/i0.wp.com\/www.robertosedda.it\/wp-content\/uploads\/2016\/12\/Opliti.jpg?resize=150%2C98 150w, https:\/\/i0.wp.com\/www.robertosedda.it\/wp-content\/uploads\/2016\/12\/Opliti.jpg?resize=300%2C196 300w, https:\/\/i0.wp.com\/www.robertosedda.it\/wp-content\/uploads\/2016\/12\/Opliti.jpg?resize=510%2C333 510w, https:\/\/i0.wp.com\/www.robertosedda.it\/wp-content\/uploads\/2016\/12\/Opliti.jpg?resize=700%2C457 700w\" sizes=\"(max-width: 736px) 100vw, 736px\" data-recalc-dims=\"1\" \/>La storia greca antica non \u00e8 esattamente il mio forte, ma Mantinea mi \u00e8 rimasta impressa: l&#8217;Ultima Battaglia, una sorta di mischia selvaggia del tutti contro tutti, in cui la massa di odi reciproci fra le\u00a0<em>polis<\/em> trova definitivamente sfogo e tutti si annullano l&#8217;uno con l&#8217;altro; nel quale l&#8217;ultima <em>leadership<\/em>\u00a0possibile della Grecia cade sul campo &#8211; anche fisicamente, con la morte di Epaminonda &#8211; e il fiume della storia greca si inabissa nel gorgo per poi riemergere, pi\u00f9 avanti, nella forma di un impetuoso torrente macedone.<\/p>\n<p>O cos\u00ec ci insegnavano al ginnasio: a oggi qualcosa ancora non mi torna, qualche altra interpretazione forse era un po&#8217; romantica, ma questo \u00e8 nelle cose. E in ogni caso <em>nel gorgo di Mantinea\u00a0<\/em> mi \u00e8 rimasto impresso.<\/p>\n<p>E l&#8217;espressione mi \u00e8 tornata in mente, nel fine settimana, quando a Milano un sindaco si autosospende e a Roma l&#8217;altra sindaca vacilla, quando il\u00a0<em>Movimento Cinque Stelle<\/em> si spacca e all&#8217;Assemblea del\u00a0<em>PD\u00a0<\/em>Giachetti manda a fare in culo Speranza.<\/p>\n<p><em>Se Sparta piange Atene non ride<\/em>, avrebbe detto il mio libro del ginnasio.<\/p>\n<p>E niente, apparentemente anche in Italia le ultime\u00a0<em>leadership<\/em> possibili cadono sul campo.<\/p>\n<p>Del resto non \u00e8 cosa solo della politica nazionale. All&#8217;Universit\u00e0, dove lavoro, nel gorgo delle\u00a0<em>Progressioni Economiche Orizzontali<\/em> affonda la fiducia nelle organizzazioni sindacali e i rapporti fra colleghi. Basta un attimo e\u00a0<em>zac!<\/em>,\u00a0storie di anni si inabissano negli odi civili.<\/p>\n<p>Siamo circondati da gorghi da ogni parte, direi.<\/p>\n","protected":false},"excerpt":{"rendered":"<p>Ci sono frasi di cose studiate da ragazzi che rimangono impresse, chiss\u00e0 perch\u00e9. Per esempio io ricordo che nel mio<\/p>\n","protected":false},"author":1,"featured_media":12972,"comment_status":"open","ping_status":"open","sticky":false,"template":"","format":"standard","meta":{"_mi_skip_tracking":false,"_monsterinsights_sitenote_active":false,"_monsterinsights_sitenote_note":"","_monsterinsights_sitenote_category":0,"jetpack_post_was_ever_published":false,"_jetpack_newsletter_access":"","jetpack_publicize_message":"","jetpack_is_tweetstorm":false,"jetpack_publicize_feature_enabled":true,"jetpack_social_post_already_shared":true,"jetpack_social_options":{"image_generator_settings":{"template":"highway","enabled":false}}},"categories":[52,57,17,59,16],"tags":[],"jetpack_publicize_connections":[],"jetpack_featured_media_url":"https:\/\/i0.wp.com\/www.robertosedda.it\/wp-content\/uploads\/2016\/12\/Opliti.jpg?fit=736%2C480","jetpack_sharing_enabled":true,"jetpack_shortlink":"https:\/\/wp.me\/p4jV2T-3nd","jetpack_likes_enabled":true,"jetpack-related-posts":[{"id":10836,"url":"http:\/\/www.robertosedda.it\/?p=10836","url_meta":{"origin":12971,"position":0},"title":"Sono di nuovo on air (e anche on line!)","author":"Rufus","date":"15\/09\/2015","format":false,"excerpt":"Da gioved\u00ec prossimo ricomincia\u00a0Oggi parliamo di libri, al solito orario delle 19.10 e in replica il venerd\u00ec mattina alle 8.30. La grossa novit\u00e0 di quest'anno \u00e8 il\u00a0podcast, che permetter\u00e0 di riascoltare le puntate quasi immediatamente senza bisogno di aspettare che io le metta in rete per conto mio. Continuer\u00f2 comunque\u2026","rel":"","context":"In &quot;Coordinate&quot;","block_context":{"text":"Coordinate","link":"http:\/\/www.robertosedda.it\/?cat=52"},"img":{"alt_text":"","src":"https:\/\/i0.wp.com\/www.robertosedda.it\/wp-content\/uploads\/2015\/09\/Radio-Kalaritana-On-Air.jpg?fit=850%2C310&resize=350%2C200","width":350,"height":200,"srcset":"https:\/\/i0.wp.com\/www.robertosedda.it\/wp-content\/uploads\/2015\/09\/Radio-Kalaritana-On-Air.jpg?fit=850%2C310&resize=350%2C200 1x, https:\/\/i0.wp.com\/www.robertosedda.it\/wp-content\/uploads\/2015\/09\/Radio-Kalaritana-On-Air.jpg?fit=850%2C310&resize=700%2C400 2x"},"classes":[]},{"id":10947,"url":"http:\/\/www.robertosedda.it\/?p=10947","url_meta":{"origin":12971,"position":1},"title":"&#8216;na tragedia","author":"Rufus","date":"01\/10\/2015","format":"audio","excerpt":"Per fare pubblicit\u00e0 al fatto che stasera alle 19.10 va in onda la nuova puntata di\u00a0Oggi parliamo di libri (dedicata alla\u00a0Medea di Euripide, non perdetela!), vi invito all'ascolto della puntata precedente, in cui ho parlato della tragedia greca in generale. La tragedia greca (Oggi parliamo di libri, 29\/09\/2015) La puntata\u2026","rel":"","context":"In &quot;Coordinate&quot;","block_context":{"text":"Coordinate","link":"http:\/\/www.robertosedda.it\/?cat=52"},"img":{"alt_text":"","src":"","width":0,"height":0},"classes":[]},{"id":4708,"url":"http:\/\/www.robertosedda.it\/?p=4708","url_meta":{"origin":12971,"position":2},"title":"Z. La guerra dei narcos","author":"Rufus","date":"16\/10\/2013","format":false,"excerpt":"Ho preso Z. La guerra dei narcos di Diego Enrique Osorno (La nuova frontiera, 2013) perch\u00e9 da quando Alessandro Celoni mi ha fatto leggere\u00a0Il potere del cane di Don Winslow ho deciso che la frontiera fra Messico e Stati Uniti\u00a0\u00e8 una specie di barometro per capire il traffico di droga\u2026","rel":"","context":"In &quot;Coordinate&quot;","block_context":{"text":"Coordinate","link":"http:\/\/www.robertosedda.it\/?cat=52"},"img":{"alt_text":"","src":"","width":0,"height":0},"classes":[]},{"id":10464,"url":"http:\/\/www.robertosedda.it\/?p=10464","url_meta":{"origin":12971,"position":3},"title":"Spie e altre cose stuzzicanti","author":"Rufus","date":"30\/06\/2015","format":false,"excerpt":"Ho finito di leggere in questi giorni Churchill's secret warriors (I guerrieri segreti di Churchill), di Damien Lewis, edito da Quercus nel 2014. Il libro, che in s\u00e9 \u00e8 piuttosto mediocre, si inserisce in quel filone di ricostruzione storica della vita di una particolare unit\u00e0 d'\u00e9lite della II Guerra Mondiale,\u2026","rel":"","context":"In &quot;Coordinate&quot;","block_context":{"text":"Coordinate","link":"http:\/\/www.robertosedda.it\/?cat=52"},"img":{"alt_text":"","src":"https:\/\/i0.wp.com\/www.robertosedda.it\/wp-content\/uploads\/2015\/06\/Soldato-della-SBS.jpg?fit=595%2C590&resize=350%2C200","width":350,"height":200},"classes":[]},{"id":20830,"url":"http:\/\/www.robertosedda.it\/?p=20830","url_meta":{"origin":12971,"position":4},"title":"Cartoline e filastrocche","author":"Rufus","date":"15\/01\/2026","format":false,"excerpt":"Da diversi anni quando vado in vacanza mando cartoline alle nipoti e a qualche altro, e le scrivo in rima. Scherzare in rima, in realt\u00e0, \u00e8 una tradizione della famiglia Delitala. Mio nonno e i fratelli, che avevano una intensa corrispondenza molto organizzata - si mandavano vere e proprie lettere\u2026","rel":"","context":"In &quot;Coordinate&quot;","block_context":{"text":"Coordinate","link":"http:\/\/www.robertosedda.it\/?cat=52"},"img":{"alt_text":"","src":"https:\/\/i0.wp.com\/www.robertosedda.it\/wp-content\/uploads\/2026\/01\/Mazia.jpg?fit=1200%2C541&resize=350%2C200","width":350,"height":200,"srcset":"https:\/\/i0.wp.com\/www.robertosedda.it\/wp-content\/uploads\/2026\/01\/Mazia.jpg?fit=1200%2C541&resize=350%2C200 1x, https:\/\/i0.wp.com\/www.robertosedda.it\/wp-content\/uploads\/2026\/01\/Mazia.jpg?fit=1200%2C541&resize=700%2C400 2x, https:\/\/i0.wp.com\/www.robertosedda.it\/wp-content\/uploads\/2026\/01\/Mazia.jpg?fit=1200%2C541&resize=1050%2C600 3x"},"classes":[]},{"id":9862,"url":"http:\/\/www.robertosedda.it\/?p=9862","url_meta":{"origin":12971,"position":5},"title":"Bellissima e abusata","author":"Rufus","date":"29\/03\/2015","format":"video","excerpt":"Ho messo oggi in linea la puntata di\u00a0Oggi parliamo di libri dedicata all'eroina Deirdre, la bellissima e sfortunata Deirdre delle saghe irlandesi, nota nella letteratura e nel teatro moderno anche come Deirdre\u00a0of the sorrows, cio\u00e8 \"dei dolori\" o \"delle pene\". Fare la puntata richiedeva mettere insieme due temi: da una\u2026","rel":"","context":"In &quot;Coordinate&quot;","block_context":{"text":"Coordinate","link":"http:\/\/www.robertosedda.it\/?cat=52"},"img":{"alt_text":"","src":"https:\/\/i0.wp.com\/www.robertosedda.it\/wp-content\/uploads\/2015\/03\/deirdre-of-the-sorrows.jpg?fit=650%2C433&resize=350%2C200","width":350,"height":200},"classes":[]}],"_links":{"self":[{"href":"http:\/\/www.robertosedda.it\/index.php?rest_route=\/wp\/v2\/posts\/12971"}],"collection":[{"href":"http:\/\/www.robertosedda.it\/index.php?rest_route=\/wp\/v2\/posts"}],"about":[{"href":"http:\/\/www.robertosedda.it\/index.php?rest_route=\/wp\/v2\/types\/post"}],"author":[{"embeddable":true,"href":"http:\/\/www.robertosedda.it\/index.php?rest_route=\/wp\/v2\/users\/1"}],"replies":[{"embeddable":true,"href":"http:\/\/www.robertosedda.it\/index.php?rest_route=%2Fwp%2Fv2%2Fcomments&post=12971"}],"version-history":[{"count":4,"href":"http:\/\/www.robertosedda.it\/index.php?rest_route=\/wp\/v2\/posts\/12971\/revisions"}],"predecessor-version":[{"id":19008,"href":"http:\/\/www.robertosedda.it\/index.php?rest_route=\/wp\/v2\/posts\/12971\/revisions\/19008"}],"wp:featuredmedia":[{"embeddable":true,"href":"http:\/\/www.robertosedda.it\/index.php?rest_route=\/wp\/v2\/media\/12972"}],"wp:attachment":[{"href":"http:\/\/www.robertosedda.it\/index.php?rest_route=%2Fwp%2Fv2%2Fmedia&parent=12971"}],"wp:term":[{"taxonomy":"category","embeddable":true,"href":"http:\/\/www.robertosedda.it\/index.php?rest_route=%2Fwp%2Fv2%2Fcategories&post=12971"},{"taxonomy":"post_tag","embeddable":true,"href":"http:\/\/www.robertosedda.it\/index.php?rest_route=%2Fwp%2Fv2%2Ftags&post=12971"}],"curies":[{"name":"wp","href":"https:\/\/api.w.org\/{rel}","templated":true}]}}