{"id":12944,"date":"2016-12-13T10:12:33","date_gmt":"2016-12-13T09:12:33","guid":{"rendered":"http:\/\/www.robertosedda.it\/?p=12944"},"modified":"2023-12-14T12:59:32","modified_gmt":"2023-12-14T11:59:32","slug":"lanalfabetismo-e-politico-non-costituzionale","status":"publish","type":"post","link":"http:\/\/www.robertosedda.it\/?p=12944","title":{"rendered":"L&#8217;analfabetismo \u00e8 politico, non costituzionale"},"content":{"rendered":"<p><img data-attachment-id=\"12945\" data-permalink=\"http:\/\/www.robertosedda.it\/?attachment_id=12945\" data-orig-file=\"https:\/\/i0.wp.com\/www.robertosedda.it\/wp-content\/uploads\/2016\/12\/Rufus-Facebook.jpg?fit=856%2C357\" data-orig-size=\"856,357\" data-comments-opened=\"1\" data-image-meta=\"{&quot;aperture&quot;:&quot;0&quot;,&quot;credit&quot;:&quot;Roberto Sedda&quot;,&quot;camera&quot;:&quot;&quot;,&quot;caption&quot;:&quot;&quot;,&quot;created_timestamp&quot;:&quot;1481623832&quot;,&quot;copyright&quot;:&quot;&quot;,&quot;focal_length&quot;:&quot;0&quot;,&quot;iso&quot;:&quot;0&quot;,&quot;shutter_speed&quot;:&quot;0&quot;,&quot;title&quot;:&quot;&quot;,&quot;orientation&quot;:&quot;0&quot;}\" data-image-title=\"Rufus Facebook\" data-image-description=\"\" data-image-caption=\"\" data-medium-file=\"https:\/\/i0.wp.com\/www.robertosedda.it\/wp-content\/uploads\/2016\/12\/Rufus-Facebook.jpg?fit=300%2C125\" data-large-file=\"https:\/\/i0.wp.com\/www.robertosedda.it\/wp-content\/uploads\/2016\/12\/Rufus-Facebook.jpg?fit=510%2C213\" decoding=\"async\" loading=\"lazy\" class=\"aligncenter size-full wp-image-12945\" src=\"https:\/\/i0.wp.com\/www.robertosedda.it\/wp-content\/uploads\/2016\/12\/Rufus-Facebook.jpg?resize=800%2C334\" alt=\"\" width=\"800\" height=\"334\" srcset=\"https:\/\/i0.wp.com\/www.robertosedda.it\/wp-content\/uploads\/2016\/12\/Rufus-Facebook.jpg?w=856 856w, https:\/\/i0.wp.com\/www.robertosedda.it\/wp-content\/uploads\/2016\/12\/Rufus-Facebook.jpg?resize=150%2C63 150w, https:\/\/i0.wp.com\/www.robertosedda.it\/wp-content\/uploads\/2016\/12\/Rufus-Facebook.jpg?resize=300%2C125 300w, https:\/\/i0.wp.com\/www.robertosedda.it\/wp-content\/uploads\/2016\/12\/Rufus-Facebook.jpg?resize=510%2C213 510w, https:\/\/i0.wp.com\/www.robertosedda.it\/wp-content\/uploads\/2016\/12\/Rufus-Facebook.jpg?resize=700%2C292 700w\" sizes=\"(max-width: 800px) 100vw, 800px\" data-recalc-dims=\"1\" \/>Ieri, esasperato da decine di contatti\u00a0<em>Facebook<\/em> che, tutti nello stesso modo, credendosi tutti\u00a0uniformemente pi\u00f9 furbi e spiritosi del resto del mondo, postavano commenti tutti esattamente\u00a0<em>uguali<\/em>, probabilmente concepiti nell&#8217;<em>unica<\/em> stanza di un\u00a0<em>social media manager<\/em> particolarmente abile, irridendo, con questo loro\u00a0sarcasmo in\u00a0fotocopia, gli avversari di parte politica (nel caso specifico quelli che, tutti nello\u00a0stesso modo, credendosi tutti\u00a0uniformemente pi\u00f9 onesti\u00a0e moralisti del resto del mondo, postavano commenti tutti esattamente\u00a0<em>uguali<\/em>, probabilmente concepiti nell&#8217;<em>unica<\/em> stanza di un\u00a0<em>social media manager<\/em> particolarmente abile, indignandosi, con questa loro rabbia in fotocopia, per la formazione del nuovo Governo).<\/p>\n<p>Ieri, con Pierini rosiconi spiritosi a comando che rimproveravano la non conoscenza della Costituzione agli altri.<\/p>\n<p>Ieri, esasperato da decine di contatti <em>Facebook<\/em> intenti a irridere l&#8217;avversario per la non conoscenza della Costituzione, ignorando bellamente il punto politico.<\/p>\n<p>Ecco, ieri ho fatto due cose, che appunto qui perch\u00e9 il\u00a0<em>blog<\/em> lo tengo soprattutto per me e le cose che scrivo su\u00a0<em>Facebook<\/em> poi si perdono chiss\u00e0 dove (quindi, arrivati a questo punto, potete anche decidere che non vale la pena continuare a leggere).<\/p>\n<p>Per prima cosa ho ricondiviso <a href=\"http:\/\/www.robertosedda.it\/?p=11465\">un vecchio articolo<\/a> di pochissimo successo ma al quale tengo molto, e che invita a cercare di leggere le cose pi\u00f9 in profondit\u00e0. Perch\u00e9 facendo cos\u00ec magari si riuscirebbe a uscire dalla logica dello specchio riflesso da bambini (\u00abPresidente del Consiglio nominato da un\u00a0Parlamento di nominati,\u00a0<em>gne gne gne\u00a0<\/em><em>faccia di serpente<\/em>\u00bb contro: \u00abNon mi hai fatto niente,\u00a0<em>gne gne gne<\/em>, non hai letto la Costituzione, non mi hai fatto niente\u00bb) magari permetterebbe di capire che ci sono i furbi e i deboli, i giusti e gli ingiusti, quelli che vincono e quelli che perdono, quelli che ne capiscono di politica e quelli che no, davvero no.<\/p>\n<p>Ecco: la politica.<\/p>\n<p>E allora, esasperato come gi\u00e0 detto, nell&#8217;anno cinquantaduesimo di mia vita, anziano ma non ancora saggio, ho scritto su <em>Facebook.<\/em><\/p>\n<p>Anziano ma non ancora saggio.<\/p>\n<blockquote><p>Il problema non \u00e8 l&#8217;analfabetismo costituzionale, \u00e8 l&#8217;analfabetismo politico.<\/p><\/blockquote>\n<p>Come \u00e8 giusto, non mi ha capito nessuno: si vedeva dai\u00a0<em>like<\/em> che quelli a cui piacevo pensavano che stessi dicendo che gli odiati grillini non solo non capivano di Costituzione, ma neppure di politica, mentre io volevo dirgli che, va bene, loro forse,\u00a0<em>forse<\/em>, non capiscono di Costituzione, ma voi non capite di politica, ed \u00e8 peggio.<\/p>\n<p>E quindi ho corretto:<\/p>\n<blockquote><p>Il problema non \u00e8 l&#8217;analfabetismo costituzionale, \u00e8 l&#8217;analfabetismo politico.<br \/>\nEDIT: parlo di tutti, non del M5S o dei sostenitori del NO.<\/p><\/blockquote>\n<p>Ne \u00e8 nata un po&#8217; di discussione, perch\u00e9 effettivamente, anziano ma non ancora saggio, esasperato ma non chiaro, insomma, non \u00e8 che si capisse tanto bene:<\/p>\n<blockquote><p>Non dico aver letto Machiavelli, ma almeno analizzare la politica come tu analizzeresti le difese del football o un altro un problema tecnico. Non come un contrasto di gnegnegne, perch\u00e9 quello \u00e8 un lavoro da bambini scemi. Se si facesse, ci risparmieremmo un sacco di meme sull&#8217;analfabetismo funzionale di gente che rinfaccia agli altri che il presidente del Consiglio non \u00e8 eletto dal popolo e &#8211; letteralmente &#8211; non sa di cosa sta parlando.<\/p><\/blockquote>\n<p>con vette addirittura icastiche, tipo<\/p>\n<blockquote><p>Cio\u00e8, la politica ha le sue regole e i suoi strumenti di analisi (e il contenuto della Costituzione non \u00e8 fra questi&#8230;)<\/p><\/blockquote>\n<p>perch\u00e9 \u00e8\u00a0<em>chiaro<\/em> che la Costituzione invece deve entrare negli strumenti di analisi, ma nel senso di fissare parametri da tenere in considerazione astrattamente quando si analizzano i contesti, non nel modo che con la quale compariva nei <em>meme<\/em> scemi di ieri, e quindi magari tagliando i concetti con l&#8217;accetta mi sono invece fatto trasportare un po&#8217;. Fino a che la mia insoddisfazione \u00e8 uscita finalmente paro paro:<\/p>\n<blockquote><p>Guarda che chi non \u00e8 capace di analisi politica sono tutti MENO i grillini. Loro la stanno facendo benissimo. Sono quelli che scrivono di analfabetismo funzionale o fanno &#8220;guh guh&#8221; compiacendosi di post tutti uguali sull&#8217;ignoranza altrui e il Presidente del Consiglio che a Costituzione vigente non \u00e8 eletto dal popolo che fanno abbastanza la figura del piccione.<\/p><\/blockquote>\n<p>Dove\u00a0<em>guh guh<\/em> nel gergo familiare sono i versi che fanno i bambini scemi quando credono di essere stati spiritosissimi (pronunciarlo portando le mani sotto le ascelle e\u00a0sbattendo le braccia cos\u00ec ripiegate).<\/p>\n<p>Non \u00e8 politicamente corretto, lo so.<\/p>\n<p>Chi se ne frega posso dirlo?<\/p>\n<p>E comunque andando avanti cos\u00ec alla fine, giustamente finisce che uno ti dice: <em>perch\u00e9 non la fai tu l&#8217;analisi, visto che ti lamenti? E visto che non sei nemmeno tanto chiaro?<\/em><\/p>\n<p>E allora,\u00a0<em>voil\u00e0<\/em>.<\/p>\n<p><a href=\"http:\/\/www.robertosedda.it\/?p=6491\">Come si diceva ai bei tempi<\/a>, anziano ma non saggio mi sono esposto alla berlina. Segno qui, che se poi si perde su <em>Facebook<\/em>\u00a0come potremo riderne poi, quando tutto sar\u00e0 andato diversamente?<\/p>\n<blockquote><p><span data-ft=\"{&quot;tn&quot;:&quot;K&quot;}\"><span class=\"UFICommentBody _1n4g\">[Quelli del M5S] hanno vinto, vogliono sfruttare la vittoria, che c&#8217;\u00e8 da dire? Sono oltretutto coerenti, avendo sempre sostenuto che questo Parlamento \u00e8 eletto con una legge incostituzionale etc etc, e fiutano in Gentiloni non un tentativo di sbrigare il caso legge elettorale e andare a votare subito, ma un allungare il brodo, quindi si oppongono strenuamente, sapendo che, se leggono bene la realt\u00e0, sono in una situazione win-win: se si vota subito gli va bene, se si vota dopo hanno avuto tutto il tempo di denigrare di pi\u00f9 gli avversari facendoli passare per quelli che sono attaccati al potere (un discorso simile vale per la Lega, mentre Berlusconi, che non \u00e8 pronto al voto, traccheggia).<br \/>\nRenzi \u00e8 in una condizione che Machiavelli chiamerebbe &#8220;errore necessitato&#8221;: paga il peccato originale di essere subentrato a Bersani (e Letta) in un sistema politico maggioritario nel quale non ha vinto le elezioni &#8211; con buona pace di tutti quelli che fanno i Pierini oggi, se pure la Costituzione dice che il Primo Ministro \u00e8 eletto dal Parlamento da quando c&#8217;\u00e8 il maggioritario i PdC\u00a0non vincitori delle elezioni sono stati tutti &#8220;clausole di salvaguardia&#8221; dopo il fallimento della coalizione vincente, ma transitori per definizione (tranne D&#8217;Alema, il quale infatti si \u00e8 trovato costretto a farsi legittimare da una elezione impropria, cio\u00e8 le regionali, e anche lui \u00e8 caduto) &#8211; e nel quale il suo gruppo parlamentare \u00e8 controllato dai capibastone e non del tutto da lui: l&#8217;instabilit\u00e0 degli altri gruppi parlamentari lo salva, ma lo lascia in posizione scomoda, esposto al fuoco di fila: \u00abMa Verdini, Alfano&#8230;\u00bb. Perci\u00f2 ha chiamato il referendum e l&#8217;ha perso (primo errore necessitato). Gli converrebbe cercare un secondo appello, andando anche lui a elezioni anticipate subito (che sarebbe finalmente una legittimazione appropriata) ma non pu\u00f2 perch\u00e9 la legge elettorale non c&#8217;\u00e8, perch\u00e9 lui non l&#8217;ha voluta fare causa referendum (secondo errore necessitato). Quindi \u00e8 costretto a far fare il Presidente del Consiglio\u00a0a un altro per un tempo X, mantenendo il controllo dietro le quinte (a occhio, terzo errore necessitato). Gentiloni potrebbe fare un figurone dicendo: \u00abmi do due mesi, poi si vota, parola d&#8217;onore\u00bb (o Matterella potrebbe scrivere al Parlamento, sta nei suoi poteri), ma una volta che il Governo c&#8217;\u00e8 partono le pulsioni a tenerlo in vita per fare questo e quello, e quindi ad andare avanti un altro po&#8217; (quarto errore necessitato). Quindi quel che rimane al PD \u00e8 buttarla in cagnara, come i 5S gli hanno insegnato benissimo, con questo tipo di campagne &#8220;guh guh&#8221; sul fatto che i 5S brutti, sporchi, populisti e buzzurri non sanno le basi costituzionali e noi ci diamo il gomito tutti contenti. Solo che cos\u00ec si rafforzano le basi identitarie (NOI contro VOI) e a occhio questo \u00e8 un gioco nel quale il PD probabilmente alla lunga perde (quinto errore necessitato). E comunque la campagna &#8220;guh guh&#8221; \u00e8 una roba dello stesso livello di &#8220;presto, fate girare!!!1!!!1!&#8221;, e davvero vederla fare da gente che si crede avveduta d\u00e0 sui nervi in maniera statosferica.<\/span><\/span><\/p><\/blockquote>\n","protected":false},"excerpt":{"rendered":"<p>Ieri, esasperato da decine di contatti\u00a0Facebook che, tutti nello stesso modo, credendosi tutti\u00a0uniformemente pi\u00f9 furbi e spiritosi del resto del<\/p>\n","protected":false},"author":1,"featured_media":12945,"comment_status":"open","ping_status":"open","sticky":false,"template":"","format":"standard","meta":{"_mi_skip_tracking":false,"_monsterinsights_sitenote_active":false,"_monsterinsights_sitenote_note":"","_monsterinsights_sitenote_category":0,"jetpack_post_was_ever_published":false,"_jetpack_newsletter_access":"","jetpack_publicize_message":"","jetpack_is_tweetstorm":false,"jetpack_publicize_feature_enabled":true,"jetpack_social_post_already_shared":true,"jetpack_social_options":{"image_generator_settings":{"template":"highway","enabled":false}}},"categories":[52,57,17,59,16],"tags":[],"jetpack_publicize_connections":[],"jetpack_featured_media_url":"https:\/\/i0.wp.com\/www.robertosedda.it\/wp-content\/uploads\/2016\/12\/Rufus-Facebook.jpg?fit=856%2C357","jetpack_sharing_enabled":true,"jetpack_shortlink":"https:\/\/wp.me\/p4jV2T-3mM","jetpack_likes_enabled":true,"jetpack-related-posts":[{"id":833,"url":"http:\/\/www.robertosedda.it\/?p=833","url_meta":{"origin":12944,"position":0},"title":"The social (KLM) network","author":"Rufus","date":"06\/09\/2012","format":false,"excerpt":"Mi ha molto incuriosito la campagna di pubblicit\u00e0 radiofonica con cui KLM lancia la possibilit\u00e0 di scegliersi i vicini di posto controllando i profili Facebook e LinkedIn degli altri passeggeri prenotati per il proprio volo. In realt\u00e0 ho scoperto che la notizia \u00e8 vecchia: ne aveva gi\u00e0 parlato a dicembre\u2026","rel":"","context":"In &quot;Coordinate&quot;","block_context":{"text":"Coordinate","link":"http:\/\/www.robertosedda.it\/?cat=52"},"img":{"alt_text":"","src":"","width":0,"height":0},"classes":[]},{"id":13803,"url":"http:\/\/www.robertosedda.it\/?p=13803","url_meta":{"origin":12944,"position":1},"title":"Le spiacevoli conseguenze del dire la verit\u00e0","author":"Rufus","date":"01\/06\/2017","format":false,"excerpt":"Ho letto ieri un articolo di Tim Harford\u00a0sulle lezioni che si possono apprendere dai fallimenti. A un certo punto ho visto che citava \"Gerald Ratner\" e mi sono chiesto: \u00abE chi era costui?\u00bb. Cos\u00ec sono andato a cercare e ho scoperto una\u00a0storia. Dunque, negli anni '60 c'\u00e8 in Inghilterra un\u2026","rel":"","context":"In &quot;Coordinate&quot;","block_context":{"text":"Coordinate","link":"http:\/\/www.robertosedda.it\/?cat=52"},"img":{"alt_text":"","src":"https:\/\/i0.wp.com\/www.robertosedda.it\/wp-content\/uploads\/2017\/06\/Ratner.jpg?fit=634%2C420&resize=350%2C200","width":350,"height":200},"classes":[]},{"id":687,"url":"http:\/\/www.robertosedda.it\/?p=687","url_meta":{"origin":12944,"position":2},"title":"L&#8217;economista mascherato","author":"Rufus","date":"23\/08\/2012","format":false,"excerpt":"Sto leggendo questo divertente testo divulgativo di economia (l'Economista Mascherato, appunto) di Tim Harford, editorialista del Financial Times. \u00c8 un libro che spiega in termini economici le cose banali della nostra vita quotidiana, tipo perch\u00e9 il caff\u00e9 negli aereoporti \u00e8 uniformemente cattivo ma costa il doppio del bar sotto casa,\u2026","rel":"","context":"In &quot;Coordinate&quot;","block_context":{"text":"Coordinate","link":"http:\/\/www.robertosedda.it\/?cat=52"},"img":{"alt_text":"","src":"https:\/\/i0.wp.com\/www.robertosedda.it\/wp-content\/uploads\/2012\/08\/the-undercover-economist-tim-hardford.jpg?fit=500%2C677&resize=350%2C200","width":350,"height":200},"classes":[]},{"id":14754,"url":"http:\/\/www.robertosedda.it\/?p=14754","url_meta":{"origin":12944,"position":3},"title":"Ancora su Goebbels e le fake news (e la sinistra)","author":"Rufus","date":"28\/02\/2018","format":false,"excerpt":"Manco a farlo apposta, vedo ieri condiviso un articolo su\u00a0Left\u00a0a firma Giulio Cavali con le \"famose\" undici regole di Goebbels (se non sapete di che parlo, leggete qui). Ora, Giulio Cavalli \u00e8 un giornalista vero, noto per lavori di inchiesta e per la compromissione sociale. E Left\u00a0\u00e8 una rivista\u00a0vera, con\u2026","rel":"","context":"In &quot;Coordinate&quot;","block_context":{"text":"Coordinate","link":"http:\/\/www.robertosedda.it\/?cat=52"},"img":{"alt_text":"","src":"https:\/\/i0.wp.com\/www.robertosedda.it\/wp-content\/uploads\/2018\/02\/Left-Goebbels-2.jpg?fit=1200%2C558&resize=350%2C200","width":350,"height":200,"srcset":"https:\/\/i0.wp.com\/www.robertosedda.it\/wp-content\/uploads\/2018\/02\/Left-Goebbels-2.jpg?fit=1200%2C558&resize=350%2C200 1x, https:\/\/i0.wp.com\/www.robertosedda.it\/wp-content\/uploads\/2018\/02\/Left-Goebbels-2.jpg?fit=1200%2C558&resize=700%2C400 2x, https:\/\/i0.wp.com\/www.robertosedda.it\/wp-content\/uploads\/2018\/02\/Left-Goebbels-2.jpg?fit=1200%2C558&resize=1050%2C600 3x"},"classes":[]},{"id":18314,"url":"http:\/\/www.robertosedda.it\/?p=18314","url_meta":{"origin":12944,"position":4},"title":"La colonna sonora della citt\u00e0 inquieta","author":"Rufus","date":"11\/09\/2020","format":false,"excerpt":"La prossima settimana inizio la revisione del gioco mio e di Andrea Salidu della Jam di quest'anno, con l'intenzione di aggiungere un po' di nuovi contenuti: il gioco \u00e8 fatto a capitoli, dopo aver ristrutturato il primo mi spingo fino al secondo, che dovrebbe essere breve, o al terzo. Non\u2026","rel":"","context":"In &quot;Coordinate&quot;","block_context":{"text":"Coordinate","link":"http:\/\/www.robertosedda.it\/?cat=52"},"img":{"alt_text":"","src":"https:\/\/i0.wp.com\/www.robertosedda.it\/wp-content\/uploads\/2020\/09\/cover.png?fit=1200%2C675&resize=350%2C200","width":350,"height":200,"srcset":"https:\/\/i0.wp.com\/www.robertosedda.it\/wp-content\/uploads\/2020\/09\/cover.png?fit=1200%2C675&resize=350%2C200 1x, https:\/\/i0.wp.com\/www.robertosedda.it\/wp-content\/uploads\/2020\/09\/cover.png?fit=1200%2C675&resize=700%2C400 2x, https:\/\/i0.wp.com\/www.robertosedda.it\/wp-content\/uploads\/2020\/09\/cover.png?fit=1200%2C675&resize=1050%2C600 3x"},"classes":[]},{"id":19925,"url":"http:\/\/www.robertosedda.it\/?p=19925","url_meta":{"origin":12944,"position":5},"title":"Materie non concluse","author":"Rufus","date":"08\/11\/2022","format":false,"excerpt":"Leggere una storia della Guerra Civile dopo una pandemia (col suo sottofondo di interpretazione guerresca del virus), in epoca di Trump e durante la guerra in Ucraina.","rel":"","context":"In &quot;Coordinate&quot;","block_context":{"text":"Coordinate","link":"http:\/\/www.robertosedda.it\/?cat=52"},"img":{"alt_text":"","src":"https:\/\/i0.wp.com\/www.robertosedda.it\/wp-content\/uploads\/2022\/11\/Battle-cry.jpg?fit=789%2C1200&resize=350%2C200","width":350,"height":200,"srcset":"https:\/\/i0.wp.com\/www.robertosedda.it\/wp-content\/uploads\/2022\/11\/Battle-cry.jpg?fit=789%2C1200&resize=350%2C200 1x, https:\/\/i0.wp.com\/www.robertosedda.it\/wp-content\/uploads\/2022\/11\/Battle-cry.jpg?fit=789%2C1200&resize=700%2C400 2x"},"classes":[]}],"_links":{"self":[{"href":"http:\/\/www.robertosedda.it\/index.php?rest_route=\/wp\/v2\/posts\/12944"}],"collection":[{"href":"http:\/\/www.robertosedda.it\/index.php?rest_route=\/wp\/v2\/posts"}],"about":[{"href":"http:\/\/www.robertosedda.it\/index.php?rest_route=\/wp\/v2\/types\/post"}],"author":[{"embeddable":true,"href":"http:\/\/www.robertosedda.it\/index.php?rest_route=\/wp\/v2\/users\/1"}],"replies":[{"embeddable":true,"href":"http:\/\/www.robertosedda.it\/index.php?rest_route=%2Fwp%2Fv2%2Fcomments&post=12944"}],"version-history":[{"count":3,"href":"http:\/\/www.robertosedda.it\/index.php?rest_route=\/wp\/v2\/posts\/12944\/revisions"}],"predecessor-version":[{"id":20451,"href":"http:\/\/www.robertosedda.it\/index.php?rest_route=\/wp\/v2\/posts\/12944\/revisions\/20451"}],"wp:featuredmedia":[{"embeddable":true,"href":"http:\/\/www.robertosedda.it\/index.php?rest_route=\/wp\/v2\/media\/12945"}],"wp:attachment":[{"href":"http:\/\/www.robertosedda.it\/index.php?rest_route=%2Fwp%2Fv2%2Fmedia&parent=12944"}],"wp:term":[{"taxonomy":"category","embeddable":true,"href":"http:\/\/www.robertosedda.it\/index.php?rest_route=%2Fwp%2Fv2%2Fcategories&post=12944"},{"taxonomy":"post_tag","embeddable":true,"href":"http:\/\/www.robertosedda.it\/index.php?rest_route=%2Fwp%2Fv2%2Ftags&post=12944"}],"curies":[{"name":"wp","href":"https:\/\/api.w.org\/{rel}","templated":true}]}}