{"id":12918,"date":"2016-12-06T13:22:23","date_gmt":"2016-12-06T12:22:23","guid":{"rendered":"http:\/\/www.robertosedda.it\/?p=12918"},"modified":"2023-12-06T09:26:24","modified_gmt":"2023-12-06T08:26:24","slug":"reblog-numeri-che-forse-nessuno-ha-notato","status":"publish","type":"post","link":"http:\/\/www.robertosedda.it\/?p=12918","title":{"rendered":"REBLOG: Numeri che forse nessuno ha notato"},"content":{"rendered":"<p><a href=\"https:\/\/www.facebook.com\/pietro.pani.79\/posts\/1819819971571619\">Seguo spesso con piacere gli interventi su&nbsp;<em>Facebook<\/em> di Pietro Pani, che conosco dai tempi della&nbsp;<em>FGCI<\/em>, cio\u00e8 quasi quarant&#8217;anni, e che poi \u00e8 stato per un periodo il mio libraio di fiducia. Soprattutto quando parla di politica condivido quasi sempre. Ma oggi sul referendum fa un&#8217;analisi che mi sembra particolarmente interessante: leggete!<\/a><\/p>\n","protected":false},"excerpt":{"rendered":"<p>Seguo spesso con piacere gli interventi su&nbsp;Facebook di Pietro Pani, che conosco dai tempi della&nbsp;FGCI, cio\u00e8 quasi quarant&#8217;anni, e che<\/p>\n","protected":false},"author":1,"featured_media":0,"comment_status":"open","ping_status":"open","sticky":false,"template":"","format":"standard","meta":{"_mi_skip_tracking":false,"_monsterinsights_sitenote_active":false,"_monsterinsights_sitenote_note":"","_monsterinsights_sitenote_category":0,"jetpack_post_was_ever_published":false,"_jetpack_newsletter_access":"","jetpack_publicize_message":"","jetpack_is_tweetstorm":false,"jetpack_publicize_feature_enabled":true,"jetpack_social_post_already_shared":true,"jetpack_social_options":{"image_generator_settings":{"template":"highway","enabled":false}}},"categories":[1],"tags":[],"jetpack_publicize_connections":[],"jetpack_featured_media_url":"","jetpack_sharing_enabled":true,"jetpack_shortlink":"https:\/\/wp.me\/p4jV2T-3mm","jetpack_likes_enabled":true,"jetpack-related-posts":[{"id":546,"url":"http:\/\/www.robertosedda.it\/?p=546","url_meta":{"origin":12918,"position":0},"title":"The jewels of Aptor","author":"Rufus","date":"22\/08\/2012","format":false,"excerpt":"Bene, i Gioielli di Aptor \u00e8 rimasto nella mia libreria, senza mai essere toccato, per vent'anni. Prenderlo in mano adesso \u00e8 stato come sentirsi raccontare storie da un vecchio zio che mette in fila aneddoti divertenti e sorprendenti della sua giovinezza, cose che per\u00f2 non ti riguardano e non ti\u2026","rel":"","context":"In &quot;Coordinate&quot;","block_context":{"text":"Coordinate","link":"http:\/\/www.robertosedda.it\/?cat=52"},"img":{"alt_text":"","src":"https:\/\/i0.wp.com\/www.robertosedda.it\/wp-content\/uploads\/2012\/08\/delany_jewels.jpg?fit=295%2C493&resize=350%2C200","width":350,"height":200},"classes":[]},{"id":9567,"url":"http:\/\/www.robertosedda.it\/?p=9567","url_meta":{"origin":12918,"position":1},"title":"REBLOG: Gente che ne capisce di musica e &#8220;Black Messiah&#8221; di D&#8217;Angelo","author":"Rufus","date":"10\/02\/2015","format":"link","excerpt":"Oh, io di musica non ne capisco (quasi) niente e D'Angelo manco sapevo chi fosse, ma questo articolo \u00e8 bellissimo!","rel":"","context":"Articolo simile","block_context":{"text":"Articolo simile","link":""},"img":{"alt_text":"","src":"","width":0,"height":0},"classes":[]},{"id":5773,"url":"http:\/\/www.robertosedda.it\/?p=5773","url_meta":{"origin":12918,"position":2},"title":"Forse non fa davvero","author":"Rufus","date":"07\/01\/2014","format":false,"excerpt":"Dopo aver finito di leggere Forse non fa (Celestino Tabasso, Carac\u00f3 2013) mi \u00e8 venuto da pensare che in molti casi in letteratura il piglio sfrenato fino all'impudenza pu\u00f2 sostituire molte altre cose e (quasi) salvare un libro. Forse non fa ha l'ambizione di raccontare Cagliari attraverso i tic dei\u2026","rel":"","context":"In &quot;Coordinate&quot;","block_context":{"text":"Coordinate","link":"http:\/\/www.robertosedda.it\/?cat=52"},"img":{"alt_text":"","src":"https:\/\/i0.wp.com\/www.robertosedda.it\/wp-content\/uploads\/2014\/01\/Forse-non-fa-Tabasso.jpg?fit=216%2C300&resize=350%2C200","width":350,"height":200},"classes":[]},{"id":9431,"url":"http:\/\/www.robertosedda.it\/?p=9431","url_meta":{"origin":12918,"position":3},"title":"REBLOG: Dylan Dog continua a&#8230;","author":"Rufus","date":"22\/01\/2015","format":"link","excerpt":"Oh, io l'avevo gi\u00e0 detto tempo fa, ma qui lo ridicono: \u00abTutto questo fa s\u00ec, inoltre, che Dylan sia poco funzionale alla storia: si ha la sensazione che al suo posto, a indagare sull\u2019incubo del mese, avrebbe potuto esserci quasi chiunque altro\u00bb.","rel":"","context":"In &quot;Segnalazioni&quot;","block_context":{"text":"Segnalazioni","link":"http:\/\/www.robertosedda.it\/?cat=95"},"img":{"alt_text":"","src":"","width":0,"height":0},"classes":[]},{"id":9238,"url":"http:\/\/www.robertosedda.it\/?p=9238","url_meta":{"origin":12918,"position":4},"title":"Cene sociali","author":"Rufus","date":"28\/12\/2014","format":"gallery","excerpt":"Ieri il gruppo La Pira quasi al completo si \u00e8 riunito per scambiarsi gli auguri di buone feste, stare insieme, mangiare qualcosa, salutarsi a vicenda e in generale passare del tempo piacevole. Le foto successive documentano la serata.","rel":"","context":"In &quot;Azione Cattolica&quot;","block_context":{"text":"Azione Cattolica","link":"http:\/\/www.robertosedda.it\/?cat=76"},"img":{"alt_text":"","src":"https:\/\/i0.wp.com\/www.robertosedda.it\/wp-content\/uploads\/2014\/12\/ALIM3845.jpg?fit=1024%2C768&resize=350%2C200","width":350,"height":200,"srcset":"https:\/\/i0.wp.com\/www.robertosedda.it\/wp-content\/uploads\/2014\/12\/ALIM3845.jpg?fit=1024%2C768&resize=350%2C200 1x, https:\/\/i0.wp.com\/www.robertosedda.it\/wp-content\/uploads\/2014\/12\/ALIM3845.jpg?fit=1024%2C768&resize=700%2C400 2x"},"classes":[]},{"id":12955,"url":"http:\/\/www.robertosedda.it\/?p=12955","url_meta":{"origin":12918,"position":5},"title":"Il provinciale va a teatro","author":"Rufus","date":"15\/12\/2016","format":false,"excerpt":"La settimana scorsa io e Maria Bonaria siamo stati a Roma per il ponte dell'Immacolata. Riflettevo, poi, che la nostra vacanza aveva un vago sapore austeniano (vedi alla voce: madamigelle in citt\u00e0 per la stagione), nel senso che le nostre attivit\u00e0 sono consistite\u00a0in cose che anche le signorine ottocentesche a\u2026","rel":"","context":"In &quot;Coordinate&quot;","block_context":{"text":"Coordinate","link":"http:\/\/www.robertosedda.it\/?cat=52"},"img":{"alt_text":"","src":"https:\/\/i0.wp.com\/www.robertosedda.it\/wp-content\/uploads\/2016\/12\/LehmanTrilogy_h.jpg?fit=1200%2C675&resize=350%2C200","width":350,"height":200,"srcset":"https:\/\/i0.wp.com\/www.robertosedda.it\/wp-content\/uploads\/2016\/12\/LehmanTrilogy_h.jpg?fit=1200%2C675&resize=350%2C200 1x, https:\/\/i0.wp.com\/www.robertosedda.it\/wp-content\/uploads\/2016\/12\/LehmanTrilogy_h.jpg?fit=1200%2C675&resize=700%2C400 2x, https:\/\/i0.wp.com\/www.robertosedda.it\/wp-content\/uploads\/2016\/12\/LehmanTrilogy_h.jpg?fit=1200%2C675&resize=1050%2C600 3x"},"classes":[]}],"_links":{"self":[{"href":"http:\/\/www.robertosedda.it\/index.php?rest_route=\/wp\/v2\/posts\/12918"}],"collection":[{"href":"http:\/\/www.robertosedda.it\/index.php?rest_route=\/wp\/v2\/posts"}],"about":[{"href":"http:\/\/www.robertosedda.it\/index.php?rest_route=\/wp\/v2\/types\/post"}],"author":[{"embeddable":true,"href":"http:\/\/www.robertosedda.it\/index.php?rest_route=\/wp\/v2\/users\/1"}],"replies":[{"embeddable":true,"href":"http:\/\/www.robertosedda.it\/index.php?rest_route=%2Fwp%2Fv2%2Fcomments&post=12918"}],"version-history":[{"count":2,"href":"http:\/\/www.robertosedda.it\/index.php?rest_route=\/wp\/v2\/posts\/12918\/revisions"}],"predecessor-version":[{"id":20434,"href":"http:\/\/www.robertosedda.it\/index.php?rest_route=\/wp\/v2\/posts\/12918\/revisions\/20434"}],"wp:attachment":[{"href":"http:\/\/www.robertosedda.it\/index.php?rest_route=%2Fwp%2Fv2%2Fmedia&parent=12918"}],"wp:term":[{"taxonomy":"category","embeddable":true,"href":"http:\/\/www.robertosedda.it\/index.php?rest_route=%2Fwp%2Fv2%2Fcategories&post=12918"},{"taxonomy":"post_tag","embeddable":true,"href":"http:\/\/www.robertosedda.it\/index.php?rest_route=%2Fwp%2Fv2%2Ftags&post=12918"}],"curies":[{"name":"wp","href":"https:\/\/api.w.org\/{rel}","templated":true}]}}