{"id":12893,"date":"2016-11-25T09:30:35","date_gmt":"2016-11-25T08:30:35","guid":{"rendered":"http:\/\/www.robertosedda.it\/?p=12893"},"modified":"2019-03-05T15:21:04","modified_gmt":"2019-03-05T14:21:04","slug":"ce-un-gallo-verde-sul-campanile","status":"publish","type":"post","link":"http:\/\/www.robertosedda.it\/?p=12893","title":{"rendered":"C&#8217;\u00e8 un gallo verde sul campanile"},"content":{"rendered":"<p>Ieri ero a un incontro di <a href=\"http:\/\/www.robertosedda.it\/?p=12644\"><em>Fedi e finanza<\/em><\/a>: a Verona, ospiti della Chiesa ortodossa rumena nella nuova bellissima chiesa vicino alla stazione, un&#8217;esperienza divertente &#8211; anche per la presenza, in contemporanea, di centinaia di sacerdoti ortodossi di tutto il nord Italia &#8211; della quale magari parler\u00f2 un&#8217;altra volta.<img data-attachment-id=\"12894\" data-permalink=\"http:\/\/www.robertosedda.it\/?attachment_id=12894\" data-orig-file=\"https:\/\/i0.wp.com\/www.robertosedda.it\/wp-content\/uploads\/2016\/11\/20161124_1442411.jpg?fit=2560%2C1536\" data-orig-size=\"2560,1536\" data-comments-opened=\"1\" data-image-meta=\"{&quot;aperture&quot;:&quot;2.6&quot;,&quot;credit&quot;:&quot;&quot;,&quot;camera&quot;:&quot;GT-I9060I&quot;,&quot;caption&quot;:&quot;&quot;,&quot;created_timestamp&quot;:&quot;1479998560&quot;,&quot;copyright&quot;:&quot;&quot;,&quot;focal_length&quot;:&quot;3.31&quot;,&quot;iso&quot;:&quot;200&quot;,&quot;shutter_speed&quot;:&quot;0.125&quot;,&quot;title&quot;:&quot;&quot;,&quot;orientation&quot;:&quot;1&quot;}\" data-image-title=\"Fedi e finanza Verona\" data-image-description=\"\" data-image-caption=\"\" data-medium-file=\"https:\/\/i0.wp.com\/www.robertosedda.it\/wp-content\/uploads\/2016\/11\/20161124_1442411.jpg?fit=300%2C180\" data-large-file=\"https:\/\/i0.wp.com\/www.robertosedda.it\/wp-content\/uploads\/2016\/11\/20161124_1442411.jpg?fit=510%2C306\" decoding=\"async\" loading=\"lazy\" class=\"aligncenter size-full wp-image-12894\" src=\"https:\/\/i0.wp.com\/www.robertosedda.it\/wp-content\/uploads\/2016\/11\/20161124_1442411.jpg?resize=800%2C480\" alt=\"Fedi e finanza Verona\" width=\"800\" height=\"480\" srcset=\"https:\/\/i0.wp.com\/www.robertosedda.it\/wp-content\/uploads\/2016\/11\/20161124_1442411.jpg?w=2560 2560w, https:\/\/i0.wp.com\/www.robertosedda.it\/wp-content\/uploads\/2016\/11\/20161124_1442411.jpg?resize=150%2C90 150w, https:\/\/i0.wp.com\/www.robertosedda.it\/wp-content\/uploads\/2016\/11\/20161124_1442411.jpg?resize=300%2C180 300w, https:\/\/i0.wp.com\/www.robertosedda.it\/wp-content\/uploads\/2016\/11\/20161124_1442411.jpg?resize=510%2C306 510w, https:\/\/i0.wp.com\/www.robertosedda.it\/wp-content\/uploads\/2016\/11\/20161124_1442411.jpg?resize=700%2C420 700w, https:\/\/i0.wp.com\/www.robertosedda.it\/wp-content\/uploads\/2016\/11\/20161124_1442411.jpg?w=1600 1600w, https:\/\/i0.wp.com\/www.robertosedda.it\/wp-content\/uploads\/2016\/11\/20161124_1442411.jpg?w=2400 2400w\" sizes=\"(max-width: 800px) 100vw, 800px\" data-recalc-dims=\"1\" \/><\/p>\n<p>Nell&#8217;occasione ho scoperto un interessante movimento, detto del <em>gallo verde<\/em>, che interessa le comunit\u00e0 della Riforma. Il &#8220;gallo&#8221; in questione \u00e8 il segnavento che in molte chiese tedesche e in generale nel nord sta in cima al campanile delle chiese protestanti: il gallo canta la Resurrezione, quindi la sua presenza \u00e8 simbolica, non puramente utilitaristica.<\/p>\n<p>Nel caso in questione \u00e8 verde perch\u00e9&#8230; \u00e8 <em>verde<\/em>, cio\u00e8 \u00e8 ecologico. \u00c8 il simbolo di una consapevolezza ambientale della comunit\u00e0, all&#8217;interno di quel movimento interconfessionale legato al tema della <em><a href=\"https:\/\/it.wikipedia.org\/wiki\/Giornata_per_la_custodia_del_creato\">salvaguardia del creato<\/a><\/em>.<\/p>\n<p>In realt\u00e0 le comunit\u00e0 (soprattutto tedesche) che fanno questo percorso di consapevolezza e si ritrovano nel movimento del gallo verde non \u00e8 che dipingono di verde il gallo del campanile (cio\u00e8, boh, non lo so, ma immagino di no!) ma fanno una cosa davvero interessante: si <em>certificano<\/em>.<\/p>\n<p>Hanno scelto uno <em>standard <\/em>europeo, quello <em>EMAS III<\/em>, una certificazione ambientale usata anche da molte aziende, fanno tutte le procedure, si fanno controllare periodicamente e cos\u00ec via: se qualcuno lavora in una azienda &#8211; o una amministrazione pubblica &#8211; che ha conseguito una qualche certificazione di qualunque tipo sa di cosa sto parlando.<\/p>\n<p>In Italia il movimento si sta diffondendo &#8211; sarebbe una bella sfida per molte parrocchie cattoliche, davvero &#8211; e certamente ha conseguito la certificazione la comunit\u00e0 Valdese di Milano, che dedica alla cosa un <a href=\"http:\/\/www.galloverde.it\/\">sito<\/a> davvero interessante, nel quale il percorso \u00e8 descritto ampiamente anche <a href=\"http:\/\/www.galloverde.it\/index.php\/certificazione\">dal punto di vista tecnico<\/a> (fa un certo effetto leggere, nella <a href=\"http:\/\/www.galloverde.it\/images\/Documenti\/DICHIARAZIONE%20AMBIENTALE%20CHIESA%20EVANGELICA%20VALDESE%20DI%20MILANO_rev%20MONICA_10-07-2012.pdf\">dichiarazione ambientale<\/a> prodotta per l&#8217;ente certificatore, che al classico bilancio ambientale e all&#8217;elenco di lampadine a basso consumo da installare o di metodi per eliminare la carta sia premessa una sezione che inizia con <em>Linee guida teologiche<\/em>).<\/p>\n<p>Dal sito ripropongo volentieri la <em>Confessione di fede<\/em> (ho fatto minimi aggiustamenti grafici):<\/p>\n<h4>CREDIAMO IN DIO,<\/h4>\n<p>cos\u00ec come ci viene testimoniato dai <em>Salmi,<\/em> dove leggiamo:<\/p>\n<p>\u00abAl Signore appartiene la terra e tutto quel che \u00e8 in essa, il mondo e i suoi abitanti\u00bb, e poi \u00abQuanto sono numerose le tue opere, Signore, tu le hai fatte tutte con sapienza; la Terra \u00e8 piena delle tue ricchezze\u00bb.<\/p>\n<h4>CREDIAMO IN DIO,<\/h4>\n<p>che ama l&#8217;umanit\u00e0 e che parlando di essa ha dichiarato:<\/p>\n<p>\u00abTu l&#8217; hai fatta dominare sulle opere delle tue mani, hai posto ogni cosa sotto i suoi piedi\u00bb.<\/p>\n<h4>CREDIAMO IN DIO,<\/h4>\n<p>che attraverso la sua Parola afferma che la Creazione gli appartiene e che essa \u00e8 simbolo della sua gloria.<\/p>\n<h4>CREDIAMO IN DIO,<\/h4>\n<p>che ci sollecita a tenere con cura la sua creazione come suoi amministratori e amministratrici.<\/p>\n<h4>CREDIAMO IN DIO,<\/h4>\n<p>nonostante l&#8217;umanit\u00e0 non comprenda il ruolo che le \u00e8 stato affidato e trascura oggi, pi\u00f9 che mai, l&#8217;etica ambientale, diventando colpevole dell&#8217;impatto che il suo stile di vita ha sull&#8217;ambiente globale e sulla vita di altri fratelli e sorelle che condividono il pianeta.<\/p>\n<h4>CREDIAMO IN DIO,<\/h4>\n<p>sapendo che il suo comando a dominare la Terra non sia una licenza a sfruttare in maniera irragionevole la Madre Terra, ma una responsabilit\u00e0 speciale che ci chiama ad amministrare con cura ed amore il dono che ci \u00e8 stato fatto, attraverso quella creazione della quale lui stesso si \u00e8 fatto servitore.<\/p>\n<h4>INVOCHIAMO L&#8217;AIUTO DEL SIGNORE,<\/h4>\n<p>per imparare ad agire al meglio delle nostre possibilit\u00e0 per conservare e condividere le risorse che ci ha donato.<\/p>\n","protected":false},"excerpt":{"rendered":"<p>Ieri ero a un incontro di Fedi e finanza: a Verona, ospiti della Chiesa ortodossa rumena nella nuova bellissima chiesa<\/p>\n","protected":false},"author":1,"featured_media":12894,"comment_status":"open","ping_status":"open","sticky":false,"template":"","format":"standard","meta":{"_mi_skip_tracking":false,"_monsterinsights_sitenote_active":false,"_monsterinsights_sitenote_note":"","_monsterinsights_sitenote_category":0,"jetpack_post_was_ever_published":false,"_jetpack_newsletter_access":"","jetpack_publicize_message":"","jetpack_is_tweetstorm":false,"jetpack_publicize_feature_enabled":true,"jetpack_social_post_already_shared":true,"jetpack_social_options":{"image_generator_settings":{"template":"highway","enabled":false}}},"categories":[52,73,54,17,16],"tags":[],"jetpack_publicize_connections":[],"jetpack_featured_media_url":"https:\/\/i0.wp.com\/www.robertosedda.it\/wp-content\/uploads\/2016\/11\/20161124_1442411.jpg?fit=2560%2C1536","jetpack_sharing_enabled":true,"jetpack_shortlink":"https:\/\/wp.me\/p4jV2T-3lX","jetpack_likes_enabled":true,"jetpack-related-posts":[{"id":15851,"url":"http:\/\/www.robertosedda.it\/?p=15851","url_meta":{"origin":12893,"position":0},"title":"Pensieri poco cristiani","author":"Rufus","date":"20\/11\/2018","format":false,"excerpt":"Nota preliminare: questo articolo passa dalla religione alla politica, ed \u00e8 qui che sta la sua utilit\u00e0. Forse. E in esso esprimo posizioni serenamente integriste. Sorpresa, eh? Il punto di partenza Domenica scorsa - non avantieri, l'altra - sono andato a un bel culto della comunit\u00e0 battista di Cagliari, tenuto\u2026","rel":"","context":"In &quot;Coordinate&quot;","block_context":{"text":"Coordinate","link":"http:\/\/www.robertosedda.it\/?cat=52"},"img":{"alt_text":"","src":"https:\/\/i0.wp.com\/www.robertosedda.it\/wp-content\/uploads\/2018\/11\/Samaritana-Rupnik.jpg?fit=640%2C546&resize=350%2C200","width":350,"height":200},"classes":[]},{"id":15572,"url":"http:\/\/www.robertosedda.it\/?p=15572","url_meta":{"origin":12893,"position":1},"title":"Dio dei nostri padri","author":"Rufus","date":"13\/08\/2018","format":false,"excerpt":"Quando Blaise Pascal mor\u00ec gli fu trovato un foglietto all'interno della fodera della giacca, dove l'aveva accuratamente cucito e scucito ogni volta che si faceva un abito nuovo. Sul foglietto era scritta una confessione di fede che iniziava: \u00abDio di Abramo, Dio di Isacco, Dio di Giacobbe. Non Dio dei\u2026","rel":"","context":"In &quot;Coordinate&quot;","block_context":{"text":"Coordinate","link":"http:\/\/www.robertosedda.it\/?cat=52"},"img":{"alt_text":"","src":"https:\/\/i0.wp.com\/www.robertosedda.it\/wp-content\/uploads\/2018\/08\/San-Benedetto-1.jpeg?fit=578%2C1046&resize=350%2C200","width":350,"height":200},"classes":[]},{"id":673,"url":"http:\/\/www.robertosedda.it\/?p=673","url_meta":{"origin":12893,"position":2},"title":"Da Londra","author":"Rufus","date":"23\/08\/2012","format":false,"excerpt":"Carissimi durante il fine settimana a Londra con Maria Bonaria alcune delle cose che abbiamo fatto o visto mi hanno suggerito dei pensieri \"lapirici\" che finalmente, adesso che ho un po' di tempo, vi rigiro. Non \u00e8 quindi un resoconto di cosa abbiamo mangiato o cosa abbiamo visto, ma due\u2026","rel":"","context":"In &quot;Coordinate&quot;","block_context":{"text":"Coordinate","link":"http:\/\/www.robertosedda.it\/?cat=52"},"img":{"alt_text":"","src":"","width":0,"height":0},"classes":[]},{"id":9407,"url":"http:\/\/www.robertosedda.it\/?p=9407","url_meta":{"origin":12893,"position":3},"title":"L&#8217;ecumenismo in citt\u00e0 nel segno dell&#8217;incontro","author":"Rufus","date":"19\/01\/2015","format":false,"excerpt":"Ieri l'inserto mensile di\u00a0Avvenire dedicato alla diocesi di Cagliari aveva un'intera pagina dedicata all'Ottavario di Preghiera per l'Unit\u00e0 dei Cristiani che conteneva anche un mio articolo. Si tratta di un testo davvero breve e tutto sommato poco importante, ma considerato il fatto che non mi era mai capitato di essere\u2026","rel":"","context":"In &quot;Coordinate&quot;","block_context":{"text":"Coordinate","link":"http:\/\/www.robertosedda.it\/?cat=52"},"img":{"alt_text":"","src":"https:\/\/i0.wp.com\/www.robertosedda.it\/wp-content\/uploads\/2015\/01\/Settimana-di-preghiera-unit\u00e0-cristiani.jpg?fit=826%2C314&resize=350%2C200","width":350,"height":200,"srcset":"https:\/\/i0.wp.com\/www.robertosedda.it\/wp-content\/uploads\/2015\/01\/Settimana-di-preghiera-unit\u00e0-cristiani.jpg?fit=826%2C314&resize=350%2C200 1x, https:\/\/i0.wp.com\/www.robertosedda.it\/wp-content\/uploads\/2015\/01\/Settimana-di-preghiera-unit\u00e0-cristiani.jpg?fit=826%2C314&resize=700%2C400 2x"},"classes":[]},{"id":11443,"url":"http:\/\/www.robertosedda.it\/?p=11443","url_meta":{"origin":12893,"position":4},"title":"Ma gli ebrei si salvano?","author":"Rufus","date":"25\/01\/2016","format":false,"excerpt":"Nota preliminare: ci sono un po' di divagazioni, ma magari sono interessanti. Molti anni fa, credo fra il 1982 e il 1985, l'Azione Cattolica diocesana fece una serie di incontri e di attivit\u00e0 nelle foranie (cio\u00e8 gruppi di parrocchie non urbane) di Senorb\u00ec e Mandas. La chiamammo, probabilmente impropriamente, scuola\u2026","rel":"","context":"In &quot;Coordinate&quot;","block_context":{"text":"Coordinate","link":"http:\/\/www.robertosedda.it\/?cat=52"},"img":{"alt_text":"","src":"https:\/\/i0.wp.com\/www.robertosedda.it\/wp-content\/uploads\/2016\/01\/Wojtyla-e-Toaff.jpg?fit=600%2C571&resize=350%2C200","width":350,"height":200},"classes":[]},{"id":8776,"url":"http:\/\/www.robertosedda.it\/?p=8776","url_meta":{"origin":12893,"position":5},"title":"Quel che ho detto al Convegno pastorale regionale","author":"Rufus","date":"28\/10\/2014","format":false,"excerpt":"Non ho molti commenti da fare sul Convegno pastorale regionale al quale ho partecipato sabato insieme col gruppo \"La Pira\" praticamente al completo e a un paio di centinaia di altri giunti da (quasi) tutte le diocesi della Sardegna (a questo indirizzo trovate le registrazioni di buona parte delle relazioni\u2026","rel":"","context":"In &quot;Coordinate&quot;","block_context":{"text":"Coordinate","link":"http:\/\/www.robertosedda.it\/?cat=52"},"img":{"alt_text":"","src":"https:\/\/i0.wp.com\/www.robertosedda.it\/wp-content\/uploads\/2014\/10\/cropped-testata-sito.jpg?fit=980%2C320&resize=350%2C200","width":350,"height":200,"srcset":"https:\/\/i0.wp.com\/www.robertosedda.it\/wp-content\/uploads\/2014\/10\/cropped-testata-sito.jpg?fit=980%2C320&resize=350%2C200 1x, https:\/\/i0.wp.com\/www.robertosedda.it\/wp-content\/uploads\/2014\/10\/cropped-testata-sito.jpg?fit=980%2C320&resize=700%2C400 2x"},"classes":[]}],"_links":{"self":[{"href":"http:\/\/www.robertosedda.it\/index.php?rest_route=\/wp\/v2\/posts\/12893"}],"collection":[{"href":"http:\/\/www.robertosedda.it\/index.php?rest_route=\/wp\/v2\/posts"}],"about":[{"href":"http:\/\/www.robertosedda.it\/index.php?rest_route=\/wp\/v2\/types\/post"}],"author":[{"embeddable":true,"href":"http:\/\/www.robertosedda.it\/index.php?rest_route=\/wp\/v2\/users\/1"}],"replies":[{"embeddable":true,"href":"http:\/\/www.robertosedda.it\/index.php?rest_route=%2Fwp%2Fv2%2Fcomments&post=12893"}],"version-history":[{"count":6,"href":"http:\/\/www.robertosedda.it\/index.php?rest_route=\/wp\/v2\/posts\/12893\/revisions"}],"predecessor-version":[{"id":16311,"href":"http:\/\/www.robertosedda.it\/index.php?rest_route=\/wp\/v2\/posts\/12893\/revisions\/16311"}],"wp:featuredmedia":[{"embeddable":true,"href":"http:\/\/www.robertosedda.it\/index.php?rest_route=\/wp\/v2\/media\/12894"}],"wp:attachment":[{"href":"http:\/\/www.robertosedda.it\/index.php?rest_route=%2Fwp%2Fv2%2Fmedia&parent=12893"}],"wp:term":[{"taxonomy":"category","embeddable":true,"href":"http:\/\/www.robertosedda.it\/index.php?rest_route=%2Fwp%2Fv2%2Fcategories&post=12893"},{"taxonomy":"post_tag","embeddable":true,"href":"http:\/\/www.robertosedda.it\/index.php?rest_route=%2Fwp%2Fv2%2Ftags&post=12893"}],"curies":[{"name":"wp","href":"https:\/\/api.w.org\/{rel}","templated":true}]}}