{"id":128,"date":"2012-08-20T23:27:05","date_gmt":"2012-08-20T21:27:05","guid":{"rendered":"http:\/\/www.robertosedda.it\/?p=128"},"modified":"2015-12-14T10:52:47","modified_gmt":"2015-12-14T09:52:47","slug":"che-cose-lanimazione","status":"publish","type":"post","link":"http:\/\/www.robertosedda.it\/?p=128","title":{"rendered":"Che cos&#8217;\u00e8 l&#8217;animazione?"},"content":{"rendered":"<h2 align=\"JUSTIFY\"><strong>Definizione<\/strong><\/h2>\n<p align=\"JUSTIFY\">Che cos&#8217;\u00e8 l&#8217;animazione? Scelgo di definirla in maniera &#8220;poetica&#8221; piuttosto che tecnica: l&#8217;animazione \u00e8 un modo di considerare la vita e la persona. Un modo fondamentalmente positivo: chi crede nell&#8217;animazione \u00e8 convinto della bellezza del dono della vita ed \u00e8 convinto che le persone sono profondamente capaci di bene. Un modo critico: la vita non \u00e8 sempre gioiosa e le persone sanno commettere il male e di fatto spesso lo commettono. Un modo di vedere la vita e le persone, infine, ottimista: chi crede nell&#8217;animazione \u00e8 convinto che, mediante gli strumenti della comunicazione interpersonale, \u00e8 possibile condurre ciascuno a dimostrare il bene che \u00e8 in lui e a vivere la vita in maniera piena. L&#8217;animazione vive dunque del dinamismo fra questi due poli: l&#8217;uomo sognato e l&#8217;uomo reale, l&#8217;utopia e il concreto, le difficolt\u00e0 del presente e la bellezza della meta raggiunta con fatica.<\/p>\n<p align=\"JUSTIFY\">Non sar\u00e0 sfuggito a nessuno il fatto che nelle righe precedenti il termine <em>animazione <\/em>avrebbe potuto sostituirsi facilmente con <em>educazione<\/em>. Di fatto l&#8217;animazione si configura dunque come <strong>prassi educativa<\/strong>, come percorso formativo volto specificamente a risolvere i problemi della comunicazione interpersonale (e con se stessi) e dell&#8217;orientamento vitale.<\/p>\n<p align=\"JUSTIFY\">Come cammino educativo si caratterizza inoltre particolarmente per l&#8217;essere un itinerario percorso normalmente dentro un <strong>gruppo<\/strong>. Questo sia per il rapporto immediato che c&#8217;\u00e8 fra vivere in un gruppo e educarsi alla comunicazione interpersonale, sia per la capacit\u00e0 che ha un gruppo di mediare l&#8217;apertura alla vita. Di fatto il metodo educativo esattamente speculare all&#8217;animazione \u00e8 quello del rapporto individuale pedagogo-discente, ben esemplificato in quel grande romanzo formativo che \u00e8 <em><strong>Kim<\/strong><\/em> di R. Kipling (dove i pedagoghi sono per altro due &#8211; la spia inglese e il vecchio lama &#8211; fine della citazione colta).<\/p>\n<p align=\"JUSTIFY\">Tuttavia, per l\u2019animatore di Azione Cattolica l\u2019animazione non costituisce tutta la sua attivit\u00e0 educativa: l\u2019animatore giovanissimi \u00e8 infatti responsabile di un cammino di crescita multiforme (catechistico, umano, associativo, etico etc): all\u2019interno di questo cammino complesso l\u2019animazione \u00e8 un <strong>mezzo<\/strong> e solo raramente un <strong>fine<\/strong>.<\/p>\n<h2 align=\"JUSTIFY\"><strong>Quattro problemi di stile<\/strong><\/h2>\n<p align=\"JUSTIFY\">Abbiamo dunque definito l&#8217;animatore come una persona che crede nell&#8217;uomo e nella vita &#8211; non in maniera astratta ma critica, che crede nella comunicazione (nella comunicazione <em>tout court<\/em>, vorrei aggiungere, senza limitazione alcuna), che \u00e8 cosciente della difficolt\u00e0 del raggiungere l&#8217;obiettivo educativo che si \u00e8 prefisso, e, infine, che svolge questo suo compito educativo in un gruppo. Proporr\u00f2 ora quattro <strong>tesi<\/strong>, che dimostrer\u00f2 solo parzialmente, visto che voglio proporle anche, in qualche modo, come provocazioni per i nostri gruppi.<\/p>\n<h3 align=\"JUSTIFY\"><strong>Prima tesi: l&#8217;animatore \u00e8 indispensabile<\/strong><\/h3>\n<p align=\"JUSTIFY\">In un gruppo di animazione, le dinamiche della comunicazione sono tutto. Ora, la comunicazione, purtroppo, non cammina da sola. Pensate a quante incomprensioni, silenzi, parole fuori posto e altro si verificano in una normale discussione, poniamo, in piazzetta. Come tutte le cose di questo mondo, l&#8217;animazione \u00e8 imperfetta. Per questo \u00e8 indispensabile qualcuno che, nel gruppo, si ponga a servizio della comunicazione, la faccia &#8220;funzionare&#8221;, conduca le persone a capirsi davvero. Problema facile (difficile): nei nostri gruppi giovanissimi l&#8217;animatore c&#8217;\u00e8 sempre &#8211; ma svolge questa funzione? E nei gruppi giovani chi \u00e8 che serve la comunicazione?<\/p>\n<h3 align=\"JUSTIFY\"><strong>Seconda tesi: l&#8217;animatore \u00e8 &#8220;altro&#8221; dal gruppo che anima<\/strong><\/h3>\n<p align=\"JUSTIFY\">Se fare l&#8217;animatore \u00e8 un servizio educativo, questo comporta che esista un chiaro rapporto, all&#8217;interno del gruppo, educatore-educati. L&#8217;animatore \u00e8 colui che gi\u00e0 possiede i contenuti (fiducia nella vita, nella persona&#8230;), mentre il resto del gruppo li sta scoprendo. L&#8217;animatore parte cio\u00e8 da un livello diverso, superiore, rispetto a quello del gruppo. Anche l&#8217;animatore crescer\u00e0 nel suo servizio, naturalmente (come <em>uno scriba che estrae dal suo tesoro cose vecchie e cose nuove<\/em>), ma lo far\u00e0 in maniera autonoma e diversa rispetto al gruppo. Probabilmente sin qui siamo tutti d&#8217;accordo, immagino che invece il corollario che segue possa non essere condiviso da tutti: un adolescente non pu\u00f2 perci\u00f2 animare un gruppo di pari et\u00e0. E un giovane pu\u00f2 animare un gruppo di pari et\u00e0?<\/p>\n<h3 align=\"JUSTIFY\"><strong>Terza tesi: l&#8217;animatore \u00e8 temporaneo<\/strong><\/h3>\n<p align=\"JUSTIFY\">Animare le persone vuol dire condurle in un cammino verso la maturit\u00e0. La misura del successo di questo cammino \u00e8 che al termine il gruppo e le persone divengono autonomi, in grado di gestirsi da soli. Un animatore che ha bisogno di rimanere in permanenza nel gruppo perch\u00e9 questo non ha mai imparato a fare a meno di lui ha fallito il suo compito. In questo senso, un problema collegato \u00e8 quello del &#8220;successore&#8221;: un animatore serio \u00e8 anche in grado di far s\u00ec che fra coloro che crescono ci sia qualcuno in grado di assumersi il compito con un altro gruppo. O vogliamo fare gli animatori tutta la vita?<\/p>\n<h3 align=\"JUSTIFY\"><strong>Quarta tesi: l&#8217;animazione \u00e8 &#8220;libera&#8221; e liberante<\/strong><\/h3>\n<p align=\"JUSTIFY\">Imparare a comunicare bene vuol dire imparare a superare i condizionamenti del rapporto interpersonale. Questo \u00e8 un obiettivo, ma anche una questione di metodo. Una animazione spaventata dalle meccaniche che si instaurano fra le persone, che non tocca mai gli aspetti difficili della persone non \u00e8 animazione.<\/p>\n<p align=\"JUSTIFY\">Ma la libert\u00e0 deve esistere non solo riguardo alle cose, alle idee, agli argomenti, ma anche riguardo alle persone, specialmente nel rapporto animatore-gruppo e animatore-membro del gruppo. Valga un solo esempio per tutti: le persone devono aderire volontariamente al gruppo, e volontariamente accettare l&#8217;animatore.<\/p>\n","protected":false},"excerpt":{"rendered":"<p>Definizione Che cos&#8217;\u00e8 l&#8217;animazione? Scelgo di definirla in maniera &#8220;poetica&#8221; piuttosto che tecnica: l&#8217;animazione \u00e8 un modo di considerare la<\/p>\n","protected":false},"author":1,"featured_media":0,"comment_status":"open","ping_status":"open","sticky":false,"template":"","format":"standard","meta":{"_mi_skip_tracking":false,"_monsterinsights_sitenote_active":false,"_monsterinsights_sitenote_note":"","_monsterinsights_sitenote_category":0,"jetpack_post_was_ever_published":false,"_jetpack_newsletter_access":"","jetpack_publicize_message":"","jetpack_is_tweetstorm":false,"jetpack_publicize_feature_enabled":true,"jetpack_social_post_already_shared":false,"jetpack_social_options":{"image_generator_settings":{"template":"highway","enabled":false}}},"categories":[52,66,54,17,16],"tags":[117],"jetpack_publicize_connections":[],"jetpack_featured_media_url":"","jetpack_sharing_enabled":true,"jetpack_shortlink":"https:\/\/wp.me\/p4jV2T-24","jetpack_likes_enabled":true,"jetpack-related-posts":[{"id":10799,"url":"http:\/\/www.robertosedda.it\/?p=10799","url_meta":{"origin":128,"position":0},"title":"Ringraziamenti annuali (i soliti, ma sinceri)","author":"Rufus","date":"09\/09\/2015","format":false,"excerpt":"Come sempre fine agosto \u00e8 tempo di bilanci annuali per quanto riguarda le statistiche di frequenza del blog. Col fatto che siamo rimasti fermi quasi una settimana sono un po\u2019 in ritardo, ma ieri sono andato finalmente a guardarmele. Raccontava il compianto padre Acquaro di un suo confratello mercedario, afflitto\u2026","rel":"","context":"In &quot;Il web&quot;","block_context":{"text":"Il web","link":"http:\/\/www.robertosedda.it\/?cat=64"},"img":{"alt_text":"","src":"https:\/\/i0.wp.com\/www.robertosedda.it\/wp-content\/uploads\/2015\/09\/Stats-2014_15.jpg?fit=1187%2C581&resize=350%2C200","width":350,"height":200,"srcset":"https:\/\/i0.wp.com\/www.robertosedda.it\/wp-content\/uploads\/2015\/09\/Stats-2014_15.jpg?fit=1187%2C581&resize=350%2C200 1x, https:\/\/i0.wp.com\/www.robertosedda.it\/wp-content\/uploads\/2015\/09\/Stats-2014_15.jpg?fit=1187%2C581&resize=700%2C400 2x, https:\/\/i0.wp.com\/www.robertosedda.it\/wp-content\/uploads\/2015\/09\/Stats-2014_15.jpg?fit=1187%2C581&resize=1050%2C600 3x"},"classes":[]},{"id":15553,"url":"http:\/\/www.robertosedda.it\/?p=15553","url_meta":{"origin":128,"position":1},"title":"Grazie a voi","author":"Rufus","date":"02\/08\/2018","format":false,"excerpt":"Con il 31 luglio si \u00e8 chiuso il sesto anno di vita del blog, ed \u00e8 nuovamente tempo di ringraziamenti! A me sembra tutto straordinario: cio\u00e8,\u00a0La casa di Roberto \u00e8 minuscola rispetto al vasto mondo del\u00a0web, per\u00f2 comunque 34 000 utenti mi sembrano moltissimi, e anche escludendo quelli che sono\u2026","rel":"","context":"In &quot;Coordinate&quot;","block_context":{"text":"Coordinate","link":"http:\/\/www.robertosedda.it\/?cat=52"},"img":{"alt_text":"","src":"https:\/\/i0.wp.com\/www.robertosedda.it\/wp-content\/uploads\/2018\/08\/Statistiche-totali.jpg?fit=1200%2C494&resize=350%2C200","width":350,"height":200,"srcset":"https:\/\/i0.wp.com\/www.robertosedda.it\/wp-content\/uploads\/2018\/08\/Statistiche-totali.jpg?fit=1200%2C494&resize=350%2C200 1x, https:\/\/i0.wp.com\/www.robertosedda.it\/wp-content\/uploads\/2018\/08\/Statistiche-totali.jpg?fit=1200%2C494&resize=700%2C400 2x, https:\/\/i0.wp.com\/www.robertosedda.it\/wp-content\/uploads\/2018\/08\/Statistiche-totali.jpg?fit=1200%2C494&resize=1050%2C600 3x"},"classes":[]},{"id":13236,"url":"http:\/\/www.robertosedda.it\/?p=13236","url_meta":{"origin":128,"position":2},"title":"Come gestire un gruppo di lavoro","author":"Rufus","date":"13\/02\/2017","format":false,"excerpt":"Ho parlato qualche giorno fa del manuale di Martin Jelfs e Sandy Marritt, Tecniche di animazione. Per la coesione nel gruppo e un'azione sociale nonviolenta (Elledici 1986, ora oltre la dodicesima ristampa, \u20ac 10) e avevo promesso di farne una recensione: eccola. La prima cosa da dire \u00e8 che ha\u2026","rel":"","context":"In &quot;Coordinate&quot;","block_context":{"text":"Coordinate","link":"http:\/\/www.robertosedda.it\/?cat=52"},"img":{"alt_text":"","src":"https:\/\/i0.wp.com\/www.robertosedda.it\/wp-content\/uploads\/2017\/02\/Jelfs-1.jpg?fit=201%2C254&resize=350%2C200","width":350,"height":200},"classes":[]},{"id":14195,"url":"http:\/\/www.robertosedda.it\/?p=14195","url_meta":{"origin":128,"position":3},"title":"La dubbia sussidiariet\u00e0","author":"Rufus","date":"26\/10\/2017","format":false,"excerpt":"Il mese scorso ero all'Universit\u00e0 di Deusto, in Spagna, per un breve periodo di visita nell'ambito del programma Erasmus for staff. Si tratta di una universit\u00e0 - privata - fondata dai Gesuiti e perci\u00f2 con una forte impronta religiosa. Per di pi\u00f9\u00a0\u00e8 un ateneo relativamente piccolo, circa diecimila studenti, e\u2026","rel":"","context":"In &quot;Coordinate&quot;","block_context":{"text":"Coordinate","link":"http:\/\/www.robertosedda.it\/?cat=52"},"img":{"alt_text":"","src":"https:\/\/i0.wp.com\/www.robertosedda.it\/wp-content\/uploads\/2017\/10\/Deusto-2.jpg?fit=1200%2C720&resize=350%2C200","width":350,"height":200,"srcset":"https:\/\/i0.wp.com\/www.robertosedda.it\/wp-content\/uploads\/2017\/10\/Deusto-2.jpg?fit=1200%2C720&resize=350%2C200 1x, https:\/\/i0.wp.com\/www.robertosedda.it\/wp-content\/uploads\/2017\/10\/Deusto-2.jpg?fit=1200%2C720&resize=700%2C400 2x, https:\/\/i0.wp.com\/www.robertosedda.it\/wp-content\/uploads\/2017\/10\/Deusto-2.jpg?fit=1200%2C720&resize=1050%2C600 3x"},"classes":[]},{"id":18157,"url":"http:\/\/www.robertosedda.it\/?p=18157","url_meta":{"origin":128,"position":4},"title":"Madame Tutli-Putli e i suoi amichetti canadesi","author":"Rufus","date":"03\/07\/2020","format":"video","excerpt":"Fra le varie cose che mi sono segnato durante quesi mesi perch\u00e9 potevano venire bene per il blog c'era anche la segnalazione di Nicola Barnaba, IACiner di vecchio corso, del canale YouTube dell'NFB, l'istituto cinematografico canadese. La segnalazione, in realt\u00e0, doveva riguardare una lista di cortometraggi di animazione canadesi vincitori\u2026","rel":"","context":"In &quot;Coordinate&quot;","block_context":{"text":"Coordinate","link":"http:\/\/www.robertosedda.it\/?cat=52"},"img":{"alt_text":"","src":"https:\/\/i0.wp.com\/www.robertosedda.it\/wp-content\/uploads\/2020\/07\/Screenshot_2020-07-03-Madame-Tutli-Putli-e-i-suoi-amichetti-canadesi.png?fit=770%2C433&resize=350%2C200","width":350,"height":200,"srcset":"https:\/\/i0.wp.com\/www.robertosedda.it\/wp-content\/uploads\/2020\/07\/Screenshot_2020-07-03-Madame-Tutli-Putli-e-i-suoi-amichetti-canadesi.png?fit=770%2C433&resize=350%2C200 1x, https:\/\/i0.wp.com\/www.robertosedda.it\/wp-content\/uploads\/2020\/07\/Screenshot_2020-07-03-Madame-Tutli-Putli-e-i-suoi-amichetti-canadesi.png?fit=770%2C433&resize=700%2C400 2x"},"classes":[]},{"id":8285,"url":"http:\/\/www.robertosedda.it\/?p=8285","url_meta":{"origin":128,"position":5},"title":"Bilancio e ringraziamenti annuali","author":"Rufus","date":"01\/09\/2014","format":false,"excerpt":"Col 31 agosto il sito ha festeggiato due anni di vita e quindi \u00e8 tempo di bilanci. Non tanto perch\u00e9 i numeri siano rilevanti:\u00a0La casa di Roberto resta, come \u00e8 giusto che sia, un sito assolutamente minuscolo\u00a0nel vasto mondo della rete, con numeri di visitatori molto bassi. Cio\u00e8, sono numeri\u2026","rel":"","context":"In &quot;Coordinate&quot;","block_context":{"text":"Coordinate","link":"http:\/\/www.robertosedda.it\/?cat=52"},"img":{"alt_text":"","src":"https:\/\/i0.wp.com\/www.robertosedda.it\/wp-content\/uploads\/2014\/09\/Pasquetta-2004-019.jpg?fit=1200%2C900&resize=350%2C200","width":350,"height":200,"srcset":"https:\/\/i0.wp.com\/www.robertosedda.it\/wp-content\/uploads\/2014\/09\/Pasquetta-2004-019.jpg?fit=1200%2C900&resize=350%2C200 1x, https:\/\/i0.wp.com\/www.robertosedda.it\/wp-content\/uploads\/2014\/09\/Pasquetta-2004-019.jpg?fit=1200%2C900&resize=700%2C400 2x, https:\/\/i0.wp.com\/www.robertosedda.it\/wp-content\/uploads\/2014\/09\/Pasquetta-2004-019.jpg?fit=1200%2C900&resize=1050%2C600 3x"},"classes":[]}],"_links":{"self":[{"href":"http:\/\/www.robertosedda.it\/index.php?rest_route=\/wp\/v2\/posts\/128"}],"collection":[{"href":"http:\/\/www.robertosedda.it\/index.php?rest_route=\/wp\/v2\/posts"}],"about":[{"href":"http:\/\/www.robertosedda.it\/index.php?rest_route=\/wp\/v2\/types\/post"}],"author":[{"embeddable":true,"href":"http:\/\/www.robertosedda.it\/index.php?rest_route=\/wp\/v2\/users\/1"}],"replies":[{"embeddable":true,"href":"http:\/\/www.robertosedda.it\/index.php?rest_route=%2Fwp%2Fv2%2Fcomments&post=128"}],"version-history":[{"count":12,"href":"http:\/\/www.robertosedda.it\/index.php?rest_route=\/wp\/v2\/posts\/128\/revisions"}],"predecessor-version":[{"id":11307,"href":"http:\/\/www.robertosedda.it\/index.php?rest_route=\/wp\/v2\/posts\/128\/revisions\/11307"}],"wp:attachment":[{"href":"http:\/\/www.robertosedda.it\/index.php?rest_route=%2Fwp%2Fv2%2Fmedia&parent=128"}],"wp:term":[{"taxonomy":"category","embeddable":true,"href":"http:\/\/www.robertosedda.it\/index.php?rest_route=%2Fwp%2Fv2%2Fcategories&post=128"},{"taxonomy":"post_tag","embeddable":true,"href":"http:\/\/www.robertosedda.it\/index.php?rest_route=%2Fwp%2Fv2%2Ftags&post=128"}],"curies":[{"name":"wp","href":"https:\/\/api.w.org\/{rel}","templated":true}]}}