{"id":12774,"date":"2016-11-15T19:31:38","date_gmt":"2016-11-15T18:31:38","guid":{"rendered":"http:\/\/www.robertosedda.it\/?p=12774"},"modified":"2017-11-23T18:17:37","modified_gmt":"2017-11-23T17:17:37","slug":"andiamoci-piano-commenti-pelosi","status":"publish","type":"post","link":"http:\/\/www.robertosedda.it\/?p=12774","title":{"rendered":"Andiamoci piano (commenti pelosi)"},"content":{"rendered":"<p>Amici, andiamoci piano. Lo so che l&#8217;elezione di Trump \u00e8 uno\u00a0<em>shock<\/em>\u00a0per\u00f2, ecco, andiamoci piano.<\/p>\n<p><strong>Andiamoci piano<\/strong>, per esempio, a parlare di <em>lotta di classe<\/em>.<img data-attachment-id=\"12779\" data-permalink=\"http:\/\/www.robertosedda.it\/?attachment_id=12779\" data-orig-file=\"https:\/\/i0.wp.com\/www.robertosedda.it\/wp-content\/uploads\/2016\/11\/Lotta-di-classe.jpg?fit=985%2C567\" data-orig-size=\"985,567\" data-comments-opened=\"1\" data-image-meta=\"{&quot;aperture&quot;:&quot;0&quot;,&quot;credit&quot;:&quot;Roberto Sedda&quot;,&quot;camera&quot;:&quot;&quot;,&quot;caption&quot;:&quot;&quot;,&quot;created_timestamp&quot;:&quot;1479201226&quot;,&quot;copyright&quot;:&quot;&quot;,&quot;focal_length&quot;:&quot;0&quot;,&quot;iso&quot;:&quot;0&quot;,&quot;shutter_speed&quot;:&quot;0&quot;,&quot;title&quot;:&quot;&quot;,&quot;orientation&quot;:&quot;0&quot;}\" data-image-title=\"lotta-di-classe\" data-image-description=\"\" data-image-caption=\"\" data-medium-file=\"https:\/\/i0.wp.com\/www.robertosedda.it\/wp-content\/uploads\/2016\/11\/Lotta-di-classe.jpg?fit=300%2C173\" data-large-file=\"https:\/\/i0.wp.com\/www.robertosedda.it\/wp-content\/uploads\/2016\/11\/Lotta-di-classe.jpg?fit=510%2C294\" decoding=\"async\" loading=\"lazy\" class=\"aligncenter size-full wp-image-12779\" src=\"https:\/\/i0.wp.com\/www.robertosedda.it\/wp-content\/uploads\/2016\/11\/Lotta-di-classe.jpg?resize=800%2C461\" alt=\"lotta-di-classe\" width=\"800\" height=\"461\" srcset=\"https:\/\/i0.wp.com\/www.robertosedda.it\/wp-content\/uploads\/2016\/11\/Lotta-di-classe.jpg?w=985 985w, https:\/\/i0.wp.com\/www.robertosedda.it\/wp-content\/uploads\/2016\/11\/Lotta-di-classe.jpg?resize=150%2C86 150w, https:\/\/i0.wp.com\/www.robertosedda.it\/wp-content\/uploads\/2016\/11\/Lotta-di-classe.jpg?resize=300%2C173 300w, https:\/\/i0.wp.com\/www.robertosedda.it\/wp-content\/uploads\/2016\/11\/Lotta-di-classe.jpg?resize=510%2C294 510w, https:\/\/i0.wp.com\/www.robertosedda.it\/wp-content\/uploads\/2016\/11\/Lotta-di-classe.jpg?resize=700%2C403 700w\" sizes=\"(max-width: 800px) 100vw, 800px\" data-recalc-dims=\"1\" \/>No, non \u00e8 un pezzo satirico. Scrive veramente<\/p>\n<blockquote><p>Non \u00e8 stato scontro politico, \u00e8 stato scontro di classe, uno scontro di classe alla rovescia con i lower-income, i bassi redditi, i poveri ma anche il ceto medio stremato dalla crisi, i meno istruiti, l&#8217;enorme platea disillusa dal sogno americano, decisi ad affidare il loro riscatto alla destra ancora in gran parte misteriosa di Donald Trump anzich\u00e9 al progressismo solido incarnato da Hillary Clinton.<\/p><\/blockquote>\n<p>Ecco, io ci andrei piano: perch\u00e9 i rilevamenti dicono che la Clinton ha\u00a0<em>vinto<\/em> fra i bassi redditi (e ha perso fra i medi\u00a0e via a salire) e comunque anche parlare di\u00a0<em>progressismo solido<\/em> della Clinton fa abbastanza ridere. E comunque sono tentativi di ornarsi con le piume del pavone, cio\u00e8 di accreditare\u00a0spiegazioni di comodo in funzione della propria lotta politica locale.<\/p>\n<p>In generale, <strong>andiamoci piano a fidarci dei commenti che si leggono in giro\u00a0<\/strong>(tranne di questo che state leggendo, naturalmente, essendo io noto per autorevolezza, competenza e equilibrio. E modestia).<\/p>\n<p>Perch\u00e9 in questo momento, diciamo, ognuno tira l&#8217;acqua al suo mulino.<\/p>\n<p>E quindi abbiamo antiamericanisti di provata fede che quindi sono con Trump a prescindere, ma c&#8217;\u00e8 anche lo spettacolo piuttosto sorprendente di\u00a0tutti quelli che\u00a0sono sempre allineati con gli USA e adesso non sanno pi\u00f9 che pesci pigliare, oppure quelli che\u00a0scoprono, bont\u00e0 loro, i difetti della globalizzazione<\/p>\n<blockquote><p>Immigrazione e globalizzazione, sono i due fenomeni sotto accusa. Il grande tradimento delle \u00e9lite spinge alla ricerca di soluzioni nuove\u2026 oppure antichissime. Quel tradimento \u00e8 reale.<\/p>\n<p>Per \u00e9lite intendo un ceto privilegiato che estrae risorse dal resto della societ\u00e0, per il potere che esercita direttamente: politici, tecnocrati, alti dirigenti pubblici nella sfera di governo; capitalisti, banchieri, top manager nella sfera dell\u2019economia. Pi\u00f9 coloro che hanno un potere indiretto attraverso la formazione delle idee, la diffusione di paradigmi ideologici, l\u2019egemonia culturale: intellettuali, pensatori, opinionisti, giornalisti, educatori. Ci sono dentro anch\u2019io.<\/p>\n<p>Il tradimento delle \u00e9lite \u00e8 avvenuto quando abbiamo creduto al mantra della globalizzazione, abbiamo teorizzato e propagandato i benefici delle frontiere aperte: e questi per la maggior parte non si sono realizzati. Quando abbiamo continuato a recitare un\u2019astratta retorica europeista mentre per milioni di persone l\u2019euro e austerit\u00e0 erano sinonimi di un grande fallimento.<\/p>\n<p>Il tradimento delle \u00e9lite si \u00e8 consumato quando abbiamo difeso a oltranza ogni forma di immigrazione, senza vedere l\u2019enorme minaccia che stava maturando dentro il mondo islamico, un\u2019ostilit\u00e0 implacabile ai nostri sistemi di valori.<\/p>\n<p>Immigrazione e globalizzazione, sono i due fenomeni sotto accusa. Il grande tradimento delle \u00e9lite spinge alla ricerca di soluzioni nuove\u2026 oppure antichissime. Quel tradimento \u00e8 reale.<\/p>\n<p>Per \u00e9lite intendo un ceto privilegiato che estrae risorse dal resto della societ\u00e0, per il potere che esercita direttamente: politici, tecnocrati, alti dirigenti pubblici nella sfera di governo; capitalisti, banchieri, top manager nella sfera dell\u2019economia. Pi\u00f9 coloro che hanno un potere indiretto attraverso la formazione delle idee, la diffusione di paradigmi ideologici, l\u2019egemonia culturale: intellettuali, pensatori, opinionisti, giornalisti, educatori. Ci sono dentro anch\u2019io.<\/p>\n<p>Il tradimento delle \u00e9lite \u00e8 avvenuto quando abbiamo creduto al mantra della globalizzazione, abbiamo teorizzato e propagandato i benefici delle frontiere aperte: e questi per la maggior parte non si sono realizzati. Quando abbiamo continuato a recitare un\u2019astratta retorica europeista mentre per milioni di persone l\u2019euro e l\u2019austerity erano sinonimi di un grande fallimento.<\/p>\n<p>Il tradimento delle \u00e9lite si \u00e8 consumato quando abbiamo difeso a oltranza ogni forma di immigrazione, senza vedere l\u2019enorme minaccia che stava maturando dentro il mondo islamico, un\u2019ostilit\u00e0 implacabile ai nostri sistemi di valori.<\/p><\/blockquote>\n<p>A parlare \u00e8 Federico Rampini. Lo stesso che nel 2008 <a href=\"http:\/\/rampini.blogautore.repubblica.it\/2008\/03\/05\/cosa-pensa-la-globalizzazione-di-tremonti\/\">scriveva<\/a>:<\/p>\n<blockquote><p>\u00c8 campagna elettorale<br \/>\nEsce un altro Tremonti contro la globalizzazione<br \/>\nSe fosse vissuto nell&#8217;800, immagino<br \/>\navrebbe bocciato la rivoluzione industriale<br \/>\ne quella sarebbe andata avanti lo stesso<br \/>\nignara di dover chiedere il permesso.<\/p><\/blockquote>\n<p>Anche poeta, perbacco. Scazonte ma poeta. Francamente il pentimento sembrerebbe un tantino sospetto, e sa di sapiente riconfigurazione del proprio profilo di commentatore. Non \u00e8 il solo, naturalmente.<\/p>\n<p><img data-attachment-id=\"12782\" data-permalink=\"http:\/\/www.robertosedda.it\/?attachment_id=12782\" data-orig-file=\"https:\/\/i0.wp.com\/www.robertosedda.it\/wp-content\/uploads\/2016\/11\/trump-nazionale.png?fit=575%2C454\" data-orig-size=\"575,454\" data-comments-opened=\"1\" data-image-meta=\"{&quot;aperture&quot;:&quot;0&quot;,&quot;credit&quot;:&quot;&quot;,&quot;camera&quot;:&quot;&quot;,&quot;caption&quot;:&quot;&quot;,&quot;created_timestamp&quot;:&quot;0&quot;,&quot;copyright&quot;:&quot;&quot;,&quot;focal_length&quot;:&quot;0&quot;,&quot;iso&quot;:&quot;0&quot;,&quot;shutter_speed&quot;:&quot;0&quot;,&quot;title&quot;:&quot;&quot;,&quot;orientation&quot;:&quot;0&quot;}\" data-image-title=\"trump-nazionale\" data-image-description=\"\" data-image-caption=\"\" data-medium-file=\"https:\/\/i0.wp.com\/www.robertosedda.it\/wp-content\/uploads\/2016\/11\/trump-nazionale.png?fit=300%2C237\" data-large-file=\"https:\/\/i0.wp.com\/www.robertosedda.it\/wp-content\/uploads\/2016\/11\/trump-nazionale.png?fit=510%2C403\" decoding=\"async\" loading=\"lazy\" class=\"aligncenter size-full wp-image-12782\" src=\"https:\/\/i0.wp.com\/www.robertosedda.it\/wp-content\/uploads\/2016\/11\/trump-nazionale.png?resize=575%2C454\" alt=\"trump-nazionale\" width=\"575\" height=\"454\" srcset=\"https:\/\/i0.wp.com\/www.robertosedda.it\/wp-content\/uploads\/2016\/11\/trump-nazionale.png?w=575 575w, https:\/\/i0.wp.com\/www.robertosedda.it\/wp-content\/uploads\/2016\/11\/trump-nazionale.png?resize=150%2C118 150w, https:\/\/i0.wp.com\/www.robertosedda.it\/wp-content\/uploads\/2016\/11\/trump-nazionale.png?resize=300%2C237 300w, https:\/\/i0.wp.com\/www.robertosedda.it\/wp-content\/uploads\/2016\/11\/trump-nazionale.png?resize=510%2C403 510w\" sizes=\"(max-width: 575px) 100vw, 575px\" data-recalc-dims=\"1\" \/>E francamente in questo momento <strong>andiamoci pano a dar credito al dibattito che sta prendendo piede negli Stati Uniti<\/strong> e che grosso modo si concentra sulla\u00a0<em>bolla<\/em> democratica, il\u00a0<em>non saper ascoltare<\/em>, il dire che occorre rendersi conto che chi ha votato Trump non sono dei fanatici oltranzisti ma delle persone normali, anche perbene, che hanno visto ridursi progressivamente reddito e diritti, e cos\u00ec via. Sar\u00e0 anche tutto vero, ma detto in questo modo e adesso che i buoi sono scappati sa di chiacchiere da bar, o di riciclo di affermazioni tutto sommato innocue per poter continuare a esercitare un ruolo di <em>spin doctor<\/em>: il dibattito interessante <em>oggi<\/em> sarebbe quello pi\u00f9 o meno intitolato: \u00abquali politiche [per la sinistra in Europa] [per il Partito Democratico americano]?\u00bb. Gli interventi in merito non mi sembrano abbondare: <a href=\"http:\/\/www.nytimes.com\/2016\/11\/12\/opinion\/bernie-sanders-where-the-democrats-go-from-here.html\">perfino Sanders \u00e8 stato abbastanza anodino<\/a>. D&#8217;altra parte i <a href=\"http:\/\/edition.cnn.com\/election\/results\/exit-polls\">dati<\/a> dicono che Trump ha fatto il pieno di voti, non sorprendentemente, fra&#8230; i repubblicani, quindi l&#8217;idea di milioni di elettori democratici si siano spostati verso Trump non \u00e8 propriamente esatta.<\/p>\n<p>E,\u00a0<strong>andiamoci piano, anche, con la critica al politicamente corretto.<\/strong> Lo dico io che non lo sopporto, figuriamoci, ma condividere <a href=\"http:\/\/www.vox.com\/2016\/4\/21\/11451378\/smug-american-liberalism\">un articolo come questo (sacrosanto) di alcuni mesi fa sul tema<\/a>\u00a0o altri simili sa di regolamento di conti a sinistra, con i\u00a0liberali della vecchia guardia che finalmente possono serenamente azzannare alla gola gli attivisti da campus\u00a0e i paladini degli studi di genere &#8211; cosa che \u00e8 sempre buona e giusta, per carit\u00e0 &#8211; per\u00f2 la Clinton non ha perso per quello, diciamocelo, e il dibattito in questo momento \u00e8 del tutto strumentale.<\/p>\n<p>Peraltro da che mondo e mondo dopo che si perdono le elezioni saltano le teste, quindi la volont\u00e0 di regolamento di conti \u00e8 anche comprensibile; solo che tutte queste discussioni, che gli inviati italiani in America puntualmente rilanciano senza mai spiegarle, sanno complessivamente \u00a0di cortina fumogena per non affrontare il punto centrale, che \u00e8 il fatto che sia stata presentata una candidata debole e, col senno di poi, perdente: se la Clinton ha preso circa sei milioni di voti in meno del secondo Obama e Trump poco meno dei voti di Romney <strong>andiamoci piano a descrivere un&#8217;ondata bianca reazionaria che ha sommerso\u00a0gli Stati Uniti<\/strong> e si prepara a travolgere l&#8217;Europa: pi\u00f9 semplicemente gli elettori bianchi senza titolo di studio universitario repubblicani hanno deciso che detestavano abbastanza la Clinton da votare Trump, mentre i loro corrispondenti democratici sono rimasti a casa (o hanno votato i candidati indipendenti, che a questo giro hanno preso pi\u00f9 voti della volta scorsa).<\/p>\n<p><strong>E andiamoci piano a parlare di populismo.<\/strong>\u00a0\u00c8 una categoria facile da usare e che torna comoda a tutti, ma probabilmente non \u00e8 proprio verissima, e forse si potrebbero usare altre categorie pi\u00f9 raffinate:\u00a0nella notte delle elezioni la California ha votato in massa per la Clinton ma ha rafforzato la pena di morte (anche in altri Stati la pena capitale ha avuto un&#8217;ottima nottata). La stessa nazione che ha eletto Trump ha reso legale la marijuana in numerosi Stati, aumentato il salario minimo in altri e reso pi\u00f9 restrittiva la possibilit\u00e0 di comprare armi.<\/p>\n<p>E tutto questo dovrebbe invitare a <strong>andarci piano a parlare di svolta epocale.<\/strong> Ho trovato particolarmente interessante nei giorni scorsi <a href=\"http:\/\/fivethirtyeight.com\/features\/what-a-difference-2-percentage-points-makes\/\">un piccolo esperimento mentale<\/a>\u00a0che ho letto. Ammettiamo che la vittoria di Trump significhi che<\/p>\n<blockquote>\n<ul>\n<li>La\u00a0presunta\u00a0muraglia blu democratica &#8211; da sempre <a href=\"http:\/\/fivethirtyeight.com\/features\/there-is-no-blue-wall\/\">una affermazione dubbia<\/a> &#8211; si \u00e8 sbriciolata. Addirittura, con la sconfitta di Hillary Clinton, i Democratici possono essere costretti a a rifondare il partito dalle fondamenta.<\/li>\n<li>Ma anche il Partito Repubblicano \u00e8 cambiato per sempre. Il\u00a0&#8220;GOP&#8221; ha\u00a0imparato che c&#8217;\u00e8 un mercato pi\u00f9 vasto per il populismo e <a href=\"http:\/\/fivethirtyeight.com\/features\/marco-rubio-never-had-a-base\/\">uno\u00a0pi\u00f9 piccolo per il conservatorismo movimentista<\/a> di quanto molti di noi immaginassero. Il partito di Reagan \u00e8 stato soppiantato dal partito di Trump.<\/li>\n<li>Il crinale fra\u00a0\u00e9lite\u00a0culturali delle aree urbane costiere e il resto del paese \u00e8 pi\u00f9 grande che mai. Clinton ha migliorato i risultati del Presidente Obama in zone del paese, come la California, Atlanta e l&#8217;isola di Manhattan. Ma mentre Obama ha vinto in Iowa di dieci punti percentuali nel 2008, Clinton ha perso di dieci punti.<\/li>\n<li>L&#8217;America non ha lasciato i propri demoni &#8211; compreso il razzismo, l&#8217;antisemitismo e la misoginia &#8211; dietro di s\u00e9. I bianchi costituiscono ancora la grande maggioranza dell&#8217;elettorato in particolare <a href=\"http:\/\/fivethirtyeight.com\/features\/how-trump-could-win-the-white-house-while-losing-the-popular-vote\/\">considerando la composizione del Collegio Elettorale<\/a>, e i loro voti ordinariamente determinano il vincitore.<\/li>\n<\/ul>\n<\/blockquote>\n<p>Ma Clinton non ha perso di tanto. In molti Stati il distacco da Trump si misura in decine di migliaia di voti, non arriva neanche alle centinaia di migliaia. Se un elettore su cento &#8211; solo uno su cento &#8211; avesse votato lei anzich\u00e9 Trump, o se grosso modo due o tre astenuti avessero votato, Clinton avrebbe vinto largamente le elezioni.<\/p>\n<p><img data-attachment-id=\"12783\" data-permalink=\"http:\/\/www.robertosedda.it\/?attachment_id=12783\" data-orig-file=\"https:\/\/i0.wp.com\/www.robertosedda.it\/wp-content\/uploads\/2016\/11\/Clinton-nazionale.png?fit=575%2C443\" data-orig-size=\"575,443\" data-comments-opened=\"1\" data-image-meta=\"{&quot;aperture&quot;:&quot;0&quot;,&quot;credit&quot;:&quot;&quot;,&quot;camera&quot;:&quot;&quot;,&quot;caption&quot;:&quot;&quot;,&quot;created_timestamp&quot;:&quot;0&quot;,&quot;copyright&quot;:&quot;&quot;,&quot;focal_length&quot;:&quot;0&quot;,&quot;iso&quot;:&quot;0&quot;,&quot;shutter_speed&quot;:&quot;0&quot;,&quot;title&quot;:&quot;&quot;,&quot;orientation&quot;:&quot;0&quot;}\" data-image-title=\"clinton-nazionale\" data-image-description=\"\" data-image-caption=\"\" data-medium-file=\"https:\/\/i0.wp.com\/www.robertosedda.it\/wp-content\/uploads\/2016\/11\/Clinton-nazionale.png?fit=300%2C231\" data-large-file=\"https:\/\/i0.wp.com\/www.robertosedda.it\/wp-content\/uploads\/2016\/11\/Clinton-nazionale.png?fit=510%2C393\" decoding=\"async\" loading=\"lazy\" class=\"aligncenter size-full wp-image-12783\" src=\"https:\/\/i0.wp.com\/www.robertosedda.it\/wp-content\/uploads\/2016\/11\/Clinton-nazionale.png?resize=575%2C443\" alt=\"clinton-nazionale\" width=\"575\" height=\"443\" srcset=\"https:\/\/i0.wp.com\/www.robertosedda.it\/wp-content\/uploads\/2016\/11\/Clinton-nazionale.png?w=575 575w, https:\/\/i0.wp.com\/www.robertosedda.it\/wp-content\/uploads\/2016\/11\/Clinton-nazionale.png?resize=150%2C116 150w, https:\/\/i0.wp.com\/www.robertosedda.it\/wp-content\/uploads\/2016\/11\/Clinton-nazionale.png?resize=300%2C231 300w, https:\/\/i0.wp.com\/www.robertosedda.it\/wp-content\/uploads\/2016\/11\/Clinton-nazionale.png?resize=510%2C393 510w\" sizes=\"(max-width: 575px) 100vw, 575px\" data-recalc-dims=\"1\" \/>E allora noi grosso modo avremmo detto cos\u00ec:<\/p>\n<blockquote>\n<ul>\n<li>I repubblicani semplicemente non\u00a0sono capaci di attirare un numero sufficiente di elettori per poter avere una chance nel Collegio Elettorale. Sebbene Stati come l&#8217;Ohio e lo Iowa possano tendere a uscire dal controllo dei democratici, la cosa \u00e8 pi\u00f9 che compensata dal movimento di Arizona, Carolina del Nord e Florida verso la colonna blu man mano che i cambiamenti demografici si consolidano. I democratici sono la coalizione in ascesa.<\/li>\n<li>Gli Stati Uniti erano pi\u00f9 che pronti per la loro prima donna presidente. E l&#8217;hanno eletta immediatamente dopo il primo presidente afro-americano. Sommato alle ulteriori vittorie dei liberali ottenute negli ultimi anni su una variet\u00e0 di temi, dai diritti degli omosessuali al salario minimo, non si pu\u00f2 non riconoscere la tendenza\u00a0del progresso\u00a0in atto.<\/li>\n<li>Le istituzioni politiche americane sono discretamente robuste. Quando un candidato come Trump mina le norme politiche e viola gli standard di decenza, questi \u00e8 punito dall&#8217;elettorato.<\/li>\n<\/ul>\n<\/blockquote>\n<p>Visto com&#8217;\u00e8 andata, sono affermazioni che fanno (forse amaramente) sorridere. Ma \u00e8 solo per una manciata di voti che noi non ci riempiamo la bocca di queste &#8211; e allora considereremmo ridicole quelle dell&#8217;altro elenco. Quindi, insomma, <strong>andiamoci piano<\/strong>.<\/p>\n<p>P.S. Ma io, come la penso? In due parole, che la similitudine con Berlusconi \u00e8 abbastanza calzante e che il populismo &#8211; tanto meno il popolo &#8211; non c&#8217;entra granch\u00e9 (del resto, <a href=\"http:\/\/www.robertosedda.it\/?p=11981\">l&#8217;avevo gi\u00e0 detto<\/a>).<\/p>\n","protected":false},"excerpt":{"rendered":"<p>Amici, andiamoci piano. Lo so che l&#8217;elezione di Trump \u00e8 uno\u00a0shock\u00a0per\u00f2, ecco, andiamoci piano. Andiamoci piano, per esempio, a parlare<\/p>\n","protected":false},"author":1,"featured_media":12779,"comment_status":"open","ping_status":"open","sticky":false,"template":"","format":"standard","meta":{"_mi_skip_tracking":false,"_monsterinsights_sitenote_active":false,"_monsterinsights_sitenote_note":"","_monsterinsights_sitenote_category":0,"jetpack_post_was_ever_published":false,"_jetpack_newsletter_access":"","jetpack_publicize_message":"","jetpack_is_tweetstorm":false,"jetpack_publicize_feature_enabled":true,"jetpack_social_post_already_shared":true,"jetpack_social_options":{"image_generator_settings":{"template":"highway","enabled":false}}},"categories":[52,17,59,16],"tags":[],"jetpack_publicize_connections":[],"jetpack_featured_media_url":"https:\/\/i0.wp.com\/www.robertosedda.it\/wp-content\/uploads\/2016\/11\/Lotta-di-classe.jpg?fit=985%2C567","jetpack_sharing_enabled":true,"jetpack_shortlink":"https:\/\/wp.me\/p4jV2T-3k2","jetpack_likes_enabled":true,"jetpack-related-posts":[{"id":12621,"url":"http:\/\/www.robertosedda.it\/?p=12621","url_meta":{"origin":12774,"position":0},"title":"Una donna. Per chiarire","author":"Rufus","date":"03\/10\/2016","format":false,"excerpt":"Non ho visto\u00a0il dibattito di venerd\u00ec fra Renzi e Zagrebelasky sulla riforma costituzionale e il referendum, quindi mi baso su quel che mi hanno raccontato e che ho letto in giro. Ho visto\u00a0che si dice che Renzi ha interrotto Zagrebelsky molte volte, preferendo un registro comunicativo aggressivo, immediato, che lascia\u2026","rel":"","context":"In &quot;Coordinate&quot;","block_context":{"text":"Coordinate","link":"http:\/\/www.robertosedda.it\/?cat=52"},"img":{"alt_text":"","src":"https:\/\/i0.wp.com\/www.robertosedda.it\/wp-content\/uploads\/2016\/10\/Renzi-Zagreblesky.jpg?fit=800%2C400&resize=350%2C200","width":350,"height":200,"srcset":"https:\/\/i0.wp.com\/www.robertosedda.it\/wp-content\/uploads\/2016\/10\/Renzi-Zagreblesky.jpg?fit=800%2C400&resize=350%2C200 1x, https:\/\/i0.wp.com\/www.robertosedda.it\/wp-content\/uploads\/2016\/10\/Renzi-Zagreblesky.jpg?fit=800%2C400&resize=700%2C400 2x"},"classes":[]},{"id":11981,"url":"http:\/\/www.robertosedda.it\/?p=11981","url_meta":{"origin":12774,"position":1},"title":"L&#8217;et\u00e0 del trumpismo","author":"Rufus","date":"25\/05\/2016","format":false,"excerpt":"Il mio amico Domenico Licheri, che \u00e8 sempre prodigo di suggerimenti di lettura dalla stampa estera, mi ha suggerito un\u00a0articolo del\u00a0Guardian\u00a0che prova a fare un primo bilancio del \"fenomeno Trump\". \u00c8 un articolo molto molto interessante e mi \u00e8 sembrato una buona idea tradurlo, soprattutto per poterlo discutere: per poterne\u2026","rel":"","context":"In &quot;Coordinate&quot;","block_context":{"text":"Coordinate","link":"http:\/\/www.robertosedda.it\/?cat=52"},"img":{"alt_text":"","src":"https:\/\/i0.wp.com\/www.robertosedda.it\/wp-content\/uploads\/2016\/05\/Trump-vignetta-g.jpg?fit=755%2C507&resize=350%2C200","width":350,"height":200,"srcset":"https:\/\/i0.wp.com\/www.robertosedda.it\/wp-content\/uploads\/2016\/05\/Trump-vignetta-g.jpg?fit=755%2C507&resize=350%2C200 1x, https:\/\/i0.wp.com\/www.robertosedda.it\/wp-content\/uploads\/2016\/05\/Trump-vignetta-g.jpg?fit=755%2C507&resize=700%2C400 2x"},"classes":[]},{"id":16069,"url":"http:\/\/www.robertosedda.it\/?p=16069","url_meta":{"origin":12774,"position":2},"title":"Una cornice per l&#8217;azione","author":"Rufus","date":"28\/12\/2018","format":false,"excerpt":"Da alcuni anni la Fondazione\u00a0Finanza\u00a0Etica fa azionariato critico alla Rheinmetall e segue in maniera particolare la questione delle bombe che sono prodotte in Sardegna per essere usate nella guerra in Yemen: la fabbrica che le produce appartiene infatti a una consociata della multinazionale tedesca. https:\/\/youtu.be\/uy99hxCogSg All'interno di questa azione siamo\u2026","rel":"","context":"In &quot;Coordinate&quot;","block_context":{"text":"Coordinate","link":"http:\/\/www.robertosedda.it\/?cat=52"},"img":{"alt_text":"","src":"https:\/\/i0.wp.com\/www.robertosedda.it\/wp-content\/uploads\/2018\/12\/Diapositiva1.jpg?fit=960%2C720&resize=350%2C200","width":350,"height":200,"srcset":"https:\/\/i0.wp.com\/www.robertosedda.it\/wp-content\/uploads\/2018\/12\/Diapositiva1.jpg?fit=960%2C720&resize=350%2C200 1x, https:\/\/i0.wp.com\/www.robertosedda.it\/wp-content\/uploads\/2018\/12\/Diapositiva1.jpg?fit=960%2C720&resize=700%2C400 2x"},"classes":[]},{"id":13024,"url":"http:\/\/www.robertosedda.it\/?p=13024","url_meta":{"origin":12774,"position":3},"title":"Bolle culturali","author":"Rufus","date":"30\/12\/2016","format":false,"excerpt":"Grazie a una segnalazione di Patrick Rothfuss ho visto sul\u00a0New York Times\u00a0(in realt\u00e0 il sottosito Upshot che si occupa di statistiche)\u00a0un articolo sulla diversa diffusione dei diversi telefilm e produzioni televisive nelle varie zone degli Stati Uniti. Il risultato \u00e8 riportato nella sintesi dell'articolo: Gli americani si stanno aggregando in\u2026","rel":"","context":"In &quot;Coordinate&quot;","block_context":{"text":"Coordinate","link":"http:\/\/www.robertosedda.it\/?cat=52"},"img":{"alt_text":"","src":"https:\/\/i0.wp.com\/www.robertosedda.it\/wp-content\/uploads\/2016\/12\/Duck-Dinasty.png?fit=1200%2C758&resize=350%2C200","width":350,"height":200,"srcset":"https:\/\/i0.wp.com\/www.robertosedda.it\/wp-content\/uploads\/2016\/12\/Duck-Dinasty.png?fit=1200%2C758&resize=350%2C200 1x, https:\/\/i0.wp.com\/www.robertosedda.it\/wp-content\/uploads\/2016\/12\/Duck-Dinasty.png?fit=1200%2C758&resize=700%2C400 2x, https:\/\/i0.wp.com\/www.robertosedda.it\/wp-content\/uploads\/2016\/12\/Duck-Dinasty.png?fit=1200%2C758&resize=1050%2C600 3x"},"classes":[]},{"id":12730,"url":"http:\/\/www.robertosedda.it\/?p=12730","url_meta":{"origin":12774,"position":4},"title":"La strage dei sondaggi","author":"Rufus","date":"03\/11\/2016","format":"video","excerpt":"Sulle elezioni americane seguo da mesi\u00a0FiveThirtyEight, il sito di elaborazioni statistiche di\u00a0Nate Silver:\u00a0anche se ha cannato clamorosamente le previsioni sulle primarie repubblicane rimane un sito ben fatto, molto informativo ed equilibrato. FiveThirtyEight \u00e8\u00a0un aggregatore di sondaggi: tiene conto di tutte le rilevazioni che sono pubblicate, le elabora secondo un proprio\u2026","rel":"","context":"In &quot;Coordinate&quot;","block_context":{"text":"Coordinate","link":"http:\/\/www.robertosedda.it\/?cat=52"},"img":{"alt_text":"","src":"https:\/\/i0.wp.com\/www.robertosedda.it\/wp-content\/uploads\/2016\/11\/Sondaggi.jpg?resize=350%2C200","width":350,"height":200},"classes":[]},{"id":20488,"url":"http:\/\/www.robertosedda.it\/?p=20488","url_meta":{"origin":12774,"position":5},"title":"La parentesi spagnola","author":"Rufus","date":"09\/05\/2024","format":false,"excerpt":"L'anno scorso il gruppo dei soci della Sardegna meridionale di Banca Popolare Etica ha fatto un gemellaggio coi soci andalusi, e fra le altre cose siamo andati alcuni giorni a Granada. Abbiamo incontrato realt\u00e0 dell'economa sociale locale (alcune straordinarie), abbiamo fatto un po' di turismo - l'Alhambra \u00e8 uno dei\u2026","rel":"","context":"In &quot;Coordinate&quot;","block_context":{"text":"Coordinate","link":"http:\/\/www.robertosedda.it\/?cat=52"},"img":{"alt_text":"","src":"https:\/\/i0.wp.com\/www.robertosedda.it\/wp-content\/uploads\/2024\/05\/Granada-feria-scaled.jpg?fit=1200%2C900&resize=350%2C200","width":350,"height":200,"srcset":"https:\/\/i0.wp.com\/www.robertosedda.it\/wp-content\/uploads\/2024\/05\/Granada-feria-scaled.jpg?fit=1200%2C900&resize=350%2C200 1x, https:\/\/i0.wp.com\/www.robertosedda.it\/wp-content\/uploads\/2024\/05\/Granada-feria-scaled.jpg?fit=1200%2C900&resize=700%2C400 2x, https:\/\/i0.wp.com\/www.robertosedda.it\/wp-content\/uploads\/2024\/05\/Granada-feria-scaled.jpg?fit=1200%2C900&resize=1050%2C600 3x"},"classes":[]}],"_links":{"self":[{"href":"http:\/\/www.robertosedda.it\/index.php?rest_route=\/wp\/v2\/posts\/12774"}],"collection":[{"href":"http:\/\/www.robertosedda.it\/index.php?rest_route=\/wp\/v2\/posts"}],"about":[{"href":"http:\/\/www.robertosedda.it\/index.php?rest_route=\/wp\/v2\/types\/post"}],"author":[{"embeddable":true,"href":"http:\/\/www.robertosedda.it\/index.php?rest_route=\/wp\/v2\/users\/1"}],"replies":[{"embeddable":true,"href":"http:\/\/www.robertosedda.it\/index.php?rest_route=%2Fwp%2Fv2%2Fcomments&post=12774"}],"version-history":[{"count":6,"href":"http:\/\/www.robertosedda.it\/index.php?rest_route=\/wp\/v2\/posts\/12774\/revisions"}],"predecessor-version":[{"id":14360,"href":"http:\/\/www.robertosedda.it\/index.php?rest_route=\/wp\/v2\/posts\/12774\/revisions\/14360"}],"wp:featuredmedia":[{"embeddable":true,"href":"http:\/\/www.robertosedda.it\/index.php?rest_route=\/wp\/v2\/media\/12779"}],"wp:attachment":[{"href":"http:\/\/www.robertosedda.it\/index.php?rest_route=%2Fwp%2Fv2%2Fmedia&parent=12774"}],"wp:term":[{"taxonomy":"category","embeddable":true,"href":"http:\/\/www.robertosedda.it\/index.php?rest_route=%2Fwp%2Fv2%2Fcategories&post=12774"},{"taxonomy":"post_tag","embeddable":true,"href":"http:\/\/www.robertosedda.it\/index.php?rest_route=%2Fwp%2Fv2%2Ftags&post=12774"}],"curies":[{"name":"wp","href":"https:\/\/api.w.org\/{rel}","templated":true}]}}