{"id":12743,"date":"2016-11-10T15:22:48","date_gmt":"2016-11-10T14:22:48","guid":{"rendered":"http:\/\/www.robertosedda.it\/?p=12743"},"modified":"2016-11-16T13:01:08","modified_gmt":"2016-11-16T12:01:08","slug":"certe-notti-ci-prende-cosi-e-fine-settimana-incasinati","status":"publish","type":"post","link":"http:\/\/www.robertosedda.it\/?p=12743","title":{"rendered":"Certe notti ci prende cos\u00ec (e fine settimana incasinati)"},"content":{"rendered":"<p>I pi\u00f9 attenti fra voi avranno notato che da qualche giorno vado riproponendo su\u00a0<em>Facebook\u00a0<\/em> alcuni\u00a0<em>link<\/em> a prossime iniziative dei\u00a0<em><a href=\"http:\/\/www.fabbricastorie.it\">Fabbricastorie<\/a>.<\/em><\/p>\n<p><img data-attachment-id=\"12771\" data-permalink=\"http:\/\/www.robertosedda.it\/?attachment_id=12771\" data-orig-file=\"https:\/\/i0.wp.com\/www.robertosedda.it\/wp-content\/uploads\/2016\/11\/logo_fabbricastorie_trasparente-1024x157.png?fit=1024%2C157\" data-orig-size=\"1024,157\" data-comments-opened=\"1\" data-image-meta=\"{&quot;aperture&quot;:&quot;0&quot;,&quot;credit&quot;:&quot;&quot;,&quot;camera&quot;:&quot;&quot;,&quot;caption&quot;:&quot;&quot;,&quot;created_timestamp&quot;:&quot;0&quot;,&quot;copyright&quot;:&quot;&quot;,&quot;focal_length&quot;:&quot;0&quot;,&quot;iso&quot;:&quot;0&quot;,&quot;shutter_speed&quot;:&quot;0&quot;,&quot;title&quot;:&quot;&quot;,&quot;orientation&quot;:&quot;0&quot;}\" data-image-title=\"logo_fabbricastorie_trasparente-1024&#215;157\" data-image-description=\"\" data-image-caption=\"\" data-medium-file=\"https:\/\/i0.wp.com\/www.robertosedda.it\/wp-content\/uploads\/2016\/11\/logo_fabbricastorie_trasparente-1024x157.png?fit=300%2C46\" data-large-file=\"https:\/\/i0.wp.com\/www.robertosedda.it\/wp-content\/uploads\/2016\/11\/logo_fabbricastorie_trasparente-1024x157.png?fit=510%2C78\" decoding=\"async\" loading=\"lazy\" class=\"aligncenter size-full wp-image-12771\" src=\"https:\/\/i0.wp.com\/www.robertosedda.it\/wp-content\/uploads\/2016\/11\/logo_fabbricastorie_trasparente-1024x157.png?resize=800%2C123\" alt=\"logo_fabbricastorie_trasparente-1024x157\" width=\"800\" height=\"123\" srcset=\"https:\/\/i0.wp.com\/www.robertosedda.it\/wp-content\/uploads\/2016\/11\/logo_fabbricastorie_trasparente-1024x157.png?resize=1024%2C157 1024w, https:\/\/i0.wp.com\/www.robertosedda.it\/wp-content\/uploads\/2016\/11\/logo_fabbricastorie_trasparente-1024x157.png?resize=150%2C23 150w, https:\/\/i0.wp.com\/www.robertosedda.it\/wp-content\/uploads\/2016\/11\/logo_fabbricastorie_trasparente-1024x157.png?resize=300%2C46 300w, https:\/\/i0.wp.com\/www.robertosedda.it\/wp-content\/uploads\/2016\/11\/logo_fabbricastorie_trasparente-1024x157.png?resize=510%2C78 510w, https:\/\/i0.wp.com\/www.robertosedda.it\/wp-content\/uploads\/2016\/11\/logo_fabbricastorie_trasparente-1024x157.png?resize=700%2C107 700w\" sizes=\"(max-width: 800px) 100vw, 800px\" data-recalc-dims=\"1\" \/>Accade infatti che nel prossimo fine settimana, ad <em>Alig&#8217;Art<\/em>, presenteremo un nostro <a href=\"http:\/\/www.fabbricastorie.it\/laboratorio-di-game-design-a-aligart\/\">laboratorio sul\u00a0<em>game design<\/em><\/a>\u00a0(sabato 12 novembre, ore 10,30 al Lazzaretto di Cagliari). E la notte facciamo &#8211; in collaborazione con <em>Banca Etica<\/em> &#8211;\u00a0<a href=\"http:\/\/www.fabbricastorie.it\/la-notte-che-crollo-il-paese\/\">un gioco un po&#8217; catastrofico<\/a> (alla 1,30 fra il 12 e il 13 novembre, sempre al Lazzaretto).<\/p>\n<p><em>Alla 1,30?\u00a0<\/em><\/p>\n<p><img data-attachment-id=\"12769\" data-permalink=\"http:\/\/www.robertosedda.it\/?attachment_id=12769\" data-orig-file=\"https:\/\/i0.wp.com\/www.robertosedda.it\/wp-content\/uploads\/2016\/11\/Aligart-2016.jpg?fit=889%2C498\" data-orig-size=\"889,498\" data-comments-opened=\"1\" data-image-meta=\"{&quot;aperture&quot;:&quot;0&quot;,&quot;credit&quot;:&quot;&quot;,&quot;camera&quot;:&quot;&quot;,&quot;caption&quot;:&quot;&quot;,&quot;created_timestamp&quot;:&quot;0&quot;,&quot;copyright&quot;:&quot;&quot;,&quot;focal_length&quot;:&quot;0&quot;,&quot;iso&quot;:&quot;0&quot;,&quot;shutter_speed&quot;:&quot;0&quot;,&quot;title&quot;:&quot;&quot;,&quot;orientation&quot;:&quot;1&quot;}\" data-image-title=\"aligart-2016\" data-image-description=\"\" data-image-caption=\"\" data-medium-file=\"https:\/\/i0.wp.com\/www.robertosedda.it\/wp-content\/uploads\/2016\/11\/Aligart-2016.jpg?fit=300%2C168\" data-large-file=\"https:\/\/i0.wp.com\/www.robertosedda.it\/wp-content\/uploads\/2016\/11\/Aligart-2016.jpg?fit=510%2C286\" decoding=\"async\" loading=\"lazy\" class=\"alignright size-medium wp-image-12769\" src=\"https:\/\/i0.wp.com\/www.robertosedda.it\/wp-content\/uploads\/2016\/11\/Aligart-2016.jpg?resize=300%2C168\" alt=\"aligart-2016\" width=\"300\" height=\"168\" srcset=\"https:\/\/i0.wp.com\/www.robertosedda.it\/wp-content\/uploads\/2016\/11\/Aligart-2016.jpg?resize=300%2C168 300w, https:\/\/i0.wp.com\/www.robertosedda.it\/wp-content\/uploads\/2016\/11\/Aligart-2016.jpg?resize=150%2C84 150w, https:\/\/i0.wp.com\/www.robertosedda.it\/wp-content\/uploads\/2016\/11\/Aligart-2016.jpg?resize=510%2C286 510w, https:\/\/i0.wp.com\/www.robertosedda.it\/wp-content\/uploads\/2016\/11\/Aligart-2016.jpg?resize=700%2C392 700w, https:\/\/i0.wp.com\/www.robertosedda.it\/wp-content\/uploads\/2016\/11\/Aligart-2016.jpg?w=889 889w\" sizes=\"(max-width: 300px) 100vw, 300px\" data-recalc-dims=\"1\" \/>Gi\u00e0.\u00a0<em>Alig&#8217;Art<\/em> prevede ventiquattr&#8217;ore ininterrotte di attivit\u00e0, volevano fare qualcosa di notte e noi volevamo sperimentare da tempo cosa succede introducendo un elemento di tensione (come il tempo che passa inesorabilmente) nei nostri \u00a0pi\u00f9 usuali giochi di comitato, e il contesto notturno si adattava bene.<\/p>\n<p>Speriamo in bene: se ci addormentiamo addio tensione.<\/p>\n<p>Ma non credo.<\/p>\n<p><img data-attachment-id=\"12770\" data-permalink=\"http:\/\/www.robertosedda.it\/?attachment_id=12770\" data-orig-file=\"https:\/\/i0.wp.com\/www.robertosedda.it\/wp-content\/uploads\/2016\/11\/Game-Jam.png?fit=354%2C216\" data-orig-size=\"354,216\" data-comments-opened=\"1\" data-image-meta=\"{&quot;aperture&quot;:&quot;0&quot;,&quot;credit&quot;:&quot;&quot;,&quot;camera&quot;:&quot;&quot;,&quot;caption&quot;:&quot;&quot;,&quot;created_timestamp&quot;:&quot;0&quot;,&quot;copyright&quot;:&quot;&quot;,&quot;focal_length&quot;:&quot;0&quot;,&quot;iso&quot;:&quot;0&quot;,&quot;shutter_speed&quot;:&quot;0&quot;,&quot;title&quot;:&quot;&quot;,&quot;orientation&quot;:&quot;0&quot;}\" data-image-title=\"game-jam\" data-image-description=\"\" data-image-caption=\"\" data-medium-file=\"https:\/\/i0.wp.com\/www.robertosedda.it\/wp-content\/uploads\/2016\/11\/Game-Jam.png?fit=300%2C183\" data-large-file=\"https:\/\/i0.wp.com\/www.robertosedda.it\/wp-content\/uploads\/2016\/11\/Game-Jam.png?fit=354%2C216\" decoding=\"async\" loading=\"lazy\" class=\"size-medium wp-image-12770 alignleft\" src=\"https:\/\/i0.wp.com\/www.robertosedda.it\/wp-content\/uploads\/2016\/11\/Game-Jam.png?resize=300%2C183\" alt=\"game-jam\" width=\"300\" height=\"183\" srcset=\"https:\/\/i0.wp.com\/www.robertosedda.it\/wp-content\/uploads\/2016\/11\/Game-Jam.png?resize=300%2C183 300w, https:\/\/i0.wp.com\/www.robertosedda.it\/wp-content\/uploads\/2016\/11\/Game-Jam.png?resize=150%2C92 150w, https:\/\/i0.wp.com\/www.robertosedda.it\/wp-content\/uploads\/2016\/11\/Game-Jam.png?resize=310%2C190 310w, https:\/\/i0.wp.com\/www.robertosedda.it\/wp-content\/uploads\/2016\/11\/Game-Jam.png?w=354 354w\" sizes=\"(max-width: 300px) 100vw, 300px\" data-recalc-dims=\"1\" \/>Peraltro le notti dei\u00a0<em>Fabbricastorie<\/em> si stanno facendo sempre pi\u00f9 occupate, in un certo senso. A gennaio <a href=\"http:\/\/www.fabbricastorie.it\/global-game-jam\/\">organizzeremo la sede cagliaritana della\u00a0<em>Global Game Jam<\/em><\/a>, una occasione molto divertente nella quale in quarantottore gruppi di sviluppatori di giochi, musicisti e disegnatori cercano di creare un gioco a partire da zero&#8230; e oltretutto di farlo su un tema che \u00e8 rivelato immediatamente prima dall&#8217;organizzazione mondiale. Dovrebbero essere quarantottore di fila dal venerd\u00ec sera alla domenica, e anche quelle sono due notti che non si dorme (o forse si, chiss\u00e0).<\/p>\n<p>Quello che \u00e8 certo \u00e8 che questo \u00e8 l&#8217;inizio di un periodo piuttosto impegnativo, per i\u00a0<em>Fabbricastori<\/em><em>e<\/em>, considerato che per gennaio chiuderemo il nostro primo\u00a0<em>videogame<\/em> (ah, ehm, non ve lo avevo detto? in realt\u00e0 \u00e8 una <em>app<\/em>\u00a0per dispositivi mobili che si gioca in realt\u00e0 aumentata) e che ci sono una serie di altre cose che bollono in pentola.<\/p>\n<p>E io che pensavo di dormire.<\/p>\n<p>Peraltro, queste non sono le uniche cose che mi vedono impegnato\u00a0ad\u00a0<em>Alig&#8217;Art<\/em>: sabato pomeriggio (alle 18, sempre al\u00a0<em>Lazzaretto<\/em>) i soci di Banca Etica propongono un divertente (spero)<em> Percorso di sopravvivenza finanziaria<\/em>. E io che avevo progettato dopo il laboratorio di\u00a0<em>game design<\/em> di andare a casa a dormire per essere una rosa durante il gioco notturno.<\/p>\n<p>Non c&#8217;\u00e8 riposo per chi si diverte!<\/p>\n","protected":false},"excerpt":{"rendered":"<p>I pi\u00f9 attenti fra voi avranno notato che da qualche giorno vado riproponendo su\u00a0Facebook\u00a0 alcuni\u00a0link a prossime iniziative dei\u00a0Fabbricastorie. Accade<\/p>\n","protected":false},"author":1,"featured_media":12771,"comment_status":"open","ping_status":"open","sticky":false,"template":"","format":"standard","meta":{"_mi_skip_tracking":false,"_monsterinsights_sitenote_active":false,"_monsterinsights_sitenote_note":"","_monsterinsights_sitenote_category":0,"jetpack_post_was_ever_published":false,"_jetpack_newsletter_access":"","jetpack_publicize_message":"","jetpack_is_tweetstorm":false,"jetpack_publicize_feature_enabled":true,"jetpack_social_post_already_shared":true,"jetpack_social_options":{"image_generator_settings":{"template":"highway","enabled":false}}},"categories":[52,9,55,77,95,16],"tags":[],"jetpack_publicize_connections":[],"jetpack_featured_media_url":"https:\/\/i0.wp.com\/www.robertosedda.it\/wp-content\/uploads\/2016\/11\/logo_fabbricastorie_trasparente-1024x157.png?fit=1024%2C157","jetpack_sharing_enabled":true,"jetpack_shortlink":"https:\/\/wp.me\/p4jV2T-3jx","jetpack_likes_enabled":true,"jetpack-related-posts":[{"id":4536,"url":"http:\/\/www.robertosedda.it\/?p=4536","url_meta":{"origin":12743,"position":0},"title":"Gli Illusionauti","author":"Rufus","date":"28\/09\/2013","format":false,"excerpt":"Sono stato ieri sera a vedere Gli Illusionauti, spettacolo teatrale che al Lazzaretto di Sant'Elia conclude la navigazione estiva dei\u00a0Teatridimare della compagnia \u00c7\u00e0jka. Sono da tempo un estimatore dei lavori di Francesco Origo e della sua compagnia: ho trovato questo Gli Illusionauti pi\u00f9 ambizioso, forse troppo ambizioso, degli spettacoli precedenti:\u2026","rel":"","context":"In &quot;Coordinate&quot;","block_context":{"text":"Coordinate","link":"http:\/\/www.robertosedda.it\/?cat=52"},"img":{"alt_text":"","src":"https:\/\/i0.wp.com\/www.robertosedda.it\/wp-content\/uploads\/2013\/09\/2013-09-27-21.31.11.jpg?fit=1200%2C900&resize=350%2C200","width":350,"height":200,"srcset":"https:\/\/i0.wp.com\/www.robertosedda.it\/wp-content\/uploads\/2013\/09\/2013-09-27-21.31.11.jpg?fit=1200%2C900&resize=350%2C200 1x, https:\/\/i0.wp.com\/www.robertosedda.it\/wp-content\/uploads\/2013\/09\/2013-09-27-21.31.11.jpg?fit=1200%2C900&resize=700%2C400 2x, https:\/\/i0.wp.com\/www.robertosedda.it\/wp-content\/uploads\/2013\/09\/2013-09-27-21.31.11.jpg?fit=1200%2C900&resize=1050%2C600 3x"},"classes":[]},{"id":16193,"url":"http:\/\/www.robertosedda.it\/?p=16193","url_meta":{"origin":12743,"position":1},"title":"Giochi politici","author":"Rufus","date":"29\/01\/2019","format":false,"excerpt":"Venerd\u00ec, sabato e domenica, ormai dovrebbero saperlo anche le pietre, si \u00e8 svolta a Cagliari la Global\u00a0Game\u00a0Jam. Sono contentissimo: siamo di fatto la quarta sede organizzatrice italiana, dopo Milano, Torino e Roma e appena appena sopra Pisa, abbiamo fatto un sacco di giochi, siamo stati bene insieme e il panorama\u2026","rel":"","context":"In &quot;Coordinate&quot;","block_context":{"text":"Coordinate","link":"http:\/\/www.robertosedda.it\/?cat=52"},"img":{"alt_text":"","src":"https:\/\/i0.wp.com\/www.robertosedda.it\/wp-content\/uploads\/2019\/01\/schermata-iniziale2.jpg?fit=1200%2C675&resize=350%2C200","width":350,"height":200,"srcset":"https:\/\/i0.wp.com\/www.robertosedda.it\/wp-content\/uploads\/2019\/01\/schermata-iniziale2.jpg?fit=1200%2C675&resize=350%2C200 1x, https:\/\/i0.wp.com\/www.robertosedda.it\/wp-content\/uploads\/2019\/01\/schermata-iniziale2.jpg?fit=1200%2C675&resize=700%2C400 2x, https:\/\/i0.wp.com\/www.robertosedda.it\/wp-content\/uploads\/2019\/01\/schermata-iniziale2.jpg?fit=1200%2C675&resize=1050%2C600 3x"},"classes":[]},{"id":8570,"url":"http:\/\/www.robertosedda.it\/?p=8570","url_meta":{"origin":12743,"position":2},"title":"Cose che capitano a teatro","author":"Rufus","date":"06\/10\/2014","format":false,"excerpt":"Venerd\u00ec sono andato a teatro con Maria Bonaria a vedere uno spettacolo gratuito, Canzoni senza terra di e con Enrico Bonavera. \u00c8 stato molto divertente, Bonavera molto bravo e il tutto mi ha ricordato un vecchissimo spettacolo con Maurizio Micheli, Mi voleva Strehler, che a suo tempo mi era piaciuto\u2026","rel":"","context":"In &quot;Coordinate&quot;","block_context":{"text":"Coordinate","link":"http:\/\/www.robertosedda.it\/?cat=52"},"img":{"alt_text":"","src":"https:\/\/i0.wp.com\/www.robertosedda.it\/wp-content\/uploads\/2014\/10\/cajka_teatri-di-mare.jpg?fit=436%2C230&resize=350%2C200","width":350,"height":200},"classes":[]},{"id":1339,"url":"http:\/\/www.robertosedda.it\/?p=1339","url_meta":{"origin":12743,"position":3},"title":"Ci vediamo nel week end","author":"Rufus","date":"15\/11\/2012","format":false,"excerpt":"Come vedete dalla locandina qui sotto il prossimo fine settimana c'\u00e8 il festival di Scirarindi. Sar\u00f2 l\u00ec, con i soci di Banca Etica della Sardegna, nel nostro stand (cercateci vicino alle foto della mostra di Letizia Battaglia) credo per tutto il fine settimana, tranne brevi pause per la Messa, andare\u2026","rel":"","context":"In &quot;Banche e finanza&quot;","block_context":{"text":"Banche e finanza","link":"http:\/\/www.robertosedda.it\/?cat=72"},"img":{"alt_text":"","src":"https:\/\/i0.wp.com\/www.robertosedda.it\/wp-content\/uploads\/2012\/11\/persito_preview.jpg?fit=320%2C454&resize=350%2C200","width":350,"height":200},"classes":[]},{"id":1181,"url":"http:\/\/www.robertosedda.it\/?p=1181","url_meta":{"origin":12743,"position":4},"title":"Geografie transumanti","author":"Rufus","date":"29\/10\/2012","format":false,"excerpt":"Segnalo che nel prossimo fine settimana a Olzai chi \u00e8 interessato avr\u00e0 la possibilit\u00e0 di provare di persona l'esperienza di\u00a0riconoscere un territorio camminandoci dentro. \u00c8 un workshop che conduce Francesco Careri, docente di Arti Civiche a RomaTre, esponente del gruppo Stalker e... molte altre cose, fra cui essere uno dei\u2026","rel":"","context":"In &quot;Coordinate&quot;","block_context":{"text":"Coordinate","link":"http:\/\/www.robertosedda.it\/?cat=52"},"img":{"alt_text":"","src":"https:\/\/i0.wp.com\/www.robertosedda.it\/wp-content\/uploads\/2012\/10\/careri.jpg?fit=1195%2C1190&resize=350%2C200","width":350,"height":200,"srcset":"https:\/\/i0.wp.com\/www.robertosedda.it\/wp-content\/uploads\/2012\/10\/careri.jpg?fit=1195%2C1190&resize=350%2C200 1x, https:\/\/i0.wp.com\/www.robertosedda.it\/wp-content\/uploads\/2012\/10\/careri.jpg?fit=1195%2C1190&resize=700%2C400 2x, https:\/\/i0.wp.com\/www.robertosedda.it\/wp-content\/uploads\/2012\/10\/careri.jpg?fit=1195%2C1190&resize=1050%2C600 3x"},"classes":[]},{"id":10587,"url":"http:\/\/www.robertosedda.it\/?p=10587","url_meta":{"origin":12743,"position":5},"title":"Seguire il tempo","author":"Rufus","date":"28\/07\/2015","format":false,"excerpt":"\u00c8 da almeno una settimana che ho un sacco di cose da scrivere sul\u00a0blog e non trovo il tempo per farlo. In parte dipende dal fatto che sono in vacanza: e uno si potrebbe dire che in realt\u00e0 \u00e8\u00a0normale che in vacanza si dedichi il tempo libero a fare altre\u2026","rel":"","context":"In &quot;Coordinate&quot;","block_context":{"text":"Coordinate","link":"http:\/\/www.robertosedda.it\/?cat=52"},"img":{"alt_text":"","src":"https:\/\/i0.wp.com\/www.robertosedda.it\/wp-content\/uploads\/2015\/07\/Stintino.jpg?fit=720%2C960&resize=350%2C200","width":350,"height":200,"srcset":"https:\/\/i0.wp.com\/www.robertosedda.it\/wp-content\/uploads\/2015\/07\/Stintino.jpg?fit=720%2C960&resize=350%2C200 1x, https:\/\/i0.wp.com\/www.robertosedda.it\/wp-content\/uploads\/2015\/07\/Stintino.jpg?fit=720%2C960&resize=700%2C400 2x"},"classes":[]}],"_links":{"self":[{"href":"http:\/\/www.robertosedda.it\/index.php?rest_route=\/wp\/v2\/posts\/12743"}],"collection":[{"href":"http:\/\/www.robertosedda.it\/index.php?rest_route=\/wp\/v2\/posts"}],"about":[{"href":"http:\/\/www.robertosedda.it\/index.php?rest_route=\/wp\/v2\/types\/post"}],"author":[{"embeddable":true,"href":"http:\/\/www.robertosedda.it\/index.php?rest_route=\/wp\/v2\/users\/1"}],"replies":[{"embeddable":true,"href":"http:\/\/www.robertosedda.it\/index.php?rest_route=%2Fwp%2Fv2%2Fcomments&post=12743"}],"version-history":[{"count":3,"href":"http:\/\/www.robertosedda.it\/index.php?rest_route=\/wp\/v2\/posts\/12743\/revisions"}],"predecessor-version":[{"id":12772,"href":"http:\/\/www.robertosedda.it\/index.php?rest_route=\/wp\/v2\/posts\/12743\/revisions\/12772"}],"wp:featuredmedia":[{"embeddable":true,"href":"http:\/\/www.robertosedda.it\/index.php?rest_route=\/wp\/v2\/media\/12771"}],"wp:attachment":[{"href":"http:\/\/www.robertosedda.it\/index.php?rest_route=%2Fwp%2Fv2%2Fmedia&parent=12743"}],"wp:term":[{"taxonomy":"category","embeddable":true,"href":"http:\/\/www.robertosedda.it\/index.php?rest_route=%2Fwp%2Fv2%2Fcategories&post=12743"},{"taxonomy":"post_tag","embeddable":true,"href":"http:\/\/www.robertosedda.it\/index.php?rest_route=%2Fwp%2Fv2%2Ftags&post=12743"}],"curies":[{"name":"wp","href":"https:\/\/api.w.org\/{rel}","templated":true}]}}