{"id":12661,"date":"2016-10-14T17:55:31","date_gmt":"2016-10-14T15:55:31","guid":{"rendered":"http:\/\/www.robertosedda.it\/?p=12661"},"modified":"2016-10-19T14:10:12","modified_gmt":"2016-10-19T12:10:12","slug":"lo-spiazzista-non-abita-piu-qui-e-neanche-bob-dylan-sta-tanto-bene","status":"publish","type":"post","link":"http:\/\/www.robertosedda.it\/?p=12661","title":{"rendered":"Lo spiazzista non abita pi\u00f9 qui (e neanche Bob Dylan sta tanto bene)"},"content":{"rendered":"<p>Le\u00a0 meravigliose discussioni sul <em>Nobel<\/em> a Bob Dylan, col loro meraviglioso ventaglio di opinioni e la loro (non tanto) meravigliosa superficialit\u00e0 mi hanno fatto pensare come l&#8217;avanzata galoppante del trasferimento del dibattito pubblico sui <em>social<\/em> e in generale sulla rete abbia comportato la repentina crisi di una figura che altrettanto repentinamente si era guadagnata un ruolo sociale: lo spiazzista.<\/p>\n<p>Non ricordo chi abbia creato la parola; io l&#8217;ho letta in un articolo di Michela Murgia <a href=\"http:\/\/www.michelamurgia.com\/di-cultura\/altre-voci\/mestieri-del-futuro-lo-spiazzista\">ora sfortunatamente irraggiungibile<\/a> di cui resta qualche <a href=\"http:\/\/sempreunpoadisagio.blogspot.it\/2012\/01\/il-segnapagine-del-19i2012.html\">piccola traccia<\/a> sul <em>web<\/em>.<\/p>\n<p>Faceva notare, Michela, il diffondersi di commentatori e corsivisti abilissimi nel posizionarsi in maniera inaspettata, provocante e forse coraggiosa, in modo da spiazzare (appunto) i lettori con le loro posizioni inaspettate.<\/p>\n<blockquote><p><span class=\"Apple-style-span\">Non esiste l&#8217;evidenza per lo spiazzista: dietro ogni chiarezza c&#8217;\u00e8 un ben altro che nessuno ha ancora avuto il coraggio di dire. Lo spiazzista ha capito di pi\u00f9, ha visto oltre e ha il nerbo per proclamarlo al mondo.<\/span><\/p><\/blockquote>\n<p>L&#8217;articolo \u00e8 del 2012. Era un&#8217;epoca di avanzamento rapido della rete, le offerte di opinione si moltiplicavano e per distinguersi dalla massa, che si fosse <em>blogger<\/em> d&#8217;assalto o editorialisti chiamati a svecchiare le prime pagine, occorreva distinguersi con una propria cifra di originalit\u00e0, arguzia e provocazione.<\/p>\n<p>A pochissimi anni di distanza lo spiazzista non esiste pi\u00f9: o meglio <em>tutti<\/em> sono spiazzisti, ognuno rispetto a qualcun altro, e contemporaneamente tutti assolutamente ortodossi, direi ultra-ortodossi, rispetto a qualcun altro. Il grande mercato globale delle opinioni e dello spettacolo ha qualcosa per tutti e ciascuno pu\u00f2 trovare un commentatore che dice esattamente quel pensiero originale che pensavamo di avere solo noi. E quindi non si pu\u00f2 pi\u00f9 essere spiazzisti: perch\u00e9 lo spiazzista per definizione \u00e8 <em>unico<\/em> e fuori della massa: quando il mercato \u00e8 cos\u00ec segmentato non c&#8217;\u00e8 pi\u00f9 gusto a isolarsi, e paga molto di pi\u00f9 farsi alfieri di un piccolo (o grande) gruppo di fedeli. Lo spiazzista viveva del dentro e fuori: tutti gli altri <em>dentro<\/em>, lui solo <em>fuori<\/em>. Ora il mercato si dispone tutto intorno al lettore e tutto \u00e8 meccanico, tutto \u00e8 predeterminato, come se un grande editore globale esaminasse i 360\u00b0 delle opinioni e poi dicesse ai suoi bravi giornalisti: \u00abTu mettiti qui, tu un po&#8217; pi\u00f9 in l\u00e0, tu pi\u00f9 in l\u00e0 ancora\u00bb, e cos\u00ec via, finch\u00e9 il giro \u00e8 completo.<\/p>\n<p>Il che, fra parentesi, toglie un po&#8217; di gusto alle discussioni, eh, ed \u00e8 uno dei motivi per i quali ultimamente spesso mi trattengo dal citare o condividere un articolo che mi piace: perch\u00e9 poi alla fine alla seconda lettura mi pare fatto su commissione e il condividerlo un atto settario e un po&#8217; ingenuo, come quelli che diffondono le catene di Sant&#8217;Antonio e gridano \u00abfate girare!!\u00bb.<\/p>\n<p>Su Dylan, per lo stesso motivo, non mi pronuncio, se non per dire che secondo me lo dovevano dare a Leonard Cohen, il <em>Nobel<\/em>, lo dovevano dare (e cos\u00ec vi ho spiazzato, eh?).<\/p>\n<div class=\"jetpack-video-wrapper\"><span class=\"embed-youtube\" style=\"text-align:center; display: block;\"><iframe loading=\"lazy\" class=\"youtube-player\" width=\"800\" height=\"450\" src=\"https:\/\/www.youtube.com\/embed\/DHqqlm9yf7M?version=3&#038;rel=1&#038;showsearch=0&#038;showinfo=1&#038;iv_load_policy=1&#038;fs=1&#038;hl=it-IT&#038;autohide=2&#038;wmode=transparent\" allowfullscreen=\"true\" style=\"border:0;\" sandbox=\"allow-scripts allow-same-origin allow-popups allow-presentation\"><\/iframe><\/span><\/div>\n<p><em>Disclaimer<\/em>: lo so che Dylan e Cohen si stimano vicendevolmente, lo so.<\/p>\n","protected":false},"excerpt":{"rendered":"<p>Le\u00a0 meravigliose discussioni sul Nobel a Bob Dylan, col loro meraviglioso ventaglio di opinioni e la loro (non tanto) meravigliosa<\/p>\n","protected":false},"author":1,"featured_media":0,"comment_status":"open","ping_status":"open","sticky":false,"template":"","format":"video","meta":{"_mi_skip_tracking":false,"_monsterinsights_sitenote_active":false,"_monsterinsights_sitenote_note":"","_monsterinsights_sitenote_category":0,"jetpack_post_was_ever_published":false,"_jetpack_newsletter_access":"","jetpack_publicize_message":"","jetpack_is_tweetstorm":false,"jetpack_publicize_feature_enabled":true,"jetpack_social_post_already_shared":true,"jetpack_social_options":{"image_generator_settings":{"template":"highway","enabled":false}}},"categories":[52,55,77,17,16],"tags":[],"jetpack_publicize_connections":[],"jetpack_featured_media_url":"","jetpack_sharing_enabled":true,"jetpack_shortlink":"https:\/\/wp.me\/p4jV2T-3id","jetpack_likes_enabled":true,"jetpack-related-posts":[{"id":10998,"url":"http:\/\/www.robertosedda.it\/?p=10998","url_meta":{"origin":12661,"position":0},"title":"Piccole cose preziose","author":"Rufus","date":"12\/10\/2015","format":false,"excerpt":"Nel magnifico gruppo\u00a0Facebook che raduna i reduci di it.arti.cinema stamattina \u00e8 passata\u00a0questa foto: Si tratta, come si capisce dalla differenza di caratteri e di lingua utilizzata fra diverse parti della pagina, di un fotogramma tratto da un film, uno di quei casi nei quali si fa vedere allo spettatore straniero\u2026","rel":"","context":"In &quot;Coordinate&quot;","block_context":{"text":"Coordinate","link":"http:\/\/www.robertosedda.it\/?cat=52"},"img":{"alt_text":"","src":"https:\/\/i0.wp.com\/www.robertosedda.it\/wp-content\/uploads\/2015\/10\/Giornale-Scarface.jpg?fit=1024%2C768&resize=350%2C200","width":350,"height":200,"srcset":"https:\/\/i0.wp.com\/www.robertosedda.it\/wp-content\/uploads\/2015\/10\/Giornale-Scarface.jpg?fit=1024%2C768&resize=350%2C200 1x, https:\/\/i0.wp.com\/www.robertosedda.it\/wp-content\/uploads\/2015\/10\/Giornale-Scarface.jpg?fit=1024%2C768&resize=700%2C400 2x"},"classes":[]},{"id":3838,"url":"http:\/\/www.robertosedda.it\/?p=3838","url_meta":{"origin":12661,"position":1},"title":"A proposito di playlist","author":"Rufus","date":"04\/07\/2013","format":false,"excerpt":"Il post di stamattina sulla playlist alla radio mi ha ricordato che in un libro di una delle mie serie di gialli preferita (quella\u00a0Prey con protagonista Lucas Davenport, di John Sandford) c'\u00e8 cucito nel romanzo un tormentone sul fatto che al protagonista hanno regalato un iPod con un buono d'acquisto\u2026","rel":"","context":"In &quot;Coordinate&quot;","block_context":{"text":"Coordinate","link":"http:\/\/www.robertosedda.it\/?cat=52"},"img":{"alt_text":"","src":"https:\/\/i0.wp.com\/www.robertosedda.it\/wp-content\/uploads\/2013\/07\/john-sandford-c-david-burnett.jpg?fit=898%2C1200&resize=350%2C200","width":350,"height":200,"srcset":"https:\/\/i0.wp.com\/www.robertosedda.it\/wp-content\/uploads\/2013\/07\/john-sandford-c-david-burnett.jpg?fit=898%2C1200&resize=350%2C200 1x, https:\/\/i0.wp.com\/www.robertosedda.it\/wp-content\/uploads\/2013\/07\/john-sandford-c-david-burnett.jpg?fit=898%2C1200&resize=700%2C400 2x"},"classes":[]},{"id":8256,"url":"http:\/\/www.robertosedda.it\/?p=8256","url_meta":{"origin":12661,"position":2},"title":"Fumetti che ho fatto bene a smettere di comprare","author":"Rufus","date":"09\/09\/2014","format":false,"excerpt":"Julia\u00a0190,\u00a0In malafede\u00a0(Sergio Bonelli Editore\u00a0luglio 2014, Berardi\/Calza\u00a0e\u00a0Zaghi) Avevo\u00a0letto recentemente da qualche parte un esperto di fumetti (o forse un autore, ora mi sfugge) dire che\u00a0Julia \u00e8 oggi la serie a fumetti Bonelli che ha il linguaggio pi\u00f9 moderno: nel contesto non era chiaro se \"linguaggio\" si riferiva alle tematiche proposte, allo\u2026","rel":"","context":"In &quot;Coordinate&quot;","block_context":{"text":"Coordinate","link":"http:\/\/www.robertosedda.it\/?cat=52"},"img":{"alt_text":"","src":"https:\/\/i0.wp.com\/www.robertosedda.it\/wp-content\/uploads\/2014\/09\/Il-calvario-Dylan-Dog.jpg?fit=381%2C502&resize=350%2C200","width":350,"height":200},"classes":[]},{"id":5825,"url":"http:\/\/www.robertosedda.it\/?p=5825","url_meta":{"origin":12661,"position":3},"title":"Lucas Davenport, giocatore di ruolo incompreso","author":"Rufus","date":"09\/01\/2014","format":"video","excerpt":"Credo che la puntata su Lucas Davenport e sul suo creatore John Sandford non sia male, ma riascoltandola ho avuto un attimo di rimpianto per avere scelto di concentrarmi su tematiche generali che riguardano soprattutto il funzionamento del mercato editoriale - il titolo dei libri\u00a0che rispecchia il fatto che un\u2026","rel":"","context":"In &quot;Coordinate&quot;","block_context":{"text":"Coordinate","link":"http:\/\/www.robertosedda.it\/?cat=52"},"img":{"alt_text":"","src":"https:\/\/i0.wp.com\/www.robertosedda.it\/wp-content\/uploads\/2014\/01\/Sandford-Shadow-Prey.jpg?fit=303%2C475&resize=350%2C200","width":350,"height":200},"classes":[]},{"id":9431,"url":"http:\/\/www.robertosedda.it\/?p=9431","url_meta":{"origin":12661,"position":4},"title":"REBLOG: Dylan Dog continua a&#8230;","author":"Rufus","date":"22\/01\/2015","format":"link","excerpt":"Oh, io l'avevo gi\u00e0 detto tempo fa, ma qui lo ridicono: \u00abTutto questo fa s\u00ec, inoltre, che Dylan sia poco funzionale alla storia: si ha la sensazione che al suo posto, a indagare sull\u2019incubo del mese, avrebbe potuto esserci quasi chiunque altro\u00bb.","rel":"","context":"In &quot;Segnalazioni&quot;","block_context":{"text":"Segnalazioni","link":"http:\/\/www.robertosedda.it\/?cat=95"},"img":{"alt_text":"","src":"","width":0,"height":0},"classes":[]},{"id":577,"url":"http:\/\/www.robertosedda.it\/?p=577","url_meta":{"origin":12661,"position":5},"title":"La grande famiglia","author":"Rufus","date":"22\/08\/2012","format":false,"excerpt":"Per otto anni sono stata animatrice parrocchiale nell\u2019Azione Cattolica. Trovo questa frase, per noi abbastanza usuale, ad aprire il secondo capitolo di un libro \u201cdi richiamo\u201d appena uscito, Ave Mary di Michela Murgia, scritttrice ormai affermata dopo aver vinto con Accabbadora il premio Campiello e opinionista seguitissima, sia sul suo\u2026","rel":"","context":"In &quot;Azione Cattolica&quot;","block_context":{"text":"Azione Cattolica","link":"http:\/\/www.robertosedda.it\/?cat=76"},"img":{"alt_text":"","src":"","width":0,"height":0},"classes":[]}],"_links":{"self":[{"href":"http:\/\/www.robertosedda.it\/index.php?rest_route=\/wp\/v2\/posts\/12661"}],"collection":[{"href":"http:\/\/www.robertosedda.it\/index.php?rest_route=\/wp\/v2\/posts"}],"about":[{"href":"http:\/\/www.robertosedda.it\/index.php?rest_route=\/wp\/v2\/types\/post"}],"author":[{"embeddable":true,"href":"http:\/\/www.robertosedda.it\/index.php?rest_route=\/wp\/v2\/users\/1"}],"replies":[{"embeddable":true,"href":"http:\/\/www.robertosedda.it\/index.php?rest_route=%2Fwp%2Fv2%2Fcomments&post=12661"}],"version-history":[{"count":1,"href":"http:\/\/www.robertosedda.it\/index.php?rest_route=\/wp\/v2\/posts\/12661\/revisions"}],"predecessor-version":[{"id":12662,"href":"http:\/\/www.robertosedda.it\/index.php?rest_route=\/wp\/v2\/posts\/12661\/revisions\/12662"}],"wp:attachment":[{"href":"http:\/\/www.robertosedda.it\/index.php?rest_route=%2Fwp%2Fv2%2Fmedia&parent=12661"}],"wp:term":[{"taxonomy":"category","embeddable":true,"href":"http:\/\/www.robertosedda.it\/index.php?rest_route=%2Fwp%2Fv2%2Fcategories&post=12661"},{"taxonomy":"post_tag","embeddable":true,"href":"http:\/\/www.robertosedda.it\/index.php?rest_route=%2Fwp%2Fv2%2Ftags&post=12661"}],"curies":[{"name":"wp","href":"https:\/\/api.w.org\/{rel}","templated":true}]}}