{"id":12658,"date":"2016-10-13T14:49:11","date_gmt":"2016-10-13T12:49:11","guid":{"rendered":"http:\/\/www.robertosedda.it\/?p=12658"},"modified":"2016-10-24T09:01:47","modified_gmt":"2016-10-24T07:01:47","slug":"identita-incerte-sul-pf","status":"publish","type":"post","link":"http:\/\/www.robertosedda.it\/?p=12658","title":{"rendered":"Identit\u00e0 incerte sul PF"},"content":{"rendered":"<p>Ieri andavo al mare con l&#8217;autobus e dietro di me c&#8217;era una ragazza\u00a0che parlava al telefono, raccontando serenamente a tutti i passeggeri di gravidanze non volute delle sue congiunte, faide\u00a0familiari,\u00a0rotture di fidanzamento e altre cose anche pi\u00f9 pesanti.<\/p>\n<figure id=\"attachment_12659\" aria-describedby=\"caption-attachment-12659\" style=\"width: 650px\" class=\"wp-caption aligncenter\"><img data-attachment-id=\"12659\" data-permalink=\"http:\/\/www.robertosedda.it\/?attachment_id=12659\" data-orig-file=\"https:\/\/i0.wp.com\/www.robertosedda.it\/wp-content\/uploads\/2016\/10\/CTM.jpg?fit=650%2C396\" data-orig-size=\"650,396\" data-comments-opened=\"1\" data-image-meta=\"{&quot;aperture&quot;:&quot;0&quot;,&quot;credit&quot;:&quot;&quot;,&quot;camera&quot;:&quot;&quot;,&quot;caption&quot;:&quot;&quot;,&quot;created_timestamp&quot;:&quot;0&quot;,&quot;copyright&quot;:&quot;&quot;,&quot;focal_length&quot;:&quot;0&quot;,&quot;iso&quot;:&quot;0&quot;,&quot;shutter_speed&quot;:&quot;0&quot;,&quot;title&quot;:&quot;&quot;,&quot;orientation&quot;:&quot;0&quot;}\" data-image-title=\"ctm\" data-image-description=\"\" data-image-caption=\"&lt;p&gt;Foto &lt;em&gt;SardegnaOggi&lt;\/em&gt;&lt;\/p&gt;\n\" data-medium-file=\"https:\/\/i0.wp.com\/www.robertosedda.it\/wp-content\/uploads\/2016\/10\/CTM.jpg?fit=300%2C183\" data-large-file=\"https:\/\/i0.wp.com\/www.robertosedda.it\/wp-content\/uploads\/2016\/10\/CTM.jpg?fit=510%2C311\" decoding=\"async\" loading=\"lazy\" class=\"size-full wp-image-12659\" src=\"https:\/\/i0.wp.com\/www.robertosedda.it\/wp-content\/uploads\/2016\/10\/CTM.jpg?resize=650%2C396\" alt=\"Foto SardegnaOggi\" width=\"650\" height=\"396\" srcset=\"https:\/\/i0.wp.com\/www.robertosedda.it\/wp-content\/uploads\/2016\/10\/CTM.jpg?w=650 650w, https:\/\/i0.wp.com\/www.robertosedda.it\/wp-content\/uploads\/2016\/10\/CTM.jpg?resize=150%2C91 150w, https:\/\/i0.wp.com\/www.robertosedda.it\/wp-content\/uploads\/2016\/10\/CTM.jpg?resize=300%2C183 300w, https:\/\/i0.wp.com\/www.robertosedda.it\/wp-content\/uploads\/2016\/10\/CTM.jpg?resize=510%2C311 510w, https:\/\/i0.wp.com\/www.robertosedda.it\/wp-content\/uploads\/2016\/10\/CTM.jpg?resize=310%2C190 310w\" sizes=\"(max-width: 650px) 100vw, 650px\" data-recalc-dims=\"1\" \/><figcaption id=\"caption-attachment-12659\" class=\"wp-caption-text\">Foto <em>SardegnaOggi<\/em><\/figcaption><\/figure>\n<p>A un certo punto sale un gruppo di turisti giovani, tutti curiosamente molto biondi, che cominciano a parlare in francese. Francese, palesemente.<\/p>\n<p>Il suo accompagnatore le d\u00e0 di gomito e le fa: \u00abGuarda, tedeschi\u00bb.<\/p>\n<p>Lei interrompe la registrazione di un messaggio vocale\u00a0<em>Whatsapp<\/em> in cui delineava le norme di comportamento\u00a0<em>maturo<\/em> augurabili &#8211; una posizione che al confronto Maria De Filippi \u00e8 una cattedratica di psicologia &#8211; e dice: \u00abCome, <em>tedeschi<\/em>?!\u00bb.<\/p>\n<p>\u00abBeh, parlano tedesco&#8230;\u00bb.<\/p>\n<p>\u00abMa scherzi?! Parlano <em>inglese<\/em>\u00bb.<\/p>\n<p>Francese, vorrei dire.\u00a0<em>Francese<\/em>.<\/p>\n<p>\u00abMa come, inglese?\u00bb.<\/p>\n<p>\u00ab<em>Eeeh-eh<\/em> [trad.: povero scemo, inchinati alla mia superiore intelligenza],\u00a0<em>inglese<\/em>\u00bb.<\/p>\n<p>Lui per\u00f2 ha l&#8217;argomento decisivo: \u00abMa cosa shtai dicendo. Gua&#8217; che io li ho sentiti parlare gli inglesi: non hanno questo accento. Parlano\u00a0<em>comenti caghinusu<\/em>\u00bb.<\/p>\n<p>Sipario.<\/p>\n","protected":false},"excerpt":{"rendered":"<p>Ieri andavo al mare con l&#8217;autobus e dietro di me c&#8217;era una ragazza\u00a0che parlava al telefono, raccontando serenamente a tutti<\/p>\n","protected":false},"author":1,"featured_media":12659,"comment_status":"open","ping_status":"open","sticky":false,"template":"","format":"standard","meta":{"_mi_skip_tracking":false,"_monsterinsights_sitenote_active":false,"_monsterinsights_sitenote_note":"","_monsterinsights_sitenote_category":0,"jetpack_post_was_ever_published":false,"_jetpack_newsletter_access":"","jetpack_publicize_message":"","jetpack_is_tweetstorm":false,"jetpack_publicize_feature_enabled":true,"jetpack_social_post_already_shared":true,"jetpack_social_options":{"image_generator_settings":{"template":"highway","enabled":false}}},"categories":[52,56,18,61,16],"tags":[],"jetpack_publicize_connections":[],"jetpack_featured_media_url":"https:\/\/i0.wp.com\/www.robertosedda.it\/wp-content\/uploads\/2016\/10\/CTM.jpg?fit=650%2C396","jetpack_sharing_enabled":true,"jetpack_shortlink":"https:\/\/wp.me\/p4jV2T-3ia","jetpack_likes_enabled":true,"jetpack-related-posts":[{"id":4978,"url":"http:\/\/www.robertosedda.it\/?p=4978","url_meta":{"origin":12658,"position":0},"title":"Una richiesta d&#8217;aiuto per l&#8217;avventura","author":"Rufus","date":"10\/11\/2013","format":false,"excerpt":"Sto scrivendo un gioco, che per la verit\u00e0 \u00e8 in fase avanzata di test con i Fabbricastorie, e sono arrivato a un punto in cui ho bisogno di aiuto. Mi serve un elenco di avventurieri, famosi uomini d'affari, intellettuali, uomini di Stato che siano stati attivi fra il 1860 e\u2026","rel":"","context":"In &quot;Cappe e spade&quot;","block_context":{"text":"Cappe e spade","link":"http:\/\/www.robertosedda.it\/?cat=70"},"img":{"alt_text":"","src":"https:\/\/i0.wp.com\/www.robertosedda.it\/wp-content\/uploads\/2013\/06\/Tarzan_marvel_annual_1.jpg?fit=400%2C624&resize=350%2C200","width":350,"height":200},"classes":[]},{"id":6359,"url":"http:\/\/www.robertosedda.it\/?p=6359","url_meta":{"origin":12658,"position":1},"title":"Segni notevoli: seno naturale","author":"Rufus","date":"12\/02\/2014","format":false,"excerpt":"Ieri ho visto su Facebook lo status di un amico che segnalava, pi\u00f9 o meno: la ragazza davanti a me sul treno assomiglia irresistibilmente a Raphaella Anderson; sono turbato. Siccome sono curioso come una scimmia ma non sapevo chi fosse Raphaella Anderson ho cercato su Wiki e ho avuto la\u2026","rel":"","context":"In &quot;Coordinate&quot;","block_context":{"text":"Coordinate","link":"http:\/\/www.robertosedda.it\/?cat=52"},"img":{"alt_text":"","src":"https:\/\/i0.wp.com\/www.robertosedda.it\/wp-content\/uploads\/2014\/02\/Ilona-Staller-parlamento.png?resize=350%2C200","width":350,"height":200},"classes":[]},{"id":20806,"url":"http:\/\/www.robertosedda.it\/?p=20806","url_meta":{"origin":12658,"position":2},"title":"I soliti teppisti adolescenti o forse no","author":"Rufus","date":"09\/09\/2025","format":false,"excerpt":"Mi ha fatto molto ridere l'altro giorno la notizia pubblicata sul Guardian che in Germania i residenti di un palazzo in cui capitava spesso che suonasse il campanello senza che ci fosse nessuno alla porta hanno chiamato la polizia, sospettando un qualche gruppo di ragazzini terribili intento a disturbare la\u2026","rel":"","context":"In &quot;Coordinate&quot;","block_context":{"text":"Coordinate","link":"http:\/\/www.robertosedda.it\/?cat=52"},"img":{"alt_text":"","src":"https:\/\/i0.wp.com\/www.robertosedda.it\/wp-content\/uploads\/2025\/09\/Doorbell-prankster-e1757412182480.jpg?fit=643%2C493&resize=350%2C200","width":350,"height":200},"classes":[]},{"id":5450,"url":"http:\/\/www.robertosedda.it\/?p=5450","url_meta":{"origin":12658,"position":3},"title":"&#8220;Lettera dal fronte n\u00b0 3&#8221; e la Rosa Bianca","author":"Rufus","date":"16\/12\/2013","format":false,"excerpt":"Sto leggendo con molto interesse un libro sulla battaglia di Stalingrado: Stalingrad, di Antony Beevor (il libro \u00e8 originariamente del 1998 ma la mia edizione\u00a0della Penguin \u00e8 stata pubblicata nel 2010 con una nuova introduzione, dunque immagino che sia abbastanza aggiornato). Trovo che il libro sia molto interessante: si concentra\u2026","rel":"","context":"In &quot;Coordinate&quot;","block_context":{"text":"Coordinate","link":"http:\/\/www.robertosedda.it\/?cat=52"},"img":{"alt_text":"","src":"https:\/\/i0.wp.com\/www.robertosedda.it\/wp-content\/uploads\/2013\/12\/Beevor-Stalingrad.jpg?fit=775%2C1200&resize=350%2C200","width":350,"height":200,"srcset":"https:\/\/i0.wp.com\/www.robertosedda.it\/wp-content\/uploads\/2013\/12\/Beevor-Stalingrad.jpg?fit=775%2C1200&resize=350%2C200 1x, https:\/\/i0.wp.com\/www.robertosedda.it\/wp-content\/uploads\/2013\/12\/Beevor-Stalingrad.jpg?fit=775%2C1200&resize=700%2C400 2x"},"classes":[]},{"id":2880,"url":"http:\/\/www.robertosedda.it\/?p=2880","url_meta":{"origin":12658,"position":4},"title":"Tre conversazioni flash","author":"Rufus","date":"16\/04\/2013","format":false,"excerpt":"\u00abEhia!!\u00bb Salgo sul 31 e noto un ragazzino seduto. Ha una mohicana appiattita sulla cima della testa, una carnagione scurissima, un'aria complessiva da ragazzino di quartieri popolari. Se lo noto \u00e8 perch\u00e9 in spregio alle leggi della fisica riesce nell'impresa di apparire comodamente sdraiato sui sedili degli autobus del CTM,\u2026","rel":"","context":"In &quot;Coordinate&quot;","block_context":{"text":"Coordinate","link":"http:\/\/www.robertosedda.it\/?cat=52"},"img":{"alt_text":"","src":"","width":0,"height":0},"classes":[]},{"id":11792,"url":"http:\/\/www.robertosedda.it\/?p=11792","url_meta":{"origin":12658,"position":5},"title":"Dal ghetto di Varsavia a Robben Island","author":"Rufus","date":"11\/04\/2016","format":false,"excerpt":"Ho finito di leggere ieri\u00a0Shakespeare's Restless World:\u00a0An Unexpected History in Twenty Objects (Penguin,\u00a02014), un libro bellissimo che per\u00f2 ho preso e abbandonato a pi\u00f9 riprese: mi \u00e8 stato utile\u00a0per\u00a0le puntate di\u00a0Oggi parliamo di libri\u00a0dedicate a Shakespeare, poi \u00e8 rimasto casualmente a giacere nel bagagliaio della\u00a0macchina parecchio tempo e cos\u00ec via.\u2026","rel":"","context":"In &quot;Coordinate&quot;","block_context":{"text":"Coordinate","link":"http:\/\/www.robertosedda.it\/?cat=52"},"img":{"alt_text":"","src":"https:\/\/i0.wp.com\/www.robertosedda.it\/wp-content\/uploads\/2016\/04\/robben-island-mandela.jpeg?fit=545%2C365&resize=350%2C200","width":350,"height":200},"classes":[]}],"_links":{"self":[{"href":"http:\/\/www.robertosedda.it\/index.php?rest_route=\/wp\/v2\/posts\/12658"}],"collection":[{"href":"http:\/\/www.robertosedda.it\/index.php?rest_route=\/wp\/v2\/posts"}],"about":[{"href":"http:\/\/www.robertosedda.it\/index.php?rest_route=\/wp\/v2\/types\/post"}],"author":[{"embeddable":true,"href":"http:\/\/www.robertosedda.it\/index.php?rest_route=\/wp\/v2\/users\/1"}],"replies":[{"embeddable":true,"href":"http:\/\/www.robertosedda.it\/index.php?rest_route=%2Fwp%2Fv2%2Fcomments&post=12658"}],"version-history":[{"count":1,"href":"http:\/\/www.robertosedda.it\/index.php?rest_route=\/wp\/v2\/posts\/12658\/revisions"}],"predecessor-version":[{"id":12660,"href":"http:\/\/www.robertosedda.it\/index.php?rest_route=\/wp\/v2\/posts\/12658\/revisions\/12660"}],"wp:featuredmedia":[{"embeddable":true,"href":"http:\/\/www.robertosedda.it\/index.php?rest_route=\/wp\/v2\/media\/12659"}],"wp:attachment":[{"href":"http:\/\/www.robertosedda.it\/index.php?rest_route=%2Fwp%2Fv2%2Fmedia&parent=12658"}],"wp:term":[{"taxonomy":"category","embeddable":true,"href":"http:\/\/www.robertosedda.it\/index.php?rest_route=%2Fwp%2Fv2%2Fcategories&post=12658"},{"taxonomy":"post_tag","embeddable":true,"href":"http:\/\/www.robertosedda.it\/index.php?rest_route=%2Fwp%2Fv2%2Ftags&post=12658"}],"curies":[{"name":"wp","href":"https:\/\/api.w.org\/{rel}","templated":true}]}}