{"id":12644,"date":"2016-10-12T16:04:23","date_gmt":"2016-10-12T14:04:23","guid":{"rendered":"http:\/\/www.robertosedda.it\/?p=12644"},"modified":"2016-11-25T23:46:19","modified_gmt":"2016-11-25T22:46:19","slug":"dio-fuori-della-camera-da-letto","status":"publish","type":"post","link":"http:\/\/www.robertosedda.it\/?p=12644","title":{"rendered":"Dio fuori della camera da letto"},"content":{"rendered":"<p>Sul numero di <em>Mosaico di pace<\/em> di questo mese c&#8217;\u00e8 un mio articolo che presenta <em>Fedi e finanza<\/em>, un progetto congiunto fra la rivista, Banca Etica e molte alte persone.\u00a0Non mi dilungo, perch\u00e9 l&#8217;articolo spiega tutto: ma a Cagliari mi piacerebbe proporre un&#8217;esperienza locale del progetto, quindi ne riparleremo di sicuro (e chi \u00e8 interessato faccia pure un fischio).<\/p>\n<h2><a href=\"https:\/\/i0.wp.com\/www.robertosedda.it\/wp-content\/uploads\/2016\/10\/Mosaico-di-pace-3.jpg\"><img data-attachment-id=\"12647\" data-permalink=\"http:\/\/www.robertosedda.it\/?attachment_id=12647\" data-orig-file=\"https:\/\/i0.wp.com\/www.robertosedda.it\/wp-content\/uploads\/2016\/10\/Mosaico-di-pace-3.jpg?fit=1072%2C371\" data-orig-size=\"1072,371\" data-comments-opened=\"1\" data-image-meta=\"{&quot;aperture&quot;:&quot;0&quot;,&quot;credit&quot;:&quot;Roberto Sedda&quot;,&quot;camera&quot;:&quot;&quot;,&quot;caption&quot;:&quot;&quot;,&quot;created_timestamp&quot;:&quot;1476282647&quot;,&quot;copyright&quot;:&quot;&quot;,&quot;focal_length&quot;:&quot;0&quot;,&quot;iso&quot;:&quot;0&quot;,&quot;shutter_speed&quot;:&quot;0&quot;,&quot;title&quot;:&quot;&quot;,&quot;orientation&quot;:&quot;0&quot;}\" data-image-title=\"mosaico-di-pace-3\" data-image-description=\"\" data-image-caption=\"\" data-medium-file=\"https:\/\/i0.wp.com\/www.robertosedda.it\/wp-content\/uploads\/2016\/10\/Mosaico-di-pace-3.jpg?fit=300%2C104\" data-large-file=\"https:\/\/i0.wp.com\/www.robertosedda.it\/wp-content\/uploads\/2016\/10\/Mosaico-di-pace-3.jpg?fit=510%2C177\" decoding=\"async\" loading=\"lazy\" class=\"aligncenter size-full wp-image-12647\" src=\"https:\/\/i0.wp.com\/www.robertosedda.it\/wp-content\/uploads\/2016\/10\/Mosaico-di-pace-3.jpg?resize=800%2C277\" alt=\"mosaico-di-pace-3\" width=\"800\" height=\"277\" srcset=\"https:\/\/i0.wp.com\/www.robertosedda.it\/wp-content\/uploads\/2016\/10\/Mosaico-di-pace-3.jpg?w=1072 1072w, https:\/\/i0.wp.com\/www.robertosedda.it\/wp-content\/uploads\/2016\/10\/Mosaico-di-pace-3.jpg?resize=150%2C52 150w, https:\/\/i0.wp.com\/www.robertosedda.it\/wp-content\/uploads\/2016\/10\/Mosaico-di-pace-3.jpg?resize=300%2C104 300w, https:\/\/i0.wp.com\/www.robertosedda.it\/wp-content\/uploads\/2016\/10\/Mosaico-di-pace-3.jpg?resize=510%2C177 510w, https:\/\/i0.wp.com\/www.robertosedda.it\/wp-content\/uploads\/2016\/10\/Mosaico-di-pace-3.jpg?resize=700%2C242 700w\" sizes=\"(max-width: 800px) 100vw, 800px\" data-recalc-dims=\"1\" \/><\/a>Fedi e finanza<\/h2>\n<h3>di Roberto Sedda<\/h3>\n<h4>Al via un tavolo di lavoro interreligioso sul rapporto\u00a0tra le fedi e il denaro, promosso da <em>Mosaico di pace<\/em>\u00a0e <em>Banca Popolare Etica<\/em>.<\/h4>\n<p><a href=\"https:\/\/i0.wp.com\/www.robertosedda.it\/wp-content\/uploads\/2016\/10\/Mosaico-di-pace-2.jpg\"><img data-attachment-id=\"12648\" data-permalink=\"http:\/\/www.robertosedda.it\/?attachment_id=12648\" data-orig-file=\"https:\/\/i0.wp.com\/www.robertosedda.it\/wp-content\/uploads\/2016\/10\/Mosaico-di-pace-2.jpg?fit=577%2C786\" data-orig-size=\"577,786\" data-comments-opened=\"1\" data-image-meta=\"{&quot;aperture&quot;:&quot;0&quot;,&quot;credit&quot;:&quot;Roberto Sedda&quot;,&quot;camera&quot;:&quot;&quot;,&quot;caption&quot;:&quot;&quot;,&quot;created_timestamp&quot;:&quot;1476282515&quot;,&quot;copyright&quot;:&quot;&quot;,&quot;focal_length&quot;:&quot;0&quot;,&quot;iso&quot;:&quot;0&quot;,&quot;shutter_speed&quot;:&quot;0&quot;,&quot;title&quot;:&quot;&quot;,&quot;orientation&quot;:&quot;0&quot;}\" data-image-title=\"mosaico-di-pace-2\" data-image-description=\"\" data-image-caption=\"\" data-medium-file=\"https:\/\/i0.wp.com\/www.robertosedda.it\/wp-content\/uploads\/2016\/10\/Mosaico-di-pace-2.jpg?fit=220%2C300\" data-large-file=\"https:\/\/i0.wp.com\/www.robertosedda.it\/wp-content\/uploads\/2016\/10\/Mosaico-di-pace-2.jpg?fit=510%2C695\" decoding=\"async\" loading=\"lazy\" class=\"alignleft size-medium wp-image-12648\" src=\"https:\/\/i0.wp.com\/www.robertosedda.it\/wp-content\/uploads\/2016\/10\/Mosaico-di-pace-2.jpg?resize=220%2C300\" alt=\"mosaico-di-pace-2\" width=\"220\" height=\"300\" srcset=\"https:\/\/i0.wp.com\/www.robertosedda.it\/wp-content\/uploads\/2016\/10\/Mosaico-di-pace-2.jpg?resize=220%2C300 220w, https:\/\/i0.wp.com\/www.robertosedda.it\/wp-content\/uploads\/2016\/10\/Mosaico-di-pace-2.jpg?resize=110%2C150 110w, https:\/\/i0.wp.com\/www.robertosedda.it\/wp-content\/uploads\/2016\/10\/Mosaico-di-pace-2.jpg?resize=510%2C695 510w, https:\/\/i0.wp.com\/www.robertosedda.it\/wp-content\/uploads\/2016\/10\/Mosaico-di-pace-2.jpg?w=577 577w\" sizes=\"(max-width: 220px) 100vw, 220px\" data-recalc-dims=\"1\" \/><\/a>Proviamo a immaginare che\u00a0Dio decida di fare una capatina\u00a0a casa nostra per vedere\u00a0come viviamo. Proprio casa\u00a0nostra, o casa dei nostri vicini,\u00a0con le sue stanze, i suoi\u00a0mobili, i suoi abitanti. Su\u00a0cosa concentrerebbe la sua\u00a0curiosit\u00e0, Dio? Sulle cose che\u00a0abbiamo stipato dentro la\u00a0casa? Sulla dispensa, coi\u00a0suoi prodotti messi in fila?\u00a0Sul frigo? Cosa penserebbe\u00a0dell\u2019<em>iPhone<\/em> di ultima generazione,\u00a0della TV? Passerebbe\u00a0in rassegna l\u2019armadio dei\u00a0vestiti, guarderebbe le etichette?\u00a0Si chiederebbe, Dio,\u00a0chi ha rifatto i letti, chi ha\u00a0lavato i piatti, chi fa i lavori\u00a0di casa per la famiglia?\u00a0Interessano a Dio i buoni\u00a0lavoro? Oppure magari Dio\u00a0aprirebbe la porta della camera\u00a0dei ragazzi, per provare\u00a0a indovinare dal suo aspetto\u00a0a quali scelte e valori vengono\u00a0educati? E forse Dio\u00a0troverebbe interessante aprire\u00a0il cassetto dei documenti\u00a0e dare una sbirciatina alla\u00a0cartella degli estratti conto\u00a0e delle comunicazioni della\u00a0carta di credito.<\/p>\n<p>Infine: cosa interessa a Dio?<\/p>\n<p><a href=\"https:\/\/i0.wp.com\/www.robertosedda.it\/wp-content\/uploads\/2016\/10\/Mosaico-di-pace.jpg\"><img data-attachment-id=\"12645\" data-permalink=\"http:\/\/www.robertosedda.it\/?attachment_id=12645\" data-orig-file=\"https:\/\/i0.wp.com\/www.robertosedda.it\/wp-content\/uploads\/2016\/10\/Mosaico-di-pace.jpg?fit=632%2C726\" data-orig-size=\"632,726\" data-comments-opened=\"1\" data-image-meta=\"{&quot;aperture&quot;:&quot;0&quot;,&quot;credit&quot;:&quot;Roberto Sedda&quot;,&quot;camera&quot;:&quot;&quot;,&quot;caption&quot;:&quot;&quot;,&quot;created_timestamp&quot;:&quot;1476281259&quot;,&quot;copyright&quot;:&quot;&quot;,&quot;focal_length&quot;:&quot;0&quot;,&quot;iso&quot;:&quot;0&quot;,&quot;shutter_speed&quot;:&quot;0&quot;,&quot;title&quot;:&quot;&quot;,&quot;orientation&quot;:&quot;0&quot;}\" data-image-title=\"mosaico-di-pace\" data-image-description=\"\" data-image-caption=\"\" data-medium-file=\"https:\/\/i0.wp.com\/www.robertosedda.it\/wp-content\/uploads\/2016\/10\/Mosaico-di-pace.jpg?fit=261%2C300\" data-large-file=\"https:\/\/i0.wp.com\/www.robertosedda.it\/wp-content\/uploads\/2016\/10\/Mosaico-di-pace.jpg?fit=510%2C586\" decoding=\"async\" loading=\"lazy\" class=\"alignright size-medium wp-image-12645\" src=\"https:\/\/i0.wp.com\/www.robertosedda.it\/wp-content\/uploads\/2016\/10\/Mosaico-di-pace.jpg?resize=261%2C300\" alt=\"mosaico-di-pace\" width=\"261\" height=\"300\" srcset=\"https:\/\/i0.wp.com\/www.robertosedda.it\/wp-content\/uploads\/2016\/10\/Mosaico-di-pace.jpg?resize=261%2C300 261w, https:\/\/i0.wp.com\/www.robertosedda.it\/wp-content\/uploads\/2016\/10\/Mosaico-di-pace.jpg?resize=131%2C150 131w, https:\/\/i0.wp.com\/www.robertosedda.it\/wp-content\/uploads\/2016\/10\/Mosaico-di-pace.jpg?resize=510%2C586 510w, https:\/\/i0.wp.com\/www.robertosedda.it\/wp-content\/uploads\/2016\/10\/Mosaico-di-pace.jpg?w=632 632w\" sizes=\"(max-width: 261px) 100vw, 261px\" data-recalc-dims=\"1\" \/><\/a>Niente di tutto questo, sembrano dire tanti degli interventi\u00a0pubblici dei rappresentanti\u00a0delle religioni. Ci\u00f2 che\u00a0interessa Dio, a quanto pare,\u00a0\u00e8 ci\u00f2 che accade in camera\u00a0da letto. A quello Dio, sembrerebbe,\u00a0volge il suo sguardo\u00a0e la sua preoccupazione\u00a0continua. Al confronto le\u00a0altre scelte di vita quotidiana,\u00a0fare la spesa, lavorare,\u00a0guadagnare, risparmiare,\u00a0orientare i propri consumi,\u00a0sono irrilevanti.<\/p>\n<p>\u00c8 questa la provocazione a\u00a0partire dalla quale, su invito\u00a0di\u00a0<em>Mosaico di pace<\/em> e <em>Banca\u00a0Popolare Etica<\/em>, fedeli\u00a0e credenti di denominazioni\u00a0diverse hanno iniziato\u00a0a incontrarsi a Roma, nei\u00a0mesi scorsi, per progettare\u00a0un cammino di dialogo e di\u00a0studio comune che si \u00e8 voluto\u00a0intitolare <em>Fedi e finanza<\/em>\u00a0e che adesso esce dalla fase\u00a0di progettazione per entrare\u00a0in quella operativa.<\/p>\n<p>Viviamo ormai da anni attanagliati\u00a0dalla crisi economica.\u00a0I pastori soffrono coi\u00a0loro fedeli e a loro tentano di\u00a0rivolgere un insegnamento:\u00a0papa Francesco ha scritto\u00a0pagine molto esplicite sulla\u00a0condizione economica e sul\u00a0modello di sviluppo di oggi.\u00a0Ma mancano in gran parte\u00a0riflessioni che a partire dalla\u00a0visione religiosa del mondo\u00a0riflettano sull&#8217;origine della\u00a0crisi, sui suoi meccanismi\u00a0generativi che non sono\u00a0genericamente economici\u00a0ma specificamente finanziari\u00a0e radicati in scelte ben\u00a0precise delle persone. E comunque\u00a0la riflessione dei\u00a0pastori fatica a farsi prassi e\u00a0riflessione condivisa nelle diverse\u00a0comunit\u00e0 concrete dei\u00a0credenti, a indirizzare scelte\u00a0coerenti e cambiamenti degli\u00a0stili di vita.\u00a0<em>Fedi e finanza<\/em> vuole contribuire\u00a0a colmare questo vuoto:\u00a0all&#8217;organizzazione di un possibile\u00a0convegno, si accompagner\u00e0\u00a0la preparazione di\u00a0materiali di lavoro indirizzati\u00a0ai gruppi e alle comunit\u00e0 locali,\u00a0mentre <a href=\"https:\/\/i0.wp.com\/www.robertosedda.it\/wp-content\/uploads\/2016\/10\/Fedi-e-finanza-2.jpg\"><img data-attachment-id=\"12646\" data-permalink=\"http:\/\/www.robertosedda.it\/?attachment_id=12646\" data-orig-file=\"https:\/\/i0.wp.com\/www.robertosedda.it\/wp-content\/uploads\/2016\/10\/Fedi-e-finanza-2.jpg?fit=574%2C800\" data-orig-size=\"574,800\" data-comments-opened=\"1\" data-image-meta=\"{&quot;aperture&quot;:&quot;0&quot;,&quot;credit&quot;:&quot;&quot;,&quot;camera&quot;:&quot;&quot;,&quot;caption&quot;:&quot;&quot;,&quot;created_timestamp&quot;:&quot;0&quot;,&quot;copyright&quot;:&quot;&quot;,&quot;focal_length&quot;:&quot;0&quot;,&quot;iso&quot;:&quot;0&quot;,&quot;shutter_speed&quot;:&quot;0&quot;,&quot;title&quot;:&quot;&quot;,&quot;orientation&quot;:&quot;0&quot;}\" data-image-title=\"fedi-e-finanza-2\" data-image-description=\"\" data-image-caption=\"\" data-medium-file=\"https:\/\/i0.wp.com\/www.robertosedda.it\/wp-content\/uploads\/2016\/10\/Fedi-e-finanza-2.jpg?fit=215%2C300\" data-large-file=\"https:\/\/i0.wp.com\/www.robertosedda.it\/wp-content\/uploads\/2016\/10\/Fedi-e-finanza-2.jpg?fit=510%2C711\" decoding=\"async\" loading=\"lazy\" class=\"alignleft size-medium wp-image-12646\" src=\"https:\/\/i0.wp.com\/www.robertosedda.it\/wp-content\/uploads\/2016\/10\/Fedi-e-finanza-2.jpg?resize=215%2C300\" alt=\"fedi-e-finanza-2\" width=\"215\" height=\"300\" srcset=\"https:\/\/i0.wp.com\/www.robertosedda.it\/wp-content\/uploads\/2016\/10\/Fedi-e-finanza-2.jpg?resize=215%2C300 215w, https:\/\/i0.wp.com\/www.robertosedda.it\/wp-content\/uploads\/2016\/10\/Fedi-e-finanza-2.jpg?resize=108%2C150 108w, https:\/\/i0.wp.com\/www.robertosedda.it\/wp-content\/uploads\/2016\/10\/Fedi-e-finanza-2.jpg?resize=510%2C711 510w, https:\/\/i0.wp.com\/www.robertosedda.it\/wp-content\/uploads\/2016\/10\/Fedi-e-finanza-2.jpg?w=574 574w\" sizes=\"(max-width: 215px) 100vw, 215px\" data-recalc-dims=\"1\" \/><\/a><em>Mosaico di pace<\/em> e\u00a0<em>Confronti<\/em> dedicheranno una\u00a0finestra permanente all&#8217;argomento,\u00a0con contributi,\u00a0articoli e riflessioni, <em>dossier<\/em>,\u00a0rilanciati anche da altri siti\u00a0e riferimenti <em>online<\/em>, primo\u00a0fra tutti il <em>blog<\/em> di Banca Popolare\u00a0Etica.\u00a0In un momento nel quale\u00a0il dialogo fra le fedi appare\u00a0difficile, <em>Fedi e finanza<\/em> si\u00a0muove ovviamente in controtendenza\u00a0e getta ponti di\u00a0confronto molto importanti.\u00a0Quello che pu\u00f2 essere importante\u00a0notare, per\u00f2, sono\u00a0le dimensioni innovative di\u00a0questa specifica esperienza.\u00a0La \u00a0riflessione si incammina\u00a0in territori largamente inesplorati,\u00a0e gi\u00e0 dalle prime\u00a0discussione intraprese sono\u00a0emerse sorprese e scoperte\u00a0gioiose e intellettualmente\u00a0stimolanti. Ma soprattutto\u00a0non \u00e8 comune, infatti, che\u00a0il dialogo ecumenico e interreligioso\u00a0si faccia a partire\u00a0dalle dimensioni concrete\u00a0del vivere e dell\u2019operare economico,\u00a0visto in altri casi,\u00a0magari, come conseguenza\u00a0di una intesa costruita\u00a0su altri livelli: qui invece \u00e8\u00a0esattamente il contrario: dal\u00a0giudizio comune su ci\u00f2 che\u00a0\u00e8 bene per l\u2019uomo, su come\u00a0l\u2019economia pu\u00f2 diventare\u00a0occasione di schiavit\u00f9 o di\u00a0liberazione dalla fatica del\u00a0vivere, potremo \u00a0riconoscere\u00a0tutti la dignit\u00e0 del credere di\u00a0ciascuno.<\/p>\n","protected":false},"excerpt":{"rendered":"<p>Sul numero di Mosaico di pace di questo mese c&#8217;\u00e8 un mio articolo che presenta Fedi e finanza, un progetto<\/p>\n","protected":false},"author":1,"featured_media":12645,"comment_status":"open","ping_status":"open","sticky":false,"template":"","format":"standard","meta":{"_mi_skip_tracking":false,"_monsterinsights_sitenote_active":false,"_monsterinsights_sitenote_note":"","_monsterinsights_sitenote_category":0,"jetpack_post_was_ever_published":false,"_jetpack_newsletter_access":"","jetpack_publicize_message":"","jetpack_is_tweetstorm":false,"jetpack_publicize_feature_enabled":true,"jetpack_social_post_already_shared":true,"jetpack_social_options":{"image_generator_settings":{"template":"highway","enabled":false}}},"categories":[52,54,17,62,16],"tags":[],"jetpack_publicize_connections":[],"jetpack_featured_media_url":"https:\/\/i0.wp.com\/www.robertosedda.it\/wp-content\/uploads\/2016\/10\/Mosaico-di-pace.jpg?fit=632%2C726","jetpack_sharing_enabled":true,"jetpack_shortlink":"https:\/\/wp.me\/p4jV2T-3hW","jetpack_likes_enabled":true,"jetpack-related-posts":[{"id":6151,"url":"http:\/\/www.robertosedda.it\/?p=6151","url_meta":{"origin":12644,"position":0},"title":"Ricchezza, imprenditorialit\u00e0 sociale, politiche di sviluppo","author":"Rufus","date":"05\/02\/2014","format":false,"excerpt":"Fra il 2006 e il 2008 Banca Etica condusse in Sardegna un progetto chiamato Nuove Officine (per i tecnici: era un PIC Equal finanziato dal Fondo Sociale Europeo e codificato come IT-G2-SAR-026 - a distanza di tanto tempo ricordo ancora l'identificativo, perch\u00e9 per anni \u00e8 stato il mio pane e\u2026","rel":"","context":"In &quot;Banche e finanza&quot;","block_context":{"text":"Banche e finanza","link":"http:\/\/www.robertosedda.it\/?cat=72"},"img":{"alt_text":"","src":"https:\/\/i0.wp.com\/www.robertosedda.it\/wp-content\/uploads\/2014\/02\/A.jpg?fit=425%2C423&resize=350%2C200","width":350,"height":200},"classes":[]},{"id":11252,"url":"http:\/\/www.robertosedda.it\/?p=11252","url_meta":{"origin":12644,"position":1},"title":"Cambiamenti climatici e clima della finanza","author":"Rufus","date":"04\/12\/2015","format":false,"excerpt":"Ripropongo anche su questo\u00a0blog la posizione di Banca Etica sulla conferenza sul clima in svolgimento in questi giorni a Parigi. Lo sapete vero che Cagliari \u00e8 fra le citt\u00e0 che si pensa possano scomparire sotto l'acqua fra poche decine d'anni? Ma l'articolo mi sembra interessante perch\u00e9 lega, come dice nelle\u2026","rel":"","context":"In &quot;Banche e finanza&quot;","block_context":{"text":"Banche e finanza","link":"http:\/\/www.robertosedda.it\/?cat=72"},"img":{"alt_text":"","src":"","width":0,"height":0},"classes":[]},{"id":10205,"url":"http:\/\/www.robertosedda.it\/?p=10205","url_meta":{"origin":12644,"position":2},"title":"Articoli dimenticati","author":"Rufus","date":"08\/05\/2015","format":false,"excerpt":"Mi sono accorto oggi che non avevo riportato sul\u00a0blog l'articolo che ho pubblicato sul supplemento diocesano di\u00a0Avvenire\u00a0del 19 aprile 2015, dedicato a Banca Etica. Lo riposto qui: \u00e8 un articolo brevissimo e anche piuttosto anonimo (me lo dico da solo...), nel senso che occorreva prima di tutto presentare la Banca\u2026","rel":"","context":"In &quot;Banche e finanza&quot;","block_context":{"text":"Banche e finanza","link":"http:\/\/www.robertosedda.it\/?cat=72"},"img":{"alt_text":"","src":"https:\/\/i0.wp.com\/www.robertosedda.it\/wp-content\/uploads\/2015\/05\/Avvenire-Cagliari-testata.jpg?fit=648%2C218&resize=350%2C200","width":350,"height":200},"classes":[]},{"id":11956,"url":"http:\/\/www.robertosedda.it\/?p=11956","url_meta":{"origin":12644,"position":3},"title":"Appello a un voto che non \u00e8 per me","author":"Rufus","date":"17\/05\/2016","format":false,"excerpt":"L'altro giorno ha suscitato panico l'idea, da me abilmente suggerita, che volessi candidarmi al Consiglio comunale.\u00a0Adesso passo direttamente all'appello al voto; ma \u00e8 per delle elezioni importanti, nelle quali per\u00f2\u00a0non sono candidato io (per fortuna di tutti). Per\u00f2 l'appello vale lo stesso e la lista, coi meccanismi partecipativi propri della\u2026","rel":"","context":"In &quot;Coordinate&quot;","block_context":{"text":"Coordinate","link":"http:\/\/www.robertosedda.it\/?cat=52"},"img":{"alt_text":"","src":"https:\/\/i0.wp.com\/www.robertosedda.it\/wp-content\/uploads\/2016\/05\/Dentico.jpg?fit=400%2C400&resize=350%2C200","width":350,"height":200},"classes":[]},{"id":6782,"url":"http:\/\/www.robertosedda.it\/?p=6782","url_meta":{"origin":12644,"position":4},"title":"Un piccolo gioco sulla finanza etica","author":"Rufus","date":"19\/03\/2014","format":false,"excerpt":"Ieri, alla festa per i quindici anni di Banca Etica a Cagliari, abbiamo giocato. Inizialmente avevamo pensato solo di giocare (da qui il titolo, La finanza non \u00e8 un gioco), poi gradualmente abbiamo cambiato idea e organizzato cose diverse. A proposito: \u00e8 andata benissimo, anche se si \u00e8 grattata appena\u2026","rel":"","context":"In &quot;Banche e finanza&quot;","block_context":{"text":"Banche e finanza","link":"http:\/\/www.robertosedda.it\/?cat=72"},"img":{"alt_text":"","src":"https:\/\/i0.wp.com\/www.robertosedda.it\/wp-content\/uploads\/2014\/03\/Gioco-dei-barattoli.jpg?fit=540%2C960&resize=350%2C200","width":350,"height":200},"classes":[]},{"id":527,"url":"http:\/\/www.robertosedda.it\/?p=527","url_meta":{"origin":12644,"position":5},"title":"Cestus Dei","author":"Rufus","date":"22\/08\/2012","format":false,"excerpt":"Cestus Dei \u00e8 un raro esempio di libro di fantascienza che riesce a realizzare un equilibrio fra il pastiche e il romanzo di avventura rimanendo appassionante e gradevole fino alla fine. Lo fa perch\u00e9 l'autore preme fin dal principio sul pedale dell'irriverenza, senza mai tentare di rallentare, senza mai avere\u2026","rel":"","context":"In &quot;Coordinate&quot;","block_context":{"text":"Coordinate","link":"http:\/\/www.robertosedda.it\/?cat=52"},"img":{"alt_text":"","src":"https:\/\/i0.wp.com\/www.robertosedda.it\/wp-content\/uploads\/2012\/08\/KGrHqVjEE1nseBHmBNlNtGlw_35.jpg?fit=215%2C300&resize=350%2C200","width":350,"height":200},"classes":[]}],"_links":{"self":[{"href":"http:\/\/www.robertosedda.it\/index.php?rest_route=\/wp\/v2\/posts\/12644"}],"collection":[{"href":"http:\/\/www.robertosedda.it\/index.php?rest_route=\/wp\/v2\/posts"}],"about":[{"href":"http:\/\/www.robertosedda.it\/index.php?rest_route=\/wp\/v2\/types\/post"}],"author":[{"embeddable":true,"href":"http:\/\/www.robertosedda.it\/index.php?rest_route=\/wp\/v2\/users\/1"}],"replies":[{"embeddable":true,"href":"http:\/\/www.robertosedda.it\/index.php?rest_route=%2Fwp%2Fv2%2Fcomments&post=12644"}],"version-history":[{"count":4,"href":"http:\/\/www.robertosedda.it\/index.php?rest_route=\/wp\/v2\/posts\/12644\/revisions"}],"predecessor-version":[{"id":12652,"href":"http:\/\/www.robertosedda.it\/index.php?rest_route=\/wp\/v2\/posts\/12644\/revisions\/12652"}],"wp:featuredmedia":[{"embeddable":true,"href":"http:\/\/www.robertosedda.it\/index.php?rest_route=\/wp\/v2\/media\/12645"}],"wp:attachment":[{"href":"http:\/\/www.robertosedda.it\/index.php?rest_route=%2Fwp%2Fv2%2Fmedia&parent=12644"}],"wp:term":[{"taxonomy":"category","embeddable":true,"href":"http:\/\/www.robertosedda.it\/index.php?rest_route=%2Fwp%2Fv2%2Fcategories&post=12644"},{"taxonomy":"post_tag","embeddable":true,"href":"http:\/\/www.robertosedda.it\/index.php?rest_route=%2Fwp%2Fv2%2Ftags&post=12644"}],"curies":[{"name":"wp","href":"https:\/\/api.w.org\/{rel}","templated":true}]}}