{"id":12635,"date":"2016-10-11T17:51:02","date_gmt":"2016-10-11T15:51:02","guid":{"rendered":"http:\/\/www.robertosedda.it\/?p=12635"},"modified":"2025-05-05T10:33:06","modified_gmt":"2025-05-05T08:33:06","slug":"i-soci-comandano","status":"publish","type":"post","link":"http:\/\/www.robertosedda.it\/?p=12635","title":{"rendered":"I soci comandano"},"content":{"rendered":"<h2>I soci<em>\u00a0comandano?!<\/em><\/h2>\n<p>Durante una recente riunione in Banca Etica mi \u00e8 capitato di usare l&#8217;espressione: \u00abI soci <em>comandano<\/em>\u00bb.<\/p>\n<p><a href=\"https:\/\/i0.wp.com\/www.robertosedda.it\/wp-content\/uploads\/2016\/10\/20160923_141348.jpg\"><img data-attachment-id=\"12638\" data-permalink=\"http:\/\/www.robertosedda.it\/?attachment_id=12638\" data-orig-file=\"https:\/\/i0.wp.com\/www.robertosedda.it\/wp-content\/uploads\/2016\/10\/20160923_141348.jpg?fit=2560%2C1536\" data-orig-size=\"2560,1536\" data-comments-opened=\"1\" data-image-meta=\"{&quot;aperture&quot;:&quot;2.6&quot;,&quot;credit&quot;:&quot;&quot;,&quot;camera&quot;:&quot;GT-I9060I&quot;,&quot;caption&quot;:&quot;&quot;,&quot;created_timestamp&quot;:&quot;1474640028&quot;,&quot;copyright&quot;:&quot;&quot;,&quot;focal_length&quot;:&quot;3.31&quot;,&quot;iso&quot;:&quot;50&quot;,&quot;shutter_speed&quot;:&quot;0.00061012812690665&quot;,&quot;title&quot;:&quot;&quot;,&quot;orientation&quot;:&quot;1&quot;}\" data-image-title=\"20160923_141348\" data-image-description=\"\" data-image-caption=\"\" data-medium-file=\"https:\/\/i0.wp.com\/www.robertosedda.it\/wp-content\/uploads\/2016\/10\/20160923_141348.jpg?fit=300%2C180\" data-large-file=\"https:\/\/i0.wp.com\/www.robertosedda.it\/wp-content\/uploads\/2016\/10\/20160923_141348.jpg?fit=510%2C306\" decoding=\"async\" loading=\"lazy\" class=\"aligncenter size-full wp-image-12638\" src=\"https:\/\/i0.wp.com\/www.robertosedda.it\/wp-content\/uploads\/2016\/10\/20160923_141348.jpg?resize=800%2C480\" alt=\"20160923_141348\" width=\"800\" height=\"480\" srcset=\"https:\/\/i0.wp.com\/www.robertosedda.it\/wp-content\/uploads\/2016\/10\/20160923_141348.jpg?w=2560 2560w, https:\/\/i0.wp.com\/www.robertosedda.it\/wp-content\/uploads\/2016\/10\/20160923_141348.jpg?resize=150%2C90 150w, https:\/\/i0.wp.com\/www.robertosedda.it\/wp-content\/uploads\/2016\/10\/20160923_141348.jpg?resize=300%2C180 300w, https:\/\/i0.wp.com\/www.robertosedda.it\/wp-content\/uploads\/2016\/10\/20160923_141348.jpg?resize=510%2C306 510w, https:\/\/i0.wp.com\/www.robertosedda.it\/wp-content\/uploads\/2016\/10\/20160923_141348.jpg?resize=700%2C420 700w, https:\/\/i0.wp.com\/www.robertosedda.it\/wp-content\/uploads\/2016\/10\/20160923_141348.jpg?w=1600 1600w, https:\/\/i0.wp.com\/www.robertosedda.it\/wp-content\/uploads\/2016\/10\/20160923_141348.jpg?w=2400 2400w\" sizes=\"(max-width: 800px) 100vw, 800px\" data-recalc-dims=\"1\" \/><\/a>Mi sono reso conto da qualche altra chiacchierata successiva che nell&#8217;occasione non mi sono spiegato proprio bene e che l&#8217;espressione, anzi, pu\u00f2 portare a malintesi: se qualcuno comanda qualcun altro per forza obbedisce, si potrebbe pensare, e Banca Etica tendenzialmente \u00e8 composta da gente che diffida di potenziali autoritarismi.<\/p>\n<p>Il fatto \u00e8 che la mia espressione era molto, molto\u00a0meno pretenziosa: quando uso l&#8217;espressione <em>comandare<\/em> ho in mente l&#8217;uso che ne faceva un vecchio manovale quartese con cui ho discusso ogni tanto di lavori edili casalinghi.<\/p>\n<p>\u00abIl vaso comanda\u00bb, diceva spesso. Intendeva dire che siccome di solito nei lavori di casa la colonna montante non la puoi spostare, e siccome si pu\u00f2 discutere\u00a0se sia meglio\u00a0avere la doccia o la vasca o lasciar posto alla lavatrice ma invece di solito un cesso in un bagno \u00e8 considerato una necessit\u00e0 assoluta, allora quando fai il progetto del bagno devi decidere dove vuoi mettere il vaso &#8211; o prendere atto che deve stare per forza l\u00e0 &#8211; e poi, di conseguenza, decidere dove andr\u00e0 tutto il resto. Magari l&#8217;armadietto degli asciugamani starebbe tanto bene in quell&#8217;angolo\u00a0ma non puoi, perch\u00e9 l\u00e0 ci deve stare per forza il vaso, il quale, appunto, <em>comanda<\/em>: \u00e8 a partire da lui e dalla sua posizione inevitabile che progetti tutto il resto, con buona pace degli asciugamani.<\/p>\n<p>Spero adesso di non essermi messo ulteriormente nei guai dando l&#8217;impressione di denigrare i soci, volgarmente paragonati a un oggetto certo utile ma poco accattivante, ma chiunque abbia mai dovuto ristrutturare casa credo che apprezzer\u00e0 pienamente la similitudine.<\/p>\n<p>Il che vuol dire, quindi, che quando dico che: \u00abI soci comandano\u00bb non intendo che comandano i soci nel senso di Nicoletta, Andrea, Giuditta, Massimo, Lucia eccetera (e soprattutto: non io) ma nel senso che siccome i nostri padri fondatori hanno scelto &#8211; in maniera illuminata &#8211; di fare una Banca ad azionariato diffuso, una cooperativa con moltissimi soci e un&#8217;azienda con processi democratici e partecipativi complessi, allora quella scelta determina le altre. I soci, l&#8217;esistenza dei soci, la necessit\u00e0 di mantenere vitali i processi democratici, l&#8217;esigenza che i soci possano organizzarsi e confrontarsi <em>comanda<\/em>. Il resto viene dopo.<\/p>\n<h2><a href=\"https:\/\/i0.wp.com\/www.robertosedda.it\/wp-content\/uploads\/2016\/10\/20160923_184514.jpg\"><img data-attachment-id=\"12639\" data-permalink=\"http:\/\/www.robertosedda.it\/?attachment_id=12639\" data-orig-file=\"https:\/\/i0.wp.com\/www.robertosedda.it\/wp-content\/uploads\/2016\/10\/20160923_184514.jpg?fit=2560%2C1536\" data-orig-size=\"2560,1536\" data-comments-opened=\"1\" data-image-meta=\"{&quot;aperture&quot;:&quot;2.6&quot;,&quot;credit&quot;:&quot;&quot;,&quot;camera&quot;:&quot;GT-I9060I&quot;,&quot;caption&quot;:&quot;&quot;,&quot;created_timestamp&quot;:&quot;1474656314&quot;,&quot;copyright&quot;:&quot;&quot;,&quot;focal_length&quot;:&quot;3.31&quot;,&quot;iso&quot;:&quot;100&quot;,&quot;shutter_speed&quot;:&quot;0.01&quot;,&quot;title&quot;:&quot;&quot;,&quot;orientation&quot;:&quot;1&quot;}\" data-image-title=\"20160923_184514\" data-image-description=\"\" data-image-caption=\"\" data-medium-file=\"https:\/\/i0.wp.com\/www.robertosedda.it\/wp-content\/uploads\/2016\/10\/20160923_184514.jpg?fit=300%2C180\" data-large-file=\"https:\/\/i0.wp.com\/www.robertosedda.it\/wp-content\/uploads\/2016\/10\/20160923_184514.jpg?fit=510%2C306\" decoding=\"async\" loading=\"lazy\" class=\"aligncenter size-full wp-image-12639\" src=\"https:\/\/i0.wp.com\/www.robertosedda.it\/wp-content\/uploads\/2016\/10\/20160923_184514.jpg?resize=800%2C480\" alt=\"20160923_184514\" width=\"800\" height=\"480\" srcset=\"https:\/\/i0.wp.com\/www.robertosedda.it\/wp-content\/uploads\/2016\/10\/20160923_184514.jpg?w=2560 2560w, https:\/\/i0.wp.com\/www.robertosedda.it\/wp-content\/uploads\/2016\/10\/20160923_184514.jpg?resize=150%2C90 150w, https:\/\/i0.wp.com\/www.robertosedda.it\/wp-content\/uploads\/2016\/10\/20160923_184514.jpg?resize=300%2C180 300w, https:\/\/i0.wp.com\/www.robertosedda.it\/wp-content\/uploads\/2016\/10\/20160923_184514.jpg?resize=510%2C306 510w, https:\/\/i0.wp.com\/www.robertosedda.it\/wp-content\/uploads\/2016\/10\/20160923_184514.jpg?resize=700%2C420 700w, https:\/\/i0.wp.com\/www.robertosedda.it\/wp-content\/uploads\/2016\/10\/20160923_184514.jpg?w=1600 1600w, https:\/\/i0.wp.com\/www.robertosedda.it\/wp-content\/uploads\/2016\/10\/20160923_184514.jpg?w=2400 2400w\" sizes=\"(max-width: 800px) 100vw, 800px\" data-recalc-dims=\"1\" \/><\/a>Puntini sulle &#8220;i&#8221;<\/h2>\n<p>\u00c8 anche vero che\u00a0la dimensione associativa della Banca non esiste nel vuoto. I padri fondatori &#8211; sempre loro &#8211; non hanno scelto di fare un movimento politico o culturale: hanno scelto di fare un&#8217;azione politica e culturale fondando un&#8217;impresa, anzi, tanto per fare le cose pi\u00f9 complicate, non un&#8217;impresa qualunque: una <em>banca<\/em>. E quindi in realt\u00e0 c&#8217;\u00e8 un&#8217;altra cosa che <em>comanda<\/em>, nella nostra intrapresa, ed \u00e8\u00a0la sostenibilit\u00e0 economica: si pu\u00f2 fare tutto quel che si vuole, ma alla fine gli stipendi vanno pagati, i conti onorati, i soldi dei clienti tutelati e le realt\u00e0 che vogliamo finanziare devono poter accedere al credito a condizioni ragionevoli. Quindi in realt\u00e0 i soci comandano&#8230; ma comanda anche la sostenibilit\u00e0 di bilancio.<\/p>\n<p>E per di pi\u00f9 non siamo solo una banca ad azionariato diffuso: siamo anche una banca, come dice il nome, <em>etica<\/em>. E questo \u00e8 il terzo paletto dal quale non si pu\u00f2 sfuggire: non mi dilungo, ma se saltasse \u00e8 chiaro che tutto il resto non avrebbe pi\u00f9 senso.<\/p>\n<p>La cosa interessante, e uno dei motivi per il quale sto facendo questo discorso qui, dove presumibilmente leggono anche persone che non sono socie della Banca, \u00e8 che il mantenere in piedi la sostenibilit\u00e0 economica e l&#8217;orientamento etico e il movente ideale della Banca non sono in contraddizione con l&#8217;idea del primato della forma associativa: come sa chiunque abbia mai messo il naso dentro la Banca\u00a0 una base sociale attiva e vitale \u00e8 garanzia non solo\u00a0di innovativit\u00e0 e di mantenimento dello slancio ideale ma anche del buon andamento degli affari, un tema che\u00a0fa parte della storia del movimento cooperativo ma che spesso non mi sembra particolarmente percepito nel dibattito politico e culturale\u00a0pi\u00f9 ampio.<\/p>\n<p><a href=\"https:\/\/i0.wp.com\/www.robertosedda.it\/wp-content\/uploads\/2016\/10\/20160923_182835.jpg\"><img data-attachment-id=\"12640\" data-permalink=\"http:\/\/www.robertosedda.it\/?attachment_id=12640\" data-orig-file=\"https:\/\/i0.wp.com\/www.robertosedda.it\/wp-content\/uploads\/2016\/10\/20160923_182835.jpg?fit=2560%2C1536\" data-orig-size=\"2560,1536\" data-comments-opened=\"1\" data-image-meta=\"{&quot;aperture&quot;:&quot;2.6&quot;,&quot;credit&quot;:&quot;&quot;,&quot;camera&quot;:&quot;GT-I9060I&quot;,&quot;caption&quot;:&quot;&quot;,&quot;created_timestamp&quot;:&quot;1474655315&quot;,&quot;copyright&quot;:&quot;&quot;,&quot;focal_length&quot;:&quot;3.31&quot;,&quot;iso&quot;:&quot;50&quot;,&quot;shutter_speed&quot;:&quot;0.01&quot;,&quot;title&quot;:&quot;&quot;,&quot;orientation&quot;:&quot;1&quot;}\" data-image-title=\"20160923_182835\" data-image-description=\"\" data-image-caption=\"\" data-medium-file=\"https:\/\/i0.wp.com\/www.robertosedda.it\/wp-content\/uploads\/2016\/10\/20160923_182835.jpg?fit=300%2C180\" data-large-file=\"https:\/\/i0.wp.com\/www.robertosedda.it\/wp-content\/uploads\/2016\/10\/20160923_182835.jpg?fit=510%2C306\" decoding=\"async\" loading=\"lazy\" class=\"aligncenter size-full wp-image-12640\" src=\"https:\/\/i0.wp.com\/www.robertosedda.it\/wp-content\/uploads\/2016\/10\/20160923_182835.jpg?resize=800%2C480\" alt=\"20160923_182835\" width=\"800\" height=\"480\" srcset=\"https:\/\/i0.wp.com\/www.robertosedda.it\/wp-content\/uploads\/2016\/10\/20160923_182835.jpg?w=2560 2560w, https:\/\/i0.wp.com\/www.robertosedda.it\/wp-content\/uploads\/2016\/10\/20160923_182835.jpg?resize=150%2C90 150w, https:\/\/i0.wp.com\/www.robertosedda.it\/wp-content\/uploads\/2016\/10\/20160923_182835.jpg?resize=300%2C180 300w, https:\/\/i0.wp.com\/www.robertosedda.it\/wp-content\/uploads\/2016\/10\/20160923_182835.jpg?resize=510%2C306 510w, https:\/\/i0.wp.com\/www.robertosedda.it\/wp-content\/uploads\/2016\/10\/20160923_182835.jpg?resize=700%2C420 700w, https:\/\/i0.wp.com\/www.robertosedda.it\/wp-content\/uploads\/2016\/10\/20160923_182835.jpg?w=1600 1600w, https:\/\/i0.wp.com\/www.robertosedda.it\/wp-content\/uploads\/2016\/10\/20160923_182835.jpg?w=2400 2400w\" sizes=\"(max-width: 800px) 100vw, 800px\" data-recalc-dims=\"1\" \/><\/a>Visto che stiamo\u00a0posizionando con attenzione tutti i confini mi sembra anche utile notare, soprattutto per coloro che non hanno mai particolarmente approfondito questi temi, che enfatizzare il ruolo dei soci fuori degli incarichi gestionali espliciti &#8211; presidente, amministratore, eccetera &#8211; pu\u00f2 comportare dei rischi organizzativi: tu sei l\u00e0 che produci, boh, scarpe, ti giri un attimo e scopri che c&#8217;\u00e8 un socio che \u00e8 l\u00e0 &#8211; siccome dopotutto lui \u00e8 padrone &#8211; e sta dicendo agli operai come devono risuolare la tomaia. In realt\u00e0 paradossalmente anche qui i fondatori e la loro strana scelta di fare una banca ci aiuta: perch\u00e9 in una banca &#8211; bene amministrata, <em>\u00e7a va sans dire<\/em> &#8211; il rischio di interferenze \u00e8 <em>minore<\/em>;\u00a0la normativa a tutela del risparmio \u00e8 molto stringente, permette che certe cose le faccia solo chi \u00e8 deputato salvo sanzioni anche pesanti, e quindi i soci della Banca sanno benissimo che ci sono dei limiti operativi che non si possono a nessun costo attraversare (il che non vuol dire che non ci siano spazi per partecipare al processo del credito, penso alle <a href=\"http:\/\/www.bancaetica.it\/chi-siamo\/responsabilita-sociale-dimpresa\/listruttoria-socio-ambientale\">valutazioni sociali<\/a>, ma sono percorsi strettamente normati e comunque la decisione \u00e8 sempre in capo a\u00a0funzionari della banca, non a soci).<\/p>\n<h2>Si, ma quindi?<\/h2>\n<p>Discorsi interessanti, per carit\u00e0, ma forse qualcuno potrebbe chiedersi qual \u00e8 il senso. Il fatto \u00e8, e anche questo \u00e8 interessante da notare, che nelle organizzazioni spesso ci sono parti che funzionano a velocit\u00e0 diversa e hanno un&#8217;<em>anima<\/em> interna diversa. In una realt\u00e0 come Banca Etica, i dipendenti vanno al lavoro tutti i giorni, lavorano tanto, hanno clienti che li sollecitano quotidianamente, procedure consolidate, regolamenti bancari da seguire. Le filiali e gli uffici della Banca sono, anche visivamente, la sua manifestazione pi\u00f9 palese. \u00c8 chiaro che la dimensione operativa \u00e8 il &#8220;cuore&#8221; della Banca, e tende a porsi al centro &#8211; anche per quel tema della sostenibilit\u00e0 economica del quale dicevo.<\/p>\n<p>Anche la dimensione etica e ideale \u00e8 molto presidiata e strutturata: ci sono\u00a0un <a href=\"http:\/\/www.bancaetica.it\/documento\/codice-etico-banca-etica\">Codice Etico<\/a>, un <a href=\"http:\/\/www.bancaetica.it\/chi-siamo\/profilo-istituzionale\/il-comitato-etico\">Comitato Etico<\/a>, un <a href=\"http:\/\/www.bancaetica.it\/chi-siamo\/la-politica-del-credito-di-banca-etica\/il-manifesto-di-banca-etica\">Manifesto Politico<\/a> della Banca, una serie di procedure interne che vengono agite tutti i giorni, per esempio le valutazioni sociali. Ci sono\u00a0<em>uffici<\/em> che se ne occupano, a diversi livelli.<\/p>\n<p><a href=\"https:\/\/i0.wp.com\/www.robertosedda.it\/wp-content\/uploads\/2016\/10\/20160923_182644.jpg\"><img data-attachment-id=\"12641\" data-permalink=\"http:\/\/www.robertosedda.it\/?attachment_id=12641\" data-orig-file=\"https:\/\/i0.wp.com\/www.robertosedda.it\/wp-content\/uploads\/2016\/10\/20160923_182644.jpg?fit=2560%2C1536\" data-orig-size=\"2560,1536\" data-comments-opened=\"1\" data-image-meta=\"{&quot;aperture&quot;:&quot;2.6&quot;,&quot;credit&quot;:&quot;&quot;,&quot;camera&quot;:&quot;GT-I9060I&quot;,&quot;caption&quot;:&quot;&quot;,&quot;created_timestamp&quot;:&quot;1474655204&quot;,&quot;copyright&quot;:&quot;&quot;,&quot;focal_length&quot;:&quot;3.31&quot;,&quot;iso&quot;:&quot;100&quot;,&quot;shutter_speed&quot;:&quot;0.01&quot;,&quot;title&quot;:&quot;&quot;,&quot;orientation&quot;:&quot;1&quot;}\" data-image-title=\"20160923_182644\" data-image-description=\"\" data-image-caption=\"\" data-medium-file=\"https:\/\/i0.wp.com\/www.robertosedda.it\/wp-content\/uploads\/2016\/10\/20160923_182644.jpg?fit=300%2C180\" data-large-file=\"https:\/\/i0.wp.com\/www.robertosedda.it\/wp-content\/uploads\/2016\/10\/20160923_182644.jpg?fit=510%2C306\" decoding=\"async\" loading=\"lazy\" class=\"aligncenter size-full wp-image-12641\" src=\"https:\/\/i0.wp.com\/www.robertosedda.it\/wp-content\/uploads\/2016\/10\/20160923_182644.jpg?resize=800%2C480\" alt=\"20160923_182644\" width=\"800\" height=\"480\" srcset=\"https:\/\/i0.wp.com\/www.robertosedda.it\/wp-content\/uploads\/2016\/10\/20160923_182644.jpg?w=2560 2560w, https:\/\/i0.wp.com\/www.robertosedda.it\/wp-content\/uploads\/2016\/10\/20160923_182644.jpg?resize=150%2C90 150w, https:\/\/i0.wp.com\/www.robertosedda.it\/wp-content\/uploads\/2016\/10\/20160923_182644.jpg?resize=300%2C180 300w, https:\/\/i0.wp.com\/www.robertosedda.it\/wp-content\/uploads\/2016\/10\/20160923_182644.jpg?resize=510%2C306 510w, https:\/\/i0.wp.com\/www.robertosedda.it\/wp-content\/uploads\/2016\/10\/20160923_182644.jpg?resize=700%2C420 700w, https:\/\/i0.wp.com\/www.robertosedda.it\/wp-content\/uploads\/2016\/10\/20160923_182644.jpg?w=1600 1600w, https:\/\/i0.wp.com\/www.robertosedda.it\/wp-content\/uploads\/2016\/10\/20160923_182644.jpg?w=2400 2400w\" sizes=\"(max-width: 800px) 100vw, 800px\" data-recalc-dims=\"1\" \/><\/a>I soci, invece, sono migliaia e tutti diversi. I\u00a0<em>territori<\/em> sono diversi, impongono orari, organizzazioni, ritmi diversi. I soci sono volontari, lavorano tanto per la Banca ma in orari e con livelli di impegno molto differenti da quelli delle altre componenti della Banca. Dei tre paletti fondamentali di Banca Etica, i primi due sono <em>solidi<\/em>, ma i soci sono\u00a0<em>liquidi<\/em>.\u00a0Si tratta di una differenza strutturale che, inevitabilmente, comporta una differenza\u00a0di\u00a0<em>potere<\/em> (&#8220;potere&#8221; \u00e8 un&#8217;altra parola che pu\u00f2 non piacere: dopotutto tutti abbiamo letto\u00a0<em><a href=\"http:\/\/www.ibs.it\/code\/9788874210381\/holloway-john\/cambiare-mondo-senza.html\">Cambiare il mondo senza prendere il potere<\/a><\/em>); il potere nelle organizzazioni \u00e8 la possibilit\u00e0 di agire e incidere: \u00e8 chiaro che agire e incidere \u00e8 pi\u00f9 difficile a partire dallo stato liquido\u00a0(qualche volta, diciamolo, anche gassoso) e quindi i soci hanno bisogno di un presidio che prima ancora che organizzativo deve essere ideale. Ci vuole la <em>volont\u00e0 <\/em>di mettere i soci al centro.<\/p>\n<p>Quale pu\u00f2 essere? Ma che i\u00a0soci comandano, perbacco. Ripetiamocelo tutti insieme, pi\u00f9 e pi\u00f9 volte, cos\u00ec non ce lo dimentichiamo.<\/p>\n<h2>Si, ma il vaso&#8230; (chiarimento forse non necessario)<\/h2>\n<p>Rileggo e mi rendo conto che se \u00e8 evidente per tutti che il vaso comanda perch\u00e9 c&#8217;\u00e8 la colonna montante, gli scarichi eccetera, magari non \u00e8 cos\u00ec evidente e autoesplicativo che i soci abbiano una funzione altrettanto centrale.<\/p>\n<p>E quindi, perch\u00e9 i soci hanno questa funzione cos\u00ec centrale? In base a cosa tutto il resto della Banca va configurato per lasciargli spazio?<\/p>\n<p>Beh, ma perch\u00e9 i soci sono i\u00a0<em>padroni<\/em> della Banca, cosa che, ne converrete, non \u00e8 proprio secondaria.<\/p>\n<p>E perch\u00e9 la Banca \u00e8 democratica (sempre grazie alle intuizioni dei succitati fondatori) e mettere i soci in posizione diversa vorrebbe\u00a0dire, forzatamente, mettere in secondo piano anche la democrazia. E, converrete con me, qualunque democrazia che non avesse libert\u00e0 di esprimersi senza essere compressa non sarebbe pi\u00f9 democrazia. Con l&#8217;ultima riforma del Regolamento elettorale, oltretutto,\u00a0il CdA \u00e8 eletto mediante un meccanismo di liste contrapposte il che rende il gioco democratico pi\u00f9 vivace, e quindi rende necessario renderlo anche sempre pi\u00f9 libero di esprimersi in tutte le sue forme, senza condizionamenti.<a href=\"https:\/\/i0.wp.com\/www.robertosedda.it\/wp-content\/uploads\/2016\/10\/20160923_183812.jpg\"><img data-attachment-id=\"12642\" data-permalink=\"http:\/\/www.robertosedda.it\/?attachment_id=12642\" data-orig-file=\"https:\/\/i0.wp.com\/www.robertosedda.it\/wp-content\/uploads\/2016\/10\/20160923_183812.jpg?fit=2560%2C1536\" data-orig-size=\"2560,1536\" data-comments-opened=\"1\" data-image-meta=\"{&quot;aperture&quot;:&quot;2.6&quot;,&quot;credit&quot;:&quot;&quot;,&quot;camera&quot;:&quot;GT-I9060I&quot;,&quot;caption&quot;:&quot;&quot;,&quot;created_timestamp&quot;:&quot;1474655892&quot;,&quot;copyright&quot;:&quot;&quot;,&quot;focal_length&quot;:&quot;3.31&quot;,&quot;iso&quot;:&quot;50&quot;,&quot;shutter_speed&quot;:&quot;0.01&quot;,&quot;title&quot;:&quot;&quot;,&quot;orientation&quot;:&quot;1&quot;}\" data-image-title=\"20160923_183812\" data-image-description=\"\" data-image-caption=\"\" data-medium-file=\"https:\/\/i0.wp.com\/www.robertosedda.it\/wp-content\/uploads\/2016\/10\/20160923_183812.jpg?fit=300%2C180\" data-large-file=\"https:\/\/i0.wp.com\/www.robertosedda.it\/wp-content\/uploads\/2016\/10\/20160923_183812.jpg?fit=510%2C306\" decoding=\"async\" loading=\"lazy\" class=\"aligncenter size-full wp-image-12642\" src=\"https:\/\/i0.wp.com\/www.robertosedda.it\/wp-content\/uploads\/2016\/10\/20160923_183812.jpg?resize=800%2C480\" alt=\"20160923_183812\" width=\"800\" height=\"480\" srcset=\"https:\/\/i0.wp.com\/www.robertosedda.it\/wp-content\/uploads\/2016\/10\/20160923_183812.jpg?w=2560 2560w, https:\/\/i0.wp.com\/www.robertosedda.it\/wp-content\/uploads\/2016\/10\/20160923_183812.jpg?resize=150%2C90 150w, https:\/\/i0.wp.com\/www.robertosedda.it\/wp-content\/uploads\/2016\/10\/20160923_183812.jpg?resize=300%2C180 300w, https:\/\/i0.wp.com\/www.robertosedda.it\/wp-content\/uploads\/2016\/10\/20160923_183812.jpg?resize=510%2C306 510w, https:\/\/i0.wp.com\/www.robertosedda.it\/wp-content\/uploads\/2016\/10\/20160923_183812.jpg?resize=700%2C420 700w, https:\/\/i0.wp.com\/www.robertosedda.it\/wp-content\/uploads\/2016\/10\/20160923_183812.jpg?w=1600 1600w, https:\/\/i0.wp.com\/www.robertosedda.it\/wp-content\/uploads\/2016\/10\/20160923_183812.jpg?w=2400 2400w\" sizes=\"(max-width: 800px) 100vw, 800px\" data-recalc-dims=\"1\" \/><\/a><\/p>\n<p>[le foto sono alcune di quelle scattate in occasione dell&#8217;inaugurazione dell&#8217;ufficio della Banchiera ambulante di Cagliari, un buon esempio di soci in piena attivit\u00e0]<\/p>\n","protected":false},"excerpt":{"rendered":"<p>I soci\u00a0comandano?! Durante una recente riunione in Banca Etica mi \u00e8 capitato di usare l&#8217;espressione: \u00abI soci comandano\u00bb. Mi sono<\/p>\n","protected":false},"author":1,"featured_media":12642,"comment_status":"open","ping_status":"open","sticky":false,"template":"","format":"standard","meta":{"_mi_skip_tracking":false,"_monsterinsights_sitenote_active":false,"_monsterinsights_sitenote_note":"","_monsterinsights_sitenote_category":0,"jetpack_post_was_ever_published":false,"_jetpack_newsletter_access":"","jetpack_publicize_message":"","jetpack_is_tweetstorm":false,"jetpack_publicize_feature_enabled":true,"jetpack_social_post_already_shared":true,"jetpack_social_options":{"image_generator_settings":{"template":"highway","enabled":false}}},"categories":[72,52,55,17,16],"tags":[],"jetpack_publicize_connections":[],"jetpack_featured_media_url":"https:\/\/i0.wp.com\/www.robertosedda.it\/wp-content\/uploads\/2016\/10\/20160923_183812.jpg?fit=2560%2C1536","jetpack_sharing_enabled":true,"jetpack_shortlink":"https:\/\/wp.me\/p4jV2T-3hN","jetpack_likes_enabled":true,"jetpack-related-posts":[{"id":20583,"url":"http:\/\/www.robertosedda.it\/?p=20583","url_meta":{"origin":12635,"position":0},"title":"Sul percorso elettorale di Banca Etica","author":"Rufus","date":"05\/05\/2025","format":false,"excerpt":"Premessa: questo articolo \u00e8 scritto un po' come una cipolla, a strati. Se vi interessa solo sapere chi voter\u00f2, potete fermarvi all'inizio. Se volete le motivazioni e un po' di ulteriori riflessioni, andate avanti. L'immagine qui a fianco serve a dire che s\u00ec, non \u00e8 solo una dichiarazione di appoggio,\u2026","rel":"","context":"In &quot;Banche e finanza&quot;","block_context":{"text":"Banche e finanza","link":"http:\/\/www.robertosedda.it\/?cat=72"},"img":{"alt_text":"","src":"https:\/\/i0.wp.com\/www.robertosedda.it\/wp-content\/uploads\/2019\/08\/Rufus-1.png?fit=834%2C720&resize=350%2C200","width":350,"height":200,"srcset":"https:\/\/i0.wp.com\/www.robertosedda.it\/wp-content\/uploads\/2019\/08\/Rufus-1.png?fit=834%2C720&resize=350%2C200 1x, https:\/\/i0.wp.com\/www.robertosedda.it\/wp-content\/uploads\/2019\/08\/Rufus-1.png?fit=834%2C720&resize=700%2C400 2x"},"classes":[]},{"id":3077,"url":"http:\/\/www.robertosedda.it\/?p=3077","url_meta":{"origin":12635,"position":1},"title":"Sotto attacco","author":"Rufus","date":"03\/05\/2013","format":false,"excerpt":"Non \u00e8 una cosa che si dica in giro ma molti soci di Banca Etica sanno che da alcuni mesi arrivano, prima solo ad alcuni, poi\u00a0\u00a0a tutti i responsabili dei soci, poi a indirizzari via via pi\u00f9 vasti di soci e dipendenti, mail anonime (firmate da sedicenti \"amici di Banca\u2026","rel":"","context":"In &quot;Coordinate&quot;","block_context":{"text":"Coordinate","link":"http:\/\/www.robertosedda.it\/?cat=52"},"img":{"alt_text":"","src":"https:\/\/i0.wp.com\/www.robertosedda.it\/wp-content\/uploads\/2013\/05\/Banca.jpg?fit=1024%2C768&resize=350%2C200","width":350,"height":200,"srcset":"https:\/\/i0.wp.com\/www.robertosedda.it\/wp-content\/uploads\/2013\/05\/Banca.jpg?fit=1024%2C768&resize=350%2C200 1x, https:\/\/i0.wp.com\/www.robertosedda.it\/wp-content\/uploads\/2013\/05\/Banca.jpg?fit=1024%2C768&resize=700%2C400 2x"},"classes":[]},{"id":4744,"url":"http:\/\/www.robertosedda.it\/?p=4744","url_meta":{"origin":12635,"position":2},"title":"Sabato la finanza etica era a Olbia","author":"Rufus","date":"21\/10\/2013","format":"video","excerpt":"Il 19 ottobre sono intervenuto con Carlo Usai al convegno La finanza etica ti toglie un peso. C'era anche Gaetano Lauta, responsabile dei soci di Banca Etica di Cagliari, e sia gli organizzatori che il pubblico erano largamente presenti persone legate al Movimento Cinque Stelle. \u00c8 stato un dibattito molto\u2026","rel":"","context":"In &quot;Banche e finanza&quot;","block_context":{"text":"Banche e finanza","link":"http:\/\/www.robertosedda.it\/?cat=72"},"img":{"alt_text":"","src":"https:\/\/i0.wp.com\/www.robertosedda.it\/wp-content\/uploads\/2013\/10\/Finanza-etica-Olbia-219x300.jpeg?resize=350%2C200","width":350,"height":200},"classes":[]},{"id":1642,"url":"http:\/\/www.robertosedda.it\/?p=1642","url_meta":{"origin":12635,"position":3},"title":"Quel che ho detto (o volevo dire) a Eben Ezer &#8211; la Sardegna","author":"Rufus","date":"18\/12\/2012","format":false,"excerpt":"L'altro giorno mi sono dilungato molto di pi\u00f9, oggi sar\u00f2 (per fortuna di tutti) pi\u00f9 breve. La domanda a cui avrei dovuto rispondere nella seconda parte del mio intervento era, pi\u00f9 o meno: com'\u00e8 la Sardegna vista dalla visuale di Banca Popolare Etica? Pi\u00f9 esattamente, come \u00e8 la Sardegna vista\u2026","rel":"","context":"In &quot;Coordinate&quot;","block_context":{"text":"Coordinate","link":"http:\/\/www.robertosedda.it\/?cat=52"},"img":{"alt_text":"","src":"","width":0,"height":0},"classes":[]},{"id":10205,"url":"http:\/\/www.robertosedda.it\/?p=10205","url_meta":{"origin":12635,"position":4},"title":"Articoli dimenticati","author":"Rufus","date":"08\/05\/2015","format":false,"excerpt":"Mi sono accorto oggi che non avevo riportato sul\u00a0blog l'articolo che ho pubblicato sul supplemento diocesano di\u00a0Avvenire\u00a0del 19 aprile 2015, dedicato a Banca Etica. Lo riposto qui: \u00e8 un articolo brevissimo e anche piuttosto anonimo (me lo dico da solo...), nel senso che occorreva prima di tutto presentare la Banca\u2026","rel":"","context":"In &quot;Banche e finanza&quot;","block_context":{"text":"Banche e finanza","link":"http:\/\/www.robertosedda.it\/?cat=72"},"img":{"alt_text":"","src":"https:\/\/i0.wp.com\/www.robertosedda.it\/wp-content\/uploads\/2015\/05\/Avvenire-Cagliari-testata.jpg?fit=648%2C218&resize=350%2C200","width":350,"height":200},"classes":[]},{"id":5935,"url":"http:\/\/www.robertosedda.it\/?p=5935","url_meta":{"origin":12635,"position":5},"title":"Quello che ho detto all&#8217;Assemblea del GIT di Sassari","author":"Rufus","date":"27\/01\/2014","format":false,"excerpt":"Mercoled\u00ec scorso sono\u00a0andato a Sassari\u00a0con Gaetano Lauta, coordinatore dei soci di Banca Etica della Sardegna meridionale, all'assemblea dei cugini soci della Sardegna settentrionale. \u00c8 stata un'Assemblea molto bella e piuttosto intensa e, naturalmente, a un certo punto mi hanno fatto parlare. Ne ho approfittato per dire un paio delle cose\u2026","rel":"","context":"In &quot;Banche e finanza&quot;","block_context":{"text":"Banche e finanza","link":"http:\/\/www.robertosedda.it\/?cat=72"},"img":{"alt_text":"","src":"https:\/\/i0.wp.com\/www.robertosedda.it\/wp-content\/uploads\/2012\/11\/2012-11-18-10.14.20.jpg?fit=1200%2C900&resize=350%2C200","width":350,"height":200,"srcset":"https:\/\/i0.wp.com\/www.robertosedda.it\/wp-content\/uploads\/2012\/11\/2012-11-18-10.14.20.jpg?fit=1200%2C900&resize=350%2C200 1x, https:\/\/i0.wp.com\/www.robertosedda.it\/wp-content\/uploads\/2012\/11\/2012-11-18-10.14.20.jpg?fit=1200%2C900&resize=700%2C400 2x, https:\/\/i0.wp.com\/www.robertosedda.it\/wp-content\/uploads\/2012\/11\/2012-11-18-10.14.20.jpg?fit=1200%2C900&resize=1050%2C600 3x"},"classes":[]}],"_links":{"self":[{"href":"http:\/\/www.robertosedda.it\/index.php?rest_route=\/wp\/v2\/posts\/12635"}],"collection":[{"href":"http:\/\/www.robertosedda.it\/index.php?rest_route=\/wp\/v2\/posts"}],"about":[{"href":"http:\/\/www.robertosedda.it\/index.php?rest_route=\/wp\/v2\/types\/post"}],"author":[{"embeddable":true,"href":"http:\/\/www.robertosedda.it\/index.php?rest_route=\/wp\/v2\/users\/1"}],"replies":[{"embeddable":true,"href":"http:\/\/www.robertosedda.it\/index.php?rest_route=%2Fwp%2Fv2%2Fcomments&post=12635"}],"version-history":[{"count":6,"href":"http:\/\/www.robertosedda.it\/index.php?rest_route=\/wp\/v2\/posts\/12635\/revisions"}],"predecessor-version":[{"id":20586,"href":"http:\/\/www.robertosedda.it\/index.php?rest_route=\/wp\/v2\/posts\/12635\/revisions\/20586"}],"wp:featuredmedia":[{"embeddable":true,"href":"http:\/\/www.robertosedda.it\/index.php?rest_route=\/wp\/v2\/media\/12642"}],"wp:attachment":[{"href":"http:\/\/www.robertosedda.it\/index.php?rest_route=%2Fwp%2Fv2%2Fmedia&parent=12635"}],"wp:term":[{"taxonomy":"category","embeddable":true,"href":"http:\/\/www.robertosedda.it\/index.php?rest_route=%2Fwp%2Fv2%2Fcategories&post=12635"},{"taxonomy":"post_tag","embeddable":true,"href":"http:\/\/www.robertosedda.it\/index.php?rest_route=%2Fwp%2Fv2%2Ftags&post=12635"}],"curies":[{"name":"wp","href":"https:\/\/api.w.org\/{rel}","templated":true}]}}