{"id":12624,"date":"2016-10-04T15:08:53","date_gmt":"2016-10-04T13:08:53","guid":{"rendered":"http:\/\/www.robertosedda.it\/?p=12624"},"modified":"2018-11-07T12:35:28","modified_gmt":"2018-11-07T11:35:28","slug":"a-me-non-sembra-sano","status":"publish","type":"post","link":"http:\/\/www.robertosedda.it\/?p=12624","title":{"rendered":"A me non sembra sano"},"content":{"rendered":"<p>C&#8217;\u00e8 una cosa che penso da qualche settima, forse pochi mesi, e che esito a dire per paura dell&#8217;impressione che posso dare.<\/p>\n<p>Spero solo che la mia lunga militanza passata e il mio\u00a0<em>curriculum<\/em> politico mi mettano al sicuro.<\/p>\n<p>La cosa \u00e8 questa: io lavoro in via Nicolodi, in alto, davanti all&#8217;Anfiteatro romano. Per andare al lavoro prendo l&#8217;8 e per concedermi il piacere di un caff\u00e8 prima di entrare scendo alla\u00a0fermata precedente, davanti al baretto della Polizia, e poi faccio due passi a piedi lungo tutto il viale Buoncammino. E spesso in pausa pranzo\u00a0vado a prendere un panino fino all&#8217;ultimo chiosco del viale, nell&#8217;altra direzione.<\/p>\n<p>Altre volte dall&#8217;ufficio scendo in Facolt\u00e0 per qualche incombenza, e faccio viale Fra&#8217; Ignazio su e gi\u00f9.<\/p>\n<figure id=\"attachment_12625\" aria-describedby=\"caption-attachment-12625\" style=\"width: 650px\" class=\"wp-caption aligncenter\"><a href=\"https:\/\/i0.wp.com\/www.robertosedda.it\/wp-content\/uploads\/2016\/10\/Buoncammino-Sardegna-Oggi.jpg\"><img data-attachment-id=\"12625\" data-permalink=\"http:\/\/www.robertosedda.it\/?attachment_id=12625\" data-orig-file=\"https:\/\/i0.wp.com\/www.robertosedda.it\/wp-content\/uploads\/2016\/10\/Buoncammino-Sardegna-Oggi.jpg?fit=650%2C313\" data-orig-size=\"650,313\" data-comments-opened=\"1\" data-image-meta=\"{&quot;aperture&quot;:&quot;0&quot;,&quot;credit&quot;:&quot;&quot;,&quot;camera&quot;:&quot;&quot;,&quot;caption&quot;:&quot;&quot;,&quot;created_timestamp&quot;:&quot;0&quot;,&quot;copyright&quot;:&quot;&quot;,&quot;focal_length&quot;:&quot;0&quot;,&quot;iso&quot;:&quot;0&quot;,&quot;shutter_speed&quot;:&quot;0&quot;,&quot;title&quot;:&quot;&quot;,&quot;orientation&quot;:&quot;0&quot;}\" data-image-title=\"buoncammino-sardegna-oggi\" data-image-description=\"\" data-image-caption=\"\" data-medium-file=\"https:\/\/i0.wp.com\/www.robertosedda.it\/wp-content\/uploads\/2016\/10\/Buoncammino-Sardegna-Oggi.jpg?fit=300%2C144\" data-large-file=\"https:\/\/i0.wp.com\/www.robertosedda.it\/wp-content\/uploads\/2016\/10\/Buoncammino-Sardegna-Oggi.jpg?fit=510%2C246\" decoding=\"async\" loading=\"lazy\" class=\"wp-image-12625 size-full\" src=\"https:\/\/i0.wp.com\/www.robertosedda.it\/wp-content\/uploads\/2016\/10\/Buoncammino-Sardegna-Oggi.jpg?resize=650%2C313\" alt=\"buoncammino-sardegna-oggi\" width=\"650\" height=\"313\" srcset=\"https:\/\/i0.wp.com\/www.robertosedda.it\/wp-content\/uploads\/2016\/10\/Buoncammino-Sardegna-Oggi.jpg?w=650 650w, https:\/\/i0.wp.com\/www.robertosedda.it\/wp-content\/uploads\/2016\/10\/Buoncammino-Sardegna-Oggi.jpg?resize=150%2C72 150w, https:\/\/i0.wp.com\/www.robertosedda.it\/wp-content\/uploads\/2016\/10\/Buoncammino-Sardegna-Oggi.jpg?resize=300%2C144 300w, https:\/\/i0.wp.com\/www.robertosedda.it\/wp-content\/uploads\/2016\/10\/Buoncammino-Sardegna-Oggi.jpg?resize=510%2C246 510w\" sizes=\"(max-width: 650px) 100vw, 650px\" data-recalc-dims=\"1\" \/><\/a><figcaption id=\"caption-attachment-12625\" class=\"wp-caption-text\">Foto di <em>Sardegna Oggi<\/em><\/figcaption><\/figure>\n<p>Tutte le volte noto gruppi di ragazzi palesemente stranieri, accampati sulle panchine, qui e l\u00e0, oppure in movimento da un punto all&#8217;altro del triangolo (c&#8217;\u00e8 la mensa, la Caritas, l&#8217;ufficio stranieri della Polizia).<\/p>\n<p>E penso che non \u00e8 sano. Non \u00e8 sano, non \u00e8 normale che in un tessuto urbano ci siano gruppi di giovani uomini lasciati a se stessi per tutta la giornata, per strada. Stiamo parlando delle ore di luce, quindi il discorso non riguarda il decoro come per il presunto accampamento di piazza Matteotti e le sue rimanenze. E in fondo nemmeno il discorso della sicurezza, tanto pi\u00f9 nella zona pi\u00f9 strettamente universitaria dove c&#8217;\u00e8 sempre un gran via vai di gente.<\/p>\n<p>Ho cercato di dirlo con precisione. Tessuto urbano. Giovani uomini. In gruppo.\u00a0Senza nulla da fare.<\/p>\n<p>Non lo dico neppure per un discorso etico, che pure si potrebbe fare: l&#8217;integrazione, l&#8217;accoglienza&#8230;<\/p>\n<p>O meglio: si potrebbe fare, ma \u00e8 un discorso che viene <em>dopo<\/em>.<\/p>\n<p>Quel che viene prima \u00e8 che non \u00e8 sano. Non pu\u00f2 essere <em>sano.<\/em><\/p>\n","protected":false},"excerpt":{"rendered":"<p>C&#8217;\u00e8 una cosa che penso da qualche settima, forse pochi mesi, e che esito a dire per paura dell&#8217;impressione che<\/p>\n","protected":false},"author":1,"featured_media":12625,"comment_status":"open","ping_status":"open","sticky":false,"template":"","format":"standard","meta":{"_mi_skip_tracking":false,"_monsterinsights_sitenote_active":false,"_monsterinsights_sitenote_note":"","_monsterinsights_sitenote_category":0,"jetpack_post_was_ever_published":false,"_jetpack_newsletter_access":"","jetpack_publicize_message":"","jetpack_is_tweetstorm":false,"jetpack_publicize_feature_enabled":true,"jetpack_social_post_already_shared":true,"jetpack_social_options":{"image_generator_settings":{"template":"highway","enabled":false}}},"categories":[52,57,17,59,16],"tags":[],"jetpack_publicize_connections":[],"jetpack_featured_media_url":"https:\/\/i0.wp.com\/www.robertosedda.it\/wp-content\/uploads\/2016\/10\/Buoncammino-Sardegna-Oggi.jpg?fit=650%2C313","jetpack_sharing_enabled":true,"jetpack_shortlink":"https:\/\/wp.me\/p4jV2T-3hC","jetpack_likes_enabled":true,"jetpack-related-posts":[{"id":14224,"url":"http:\/\/www.robertosedda.it\/?p=14224","url_meta":{"origin":12624,"position":0},"title":"Contributo all&#8217;esatta comprensione del vocabolario","author":"Rufus","date":"16\/10\/2017","format":false,"excerpt":"I giorni scorsi ero a Palermo e ho visto che un mio contatto lamentava Alcuni commenti alle immagini della \"marcia per la sicurezza\" in corso a Cagliari: 1) \"Heil Hitler\"; 2) \"Mussolini ci oliara immoi fianta giai abbrusciusu is nieddus\"; 3) \"ci vuole l'esercito con il colpo in canna e\u2026","rel":"","context":"In &quot;Coordinate&quot;","block_context":{"text":"Coordinate","link":"http:\/\/www.robertosedda.it\/?cat=52"},"img":{"alt_text":"","src":"https:\/\/i0.wp.com\/www.robertosedda.it\/wp-content\/uploads\/2017\/10\/19145_650_320_dy_Fiaccolata_per_la_sicurezza_a_Cagliari_sfilano_duecento_persone_-_FOTO.jpg?fit=650%2C567&resize=350%2C200","width":350,"height":200},"classes":[]},{"id":4927,"url":"http:\/\/www.robertosedda.it\/?p=4927","url_meta":{"origin":12624,"position":1},"title":"Cosa da fare a Cagliari in questo periodo","author":"Rufus","date":"06\/11\/2013","format":false,"excerpt":"Domenica in cimitero ho notato che c'era una Ceiba speciosa in fiore. La Ceiba \u00e8 quello che chiamano \"albero bottiglia\" perch\u00e9 il tronco ha una forma caratteristica, \"panciuta\". Sono per capirci quegli alberi caratterizzati, oltre che dal tronco che si allarga a un certo punto, dalla corteccia ricoperta di spuntoni,\u2026","rel":"","context":"In &quot;Coordinate&quot;","block_context":{"text":"Coordinate","link":"http:\/\/www.robertosedda.it\/?cat=52"},"img":{"alt_text":"","src":"","width":0,"height":0},"classes":[]},{"id":8868,"url":"http:\/\/www.robertosedda.it\/?p=8868","url_meta":{"origin":12624,"position":2},"title":"Passeggiando passo passo","author":"Rufus","date":"18\/11\/2014","format":false,"excerpt":"O meglio:\u00a0passillendi passu passu. Anzi: con Passu Passu \u00c8 passato pi\u00f9 di\u00a0un mese da quando ho fatto una delle passeggiate esplorative in giro per Cagliari proposte da\u00a0Passu Passu: non sono mai riuscito sinora a trovare il tempo di mettere gi\u00f9 delle osservazioni su questa attivit\u00e0, ma nell'occasione ho imparato molto\u2026","rel":"","context":"In &quot;Coordinate&quot;","block_context":{"text":"Coordinate","link":"http:\/\/www.robertosedda.it\/?cat=52"},"img":{"alt_text":"","src":"https:\/\/i0.wp.com\/www.robertosedda.it\/wp-content\/uploads\/2014\/11\/Passupassu.png?fit=1037%2C546&resize=350%2C200","width":350,"height":200,"srcset":"https:\/\/i0.wp.com\/www.robertosedda.it\/wp-content\/uploads\/2014\/11\/Passupassu.png?fit=1037%2C546&resize=350%2C200 1x, https:\/\/i0.wp.com\/www.robertosedda.it\/wp-content\/uploads\/2014\/11\/Passupassu.png?fit=1037%2C546&resize=700%2C400 2x"},"classes":[]},{"id":12277,"url":"http:\/\/www.robertosedda.it\/?p=12277","url_meta":{"origin":12624,"position":3},"title":"Staffette turistico solidali","author":"Rufus","date":"22\/07\/2016","format":false,"excerpt":"Stamattina salgo sull'8 per andare al lavoro, alla fermata vicino alla Rinascente. Mente salgo noto distrattamente una signora che si affanna a dire qualcosa all'autista, ma non ci faccio caso. Noto, invece, un gaurro in pantaloncini e canottiera da bisticcio che si alza in tutta fretta dalla panchina e apostrofa\u2026","rel":"","context":"In &quot;Coordinate&quot;","block_context":{"text":"Coordinate","link":"http:\/\/www.robertosedda.it\/?cat=52"},"img":{"alt_text":"","src":"https:\/\/i0.wp.com\/www.robertosedda.it\/wp-content\/uploads\/2016\/07\/2014-01-03-11.49.52.jpg?fit=1200%2C900&resize=350%2C200","width":350,"height":200,"srcset":"https:\/\/i0.wp.com\/www.robertosedda.it\/wp-content\/uploads\/2016\/07\/2014-01-03-11.49.52.jpg?fit=1200%2C900&resize=350%2C200 1x, https:\/\/i0.wp.com\/www.robertosedda.it\/wp-content\/uploads\/2016\/07\/2014-01-03-11.49.52.jpg?fit=1200%2C900&resize=700%2C400 2x, https:\/\/i0.wp.com\/www.robertosedda.it\/wp-content\/uploads\/2016\/07\/2014-01-03-11.49.52.jpg?fit=1200%2C900&resize=1050%2C600 3x"},"classes":[]},{"id":2986,"url":"http:\/\/www.robertosedda.it\/?p=2986","url_meta":{"origin":12624,"position":4},"title":"Il mio 25 aprile","author":"Rufus","date":"25\/04\/2013","format":"gallery","excerpt":"Oggi sono andato alla manifestazione: c'era un po' di gente, ma non tantissima, e oltretutto il corteo era diviso nettamente in due parti, una quella regular fit (cio\u00e8 il comitato organizzatore storico e gli enti pubblici) e l'altra quella straight line (cio\u00e8 il Coordinamento Antifascista) che a un certo punto\u2026","rel":"","context":"In &quot;Coordinate&quot;","block_context":{"text":"Coordinate","link":"http:\/\/www.robertosedda.it\/?cat=52"},"img":{"alt_text":"","src":"https:\/\/i0.wp.com\/www.robertosedda.it\/wp-content\/uploads\/2013\/04\/2013-04-25-10.05.31.jpg?resize=350%2C200","width":350,"height":200},"classes":[]},{"id":16637,"url":"http:\/\/www.robertosedda.it\/?p=16637","url_meta":{"origin":12624,"position":5},"title":"Di recente sul CTM","author":"Rufus","date":"30\/04\/2019","format":false,"excerpt":"Sordit\u00e0 L'altro giorno sull'autobus mi sono seduto sul primo posto che si trova appena saliti, dall'altro lato dell'autista, una specie di nicchia che considero confortevolissima e perfino dotata di una specie di piano laterale nel quale si pu\u00f2 poggiare la borsa. Quando sono salito l'autobus era mezzo vuoto ma subito\u2026","rel":"","context":"In &quot;Coordinate&quot;","block_context":{"text":"Coordinate","link":"http:\/\/www.robertosedda.it\/?cat=52"},"img":{"alt_text":"","src":"https:\/\/i0.wp.com\/www.robertosedda.it\/wp-content\/uploads\/2019\/04\/Bus-CTM.jpg?fit=1200%2C674&resize=350%2C200","width":350,"height":200,"srcset":"https:\/\/i0.wp.com\/www.robertosedda.it\/wp-content\/uploads\/2019\/04\/Bus-CTM.jpg?fit=1200%2C674&resize=350%2C200 1x, https:\/\/i0.wp.com\/www.robertosedda.it\/wp-content\/uploads\/2019\/04\/Bus-CTM.jpg?fit=1200%2C674&resize=700%2C400 2x, https:\/\/i0.wp.com\/www.robertosedda.it\/wp-content\/uploads\/2019\/04\/Bus-CTM.jpg?fit=1200%2C674&resize=1050%2C600 3x"},"classes":[]}],"_links":{"self":[{"href":"http:\/\/www.robertosedda.it\/index.php?rest_route=\/wp\/v2\/posts\/12624"}],"collection":[{"href":"http:\/\/www.robertosedda.it\/index.php?rest_route=\/wp\/v2\/posts"}],"about":[{"href":"http:\/\/www.robertosedda.it\/index.php?rest_route=\/wp\/v2\/types\/post"}],"author":[{"embeddable":true,"href":"http:\/\/www.robertosedda.it\/index.php?rest_route=\/wp\/v2\/users\/1"}],"replies":[{"embeddable":true,"href":"http:\/\/www.robertosedda.it\/index.php?rest_route=%2Fwp%2Fv2%2Fcomments&post=12624"}],"version-history":[{"count":3,"href":"http:\/\/www.robertosedda.it\/index.php?rest_route=\/wp\/v2\/posts\/12624\/revisions"}],"predecessor-version":[{"id":15826,"href":"http:\/\/www.robertosedda.it\/index.php?rest_route=\/wp\/v2\/posts\/12624\/revisions\/15826"}],"wp:featuredmedia":[{"embeddable":true,"href":"http:\/\/www.robertosedda.it\/index.php?rest_route=\/wp\/v2\/media\/12625"}],"wp:attachment":[{"href":"http:\/\/www.robertosedda.it\/index.php?rest_route=%2Fwp%2Fv2%2Fmedia&parent=12624"}],"wp:term":[{"taxonomy":"category","embeddable":true,"href":"http:\/\/www.robertosedda.it\/index.php?rest_route=%2Fwp%2Fv2%2Fcategories&post=12624"},{"taxonomy":"post_tag","embeddable":true,"href":"http:\/\/www.robertosedda.it\/index.php?rest_route=%2Fwp%2Fv2%2Ftags&post=12624"}],"curies":[{"name":"wp","href":"https:\/\/api.w.org\/{rel}","templated":true}]}}