{"id":12621,"date":"2016-10-03T12:08:27","date_gmt":"2016-10-03T10:08:27","guid":{"rendered":"http:\/\/www.robertosedda.it\/?p=12621"},"modified":"2017-11-23T17:28:45","modified_gmt":"2017-11-23T16:28:45","slug":"una-donna-per-chiarire","status":"publish","type":"post","link":"http:\/\/www.robertosedda.it\/?p=12621","title":{"rendered":"Una donna. Per chiarire"},"content":{"rendered":"<p>Non ho visto\u00a0il dibattito di venerd\u00ec fra Renzi e Zagrebelasky sulla riforma costituzionale e il referendum, quindi mi baso su quel che mi hanno raccontato e che ho letto in giro.<\/p>\n<p><a href=\"https:\/\/i0.wp.com\/www.robertosedda.it\/wp-content\/uploads\/2016\/10\/Renzi-Zagreblesky.jpg\"><img data-attachment-id=\"12622\" data-permalink=\"http:\/\/www.robertosedda.it\/?attachment_id=12622\" data-orig-file=\"https:\/\/i0.wp.com\/www.robertosedda.it\/wp-content\/uploads\/2016\/10\/Renzi-Zagreblesky.jpg?fit=800%2C400\" data-orig-size=\"800,400\" data-comments-opened=\"1\" data-image-meta=\"{&quot;aperture&quot;:&quot;0&quot;,&quot;credit&quot;:&quot;&quot;,&quot;camera&quot;:&quot;&quot;,&quot;caption&quot;:&quot;&quot;,&quot;created_timestamp&quot;:&quot;0&quot;,&quot;copyright&quot;:&quot;&quot;,&quot;focal_length&quot;:&quot;0&quot;,&quot;iso&quot;:&quot;0&quot;,&quot;shutter_speed&quot;:&quot;0&quot;,&quot;title&quot;:&quot;&quot;,&quot;orientation&quot;:&quot;0&quot;}\" data-image-title=\"renzi-zagreblesky\" data-image-description=\"\" data-image-caption=\"\" data-medium-file=\"https:\/\/i0.wp.com\/www.robertosedda.it\/wp-content\/uploads\/2016\/10\/Renzi-Zagreblesky.jpg?fit=300%2C150\" data-large-file=\"https:\/\/i0.wp.com\/www.robertosedda.it\/wp-content\/uploads\/2016\/10\/Renzi-Zagreblesky.jpg?fit=510%2C255\" decoding=\"async\" loading=\"lazy\" class=\"aligncenter size-full wp-image-12622\" src=\"https:\/\/i0.wp.com\/www.robertosedda.it\/wp-content\/uploads\/2016\/10\/Renzi-Zagreblesky.jpg?resize=800%2C400\" alt=\"renzi-zagreblesky\" width=\"800\" height=\"400\" srcset=\"https:\/\/i0.wp.com\/www.robertosedda.it\/wp-content\/uploads\/2016\/10\/Renzi-Zagreblesky.jpg?w=800 800w, https:\/\/i0.wp.com\/www.robertosedda.it\/wp-content\/uploads\/2016\/10\/Renzi-Zagreblesky.jpg?resize=150%2C75 150w, https:\/\/i0.wp.com\/www.robertosedda.it\/wp-content\/uploads\/2016\/10\/Renzi-Zagreblesky.jpg?resize=300%2C150 300w, https:\/\/i0.wp.com\/www.robertosedda.it\/wp-content\/uploads\/2016\/10\/Renzi-Zagreblesky.jpg?resize=510%2C255 510w, https:\/\/i0.wp.com\/www.robertosedda.it\/wp-content\/uploads\/2016\/10\/Renzi-Zagreblesky.jpg?resize=700%2C350 700w\" sizes=\"(max-width: 800px) 100vw, 800px\" data-recalc-dims=\"1\" \/><\/a>Ho visto\u00a0che si dice che Renzi ha interrotto Zagrebelsky molte volte, preferendo un registro comunicativo aggressivo, immediato, che lascia poco spazio all&#8217;avversario.<\/p>\n<p>Leggevo l&#8217;altro giorno su diversi siti di analisi statunitensi che una delle ragioni per le quali si ritiene che la Clinton abbia guadagnato nei sondaggi dopo il dibattito con Trump \u00e8 stato per il fatto che <a href=\"https:\/\/www.romper.com\/p\/trump-interrupted-clinton-51-times-during-the-debate-which-comes-as-no-surprise-19243\">lui la interrompeva spesso<\/a>. Alle donne, si dice, non piace vedere una candidata interrotta in questo modo: plasticamente quel che rimane \u00e8 l&#8217;idea di un uomo che fa il bullo con una donna.<\/p>\n<p>La cosa non \u00e8 del tutto infondata, nella storia della politica americana: l&#8217;esempio migliore viene dalla stessa Clinton, che\u00a0nel 2000 affrontava per il Senato un certo <a href=\"https:\/\/it.wikipedia.org\/wiki\/Rick_Lazio\">Rick Lazio<\/a>, il quale l&#8217;aveva messa molto in difficolt\u00e0 ed era pari a lei nei sondaggi. Al dibattito televisivo Lazio fece una serie di cose inusuali fino a entrare\u00a0fisicamente nello spazio dello studio della sua avversaria &#8211; l&#8217;atteggiamento non era particolarmente minaccioso, ma era comunque un&#8217;invasione di campo molto evidente &#8211; e questo gli fece perdere <a href=\"https:\/\/en.wikipedia.org\/wiki\/United_States_Senate_election_in_New_York,_2000\">l&#8217;elezione<\/a> (o gliela fece perdere peggio del previsto, diciamo).<\/p>\n<p>Perch\u00e9 sto raccontando questo? Beh, la riforma della Costituzione oggetto del\u00a0<em>referendum<\/em> \u00e8 molto &#8220;maschile&#8221;: \u00e8 decisionista, sbrigativa, taglia gli spazi di mediazione politica esplicita (la compensazione fra le due Camere, gli equilibri Stato-Regioni) e cos\u00ec via. Che a difendere questa riforma vada un\u00a0Presidente del Consiglio per il quale vengono spesso utilizzati aggettivi altrettanto maschili (dinamico, efficiente, deciso, spregiudicato, dotato di <em>killer instinct<\/em>) non dovrebbe sorprendere.\u00a0Forse invece Zagrebelsky dall&#8217;altra parte non \u00e8 l&#8217;interlocutore pi\u00f9 adeguato a far emergere questa dimensione del dibattito: perch\u00e9 \u00e8 molto rispettabile, pacato, ragionatore, un <em>civil\u00a0servant<\/em> che ha servito il Paese con onore, ma contemporaneamente il fatto che sia un uomo rende ciascuna di queste caratteristiche travisabile: \u00e8 bolso e noioso opposto a un giovane dinamico, ha sempre fatto parte dell&#8217;<em>\u00e9lite<\/em>, \u00e8, in una parola, un\u00a0<em>professorone<\/em>. Perch\u00e9 \u00e8 un uomo e il confronto con Renzi si gioca nel campo dei significati <em>maschili<\/em>. Tutto questo vuol dire che un Presidente del Consiglio che fa il gradasso con un signore anziano non \u00e8 irritante &#8211; nemmeno per gli anziani, i quali di solito non sono professori,\u00a0eminenti costituzionalisti e ex-Presidenti della Corte Costituzionale &#8211; come lo \u00e8 \u00a0per una donna vedere Trump che fa il bulletto con Hillary.<\/p>\n<p>E quindi io al prossimo dibatto con Renzi ci manderei una donna, per rigirare il gioco e rendere\u00a0visibile anche sul piano simbolico di che tratta il\u00a0dibattito. Non \u00e8 detto che questo cambi necessariamente quel che la casalinga di Voghera pensi del\u00a0<em>referendum<\/em> o che porti carrettate di voti per il NO: per\u00f2 almeno le cose sarebbero pi\u00f9 chiare, diciamo.<\/p>\n","protected":false},"excerpt":{"rendered":"<p>Non ho visto\u00a0il dibattito di venerd\u00ec fra Renzi e Zagrebelasky sulla riforma costituzionale e il referendum, quindi mi baso su<\/p>\n","protected":false},"author":1,"featured_media":12622,"comment_status":"open","ping_status":"open","sticky":false,"template":"","format":"standard","meta":{"_mi_skip_tracking":false,"_monsterinsights_sitenote_active":false,"_monsterinsights_sitenote_note":"","_monsterinsights_sitenote_category":0,"jetpack_post_was_ever_published":false,"_jetpack_newsletter_access":"","jetpack_publicize_message":"","jetpack_is_tweetstorm":false,"jetpack_publicize_feature_enabled":true,"jetpack_social_post_already_shared":true,"jetpack_social_options":{"image_generator_settings":{"template":"highway","enabled":false}}},"categories":[52,57,17,59,16],"tags":[],"jetpack_publicize_connections":[],"jetpack_featured_media_url":"https:\/\/i0.wp.com\/www.robertosedda.it\/wp-content\/uploads\/2016\/10\/Renzi-Zagreblesky.jpg?fit=800%2C400","jetpack_sharing_enabled":true,"jetpack_shortlink":"https:\/\/wp.me\/p4jV2T-3hz","jetpack_likes_enabled":true,"jetpack-related-posts":[{"id":10479,"url":"http:\/\/www.robertosedda.it\/?p=10479","url_meta":{"origin":12621,"position":0},"title":"Io non la compro","author":"Rufus","date":"01\/07\/2015","format":false,"excerpt":"Ricorderete che al momento dell'ultima chiusura ho raccontato del rapporto di affetto che mi ha legato per tanto tempo a\u00a0L'Unit\u00e0. Il giornale \u00e8 rientrato in edicola in questi giorni. Leggo che Renzi ha dichiarato: \u00abHo chiesto che l'Unit\u00e0 sia uno spazio di libert\u00e0, di confronto, di discussione\u00bb (l'enfasi \u00e8 mia).\u2026","rel":"","context":"In &quot;Coordinate&quot;","block_context":{"text":"Coordinate","link":"http:\/\/www.robertosedda.it\/?cat=52"},"img":{"alt_text":"","src":"https:\/\/i0.wp.com\/www.robertosedda.it\/wp-content\/uploads\/2015\/07\/Renzi-a-Berlino.jpg?fit=679%2C464&resize=350%2C200","width":350,"height":200},"classes":[]},{"id":8816,"url":"http:\/\/www.robertosedda.it\/?p=8816","url_meta":{"origin":12621,"position":1},"title":"Gufi. O comunisti. Cos\u00ec \u00e8 (se vi pare&#8230;)","author":"Rufus","date":"07\/11\/2014","format":false,"excerpt":"Non aderisco particolarmente all'idea che Renzi sia come Berlusconi, soprattutto\u00a0perch\u00e9, sebbene ci siano effettivi elementi di somiglianza fra le due figure, il modo di agire e il programma politico che portano avanti, temo che l'equazione troppo facile fissi il pensiero politico in una sorta di eterno istante immutabile impedendo di\u2026","rel":"","context":"In &quot;Coordinate&quot;","block_context":{"text":"Coordinate","link":"http:\/\/www.robertosedda.it\/?cat=52"},"img":{"alt_text":"","src":"https:\/\/i0.wp.com\/www.robertosedda.it\/wp-content\/uploads\/2014\/11\/Leopolda-5.png?fit=633%2C415&resize=350%2C200","width":350,"height":200},"classes":[]},{"id":6576,"url":"http:\/\/www.robertosedda.it\/?p=6576","url_meta":{"origin":12621,"position":2},"title":"Superior stabat grillinus","author":"Rufus","date":"26\/02\/2014","format":false,"excerpt":"Il 20 febbraio sul sito di Beppe Grillo viene pubblicata la notizia di un complotto veramente inquietante. Il lancio della notizia lo vedete qui sotto. Il titolo \u00e8 clamoroso e il resto dell'articolo non \u00e8 da meno. Il tutto rimanda evidentemente all'esistenza\u00a0di un piano di lungo termine, tale da far\u2026","rel":"","context":"In &quot;Coordinate&quot;","block_context":{"text":"Coordinate","link":"http:\/\/www.robertosedda.it\/?cat=52"},"img":{"alt_text":"","src":"https:\/\/i0.wp.com\/www.robertosedda.it\/wp-content\/uploads\/2014\/02\/DAlema-Renzi-undici-anni-prima.png?fit=995%2C553&resize=350%2C200","width":350,"height":200,"srcset":"https:\/\/i0.wp.com\/www.robertosedda.it\/wp-content\/uploads\/2014\/02\/DAlema-Renzi-undici-anni-prima.png?fit=995%2C553&resize=350%2C200 1x, https:\/\/i0.wp.com\/www.robertosedda.it\/wp-content\/uploads\/2014\/02\/DAlema-Renzi-undici-anni-prima.png?fit=995%2C553&resize=700%2C400 2x"},"classes":[]},{"id":5457,"url":"http:\/\/www.robertosedda.it\/?p=5457","url_meta":{"origin":12621,"position":3},"title":"Destino Italia. Autonomie addio?","author":"Rufus","date":"17\/12\/2013","format":false,"excerpt":"Ho saltato nuovamente la riunione dei blogger del luned\u00ec e a questo punto credo che sar\u00e0 difficile mantenere l'impegno, ma ho piacere di continuare a pubblicare gli articoli settimanali. Come al solito l'articolo viene pubblicato, oltre che su questo sito, su quelli di Fondazione Sardinia, Tramas de amistade, Aladin pensiero,\u2026","rel":"","context":"In &quot;Coordinate&quot;","block_context":{"text":"Coordinate","link":"http:\/\/www.robertosedda.it\/?cat=52"},"img":{"alt_text":"","src":"","width":0,"height":0},"classes":[]},{"id":12914,"url":"http:\/\/www.robertosedda.it\/?p=12914","url_meta":{"origin":12621,"position":4},"title":"Ma esattamente&#8230;","author":"Rufus","date":"06\/12\/2016","format":false,"excerpt":"DISCLAIMER: questo post\u00a0non \u00e8 rivolto a chi ha votato SI al referendum\u00a0(ci mancherebbe altro) ma a quelli che hanno votato SI\u00a0e ci sono rimasti male\u00a0per aver perso. Ma non semplicemente\u00a0male, ma male male male. Se avete pubblicato cose tipo\u00a0e adesso\u00a0che avete sfasciato il Paese pensateci voi, o avete citato nella\u2026","rel":"","context":"In &quot;Coordinate&quot;","block_context":{"text":"Coordinate","link":"http:\/\/www.robertosedda.it\/?cat=52"},"img":{"alt_text":"","src":"https:\/\/i0.wp.com\/www.robertosedda.it\/wp-content\/uploads\/2016\/12\/Vincere.jpg?fit=626%2C416&resize=350%2C200","width":350,"height":200},"classes":[]},{"id":7479,"url":"http:\/\/www.robertosedda.it\/?p=7479","url_meta":{"origin":12621,"position":5},"title":"Due parole sulle elezioni europee","author":"Rufus","date":"20\/05\/2014","format":false,"excerpt":"Sono abbastanza disturbato dal modo con il quale il dibattito elettorale in vista delle prossime europee si sta focalizzando esclusivamente su tematiche politiche nazionali. La causa \u00e8, ovviamente, nella polarizzazione della polemica fra le posizioni di PD e M5S, che competono per il primato in una logica tutta interna che\u2026","rel":"","context":"In &quot;Coordinate&quot;","block_context":{"text":"Coordinate","link":"http:\/\/www.robertosedda.it\/?cat=52"},"img":{"alt_text":"","src":"https:\/\/i0.wp.com\/www.robertosedda.it\/wp-content\/uploads\/2014\/05\/Feudalesimo-e-libert\u00e0-1.jpg?fit=679%2C960&resize=350%2C200","width":350,"height":200},"classes":[]}],"_links":{"self":[{"href":"http:\/\/www.robertosedda.it\/index.php?rest_route=\/wp\/v2\/posts\/12621"}],"collection":[{"href":"http:\/\/www.robertosedda.it\/index.php?rest_route=\/wp\/v2\/posts"}],"about":[{"href":"http:\/\/www.robertosedda.it\/index.php?rest_route=\/wp\/v2\/types\/post"}],"author":[{"embeddable":true,"href":"http:\/\/www.robertosedda.it\/index.php?rest_route=\/wp\/v2\/users\/1"}],"replies":[{"embeddable":true,"href":"http:\/\/www.robertosedda.it\/index.php?rest_route=%2Fwp%2Fv2%2Fcomments&post=12621"}],"version-history":[{"count":2,"href":"http:\/\/www.robertosedda.it\/index.php?rest_route=\/wp\/v2\/posts\/12621\/revisions"}],"predecessor-version":[{"id":14351,"href":"http:\/\/www.robertosedda.it\/index.php?rest_route=\/wp\/v2\/posts\/12621\/revisions\/14351"}],"wp:featuredmedia":[{"embeddable":true,"href":"http:\/\/www.robertosedda.it\/index.php?rest_route=\/wp\/v2\/media\/12622"}],"wp:attachment":[{"href":"http:\/\/www.robertosedda.it\/index.php?rest_route=%2Fwp%2Fv2%2Fmedia&parent=12621"}],"wp:term":[{"taxonomy":"category","embeddable":true,"href":"http:\/\/www.robertosedda.it\/index.php?rest_route=%2Fwp%2Fv2%2Fcategories&post=12621"},{"taxonomy":"post_tag","embeddable":true,"href":"http:\/\/www.robertosedda.it\/index.php?rest_route=%2Fwp%2Fv2%2Ftags&post=12621"}],"curies":[{"name":"wp","href":"https:\/\/api.w.org\/{rel}","templated":true}]}}