{"id":12559,"date":"2016-09-21T17:34:03","date_gmt":"2016-09-21T15:34:03","guid":{"rendered":"http:\/\/www.robertosedda.it\/?p=12559"},"modified":"2016-09-23T13:23:56","modified_gmt":"2016-09-23T11:23:56","slug":"ormai-ci-siamo","status":"publish","type":"post","link":"http:\/\/www.robertosedda.it\/?p=12559","title":{"rendered":"Ormai ci siamo"},"content":{"rendered":"<p><em><a href=\"https:\/\/i0.wp.com\/www.robertosedda.it\/wp-content\/uploads\/2016\/09\/Locandina-normale.jpg\"><img data-attachment-id=\"12560\" data-permalink=\"http:\/\/www.robertosedda.it\/?attachment_id=12560\" data-orig-file=\"https:\/\/i0.wp.com\/www.robertosedda.it\/wp-content\/uploads\/2016\/09\/Locandina-normale.jpg?fit=673%2C955\" data-orig-size=\"673,955\" data-comments-opened=\"1\" data-image-meta=\"{&quot;aperture&quot;:&quot;0&quot;,&quot;credit&quot;:&quot;&quot;,&quot;camera&quot;:&quot;&quot;,&quot;caption&quot;:&quot;&quot;,&quot;created_timestamp&quot;:&quot;0&quot;,&quot;copyright&quot;:&quot;&quot;,&quot;focal_length&quot;:&quot;0&quot;,&quot;iso&quot;:&quot;0&quot;,&quot;shutter_speed&quot;:&quot;0&quot;,&quot;title&quot;:&quot;&quot;,&quot;orientation&quot;:&quot;0&quot;}\" data-image-title=\"locandina-normale\" data-image-description=\"\" data-image-caption=\"\" data-medium-file=\"https:\/\/i0.wp.com\/www.robertosedda.it\/wp-content\/uploads\/2016\/09\/Locandina-normale.jpg?fit=211%2C300\" data-large-file=\"https:\/\/i0.wp.com\/www.robertosedda.it\/wp-content\/uploads\/2016\/09\/Locandina-normale.jpg?fit=510%2C724\" decoding=\"async\" loading=\"lazy\" class=\"alignright wp-image-12560 size-medium\" src=\"https:\/\/i0.wp.com\/www.robertosedda.it\/wp-content\/uploads\/2016\/09\/Locandina-normale.jpg?resize=211%2C300\" alt=\"locandina-normale\" width=\"211\" height=\"300\" srcset=\"https:\/\/i0.wp.com\/www.robertosedda.it\/wp-content\/uploads\/2016\/09\/Locandina-normale.jpg?resize=211%2C300 211w, https:\/\/i0.wp.com\/www.robertosedda.it\/wp-content\/uploads\/2016\/09\/Locandina-normale.jpg?resize=106%2C150 106w, https:\/\/i0.wp.com\/www.robertosedda.it\/wp-content\/uploads\/2016\/09\/Locandina-normale.jpg?resize=510%2C724 510w, https:\/\/i0.wp.com\/www.robertosedda.it\/wp-content\/uploads\/2016\/09\/Locandina-normale.jpg?w=673 673w\" sizes=\"(max-width: 211px) 100vw, 211px\" data-recalc-dims=\"1\" \/><\/a>Phew!!<\/em><\/p>\n<p>Era da un po&#8217; che non lavoravo cos\u00ec, per\u00f2 ormai ci siamo: dopodomani c&#8217;\u00e8 finalmente la festa di inaugurazione della sede di Banca Etica.<\/p>\n<p>Il programma \u00e8 bellissimo e man mano sono anche arrivate delle perle, come <a href=\"https:\/\/www.facebook.com\/events\/286271365098643\/permalink\/303269406732172\/\">una strepitosa riscrittura di <em>La paranza<\/em> di Silvestri a opera di Paolo Maccioni<\/a>.<\/p>\n<p>Ho un&#8217;unica piccola recriminazione: preso da mille cose non ho invitato alla festa gli amici (gli amici-amici), o perlomeno l&#8217;ho fatto in maniera diseguale e un po&#8217; abborracciata.<\/p>\n<p>Cercher\u00f2 di recuperare in quest&#8217;ultimo paio di giorni, ma intanto lo faccio anche qui: ci sono tanti che in questi anni mi hanno sentito raccontare delle cose che facevo per la Banca, o che hanno commentato in amicizia: \u00abSei sempre in giro\u00bb. Ecco, mi piacerebbe che, come hanno condiviso le fatiche, ci fossero anche ora che raccolgo una gioia davvero grande.<\/p>\n<p>Dopotutto, <a href=\"http:\/\/www.robertosedda.it\/?p=10781\">ubriacarsi da soli col <em>guaranito<\/em><\/a> \u00e8 un po&#8217; triste!<\/p>\n","protected":false},"excerpt":{"rendered":"<p>Phew!! Era da un po&#8217; che non lavoravo cos\u00ec, per\u00f2 ormai ci siamo: dopodomani c&#8217;\u00e8 finalmente la festa di inaugurazione<\/p>\n","protected":false},"author":1,"featured_media":12560,"comment_status":"open","ping_status":"open","sticky":false,"template":"","format":"standard","meta":{"_mi_skip_tracking":false,"_monsterinsights_sitenote_active":false,"_monsterinsights_sitenote_note":"","_monsterinsights_sitenote_category":0,"jetpack_post_was_ever_published":false,"_jetpack_newsletter_access":"","jetpack_publicize_message":"","jetpack_is_tweetstorm":false,"jetpack_publicize_feature_enabled":true,"jetpack_social_post_already_shared":true,"jetpack_social_options":{"image_generator_settings":{"template":"highway","enabled":false}}},"categories":[72,52,55,17,16],"tags":[],"jetpack_publicize_connections":[],"jetpack_featured_media_url":"https:\/\/i0.wp.com\/www.robertosedda.it\/wp-content\/uploads\/2016\/09\/Locandina-normale.jpg?fit=673%2C955","jetpack_sharing_enabled":true,"jetpack_shortlink":"https:\/\/wp.me\/p4jV2T-3gz","jetpack_likes_enabled":true,"jetpack-related-posts":[{"id":12353,"url":"http:\/\/www.robertosedda.it\/?p=12353","url_meta":{"origin":12559,"position":0},"title":"Lo dico sinceramente&#8230;","author":"Rufus","date":"25\/08\/2016","format":false,"excerpt":"\u00c8 stato pubblicato oggi\u00a0sul sito di Banca Etica l'annuncio ufficiale del fatto\u00a0che il 23 settembre inauguriamo ufficialmente la nuova sede del banchiere ambulante a Cagliari. E quindi ciao, arrivederci, \u00e8 stato bello conoscervi: fino al 23 io non esisto pi\u00f9,\u00a0kaputt, c'\u00e8 un monte impressionante di cose da fare, perch\u00e9 ci\u2026","rel":"","context":"In &quot;Banche e finanza&quot;","block_context":{"text":"Banche e finanza","link":"http:\/\/www.robertosedda.it\/?cat=72"},"img":{"alt_text":"","src":"https:\/\/i0.wp.com\/www.robertosedda.it\/wp-content\/uploads\/2016\/08\/Banca-Etica-Cagliari.jpg?fit=962%2C726&resize=350%2C200","width":350,"height":200,"srcset":"https:\/\/i0.wp.com\/www.robertosedda.it\/wp-content\/uploads\/2016\/08\/Banca-Etica-Cagliari.jpg?fit=962%2C726&resize=350%2C200 1x, https:\/\/i0.wp.com\/www.robertosedda.it\/wp-content\/uploads\/2016\/08\/Banca-Etica-Cagliari.jpg?fit=962%2C726&resize=700%2C400 2x"},"classes":[]},{"id":8717,"url":"http:\/\/www.robertosedda.it\/?p=8717","url_meta":{"origin":12559,"position":1},"title":"Quel che succede quando ti capita di sposarti","author":"Rufus","date":"20\/10\/2014","format":false,"excerpt":"Oggi \u00e8 il nostro anniversario di matrimonio (sono tredici anni, di gi\u00e0). E cos\u00ec l'altro giorno mi sono tornate in mente, all'improvviso, un po' di cose capitate all'epoca del matrimonio. Ci avevo perfino elaborato sopra una teoria, ai tempi, detta degli sposi come fornitori di servizi. Mi sembra l'occasione buona\u2026","rel":"","context":"In &quot;Coordinate&quot;","block_context":{"text":"Coordinate","link":"http:\/\/www.robertosedda.it\/?cat=52"},"img":{"alt_text":"","src":"https:\/\/i0.wp.com\/www.robertosedda.it\/wp-content\/uploads\/2014\/10\/Matrimonio001.jpg?fit=373%2C568&resize=350%2C200","width":350,"height":200},"classes":[]},{"id":12481,"url":"http:\/\/www.robertosedda.it\/?p=12481","url_meta":{"origin":12559,"position":2},"title":"Periodo di foto, questo","author":"Rufus","date":"09\/09\/2016","format":false,"excerpt":"Come sapete, il 23 inauguriamo ufficialmente la nuova sede della banchiera ambulante di Banca Etica a Cagliari. Ieri, come parte del percorso preparatorio, abbiamo avuto un piccolo momento conviviale alla Bottega dell'associazione Oscar Romero: un apertivo, la conoscenza di un cliente della Banca, una breve presentazione del programma della festa\u2026","rel":"","context":"In &quot;Banche e finanza&quot;","block_context":{"text":"Banche e finanza","link":"http:\/\/www.robertosedda.it\/?cat=72"},"img":{"alt_text":"","src":"https:\/\/i0.wp.com\/www.robertosedda.it\/wp-content\/uploads\/2016\/09\/ALIM4483.jpg?fit=1200%2C900&resize=350%2C200","width":350,"height":200,"srcset":"https:\/\/i0.wp.com\/www.robertosedda.it\/wp-content\/uploads\/2016\/09\/ALIM4483.jpg?fit=1200%2C900&resize=350%2C200 1x, https:\/\/i0.wp.com\/www.robertosedda.it\/wp-content\/uploads\/2016\/09\/ALIM4483.jpg?fit=1200%2C900&resize=700%2C400 2x, https:\/\/i0.wp.com\/www.robertosedda.it\/wp-content\/uploads\/2016\/09\/ALIM4483.jpg?fit=1200%2C900&resize=1050%2C600 3x"},"classes":[]},{"id":6796,"url":"http:\/\/www.robertosedda.it\/?p=6796","url_meta":{"origin":12559,"position":3},"title":"Quel che ho detto alla festa dei quindici anni di Banca Etica a Sassari","author":"Rufus","date":"21\/03\/2014","format":false,"excerpt":"Ieri con Gaetano e Claudio siamo andati in trasferta (piuttosto stancante, devo dire, si vede che non ho pi\u00f9 l'et\u00e0) a Sassari per festeggiare anche l\u00ec i quindici anni di Banca Etica, insieme ai soci della Sardegna Settentrionale in un incontro davvero molto partecipato all'Universit\u00e0. Nell'occasione\u00a0mi hanno chiesto un saluto\u2026","rel":"","context":"In &quot;Banche e finanza&quot;","block_context":{"text":"Banche e finanza","link":"http:\/\/www.robertosedda.it\/?cat=72"},"img":{"alt_text":"","src":"https:\/\/i0.wp.com\/www.robertosedda.it\/wp-content\/uploads\/2014\/03\/Rufus-a-Cinque-su-quindici.jpg?fit=600%2C800&resize=350%2C200","width":350,"height":200},"classes":[]},{"id":13981,"url":"http:\/\/www.robertosedda.it\/?p=13981","url_meta":{"origin":12559,"position":4},"title":"Prima di noi, dopo di noi","author":"Rufus","date":"21\/07\/2017","format":false,"excerpt":"Non credo di averlo detto con precisione ai miei amici, ma a ottobre finisco il mio terzo mandato da Referente dei soci di Banca Etica del Centro Italia e sar\u00f2 sostituito (tre mandati \u00e8 il massimo che si pu\u00f2 fare e pi\u00f9 passa il tempo e pi\u00f9 sono d'accordo che\u2026","rel":"","context":"In &quot;Coordinate&quot;","block_context":{"text":"Coordinate","link":"http:\/\/www.robertosedda.it\/?cat=52"},"img":{"alt_text":"","src":"https:\/\/i0.wp.com\/www.robertosedda.it\/wp-content\/uploads\/2014\/05\/Banca-Etica-regionale.jpg?fit=1200%2C900&resize=350%2C200","width":350,"height":200,"srcset":"https:\/\/i0.wp.com\/www.robertosedda.it\/wp-content\/uploads\/2014\/05\/Banca-Etica-regionale.jpg?fit=1200%2C900&resize=350%2C200 1x, https:\/\/i0.wp.com\/www.robertosedda.it\/wp-content\/uploads\/2014\/05\/Banca-Etica-regionale.jpg?fit=1200%2C900&resize=700%2C400 2x, https:\/\/i0.wp.com\/www.robertosedda.it\/wp-content\/uploads\/2014\/05\/Banca-Etica-regionale.jpg?fit=1200%2C900&resize=1050%2C600 3x"},"classes":[]},{"id":6782,"url":"http:\/\/www.robertosedda.it\/?p=6782","url_meta":{"origin":12559,"position":5},"title":"Un piccolo gioco sulla finanza etica","author":"Rufus","date":"19\/03\/2014","format":false,"excerpt":"Ieri, alla festa per i quindici anni di Banca Etica a Cagliari, abbiamo giocato. Inizialmente avevamo pensato solo di giocare (da qui il titolo, La finanza non \u00e8 un gioco), poi gradualmente abbiamo cambiato idea e organizzato cose diverse. A proposito: \u00e8 andata benissimo, anche se si \u00e8 grattata appena\u2026","rel":"","context":"In &quot;Banche e finanza&quot;","block_context":{"text":"Banche e finanza","link":"http:\/\/www.robertosedda.it\/?cat=72"},"img":{"alt_text":"","src":"https:\/\/i0.wp.com\/www.robertosedda.it\/wp-content\/uploads\/2014\/03\/Gioco-dei-barattoli.jpg?fit=540%2C960&resize=350%2C200","width":350,"height":200},"classes":[]}],"_links":{"self":[{"href":"http:\/\/www.robertosedda.it\/index.php?rest_route=\/wp\/v2\/posts\/12559"}],"collection":[{"href":"http:\/\/www.robertosedda.it\/index.php?rest_route=\/wp\/v2\/posts"}],"about":[{"href":"http:\/\/www.robertosedda.it\/index.php?rest_route=\/wp\/v2\/types\/post"}],"author":[{"embeddable":true,"href":"http:\/\/www.robertosedda.it\/index.php?rest_route=\/wp\/v2\/users\/1"}],"replies":[{"embeddable":true,"href":"http:\/\/www.robertosedda.it\/index.php?rest_route=%2Fwp%2Fv2%2Fcomments&post=12559"}],"version-history":[{"count":1,"href":"http:\/\/www.robertosedda.it\/index.php?rest_route=\/wp\/v2\/posts\/12559\/revisions"}],"predecessor-version":[{"id":12561,"href":"http:\/\/www.robertosedda.it\/index.php?rest_route=\/wp\/v2\/posts\/12559\/revisions\/12561"}],"wp:featuredmedia":[{"embeddable":true,"href":"http:\/\/www.robertosedda.it\/index.php?rest_route=\/wp\/v2\/media\/12560"}],"wp:attachment":[{"href":"http:\/\/www.robertosedda.it\/index.php?rest_route=%2Fwp%2Fv2%2Fmedia&parent=12559"}],"wp:term":[{"taxonomy":"category","embeddable":true,"href":"http:\/\/www.robertosedda.it\/index.php?rest_route=%2Fwp%2Fv2%2Fcategories&post=12559"},{"taxonomy":"post_tag","embeddable":true,"href":"http:\/\/www.robertosedda.it\/index.php?rest_route=%2Fwp%2Fv2%2Ftags&post=12559"}],"curies":[{"name":"wp","href":"https:\/\/api.w.org\/{rel}","templated":true}]}}