{"id":12526,"date":"2016-09-15T15:54:05","date_gmt":"2016-09-15T13:54:05","guid":{"rendered":"http:\/\/www.robertosedda.it\/?p=12526"},"modified":"2022-07-19T16:10:12","modified_gmt":"2022-07-19T14:10:12","slug":"le-ragguardevoli-vacanze-dellautore-da-giovane","status":"publish","type":"post","link":"http:\/\/www.robertosedda.it\/?p=12526","title":{"rendered":"Le ragguardevoli vacanze dell&#8217;autore da giovane"},"content":{"rendered":"<p>La prima notte nessuno di noi riusc\u00ec a dormire. Avevamo la salute e il sonno di ferro dei quindici anni ma in quel posto il silenzio, rotto solo dalla risacca, evidentemente ci sconcertava.<\/p>\n<p>Fu cos\u00ec che alle due di notte ci trovammo, Alberto, Carlo, Enrico, Giacomo e io, a vagare per l&#8217;accampamento, strane ombre in mezzo ai ginepri sotto la luna. Ci mettemmo a ridere e a gridare: \u00abAnche voi svegli?!\u00bb.<\/p>\n<p>Adesso che ci penso, probabilmente non dormivamo per l&#8217;eccitazione.<\/p>\n<p>***<\/p>\n<p>La prima idea del campeggio, che io sappia, venne al mio amico Carlo, che aveva un anno meno di me ma era molto pi\u00f9 sicuro di se stesso.<\/p>\n<p>Alberto, che abitava due piani sopra di lui ed era anche lui mio amico (anzi, avevo conosciuto Carlo tramite lui) conosceva un posto perfetto.<\/p>\n<p>In Costa Verde, vicino a Marina di Arbus. Un posto sicuro e comodissimo, a due passi dalla colonia penale.<\/p>\n<p>***<\/p>\n<p>Quelli che conoscono la costa sudoccidentale della Sardegna probabilmente staranno gi\u00e0 strabuzzando gli occhi, ma ci torneremo pi\u00f9 avanti.<\/p>\n<p>Intanto concentriamoci su questa parola: <em>campeggio<\/em>.<\/p>\n<p>Il campeggio, ai tempi, non era quello organizzato. Era il campeggio avventura di chi sulla <em>TV dei ragazzi\u00a0<\/em>aveva visto <a href=\"https:\/\/it.wikipedia.org\/wiki\/Vacanze_all%27isola_dei_gabbiani\"><em>Vacanze all&#8217;isola dei gabbiani <\/em><\/a> o <a href=\"https:\/\/it.wikipedia.org\/wiki\/Il_tesoro_del_castello_senza_nome\"><em>Il tesoro del castello senza nome<\/em><\/a>\u00a0o leggeva i gialli per ragazzi <em>Mondadori<\/em>: storie di ragazzini che trattavano gli adulti da pari a pari e dei quali si dava per scontato che, anche senza avere una famiglia e un lavoro sulle spalle, fossero in grado di badare a se stessi.<\/p>\n<p>Anche, aggiungerei, dei quali non si pensava che, sottratti alla protezione dei genitori, potessero diventare facili prede di malintenzionati, cosa che oggi diamo per scontata, grosso modo.<\/p>\n<p>Era un&#8217;altra epoca, davvero. Poi magari gli <em>Scout<\/em> lo facevano allora e lo fanno ancora, ma il punto \u00e8 che il campeggio a quel modo era <em>normale<\/em>, senza bisogno del fazzoletto e del cappellone.<\/p>\n<p>E quindi l&#8217;idea di\u00a0campeggio prevedeva in maniera <em>ovvia <\/em>che saremmo andati in un posto libero, in aperta campagna (o spiaggia), che ci saremmo costruiti per conto nostro un accampamento e che sarebbe stato normale non avere a portata di mano un bar, un telefono pubblico o qualunque altra cosa. \u00c8 per questo che la colonia penale a pochi chilometri di distanza era cos\u00ec comoda: perch\u00e9 la colonia, nella quale lavorava uno zio di Alberto, aveva uno spaccio dove avremmo potuto man mano reintegrare le provviste.<\/p>\n<p>***<\/p>\n<figure id=\"attachment_12530\" aria-describedby=\"caption-attachment-12530\" style=\"width: 2944px\" class=\"wp-caption aligncenter\"><img data-attachment-id=\"12530\" data-permalink=\"http:\/\/www.robertosedda.it\/?attachment_id=12530\" data-orig-file=\"https:\/\/i0.wp.com\/www.robertosedda.it\/wp-content\/uploads\/2016\/09\/Spiaggia.jpg?fit=2944%2C3008\" data-orig-size=\"2944,3008\" data-comments-opened=\"1\" data-image-meta=\"{&quot;aperture&quot;:&quot;0&quot;,&quot;credit&quot;:&quot;&quot;,&quot;camera&quot;:&quot;&quot;,&quot;caption&quot;:&quot;&quot;,&quot;created_timestamp&quot;:&quot;0&quot;,&quot;copyright&quot;:&quot;&quot;,&quot;focal_length&quot;:&quot;0&quot;,&quot;iso&quot;:&quot;0&quot;,&quot;shutter_speed&quot;:&quot;0&quot;,&quot;title&quot;:&quot;&quot;,&quot;orientation&quot;:&quot;0&quot;}\" data-image-title=\"spiaggia\" data-image-description=\"\" data-image-caption=\"\" data-medium-file=\"https:\/\/i0.wp.com\/www.robertosedda.it\/wp-content\/uploads\/2016\/09\/Spiaggia.jpg?fit=294%2C300\" data-large-file=\"https:\/\/i0.wp.com\/www.robertosedda.it\/wp-content\/uploads\/2016\/09\/Spiaggia.jpg?fit=510%2C521\" decoding=\"async\" loading=\"lazy\" class=\"wp-image-12530 size-full\" src=\"https:\/\/i0.wp.com\/www.robertosedda.it\/wp-content\/uploads\/2016\/09\/Spiaggia.jpg?resize=800%2C817\" alt=\"spiaggia\" width=\"800\" height=\"817\" srcset=\"https:\/\/i0.wp.com\/www.robertosedda.it\/wp-content\/uploads\/2016\/09\/Spiaggia.jpg?w=2944 2944w, https:\/\/i0.wp.com\/www.robertosedda.it\/wp-content\/uploads\/2016\/09\/Spiaggia.jpg?resize=147%2C150 147w, https:\/\/i0.wp.com\/www.robertosedda.it\/wp-content\/uploads\/2016\/09\/Spiaggia.jpg?resize=294%2C300 294w, https:\/\/i0.wp.com\/www.robertosedda.it\/wp-content\/uploads\/2016\/09\/Spiaggia.jpg?resize=510%2C521 510w, https:\/\/i0.wp.com\/www.robertosedda.it\/wp-content\/uploads\/2016\/09\/Spiaggia.jpg?resize=700%2C715 700w, https:\/\/i0.wp.com\/www.robertosedda.it\/wp-content\/uploads\/2016\/09\/Spiaggia.jpg?w=1600 1600w, https:\/\/i0.wp.com\/www.robertosedda.it\/wp-content\/uploads\/2016\/09\/Spiaggia.jpg?w=2400 2400w\" sizes=\"(max-width: 800px) 100vw, 800px\" data-recalc-dims=\"1\" \/><figcaption id=\"caption-attachment-12530\" class=\"wp-caption-text\">La nostra caletta quasi privata<\/figcaption><\/figure>\n<p>Il posto dove stavamo, per dire la verit\u00e0, era incomparabilmente pi\u00f9 bello del castello dei ragazzi francesi o dell&#8217;isola dei gabbiani svedese (<em>tz\u00e9<\/em>): mettemmo il campo su uno spuntone di roccia proprio sopra il mare in una localit\u00e0 che si chiama s&#8217;<em>Acquadroxiu<\/em>, cio\u00e8 &#8220;l&#8217;acqua dolce&#8221; perch\u00e9 c&#8217;era (e c&#8217;\u00e8 tuttora, credo) una fonte, che ci garantiva la disponibilit\u00e0 d&#8217;acqua. Alla nostra sinistra guardando il mare, verso sud, c&#8217;erano svariati chilometri di spiaggia completamente deserta fino a Capo Pecora &#8211; avrei scoperto molti anni dopo che era Scivu, una delle spiagge pi\u00f9 belle della Sardegna. Alla nostra destra c&#8217;era la spiaggetta (o spiaggiona) della fontana, poi una formazione di rocce &#8211; dalle quali si partiva anche verso la strada per la colonia penale &#8211; che man mano diventava la spiaggia di Piscinas, un altro posto meraviglioso.<\/p>\n<p>Alle nostre spalle il nulla. Chilometri di ginepri e di macchia mediterranea.<\/p>\n<p>Le uniche presenze umane erano radi bagnanti occasionali a Scivu (mi presi l&#8217;abitudine di fare una passeggiata fino a Capo Pecora tutti i giorni, e normalmente non incontravo nessuno) e prima di Piscinas un piccolo accampamento semipermanente di arburesi che passavano l&#8217;estate in casotti come quelli del Poetto: fra loro c&#8217;erano degli altri zii di Alberto e quindi non eravamo propriamente abbandonati, ma certo fra noi e loro c&#8217;era comunque una discreta distanza, e in realt\u00e0 li vedemmo solo una volta a cena.<\/p>\n<style type=\"text\/css\" id=\"gmpMapStyles_4_30802\">\n\t#google_map_easy_4_30802 {\n        width: 100%;\n        height: 500px;\n\t\t\t\t\t\t    }\n\t#gmapControlsNum_4_30802 {\n\t\twidth:100%\t}\n\t.gmpMapDetailsContainer#gmpMapDetailsContainer_4_30802 {\n\t\theight:500px;\n\t}\n\t.gmp_MapPreview#google_map_easy_4_30802 {\n\t\t\/*position:absolute;*\/\n\t\twidth: 100%;\n\t}\n\t#mapConElem_4_30802{\n\t\twidth: 100%\t}\n    .gm-style .gm-style-iw-c{\n        padding: 12px!important;\n    }\n\t    <\/style>\n <div class=\"gmp_map_opts\" id=\"mapConElem_4_30802\" data-id=\"4\" data-view-id=\"4_30802\" > <div class=\"gmpMapDetailsContainer\" id=\"gmpMapDetailsContainer_4_30802\"> <i class=\"gmpKMLLayersPreloader fa fa-spinner fa-spin\" aria-hidden=\"true\" style=\"display: none;\"><\/i> <div class=\"gmp_MapPreview \" id=\"google_map_easy_4_30802\"><\/div> <\/div> <div class=\"gmpMapMarkerFilters\" id=\"gmpMapMarkerFilters_4_30802\"> <\/div> <div class=\"gmpMapProControlsCon\" id=\"gmpMapProControlsCon_4_30802\"> <\/div> <div class=\"gmpMapProDirectionsCon\" id=\"gmpMapProDirectionsCon_4_30802\" > <\/div> <div class=\"gmpMapProKmlFilterCon\" id=\"gmpMapProKmlFilterCon_4_30802\" > <\/div> <div class=\"gmpSocialSharingShell gmpSocialSharingShell_4_30802\"> <\/div> <div style=\"clear: both;\"><\/div> <\/div> \n<p>***<\/p>\n<p>Deciso di fare il campeggio e imbarcati nel gruppo anche Giacomo e Enrico, che erano due <a href=\"http:\/\/www.robertosedda.it\/?p=6973\">miei amici dei palazzi della <em>Saras<\/em><\/a>, serviva l&#8217;attrezzatura. Per\u00a0l&#8217;intero anno scolastico 1978-79 risparmiammo lira su lira per comprare la roba che ci serviva, e poi facemmo razzia anche di tutto quello che poteva essere raggranellato in casa. Enrico e Giacomo avevano una loro canadese a due posti ed erano a posto.\u00a0Io, Carlo e Alberto ce ne comprammo un&#8217;altra, pi\u00f9 grande, che mi \u00e8 rimasta nel cuore anche se l&#8217;ho usata una sola volta nella vita. Poi in un negozio militare &#8211; se non sbaglio &#8211; recuperammo una tenda grande, di quelle da sei, per il magazzino delle provviste. Da qualche parte in casa di Alberto salt\u00f2 fuori un telone con degli occhielli, in modo che si potesse ancorare ai rami degli alberi, per\u00a0coprire la cucina.<\/p>\n<p><img data-attachment-id=\"12531\" data-permalink=\"http:\/\/www.robertosedda.it\/?attachment_id=12531\" data-orig-file=\"https:\/\/i0.wp.com\/www.robertosedda.it\/wp-content\/uploads\/2016\/09\/Tenda.jpg?fit=1456%2C1504\" data-orig-size=\"1456,1504\" data-comments-opened=\"1\" data-image-meta=\"{&quot;aperture&quot;:&quot;0&quot;,&quot;credit&quot;:&quot;&quot;,&quot;camera&quot;:&quot;&quot;,&quot;caption&quot;:&quot;&quot;,&quot;created_timestamp&quot;:&quot;0&quot;,&quot;copyright&quot;:&quot;&quot;,&quot;focal_length&quot;:&quot;0&quot;,&quot;iso&quot;:&quot;0&quot;,&quot;shutter_speed&quot;:&quot;0&quot;,&quot;title&quot;:&quot;&quot;,&quot;orientation&quot;:&quot;0&quot;}\" data-image-title=\"tenda\" data-image-description=\"\" data-image-caption=\"\" data-medium-file=\"https:\/\/i0.wp.com\/www.robertosedda.it\/wp-content\/uploads\/2016\/09\/Tenda.jpg?fit=290%2C300\" data-large-file=\"https:\/\/i0.wp.com\/www.robertosedda.it\/wp-content\/uploads\/2016\/09\/Tenda.jpg?fit=510%2C527\" decoding=\"async\" loading=\"lazy\" class=\"aligncenter size-full wp-image-12531\" src=\"https:\/\/i0.wp.com\/www.robertosedda.it\/wp-content\/uploads\/2016\/09\/Tenda.jpg?resize=800%2C826\" alt=\"tenda\" width=\"800\" height=\"826\" srcset=\"https:\/\/i0.wp.com\/www.robertosedda.it\/wp-content\/uploads\/2016\/09\/Tenda.jpg?w=1456 1456w, https:\/\/i0.wp.com\/www.robertosedda.it\/wp-content\/uploads\/2016\/09\/Tenda.jpg?resize=145%2C150 145w, https:\/\/i0.wp.com\/www.robertosedda.it\/wp-content\/uploads\/2016\/09\/Tenda.jpg?resize=290%2C300 290w, https:\/\/i0.wp.com\/www.robertosedda.it\/wp-content\/uploads\/2016\/09\/Tenda.jpg?resize=510%2C527 510w, https:\/\/i0.wp.com\/www.robertosedda.it\/wp-content\/uploads\/2016\/09\/Tenda.jpg?resize=700%2C723 700w\" sizes=\"(max-width: 800px) 100vw, 800px\" data-recalc-dims=\"1\" \/>La quale cucina era un fornello da campo che aveva in casa Alberto, con due fuochi, collegato a una bombola del gas (pesantissima!). Poi comprammo o ci procurammo\u00a0lampade e fornellini a carburo, torce elettriche portatili, sacchi a pelo vecchio stile, tipo\u00a0mummia, gavette a tre pezzi (la mia me l&#8217;aveva data mia nonna, quindi aveva probabilmente fatto la guerra mondiale), zaini in canapa dismessi dagli alpini, vari rotoli di cordino, pentole e pentolini per cucinare, una caffettiera, coltelli da cucina, mestoli e cucchiai, borracce in quantit\u00e0, una roncola e un&#8217;accetta, una forchetta a testa e un coltellino ciascuno, rigorosamente svizzero. Portammo anche una scacchiera. Libri di fantascienza <em>Urania<\/em> e <em>Oscar Mondadori<\/em>. Pinne e maschere ma non bombole e fucili, perch\u00e9 i genitori di Giacomo ed Enrico non glieli avevano permessi. Il grande <em>boardgame <\/em>sulla conquista dell&#8217;Africa che avevamo inventato e stavamo giocando in quel periodo. Io ero Sadat, Carlo Gheddafi e Alberto il re del Marocco. Credo che Enrico e Giacono &#8211; che erano entrati nel gioco dopo e aveano il ruolo delle vittime sacrificali &#8211; in quel momento rappresentassero una coalizione che andava dal Kenya al Senegal. Vestiti pochi, tanto stavamo sempre in costume. Teli da mare.<\/p>\n<p>Avevamo portato anche una corda robusta da 15 metri, giuro, e non era <em>Dungeons &amp; Dragons<\/em>.<\/p>\n<p>Invece non c&#8217;era sapone, n\u00e9 per noi n\u00e9 per i piatti. Noi ci lavavamo (oddio,\u00a0<em>lavavamo<\/em> \u00e8 una parola grossa) in una grande tamburlana di ferro che\u00a0raccoglieva l&#8217;acqua della fontana: standoci in piedi l&#8217;acqua ci arrivava pi\u00f9 o meno all&#8217;addome. Le gavette e le pentole si pulivano a secco, con la sabbia, e si sciacquavano in mare. Mi domando che sapore dovesse avere il caff\u00e8, se lavavamo la caffettiera con l&#8217;acqua salata.<img data-attachment-id=\"12536\" data-permalink=\"http:\/\/www.robertosedda.it\/?attachment_id=12536\" data-orig-file=\"https:\/\/i0.wp.com\/www.robertosedda.it\/wp-content\/uploads\/2016\/09\/Campo.jpg?fit=1488%2C1475\" data-orig-size=\"1488,1475\" data-comments-opened=\"1\" data-image-meta=\"{&quot;aperture&quot;:&quot;0&quot;,&quot;credit&quot;:&quot;&quot;,&quot;camera&quot;:&quot;&quot;,&quot;caption&quot;:&quot;&quot;,&quot;created_timestamp&quot;:&quot;0&quot;,&quot;copyright&quot;:&quot;&quot;,&quot;focal_length&quot;:&quot;0&quot;,&quot;iso&quot;:&quot;0&quot;,&quot;shutter_speed&quot;:&quot;0&quot;,&quot;title&quot;:&quot;&quot;,&quot;orientation&quot;:&quot;0&quot;}\" data-image-title=\"campo\" data-image-description=\"\" data-image-caption=\"\" data-medium-file=\"https:\/\/i0.wp.com\/www.robertosedda.it\/wp-content\/uploads\/2016\/09\/Campo.jpg?fit=300%2C297\" data-large-file=\"https:\/\/i0.wp.com\/www.robertosedda.it\/wp-content\/uploads\/2016\/09\/Campo.jpg?fit=510%2C506\" decoding=\"async\" loading=\"lazy\" class=\"aligncenter size-full wp-image-12536\" src=\"https:\/\/i0.wp.com\/www.robertosedda.it\/wp-content\/uploads\/2016\/09\/Campo.jpg?resize=800%2C793\" alt=\"campo\" width=\"800\" height=\"793\" srcset=\"https:\/\/i0.wp.com\/www.robertosedda.it\/wp-content\/uploads\/2016\/09\/Campo.jpg?w=1488 1488w, https:\/\/i0.wp.com\/www.robertosedda.it\/wp-content\/uploads\/2016\/09\/Campo.jpg?resize=150%2C150 150w, https:\/\/i0.wp.com\/www.robertosedda.it\/wp-content\/uploads\/2016\/09\/Campo.jpg?resize=300%2C297 300w, https:\/\/i0.wp.com\/www.robertosedda.it\/wp-content\/uploads\/2016\/09\/Campo.jpg?resize=510%2C506 510w, https:\/\/i0.wp.com\/www.robertosedda.it\/wp-content\/uploads\/2016\/09\/Campo.jpg?resize=100%2C100 100w, https:\/\/i0.wp.com\/www.robertosedda.it\/wp-content\/uploads\/2016\/09\/Campo.jpg?resize=700%2C694 700w\" sizes=\"(max-width: 800px) 100vw, 800px\" data-recalc-dims=\"1\" \/><\/p>\n<p>***<\/p>\n<p>Date le condizioni igieniche, dovevamo essere praticamente incrostati di sale: del resto stavamo in acqua dalla mattina alla sera, in un mare bellissimo dal quale era davvero difficile staccarsi. L&#8217;unico che aveva una certa ritrosia era Carlo, che non nuotava bene e nei giorni di maestrale, quando il vento tirava diretto sulla spiaggia e c&#8217;erano le onde, disapprovava che noi facessimo il bagno e stava sulla riva con la corda da quindici metri, pronto a tirarcela se ci fossimo trovati in difficolt\u00e0.<\/p>\n<p>In realt\u00e0 aveva ragione lui: anche se la caletta sotto l&#8217;accampamento era abbastanza riparata, la Costa Verde \u00e8 pericolosissima con un certo tipo di mare e ogni anno ci affoga qualcuno, di solito forestieri che non percepiscono il rischio. Non lo percepivamo neanche noi, e d&#8217;altra parte io avevo appena finito di allenarmi a pallanuoto ed ero in formissima (non ci si crede), Enrico e Giacomo facevano pesca subacquea e Alberto era un fisicaccio: con l&#8217;acqua avevamo una grande confidenza e quelle di Carlo ci sembravano paturnie, per non parlare del fatto che farsi sbatacchiare dalle onde verso la riva &#8211; anche in tempi in cui il <em>surf<\/em> non si sapeva che fosse &#8211;\u00a0\u00e8 sempre un&#8217;esperienza divertentissima e quindi qualunque pensiero diverso non ci sfior\u00f2 neppure.<\/p>\n<figure id=\"attachment_12533\" aria-describedby=\"caption-attachment-12533\" style=\"width: 1464px\" class=\"wp-caption aligncenter\"><img data-attachment-id=\"12533\" data-permalink=\"http:\/\/www.robertosedda.it\/?attachment_id=12533\" data-orig-file=\"https:\/\/i0.wp.com\/www.robertosedda.it\/wp-content\/uploads\/2016\/09\/Pulitura-pentole.jpg?fit=1464%2C1489\" data-orig-size=\"1464,1489\" data-comments-opened=\"1\" data-image-meta=\"{&quot;aperture&quot;:&quot;0&quot;,&quot;credit&quot;:&quot;&quot;,&quot;camera&quot;:&quot;&quot;,&quot;caption&quot;:&quot;&quot;,&quot;created_timestamp&quot;:&quot;0&quot;,&quot;copyright&quot;:&quot;&quot;,&quot;focal_length&quot;:&quot;0&quot;,&quot;iso&quot;:&quot;0&quot;,&quot;shutter_speed&quot;:&quot;0&quot;,&quot;title&quot;:&quot;&quot;,&quot;orientation&quot;:&quot;0&quot;}\" data-image-title=\"pulitura-pentole\" data-image-description=\"\" data-image-caption=\"\" data-medium-file=\"https:\/\/i0.wp.com\/www.robertosedda.it\/wp-content\/uploads\/2016\/09\/Pulitura-pentole.jpg?fit=295%2C300\" data-large-file=\"https:\/\/i0.wp.com\/www.robertosedda.it\/wp-content\/uploads\/2016\/09\/Pulitura-pentole.jpg?fit=510%2C519\" decoding=\"async\" loading=\"lazy\" class=\"wp-image-12533 size-full\" src=\"https:\/\/i0.wp.com\/www.robertosedda.it\/wp-content\/uploads\/2016\/09\/Pulitura-pentole.jpg?resize=800%2C814\" alt=\"pulitura-pentole\" width=\"800\" height=\"814\" srcset=\"https:\/\/i0.wp.com\/www.robertosedda.it\/wp-content\/uploads\/2016\/09\/Pulitura-pentole.jpg?w=1464 1464w, https:\/\/i0.wp.com\/www.robertosedda.it\/wp-content\/uploads\/2016\/09\/Pulitura-pentole.jpg?resize=147%2C150 147w, https:\/\/i0.wp.com\/www.robertosedda.it\/wp-content\/uploads\/2016\/09\/Pulitura-pentole.jpg?resize=295%2C300 295w, https:\/\/i0.wp.com\/www.robertosedda.it\/wp-content\/uploads\/2016\/09\/Pulitura-pentole.jpg?resize=510%2C519 510w, https:\/\/i0.wp.com\/www.robertosedda.it\/wp-content\/uploads\/2016\/09\/Pulitura-pentole.jpg?resize=700%2C712 700w\" sizes=\"(max-width: 800px) 100vw, 800px\" data-recalc-dims=\"1\" \/><figcaption id=\"caption-attachment-12533\" class=\"wp-caption-text\">Giacomo nella lavanderia<\/figcaption><\/figure>\n<p>Dei pensieri invece ebbero, credo, i miei genitori quando vennero a trovarmi a met\u00e0 della vacanza, dopo la prima settimana. Si erano fatti tutta un&#8217;altra idea e quella desolazione dovette sconcertarli non poco mentre io, tutto orgoglioso, gli facevo vedere come mi lavavo la gavetta con la sabbia e l&#8217;acqua di mare, praticamente appeso a testa in gi\u00f9 sulla scogliera, in modo da beccare al meglio l&#8217;onda per il risciacquo.<\/p>\n<p>Non dire niente e lasciarmi l\u00ec un&#8217;altra settimana fu un gesto davvero stoico, e gliene sono sempre stato grato, anche se al momento mi parve assolutamente\u00a0<em>normale<\/em>.<\/p>\n<p>Del resto, a farci compagnia c&#8217;erano gli aerei.<\/p>\n<p>***<\/p>\n<p>Gi\u00e0, perch\u00e9 oltre Piscinas c&#8217;\u00e8 il poligono di Capo Frasca, e noi eravamo sulla direttrice del percorso che facevano gli aerei per le esercitazioni, quindi mentre eri l\u00ec che leggevi Asimov ogni tanto,\u00a0<em>vroom<\/em>, passavano un paio di\u00a0<em>Phantom<\/em> o di altri aerei, bassissimi, perfettamente visibili.<\/p>\n<p>Per ragazzini come noi, che a casa erano pieni di modellini &#8211; Carlo in particolare &#8211; e di soldatini\u00a0<em>Atlantic<\/em> o\u00a0<em>Airfix\u00a0<\/em>era l&#8217;immaginazione che diventava realt\u00e0, e ci sembrava fantastico.<\/p>\n<p>L&#8217;immaginazione, in realt\u00e0, diventava anche pi\u00f9 reale di cos\u00ec. Il mare\u00a0<em>pullulava<\/em> di detriti, e le lunghe passeggiate sulle spiagge procuravano bottini fantastici: un coso di legno a forma di proiettile, per esempio, con una falsa calotta di metallo a coprire la punta e un&#8217;altra alla base, dove andava a battere il percussore, immagino. Che diamine fosse (a parte l&#8217;evidente uso da esercitazione, ovviamente) non lo capimmo mai, ma ci parve bellissimo.<\/p>\n<p>Trovammo anche una busta di plastica piena di residui di un materiale che uscendo tingeva l&#8217;acqua: ci dividemmo fra quelli che pensavano che fosse un repellente anti-squali e quelli che pensavano servisse a identificare a distanza un pilota caduto; recuperammo anche una specie di elmetto da pilota o da carrista (forse era solo una parte interna, non so), e qualche altra cosa, che disponemmo religiosamente nell&#8217;area del campo dedicata ai cimeli.<\/p>\n<p>Che fortuna che in Sardegna ci sono i poligoni, eh?<\/p>\n<p>***<\/p>\n<p>Il mare, peraltro, elargiva altri tesori: lungo la battigia di Scivu c&#8217;erano tronchi portati dalla corrente e calcificati dalla salsedine, come i tronchi del Deserto Dipinto &#8211; o era la foresta morta? &#8211; delle storie di\u00a0<em>Tex<\/em> e\u00a0<em>Zagor<\/em>, dai quali trassi un paio di rami dalla forma strana che riportai a casa insieme con un paio di ossa di balena.<\/p>\n<p>Gi\u00e0, perch\u00e9 sulla riva c&#8217;era anche una carcassa di qualcosa che non era pi\u00f9 molto chiaro cosa fosse stato, ridotto a uno scheletro, ma noi decidemmo che era una balena. A pensarci adesso mi pare fosse piuttosto piccola per essere un cetaceo, per\u00f2 sono abbastanza sicuro che a casa fra le altre cose riportai un fanone, quindi chiss\u00e0.<\/p>\n<p>La scoperta migliore, per\u00f2, la fece Enrico.<\/p>\n<p>Un galeone spagnolo.<\/p>\n<p>Cio\u00e8, boh. Un relitto a poca distanza dalla spiaggia, certamente, ma\u00a0<em>galeone<\/em> non saprei dire: solo che a quindici anni tutte le navi affondate sono galeoni (o portaerei, va bene, ma anche noi capivamo che quello non poteva essere). Per\u00f2 era una nave antica, certamente, e Enrico e Giacomo ne trassero una specie di archibugio\u00a0con tanto di bastone d&#8217;appoggio, tutto coperto di incrostazioni ma riconoscibilissimo (il modo con cui demolimmo parte del cimelio nell&#8217;ingenua credenza di poter raschiare via le incrostazioni con un coltello da cucina non dovrebbe\u00a0<em>mai<\/em>,\u00a0<em>mai<\/em> e poi\u00a0<em>mai<\/em> essere raccontato a un archeologo vero).<\/p>\n<p>Comunque era un relitto davvero, tanto che pochi giorni dopo vedemmo un pontone che procedeva al recupero di un paio di cannoni\u00a0<em>identici<\/em> a quelli dei film di pirati. Mi sono chiesto poi se fosse una semplice coincidenza o se Enrico e Giacomo avessero notato un qualche\u00a0andirivieni in precedenza e si fossero immersi a dare un&#8217;occhiata: ad ogni modo lo interpretammo come una sfiga pazzesca, che ci defraudava della possibilit\u00e0 di segnalare il relitto a Jacques Cousteau e diventare coprotagonisti di un documentario fighissimo, nonch\u00e9 ricchi e famosi.<\/p>\n<figure id=\"attachment_12534\" aria-describedby=\"caption-attachment-12534\" style=\"width: 1472px\" class=\"wp-caption aligncenter\"><img data-attachment-id=\"12534\" data-permalink=\"http:\/\/www.robertosedda.it\/?attachment_id=12534\" data-orig-file=\"https:\/\/i0.wp.com\/www.robertosedda.it\/wp-content\/uploads\/2016\/09\/Giovanotto.jpg?fit=1472%2C1518\" data-orig-size=\"1472,1518\" data-comments-opened=\"1\" data-image-meta=\"{&quot;aperture&quot;:&quot;0&quot;,&quot;credit&quot;:&quot;&quot;,&quot;camera&quot;:&quot;&quot;,&quot;caption&quot;:&quot;&quot;,&quot;created_timestamp&quot;:&quot;0&quot;,&quot;copyright&quot;:&quot;&quot;,&quot;focal_length&quot;:&quot;0&quot;,&quot;iso&quot;:&quot;0&quot;,&quot;shutter_speed&quot;:&quot;0&quot;,&quot;title&quot;:&quot;&quot;,&quot;orientation&quot;:&quot;0&quot;}\" data-image-title=\"giovanotto\" data-image-description=\"\" data-image-caption=\"&lt;p&gt;Con un po&#8217; di cimeli&lt;\/p&gt;\n\" data-medium-file=\"https:\/\/i0.wp.com\/www.robertosedda.it\/wp-content\/uploads\/2016\/09\/Giovanotto.jpg?fit=291%2C300\" data-large-file=\"https:\/\/i0.wp.com\/www.robertosedda.it\/wp-content\/uploads\/2016\/09\/Giovanotto.jpg?fit=510%2C526\" decoding=\"async\" loading=\"lazy\" class=\"size-full wp-image-12534\" src=\"https:\/\/i0.wp.com\/www.robertosedda.it\/wp-content\/uploads\/2016\/09\/Giovanotto.jpg?resize=800%2C825\" alt=\"Con un po' di cimeli\" width=\"800\" height=\"825\" srcset=\"https:\/\/i0.wp.com\/www.robertosedda.it\/wp-content\/uploads\/2016\/09\/Giovanotto.jpg?w=1472 1472w, https:\/\/i0.wp.com\/www.robertosedda.it\/wp-content\/uploads\/2016\/09\/Giovanotto.jpg?resize=145%2C150 145w, https:\/\/i0.wp.com\/www.robertosedda.it\/wp-content\/uploads\/2016\/09\/Giovanotto.jpg?resize=291%2C300 291w, https:\/\/i0.wp.com\/www.robertosedda.it\/wp-content\/uploads\/2016\/09\/Giovanotto.jpg?resize=510%2C526 510w, https:\/\/i0.wp.com\/www.robertosedda.it\/wp-content\/uploads\/2016\/09\/Giovanotto.jpg?resize=700%2C722 700w\" sizes=\"(max-width: 800px) 100vw, 800px\" data-recalc-dims=\"1\" \/><figcaption id=\"caption-attachment-12534\" class=\"wp-caption-text\">Con un po&#8217; di cimeli<\/figcaption><\/figure>\n<p>***<\/p>\n<p>Per sostenere quelle avventure avevamo un&#8217;alimentazione piuttosto <a href=\"http:\/\/www.robertosedda.it\/?p=9870\">regolare<\/a>, per quanto non troppo normale. Il grosso delle provviste era costituito da scatolette di carne\u00a0<em>Simmenthal<\/em>, che in casa mia erano quasi del tutto sconosciute e che imparai a detestare a causa della gelatina (per essere un eroico campeggiatore ero molto schifiltoso). Di scatoletta ce ne spettava una a testa a pasto (immaginate cosa era stato trasportare decine di scatolette dalla fine della strada al luogo dell&#8217;accampamento&#8230; pi\u00f9 la bombola!). Allo spaccio della colonia compravamo anche cartoni da sedici litri di latte a lunga conservazione, che ci finivano in un paio di giorni &#8211; almeno un litro a testa al giorno se ne andava, ma io sicuramente ne bevevo anche due.<\/p>\n<p>E poi non saprei, davvero.<\/p>\n<p>Ho un vago ricordo che Alberto avesse dei barattoli di peperonata fatta dalla mamma, che aveva le mani sante, ma forse mi confondo col fatto che a casa sua un paio di volte ero stato invitato a cene buonissime e sontuose. E poi sono sicuro che un giorno venne un suo cugino di Terralba, un ragazzo contadino e chiassoso col quale, chiss\u00e0 mai perch\u00e9, non sapevo come legare, il quale ci port\u00f2 delle cassette di ortaggi e di frutta, quindi quelle dovemmo consumarle in qualche modo, ma ricordo\u00a0solo che un giorno friggemmo patate per\u00a0<em>ore<\/em>:<em>\u00a0<\/em>non perch\u00e9 fossero quantit\u00e0 incredibili, ma perch\u00e9\u00a0la bombola stava tirando le cuoia e quindi il fornello scaldava pochissimo, quindi era praticamente una frittura a basse temperature. Del consumo di tutto il resto non ho il pi\u00f9 pallido ricordo: la <em>Simmenthal<\/em> ha coperto tutto il resto.<\/p>\n<p>E un giorno mangiammo pesce preso da Giacomo e Enrico, i quali aggirarono il divieto di pesca subacquea fabbricandosi con delle canne delle lunghissime fiocine. Pescarono due o tre razze che gli zii di Alberto ci frissero per cena (neanche quello mi piacque: sar\u00e0 stato per tutto questo che bevevo tanto latte).<img data-attachment-id=\"12535\" data-permalink=\"http:\/\/www.robertosedda.it\/?attachment_id=12535\" data-orig-file=\"https:\/\/i0.wp.com\/www.robertosedda.it\/wp-content\/uploads\/2016\/09\/Spiaggia-2.jpg?fit=3016%2C2965\" data-orig-size=\"3016,2965\" data-comments-opened=\"1\" data-image-meta=\"{&quot;aperture&quot;:&quot;0&quot;,&quot;credit&quot;:&quot;&quot;,&quot;camera&quot;:&quot;&quot;,&quot;caption&quot;:&quot;&quot;,&quot;created_timestamp&quot;:&quot;0&quot;,&quot;copyright&quot;:&quot;&quot;,&quot;focal_length&quot;:&quot;0&quot;,&quot;iso&quot;:&quot;0&quot;,&quot;shutter_speed&quot;:&quot;0&quot;,&quot;title&quot;:&quot;&quot;,&quot;orientation&quot;:&quot;0&quot;}\" data-image-title=\"spiaggia-2\" data-image-description=\"\" data-image-caption=\"\" data-medium-file=\"https:\/\/i0.wp.com\/www.robertosedda.it\/wp-content\/uploads\/2016\/09\/Spiaggia-2.jpg?fit=300%2C295\" data-large-file=\"https:\/\/i0.wp.com\/www.robertosedda.it\/wp-content\/uploads\/2016\/09\/Spiaggia-2.jpg?fit=510%2C501\" decoding=\"async\" loading=\"lazy\" class=\"aligncenter size-full wp-image-12535\" src=\"https:\/\/i0.wp.com\/www.robertosedda.it\/wp-content\/uploads\/2016\/09\/Spiaggia-2.jpg?resize=800%2C786\" alt=\"spiaggia-2\" width=\"800\" height=\"786\" srcset=\"https:\/\/i0.wp.com\/www.robertosedda.it\/wp-content\/uploads\/2016\/09\/Spiaggia-2.jpg?w=3016 3016w, https:\/\/i0.wp.com\/www.robertosedda.it\/wp-content\/uploads\/2016\/09\/Spiaggia-2.jpg?resize=150%2C147 150w, https:\/\/i0.wp.com\/www.robertosedda.it\/wp-content\/uploads\/2016\/09\/Spiaggia-2.jpg?resize=300%2C295 300w, https:\/\/i0.wp.com\/www.robertosedda.it\/wp-content\/uploads\/2016\/09\/Spiaggia-2.jpg?resize=510%2C501 510w, https:\/\/i0.wp.com\/www.robertosedda.it\/wp-content\/uploads\/2016\/09\/Spiaggia-2.jpg?resize=700%2C688 700w, https:\/\/i0.wp.com\/www.robertosedda.it\/wp-content\/uploads\/2016\/09\/Spiaggia-2.jpg?w=1600 1600w, https:\/\/i0.wp.com\/www.robertosedda.it\/wp-content\/uploads\/2016\/09\/Spiaggia-2.jpg?w=2400 2400w\" sizes=\"(max-width: 800px) 100vw, 800px\" data-recalc-dims=\"1\" \/><\/p>\n<p>***<\/p>\n<p>Anche se potr\u00e0 sembrare strano a molti, ero all&#8217;epoca un ragazzino introverso e spesso portato a grandi sofferenze interiori, e l&#8217;esperienza del campeggio, soprattutto all&#8217;inizio, non fu proprio felicissima dal punto di vista dei rapporti umani. Ero anche malaccorto: nei primi giorni ruppi il vetro della lampada a carburo, inciampai nei tiranti della tenda lacerando il telo esterno e combinai una serie di altri disastri. Un improvvisato tribunale del campo mi condann\u00f2 a non fare il bagno una intera mattina e io mi offesi moltissimo.<\/p>\n<p>E comunque non ero solo io, anche se io ero particolarmente suscettibile: litigammo tutti pi\u00f9 volte.<\/p>\n<p>Eppure ho un ricordo bellissimo di un ambiente unito, cordiale e affiatato. La verit\u00e0 \u00e8 che eravamo ragazzini e gestivamo i rapporti su pi\u00f9 piani, tutti contemporanei, e non necessariamente un\u00a0litigio andava a incidere su altre cose. Certo, non dipendeva dall&#8217;essere costretti a stare insieme, perch\u00e9 anzi, ed \u00e8 l&#8217;altra cosa che a distanza mi colpisce molto, ognuno stava un sacco di tempo per i cavoli suoi, a esplorare se stesso e l&#8217;ambiente: io andavo a Capo Pecora, per esempio, e ricordo lunghe ore di lettura solitaria fra i ginepri. Enrico passava ore in mare, con la fiocina o senza. Alberto dormiva sulla spiaggia e prendeva il sole per ore, e cos\u00ec via. In un certo senso non era un gruppo, era una\u00a0<em>comunit\u00e0<\/em>.<\/p>\n<p>***<\/p>\n<figure id=\"attachment_12532\" aria-describedby=\"caption-attachment-12532\" style=\"width: 1472px\" class=\"wp-caption aligncenter\"><img data-attachment-id=\"12532\" data-permalink=\"http:\/\/www.robertosedda.it\/?attachment_id=12532\" data-orig-file=\"https:\/\/i0.wp.com\/www.robertosedda.it\/wp-content\/uploads\/2016\/09\/Giovanotto-2.jpg?fit=1472%2C1518\" data-orig-size=\"1472,1518\" data-comments-opened=\"1\" data-image-meta=\"{&quot;aperture&quot;:&quot;0&quot;,&quot;credit&quot;:&quot;&quot;,&quot;camera&quot;:&quot;&quot;,&quot;caption&quot;:&quot;&quot;,&quot;created_timestamp&quot;:&quot;0&quot;,&quot;copyright&quot;:&quot;&quot;,&quot;focal_length&quot;:&quot;0&quot;,&quot;iso&quot;:&quot;0&quot;,&quot;shutter_speed&quot;:&quot;0&quot;,&quot;title&quot;:&quot;&quot;,&quot;orientation&quot;:&quot;0&quot;}\" data-image-title=\"giovanotto-2\" data-image-description=\"\" data-image-caption=\"&lt;p&gt;L&#8217;autore, giovane e magro&lt;\/p&gt;\n\" data-medium-file=\"https:\/\/i0.wp.com\/www.robertosedda.it\/wp-content\/uploads\/2016\/09\/Giovanotto-2.jpg?fit=291%2C300\" data-large-file=\"https:\/\/i0.wp.com\/www.robertosedda.it\/wp-content\/uploads\/2016\/09\/Giovanotto-2.jpg?fit=510%2C526\" decoding=\"async\" loading=\"lazy\" class=\"size-full wp-image-12532\" src=\"https:\/\/i0.wp.com\/www.robertosedda.it\/wp-content\/uploads\/2016\/09\/Giovanotto-2.jpg?resize=800%2C825\" alt=\"L'autore, giovane e magro\" width=\"800\" height=\"825\" srcset=\"https:\/\/i0.wp.com\/www.robertosedda.it\/wp-content\/uploads\/2016\/09\/Giovanotto-2.jpg?w=1472 1472w, https:\/\/i0.wp.com\/www.robertosedda.it\/wp-content\/uploads\/2016\/09\/Giovanotto-2.jpg?resize=145%2C150 145w, https:\/\/i0.wp.com\/www.robertosedda.it\/wp-content\/uploads\/2016\/09\/Giovanotto-2.jpg?resize=291%2C300 291w, https:\/\/i0.wp.com\/www.robertosedda.it\/wp-content\/uploads\/2016\/09\/Giovanotto-2.jpg?resize=510%2C526 510w, https:\/\/i0.wp.com\/www.robertosedda.it\/wp-content\/uploads\/2016\/09\/Giovanotto-2.jpg?resize=700%2C722 700w\" sizes=\"(max-width: 800px) 100vw, 800px\" data-recalc-dims=\"1\" \/><figcaption id=\"caption-attachment-12532\" class=\"wp-caption-text\">L&#8217;autore, giovane e magro<\/figcaption><\/figure>\n<p>Sono tornato in Costa Verde altre\u00a0volte, ovviamente, ma mai esattamente a\u00a0<em>s&#8217;Acquadroxiu<\/em>.<\/p>\n<p>Tranne una volta nel 2001, l&#8217;anno in cui mi sono rotto la gamba, l&#8217;anno di Edoardo\u00a0e\u00a0del G8.<\/p>\n<p>L&#8217;anno in cui mi sono sposato.<\/p>\n<p>Avevo ancora lo stivaletto di gesso e le stampelle e Maria Bonaria, per tirarmi su, una domenica mi port\u00f2 in giro guidando per ore, santa donna, lei che odia la macchina.<\/p>\n<p>A un certo punto vidi la deviazione per quello che mi parve il posto e le chiesi di portarmici.<\/p>\n<p>Mi sembr\u00f2 che il paradiso dei miei ricordi fosse diventato un delirio di abusi edilizi, e ci rimasi malissimo, anche se forse in realt\u00e0 non eravamo proprio nello stesso posto. Cos\u00ec non ci\u00a0sono pi\u00f9 voluto tornare.<\/p>\n<p>C&#8217;\u00e8 stata Iole, da poco, e dopo aver dato un&#8217;occhiata al posto, e essendo ormai passata nel ruolo di madre, ha deciso che i nostri genitori sono stati degli incoscienti, a lasciarmi l\u00ec.<\/p>\n<p>Poi da poco mia madre ha cavato da chiss\u00e0 dove delle foto, che sono quelle che vedete qui nell&#8217;articolo, e mi \u00e8 venuta di nuovo voglia di raccontarvi la storia.<\/p>\n<p>E di tornare a Scivu.<\/p>\n<p>Che dopotutto \u00e8 uno dei posti pi\u00f9 belli e avventurosi del mondo.<\/p>\n<p>Almeno per me.<\/p>\n","protected":false},"excerpt":{"rendered":"<p>La prima notte nessuno di noi riusc\u00ec a dormire. Avevamo la salute e il sonno di ferro dei quindici anni<\/p>\n","protected":false},"author":1,"featured_media":12531,"comment_status":"open","ping_status":"open","sticky":false,"template":"","format":"standard","meta":{"_mi_skip_tracking":false,"_monsterinsights_sitenote_active":false,"_monsterinsights_sitenote_note":"","_monsterinsights_sitenote_category":0,"jetpack_post_was_ever_published":false,"_jetpack_newsletter_access":"","jetpack_publicize_message":"","jetpack_is_tweetstorm":false,"jetpack_publicize_feature_enabled":true,"jetpack_social_post_already_shared":true,"jetpack_social_options":{"image_generator_settings":{"template":"highway","enabled":false}}},"categories":[52,86,53,18,16],"tags":[],"jetpack_publicize_connections":[],"jetpack_featured_media_url":"https:\/\/i0.wp.com\/www.robertosedda.it\/wp-content\/uploads\/2016\/09\/Tenda.jpg?fit=1456%2C1504","jetpack_sharing_enabled":true,"jetpack_shortlink":"https:\/\/wp.me\/p4jV2T-3g2","jetpack_likes_enabled":true,"jetpack-related-posts":[{"id":12847,"url":"http:\/\/www.robertosedda.it\/?p=12847","url_meta":{"origin":12526,"position":0},"title":"A Scivu, di nuovo","author":"Rufus","date":"21\/11\/2016","format":false,"excerpt":"Non ho raccontato mai qui che nel fine settimana della festa di Tutti i Santi sono andato con Maria Bonaria a rivedere i posti del mio famoso campeggio adolescenziale a Scivu. Anzi: \u00e8 stata Maria Bonaria, dopo aver letto l'articolo, a propormi - a decidere - di andarci e organizzare\u2026","rel":"","context":"In &quot;Coordinate&quot;","block_context":{"text":"Coordinate","link":"http:\/\/www.robertosedda.it\/?cat=52"},"img":{"alt_text":"","src":"https:\/\/i0.wp.com\/www.robertosedda.it\/wp-content\/uploads\/2016\/11\/20161031_100029.jpg?fit=1200%2C720&resize=350%2C200","width":350,"height":200,"srcset":"https:\/\/i0.wp.com\/www.robertosedda.it\/wp-content\/uploads\/2016\/11\/20161031_100029.jpg?fit=1200%2C720&resize=350%2C200 1x, https:\/\/i0.wp.com\/www.robertosedda.it\/wp-content\/uploads\/2016\/11\/20161031_100029.jpg?fit=1200%2C720&resize=700%2C400 2x, https:\/\/i0.wp.com\/www.robertosedda.it\/wp-content\/uploads\/2016\/11\/20161031_100029.jpg?fit=1200%2C720&resize=1050%2C600 3x"},"classes":[]},{"id":44,"url":"http:\/\/www.robertosedda.it\/?p=44","url_meta":{"origin":12526,"position":1},"title":"Adolescenti e parrocchie","author":"Rufus","date":"26\/07\/2012","format":false,"excerpt":"ATTENZIONE: contiene turpiloquio, rivelazioni sconcertanti e mooolta melassa. Per evitare il tutto, non leggere o andare direttamente alla fine. *** I neofascisti del Dettori avevano chiamato la sera prima a casa mia. \u00abTi spacchiamo il culo\u00bb, avevano detto. Era estate. La mattina il gruppo giovanissimi andava al mare, la sera\u2026","rel":"","context":"In &quot;Coordinate&quot;","block_context":{"text":"Coordinate","link":"http:\/\/www.robertosedda.it\/?cat=52"},"img":{"alt_text":"","src":"","width":0,"height":0},"classes":[]},{"id":4504,"url":"http:\/\/www.robertosedda.it\/?p=4504","url_meta":{"origin":12526,"position":2},"title":"La mia vita con il Papa &#8211; l&#8217;evento (1)","author":"Rufus","date":"25\/09\/2013","format":false,"excerpt":"Prima di tutto vi rassicuro: sono tornato a casa, per giunta senza problemi. Se non ho scritto negli scorsi due giorni non \u00e8 perch\u00e9 vagavo alla ricerca di una varco nelle transenne ma perch\u00e9 si sono accumulate un po' di cose familiari\u00a0di altro genere. A proposito, per quelli che lo\u2026","rel":"","context":"In &quot;Coordinate&quot;","block_context":{"text":"Coordinate","link":"http:\/\/www.robertosedda.it\/?cat=52"},"img":{"alt_text":"","src":"https:\/\/i0.wp.com\/www.robertosedda.it\/wp-content\/uploads\/2013\/09\/Papa-Francesco-Cagliari-foto-gruppo.jpg?fit=960%2C720&resize=350%2C200","width":350,"height":200,"srcset":"https:\/\/i0.wp.com\/www.robertosedda.it\/wp-content\/uploads\/2013\/09\/Papa-Francesco-Cagliari-foto-gruppo.jpg?fit=960%2C720&resize=350%2C200 1x, https:\/\/i0.wp.com\/www.robertosedda.it\/wp-content\/uploads\/2013\/09\/Papa-Francesco-Cagliari-foto-gruppo.jpg?fit=960%2C720&resize=700%2C400 2x"},"classes":[]},{"id":20121,"url":"http:\/\/www.robertosedda.it\/?p=20121","url_meta":{"origin":12526,"position":3},"title":"Poesia abbacinante","author":"Rufus","date":"11\/05\/2023","format":false,"excerpt":"In gita scolastica Ieri il Subcomandante Marcos, a un certo punto, esprimeva la preoccupazione che la stoltezza insediata in cattedra inducesse la Legale Buona a perdere interesse per la materia preferita - ma malissimo insegnata - e io mi sono fatto un appunto mentale di raccontare alle giovani generazioni qualcosa\u2026","rel":"","context":"In &quot;Coordinate&quot;","block_context":{"text":"Coordinate","link":"http:\/\/www.robertosedda.it\/?cat=52"},"img":{"alt_text":"","src":"https:\/\/i0.wp.com\/www.robertosedda.it\/wp-content\/uploads\/2014\/05\/Gita-scolastica.jpg?fit=1200%2C899&resize=350%2C200","width":350,"height":200,"srcset":"https:\/\/i0.wp.com\/www.robertosedda.it\/wp-content\/uploads\/2014\/05\/Gita-scolastica.jpg?fit=1200%2C899&resize=350%2C200 1x, https:\/\/i0.wp.com\/www.robertosedda.it\/wp-content\/uploads\/2014\/05\/Gita-scolastica.jpg?fit=1200%2C899&resize=700%2C400 2x, https:\/\/i0.wp.com\/www.robertosedda.it\/wp-content\/uploads\/2014\/05\/Gita-scolastica.jpg?fit=1200%2C899&resize=1050%2C600 3x"},"classes":[]},{"id":10215,"url":"http:\/\/www.robertosedda.it\/?p=10215","url_meta":{"origin":12526,"position":4},"title":"Poche parole di benvenuto","author":"Rufus","date":"14\/05\/2015","format":false,"excerpt":"Per la comodit\u00e0 dei parenti e la curiosit\u00e0 degli amici pubblico il saluto dello zio Alberto, il decano della nostra famiglia, al raduno dei Delitala, prima di pranzo. Alberto (con la famiglia) \u00e8 giunto appositamente dal Canada per partecipare. Poche parole di \u201cbenvenuto\u201d dette da Alberto Delitala Come decano della\u2026","rel":"","context":"In &quot;Coordinate&quot;","block_context":{"text":"Coordinate","link":"http:\/\/www.robertosedda.it\/?cat=52"},"img":{"alt_text":"","src":"https:\/\/i0.wp.com\/www.robertosedda.it\/wp-content\/uploads\/2015\/04\/ALIM4024.jpg?fit=1024%2C768&resize=350%2C200","width":350,"height":200,"srcset":"https:\/\/i0.wp.com\/www.robertosedda.it\/wp-content\/uploads\/2015\/04\/ALIM4024.jpg?fit=1024%2C768&resize=350%2C200 1x, https:\/\/i0.wp.com\/www.robertosedda.it\/wp-content\/uploads\/2015\/04\/ALIM4024.jpg?fit=1024%2C768&resize=700%2C400 2x"},"classes":[]},{"id":4051,"url":"http:\/\/www.robertosedda.it\/?p=4051","url_meta":{"origin":12526,"position":5},"title":"Educazione sentimentale sulla linea 30","author":"Rufus","date":"18\/07\/2013","format":false,"excerpt":"Ieri sull'autobus si siedono dietro di me quattro ragazzini, massimo diciassette anni, due maschi e due femmine. Li chiameremo lo Svelto, la Ragazza , l'Amica e il Mediatore. Sono ragazzini un po' grezzi, un po' da quartiere popolare, e parlano a voce alta in modo tale che tutto il pullman\u2026","rel":"","context":"In &quot;Coordinate&quot;","block_context":{"text":"Coordinate","link":"http:\/\/www.robertosedda.it\/?cat=52"},"img":{"alt_text":"","src":"https:\/\/i0.wp.com\/www.robertosedda.it\/wp-content\/uploads\/2019\/04\/Bus-CTM.jpg?fit=1200%2C674&resize=350%2C200","width":350,"height":200,"srcset":"https:\/\/i0.wp.com\/www.robertosedda.it\/wp-content\/uploads\/2019\/04\/Bus-CTM.jpg?fit=1200%2C674&resize=350%2C200 1x, https:\/\/i0.wp.com\/www.robertosedda.it\/wp-content\/uploads\/2019\/04\/Bus-CTM.jpg?fit=1200%2C674&resize=700%2C400 2x, https:\/\/i0.wp.com\/www.robertosedda.it\/wp-content\/uploads\/2019\/04\/Bus-CTM.jpg?fit=1200%2C674&resize=1050%2C600 3x"},"classes":[]}],"_links":{"self":[{"href":"http:\/\/www.robertosedda.it\/index.php?rest_route=\/wp\/v2\/posts\/12526"}],"collection":[{"href":"http:\/\/www.robertosedda.it\/index.php?rest_route=\/wp\/v2\/posts"}],"about":[{"href":"http:\/\/www.robertosedda.it\/index.php?rest_route=\/wp\/v2\/types\/post"}],"author":[{"embeddable":true,"href":"http:\/\/www.robertosedda.it\/index.php?rest_route=\/wp\/v2\/users\/1"}],"replies":[{"embeddable":true,"href":"http:\/\/www.robertosedda.it\/index.php?rest_route=%2Fwp%2Fv2%2Fcomments&post=12526"}],"version-history":[{"count":13,"href":"http:\/\/www.robertosedda.it\/index.php?rest_route=\/wp\/v2\/posts\/12526\/revisions"}],"predecessor-version":[{"id":19836,"href":"http:\/\/www.robertosedda.it\/index.php?rest_route=\/wp\/v2\/posts\/12526\/revisions\/19836"}],"wp:featuredmedia":[{"embeddable":true,"href":"http:\/\/www.robertosedda.it\/index.php?rest_route=\/wp\/v2\/media\/12531"}],"wp:attachment":[{"href":"http:\/\/www.robertosedda.it\/index.php?rest_route=%2Fwp%2Fv2%2Fmedia&parent=12526"}],"wp:term":[{"taxonomy":"category","embeddable":true,"href":"http:\/\/www.robertosedda.it\/index.php?rest_route=%2Fwp%2Fv2%2Fcategories&post=12526"},{"taxonomy":"post_tag","embeddable":true,"href":"http:\/\/www.robertosedda.it\/index.php?rest_route=%2Fwp%2Fv2%2Ftags&post=12526"}],"curies":[{"name":"wp","href":"https:\/\/api.w.org\/{rel}","templated":true}]}}