{"id":12472,"date":"2016-09-06T17:14:50","date_gmt":"2016-09-06T15:14:50","guid":{"rendered":"http:\/\/www.robertosedda.it\/?p=12472"},"modified":"2016-09-21T17:36:34","modified_gmt":"2016-09-21T15:36:34","slug":"cosi-fini-oggi-parliamo-di-libri","status":"publish","type":"post","link":"http:\/\/www.robertosedda.it\/?p=12472","title":{"rendered":"Cos\u00ec fin\u00ec <em>Oggi parliamo di libri<\/em>"},"content":{"rendered":"<p>Trovate qui sotto l&#8217;ultima puntata della stagione 2015\/2016 di\u00a0<em>Oggi parliamo di libri<\/em>, dedicata a\u00a0<em>Liol\u00e0\u00a0<\/em>di Pirandello: si tratta anche dell&#8217;ultima puntata in generale della trasmissione, perch\u00e9 per l&#8217;anno prossimo mi piacerebbe molto che venisse accettata <a href=\"http:\/\/www.robertosedda.it\/?p=12294\">la mia proposta di parlare di giochi<\/a>\u00a0(se si parte si parte ad ottobre, ma mi pare di capire che ci sono un po&#8217; di cose da precisare, nel palinsesto del prossimo anno: io intanto incrocio le dita) e quindi anche se mantenessimo la stessa formula la trasmissione cambier\u00e0 comunque radicalmente.<\/p>\n<!--[if lt IE 9]><script>document.createElement('audio');<\/script><![endif]-->\n<audio class=\"wp-audio-shortcode\" id=\"audio-12472-1\" preload=\"none\" style=\"width: 100%;\" controls=\"controls\"><source type=\"audio\/mpeg\" src=\"http:\/\/www.radiokalaritana.it\/audio\/LIB-S04E34-Pirandello_Liol%C3%A0-20160526.mp3?_=1\" \/><a href=\"http:\/\/www.radiokalaritana.it\/audio\/LIB-S04E34-Pirandello_Liol%C3%A0-20160526.mp3\">http:\/\/www.radiokalaritana.it\/audio\/LIB-S04E34-Pirandello_Liol%C3%A0-20160526.mp3<\/a><\/audio>\n<h4><em>Liol\u00e0<\/em>\u00a0\u2013\u00a0Luigi Pirandello<\/h4>\n<p>Sulla puntata in s\u00e9 non ho tanto da dire, se non che in linea di principio \u00e8\u00a0<em>sbagliata<\/em>: come ho detto a proposito della puntata su\u00a0\u010cechov avevo intenzione di parlare anche del teatro del &#8216;900 ma mi sono finite le puntate: ho deciso di presentare almeno Pirandello ma se volevo davvero presentarlo come esempio di teatro del XX secolo avrei dovuto scegliere una sua opera appartenente alla sua produzione pi\u00f9 matura e pi\u00f9 espressiva della sua poetica specifica, che da\u00a0<em>Liol\u00e0<\/em> emerge forse solo in maniera indiretta.<\/p>\n<p><img data-attachment-id=\"12474\" data-permalink=\"http:\/\/www.robertosedda.it\/?attachment_id=12474\" data-orig-file=\"https:\/\/i0.wp.com\/www.robertosedda.it\/wp-content\/uploads\/2016\/09\/Oggi-parliamo-di-libri-2.jpg?fit=960%2C720\" data-orig-size=\"960,720\" data-comments-opened=\"1\" data-image-meta=\"{&quot;aperture&quot;:&quot;0&quot;,&quot;credit&quot;:&quot;&quot;,&quot;camera&quot;:&quot;&quot;,&quot;caption&quot;:&quot;&quot;,&quot;created_timestamp&quot;:&quot;0&quot;,&quot;copyright&quot;:&quot;&quot;,&quot;focal_length&quot;:&quot;0&quot;,&quot;iso&quot;:&quot;0&quot;,&quot;shutter_speed&quot;:&quot;0&quot;,&quot;title&quot;:&quot;&quot;,&quot;orientation&quot;:&quot;0&quot;}\" data-image-title=\"Oggi parliamo di libri 2\" data-image-description=\"\" data-image-caption=\"\" data-medium-file=\"https:\/\/i0.wp.com\/www.robertosedda.it\/wp-content\/uploads\/2016\/09\/Oggi-parliamo-di-libri-2.jpg?fit=300%2C225\" data-large-file=\"https:\/\/i0.wp.com\/www.robertosedda.it\/wp-content\/uploads\/2016\/09\/Oggi-parliamo-di-libri-2.jpg?fit=510%2C383\" decoding=\"async\" loading=\"lazy\" class=\"alignright size-medium wp-image-12474\" src=\"https:\/\/i0.wp.com\/www.robertosedda.it\/wp-content\/uploads\/2016\/09\/Oggi-parliamo-di-libri-2.jpg?resize=300%2C225\" alt=\"Oggi parliamo di libri 2\" width=\"300\" height=\"225\" srcset=\"https:\/\/i0.wp.com\/www.robertosedda.it\/wp-content\/uploads\/2016\/09\/Oggi-parliamo-di-libri-2.jpg?resize=300%2C225 300w, https:\/\/i0.wp.com\/www.robertosedda.it\/wp-content\/uploads\/2016\/09\/Oggi-parliamo-di-libri-2.jpg?resize=150%2C113 150w, https:\/\/i0.wp.com\/www.robertosedda.it\/wp-content\/uploads\/2016\/09\/Oggi-parliamo-di-libri-2.jpg?resize=510%2C383 510w, https:\/\/i0.wp.com\/www.robertosedda.it\/wp-content\/uploads\/2016\/09\/Oggi-parliamo-di-libri-2.jpg?resize=268%2C200 268w, https:\/\/i0.wp.com\/www.robertosedda.it\/wp-content\/uploads\/2016\/09\/Oggi-parliamo-di-libri-2.jpg?resize=700%2C525 700w, https:\/\/i0.wp.com\/www.robertosedda.it\/wp-content\/uploads\/2016\/09\/Oggi-parliamo-di-libri-2.jpg?w=960 960w\" sizes=\"(max-width: 300px) 100vw, 300px\" data-recalc-dims=\"1\" \/>Vorrei piuttosto qui, considerato che \u00e8 l&#8217;ultima puntata, approfittarne per ringraziare don Giulio, Andrea Pala, Fabio Figus e tutti gli altri della redazione di\u00a0<em>Radio Kalaritana<\/em> e provare a trarre un bilancio di quattro stagioni e quasi centotrenta puntate.<\/p>\n<p>Pensavo proprio l&#8217;altro giorno a quante cose ho imparato: un pochino (molto poco) a fare la radio, prima di tutto. Ma soprattutto\u00a0c&#8217;\u00e8 stato progressivamente un <em>trapasso<\/em>, un cambio di atteggiamento che \u00e8 diventato evidentissimo. Quando parlavo di\u00a0<em>fantasy<\/em> e fantascienza parlavo di cose per me gi\u00e0 note: la sfida era quella di fare puntate interessanti, di organizzare il materiale in modo coerente e di mettere gi\u00f9 in modo piacevole le cose che sapevo: non c&#8217;erano sorprese, per me, se non talvolta il gusto di rinfrescare\u00a0un testo gi\u00e0 noto e scoprire qualche particolare nuovo. Gi\u00e0 con i romanzi di avventura, per\u00f2, hanno cominciato a comparirmi davanti dei nessi imprevisti, dei temi ricorrenti, il materiale sembrava suggerimi da solo dei modi di disporlo (<em>dopo di questo perch\u00e9 non parlare di quest&#8217;altro, e poi, allora, quest&#8217;altro ancora&#8230;<\/em>). E facevo delle vere e proprie scoperte: ricordo che quando ho fatto la puntata su\u00a0<em><a href=\"http:\/\/www.robertosedda.it\/?p=2910\">L&#8217;isola del tesoro<\/a><\/em> mi si \u00e8 aperto davanti tutto un tema di rapporto fra letteratura per ragazzi e per adulti che mi dava tutta una serie di chiavi interpretative sul genere avventuroso alle quali non avevo mai pensato.<\/p>\n<p><img data-attachment-id=\"12475\" data-permalink=\"http:\/\/www.robertosedda.it\/?attachment_id=12475\" data-orig-file=\"https:\/\/i0.wp.com\/www.robertosedda.it\/wp-content\/uploads\/2016\/09\/Oggi-parliamo-di-libri-4.jpg?fit=480%2C360\" data-orig-size=\"480,360\" data-comments-opened=\"1\" data-image-meta=\"{&quot;aperture&quot;:&quot;0&quot;,&quot;credit&quot;:&quot;&quot;,&quot;camera&quot;:&quot;&quot;,&quot;caption&quot;:&quot;&quot;,&quot;created_timestamp&quot;:&quot;0&quot;,&quot;copyright&quot;:&quot;&quot;,&quot;focal_length&quot;:&quot;0&quot;,&quot;iso&quot;:&quot;0&quot;,&quot;shutter_speed&quot;:&quot;0&quot;,&quot;title&quot;:&quot;&quot;,&quot;orientation&quot;:&quot;0&quot;}\" data-image-title=\"Oggi parliamo di libri 4\" data-image-description=\"\" data-image-caption=\"\" data-medium-file=\"https:\/\/i0.wp.com\/www.robertosedda.it\/wp-content\/uploads\/2016\/09\/Oggi-parliamo-di-libri-4.jpg?fit=300%2C225\" data-large-file=\"https:\/\/i0.wp.com\/www.robertosedda.it\/wp-content\/uploads\/2016\/09\/Oggi-parliamo-di-libri-4.jpg?fit=480%2C360\" decoding=\"async\" loading=\"lazy\" class=\"alignleft size-medium wp-image-12475\" src=\"https:\/\/i0.wp.com\/www.robertosedda.it\/wp-content\/uploads\/2016\/09\/Oggi-parliamo-di-libri-4.jpg?resize=300%2C225\" alt=\"Oggi parliamo di libri 4\" width=\"300\" height=\"225\" srcset=\"https:\/\/i0.wp.com\/www.robertosedda.it\/wp-content\/uploads\/2016\/09\/Oggi-parliamo-di-libri-4.jpg?resize=300%2C225 300w, https:\/\/i0.wp.com\/www.robertosedda.it\/wp-content\/uploads\/2016\/09\/Oggi-parliamo-di-libri-4.jpg?resize=150%2C113 150w, https:\/\/i0.wp.com\/www.robertosedda.it\/wp-content\/uploads\/2016\/09\/Oggi-parliamo-di-libri-4.jpg?resize=268%2C200 268w, https:\/\/i0.wp.com\/www.robertosedda.it\/wp-content\/uploads\/2016\/09\/Oggi-parliamo-di-libri-4.jpg?w=480 480w\" sizes=\"(max-width: 300px) 100vw, 300px\" data-recalc-dims=\"1\" \/>Intendiamoci: non sono mai state\u00a0<em>grandi<\/em> scoperte da premio <em>Nobel. <\/em>Pi\u00f9 la soddisfazione, del tutto personale, di essere in grado di collocare dei concetti nella propria mente in una maniera sorprendentemente ordinata e inaspettatamente funzionale, mischiata con il piacere della sfida intellettuale quando si aprivano dei sentieri misteriosi nei quali lanciare la mia curiosit\u00e0, come nel <a href=\"http:\/\/www.robertosedda.it\/?p=9758\">ciclo di puntate\u00a0sull&#8217;amore e le fiabe<\/a>.<\/p>\n<p>Ho imparato un sacco, facendo\u00a0<em>Oggi parliamo di libri<\/em>, e un po&#8217; \u00e8 questo che mi mancherebbe se non rinnovassimo la trasmissione per un&#8217;altra stagione, tanto pi\u00f9 perch\u00e9 torna un po&#8217; la situazione dell&#8217;inizio (parlo di giochi, cio\u00e8 di cose che conosco bene), ma ormai l&#8217;atteggiamento volto alla scoperta c&#8217;\u00e8, e mi chiedo con cosa mi stupir\u00f2 da solo!<\/p>\n<p><img data-attachment-id=\"12476\" data-permalink=\"http:\/\/www.robertosedda.it\/?attachment_id=12476\" data-orig-file=\"https:\/\/i0.wp.com\/www.robertosedda.it\/wp-content\/uploads\/2016\/09\/Oggi-parliamo-di-libri-5.jpg?fit=480%2C360\" data-orig-size=\"480,360\" data-comments-opened=\"1\" data-image-meta=\"{&quot;aperture&quot;:&quot;0&quot;,&quot;credit&quot;:&quot;&quot;,&quot;camera&quot;:&quot;&quot;,&quot;caption&quot;:&quot;&quot;,&quot;created_timestamp&quot;:&quot;0&quot;,&quot;copyright&quot;:&quot;&quot;,&quot;focal_length&quot;:&quot;0&quot;,&quot;iso&quot;:&quot;0&quot;,&quot;shutter_speed&quot;:&quot;0&quot;,&quot;title&quot;:&quot;&quot;,&quot;orientation&quot;:&quot;0&quot;}\" data-image-title=\"Oggi parliamo di libri 5\" data-image-description=\"\" data-image-caption=\"\" data-medium-file=\"https:\/\/i0.wp.com\/www.robertosedda.it\/wp-content\/uploads\/2016\/09\/Oggi-parliamo-di-libri-5.jpg?fit=300%2C225\" data-large-file=\"https:\/\/i0.wp.com\/www.robertosedda.it\/wp-content\/uploads\/2016\/09\/Oggi-parliamo-di-libri-5.jpg?fit=480%2C360\" decoding=\"async\" loading=\"lazy\" class=\"aligncenter size-full wp-image-12476\" src=\"https:\/\/i0.wp.com\/www.robertosedda.it\/wp-content\/uploads\/2016\/09\/Oggi-parliamo-di-libri-5.jpg?resize=480%2C360\" alt=\"Oggi parliamo di libri 5\" width=\"480\" height=\"360\" srcset=\"https:\/\/i0.wp.com\/www.robertosedda.it\/wp-content\/uploads\/2016\/09\/Oggi-parliamo-di-libri-5.jpg?w=480 480w, https:\/\/i0.wp.com\/www.robertosedda.it\/wp-content\/uploads\/2016\/09\/Oggi-parliamo-di-libri-5.jpg?resize=150%2C113 150w, https:\/\/i0.wp.com\/www.robertosedda.it\/wp-content\/uploads\/2016\/09\/Oggi-parliamo-di-libri-5.jpg?resize=300%2C225 300w, https:\/\/i0.wp.com\/www.robertosedda.it\/wp-content\/uploads\/2016\/09\/Oggi-parliamo-di-libri-5.jpg?resize=268%2C200 268w\" sizes=\"(max-width: 480px) 100vw, 480px\" data-recalc-dims=\"1\" \/>Era una bella trasmissione, <em>Oggi parliamo di libri<\/em>? Ho i miei dubbi, e piena coscienza delle mie imprecisioni. Ho detto spesso che era una trasmissione fatta da un dilettante della radio e della letteratura, ma almeno era sincera e, spero, un po&#8217; del piacere della scoperta che la pervadeva forse poteva essere apprezzato anche dagli ascoltatori. Per me, vada come vada, ho imparato un sacco,\u00a0mi sono divertito un sacco e ho mandato in onda un sacco di buona musica: direi che nel complesso ci ho davvero guadagnato.<\/p>\n","protected":false},"excerpt":{"rendered":"<p>Trovate qui sotto l&#8217;ultima puntata della stagione 2015\/2016 di\u00a0Oggi parliamo di libri, dedicata a\u00a0Liol\u00e0\u00a0di Pirandello: si tratta anche dell&#8217;ultima puntata<\/p>\n","protected":false},"author":1,"featured_media":12473,"comment_status":"open","ping_status":"open","sticky":false,"template":"","format":"standard","meta":{"_mi_skip_tracking":false,"_monsterinsights_sitenote_active":false,"_monsterinsights_sitenote_note":"","_monsterinsights_sitenote_category":0,"jetpack_post_was_ever_published":false,"_jetpack_newsletter_access":"","jetpack_publicize_message":"","jetpack_is_tweetstorm":false,"jetpack_publicize_feature_enabled":true,"jetpack_social_post_already_shared":true,"jetpack_social_options":{"image_generator_settings":{"template":"highway","enabled":false}}},"categories":[52,56,13,101,15,12],"tags":[],"jetpack_publicize_connections":[],"jetpack_featured_media_url":"https:\/\/i0.wp.com\/www.robertosedda.it\/wp-content\/uploads\/2016\/09\/Oggi-parliamo-di-libri-1.jpg?fit=480%2C360","jetpack_sharing_enabled":true,"jetpack_shortlink":"https:\/\/wp.me\/p4jV2T-3fa","jetpack_likes_enabled":true,"jetpack-related-posts":[{"id":10836,"url":"http:\/\/www.robertosedda.it\/?p=10836","url_meta":{"origin":12472,"position":0},"title":"Sono di nuovo on air (e anche on line!)","author":"Rufus","date":"15\/09\/2015","format":false,"excerpt":"Da gioved\u00ec prossimo ricomincia\u00a0Oggi parliamo di libri, al solito orario delle 19.10 e in replica il venerd\u00ec mattina alle 8.30. La grossa novit\u00e0 di quest'anno \u00e8 il\u00a0podcast, che permetter\u00e0 di riascoltare le puntate quasi immediatamente senza bisogno di aspettare che io le metta in rete per conto mio. Continuer\u00f2 comunque\u2026","rel":"","context":"In &quot;Coordinate&quot;","block_context":{"text":"Coordinate","link":"http:\/\/www.robertosedda.it\/?cat=52"},"img":{"alt_text":"","src":"https:\/\/i0.wp.com\/www.robertosedda.it\/wp-content\/uploads\/2015\/09\/Radio-Kalaritana-On-Air.jpg?fit=850%2C310&resize=350%2C200","width":350,"height":200,"srcset":"https:\/\/i0.wp.com\/www.robertosedda.it\/wp-content\/uploads\/2015\/09\/Radio-Kalaritana-On-Air.jpg?fit=850%2C310&resize=350%2C200 1x, https:\/\/i0.wp.com\/www.robertosedda.it\/wp-content\/uploads\/2015\/09\/Radio-Kalaritana-On-Air.jpg?fit=850%2C310&resize=700%2C400 2x"},"classes":[]},{"id":8315,"url":"http:\/\/www.robertosedda.it\/?p=8315","url_meta":{"origin":12472,"position":1},"title":"Riparte &#8220;Oggi parliamo di libri&#8221;","author":"Rufus","date":"03\/09\/2014","format":false,"excerpt":"EDIT: scopro dalla redazione che ho fatto casino e che ripartiamo l'11 settembre. Ehm. Aggiorno. Domani gioved\u00ec 4 settembre\u00a0L'11 settembre torno in onda con Oggi parliamo di libri, la trasmissione di Radio Kalaritana nella quale, immagina un po'?, parlo di libri. Volete sapere: l'orario? Ogni gioved\u00ec alle 19.10 e in\u2026","rel":"","context":"In &quot;Coordinate&quot;","block_context":{"text":"Coordinate","link":"http:\/\/www.robertosedda.it\/?cat=52"},"img":{"alt_text":"","src":"https:\/\/i0.wp.com\/www.robertosedda.it\/wp-content\/uploads\/2014\/09\/Diapositiva10.jpg?fit=960%2C720&resize=350%2C200","width":350,"height":200,"srcset":"https:\/\/i0.wp.com\/www.robertosedda.it\/wp-content\/uploads\/2014\/09\/Diapositiva10.jpg?fit=960%2C720&resize=350%2C200 1x, https:\/\/i0.wp.com\/www.robertosedda.it\/wp-content\/uploads\/2014\/09\/Diapositiva10.jpg?fit=960%2C720&resize=700%2C400 2x"},"classes":[]},{"id":8535,"url":"http:\/\/www.robertosedda.it\/?p=8535","url_meta":{"origin":12472,"position":2},"title":"L&#8217;ultima puntata di &#8220;Oggi parliamo di libri&#8221; (dell&#8217;anno scorso)","author":"Rufus","date":"02\/10\/2014","format":"video","excerpt":"Ho messo in linea oggi l'ultima puntata della scorsa stagione di Oggi parliamo di libri, andata in onda a fine maggio e quindi ormai vetusta. \u00c8 stata una puntata abbastanza strana, come avrete sentito: si intuisce l'imbarazzo di essermi incamminato su un'idea di argomento da trattare in commissione - i\u2026","rel":"","context":"In &quot;Coordinate&quot;","block_context":{"text":"Coordinate","link":"http:\/\/www.robertosedda.it\/?cat=52"},"img":{"alt_text":"","src":"https:\/\/i0.wp.com\/img.youtube.com\/vi\/7tzycI2ao-0\/0.jpg?resize=350%2C200","width":350,"height":200},"classes":[]},{"id":10888,"url":"http:\/\/www.robertosedda.it\/?p=10888","url_meta":{"origin":12472,"position":3},"title":"Come detto, teatro","author":"Rufus","date":"24\/09\/2015","format":"video","excerpt":"http:\/\/www.radiokalaritana.it\/audio\/LIB-S04E01-Le_opere_teatrali-20150917.mp3 Parlare di teatro (Oggi parliamo di libri, 17\/09\/2015) La presenza del\u00a0podcast mi permette di riproporre qui sul blog\u00a0le puntate di\u00a0Oggi parliamo di libri\u00a0in maniera pi\u00f9 puntuale: questa \u00e8 la prima, andata in onda la settimana scorsa, e la sua pubblicazione vale anche come invito ad ascoltare la seconda, questa\u2026","rel":"","context":"In &quot;Coordinate&quot;","block_context":{"text":"Coordinate","link":"http:\/\/www.robertosedda.it\/?cat=52"},"img":{"alt_text":"","src":"","width":0,"height":0},"classes":[]},{"id":10009,"url":"http:\/\/www.robertosedda.it\/?p=10009","url_meta":{"origin":12472,"position":4},"title":"Di nuovo sulla &#8220;Gerusalemme liberata&#8221;","author":"Rufus","date":"21\/04\/2015","format":"video","excerpt":"Della\u00a0Gerusalemme liberata ho gi\u00e0 parlato pi\u00f9 o meno un anno e mezzo fa, quindi oggi mi limito a segnalare che ho messo in linea la puntata che ho dedicato al poema su\u00a0Oggi parliamo di libri e a invitarvi all'ascolto, oltre che della puntata, della pausa musicale con la strepitosa Mahalia\u2026","rel":"","context":"In &quot;Coordinate&quot;","block_context":{"text":"Coordinate","link":"http:\/\/www.robertosedda.it\/?cat=52"},"img":{"alt_text":"","src":"https:\/\/i0.wp.com\/img.youtube.com\/vi\/gPZuWzZvoYQ\/0.jpg?resize=350%2C200","width":350,"height":200},"classes":[]},{"id":2965,"url":"http:\/\/www.robertosedda.it\/?p=2965","url_meta":{"origin":12472,"position":5},"title":"Kim e il grande gioco a &#8220;Oggi parliamo di libri&#8221;","author":"Rufus","date":"22\/04\/2013","format":"video","excerpt":"Ho appena messo in linea la puntata di Oggi parliamo di libri dedicata a Kim, il capolavoro di Kipling. Ho approfittato della puntata per puntualizzare alcuni temi che mi accompagnano (devo dire: con un senso di sorpresa, perch\u00e9 son cose che ho scoperte rimettendo mano ai libri per preparare le\u2026","rel":"","context":"In &quot;Cappe e spade&quot;","block_context":{"text":"Cappe e spade","link":"http:\/\/www.robertosedda.it\/?cat=70"},"img":{"alt_text":"","src":"https:\/\/i0.wp.com\/www.robertosedda.it\/wp-content\/uploads\/2013\/04\/ilcosaccoGIGANTIAVVEN075-214x300.jpg?resize=350%2C200","width":350,"height":200},"classes":[]}],"_links":{"self":[{"href":"http:\/\/www.robertosedda.it\/index.php?rest_route=\/wp\/v2\/posts\/12472"}],"collection":[{"href":"http:\/\/www.robertosedda.it\/index.php?rest_route=\/wp\/v2\/posts"}],"about":[{"href":"http:\/\/www.robertosedda.it\/index.php?rest_route=\/wp\/v2\/types\/post"}],"author":[{"embeddable":true,"href":"http:\/\/www.robertosedda.it\/index.php?rest_route=\/wp\/v2\/users\/1"}],"replies":[{"embeddable":true,"href":"http:\/\/www.robertosedda.it\/index.php?rest_route=%2Fwp%2Fv2%2Fcomments&post=12472"}],"version-history":[{"count":2,"href":"http:\/\/www.robertosedda.it\/index.php?rest_route=\/wp\/v2\/posts\/12472\/revisions"}],"predecessor-version":[{"id":12478,"href":"http:\/\/www.robertosedda.it\/index.php?rest_route=\/wp\/v2\/posts\/12472\/revisions\/12478"}],"wp:featuredmedia":[{"embeddable":true,"href":"http:\/\/www.robertosedda.it\/index.php?rest_route=\/wp\/v2\/media\/12473"}],"wp:attachment":[{"href":"http:\/\/www.robertosedda.it\/index.php?rest_route=%2Fwp%2Fv2%2Fmedia&parent=12472"}],"wp:term":[{"taxonomy":"category","embeddable":true,"href":"http:\/\/www.robertosedda.it\/index.php?rest_route=%2Fwp%2Fv2%2Fcategories&post=12472"},{"taxonomy":"post_tag","embeddable":true,"href":"http:\/\/www.robertosedda.it\/index.php?rest_route=%2Fwp%2Fv2%2Ftags&post=12472"}],"curies":[{"name":"wp","href":"https:\/\/api.w.org\/{rel}","templated":true}]}}