{"id":12399,"date":"2016-09-02T13:50:53","date_gmt":"2016-09-02T11:50:53","guid":{"rendered":"http:\/\/www.robertosedda.it\/?p=12399"},"modified":"2025-09-11T17:14:55","modified_gmt":"2025-09-11T15:14:55","slug":"cose-che-mi-capitano","status":"publish","type":"post","link":"http:\/\/www.robertosedda.it\/?p=12399","title":{"rendered":"Cose che mi capitano"},"content":{"rendered":"<p>La maggior parte dei lettori del <em>blog<\/em> credo che siano anche miei amici di&nbsp;<em>Facebook<\/em> e quindi un paio di episodi recenti li hanno letti qui.<\/p>\n<p>Li riporto per\u00f2&nbsp;anche qui perch\u00e9 dopotutto&#8230; il&nbsp;<em>blog<\/em> serve esattamente a questo.<\/p>\n<p><img data-attachment-id=\"12401\" data-permalink=\"http:\/\/www.robertosedda.it\/?attachment_id=12401\" data-orig-file=\"https:\/\/i0.wp.com\/www.robertosedda.it\/wp-content\/uploads\/2016\/09\/Facebook2.jpg?fit=502%2C223\" data-orig-size=\"502,223\" data-comments-opened=\"1\" data-image-meta=\"{&quot;aperture&quot;:&quot;0&quot;,&quot;credit&quot;:&quot;Roberto Sedda&quot;,&quot;camera&quot;:&quot;&quot;,&quot;caption&quot;:&quot;&quot;,&quot;created_timestamp&quot;:&quot;1472823984&quot;,&quot;copyright&quot;:&quot;&quot;,&quot;focal_length&quot;:&quot;0&quot;,&quot;iso&quot;:&quot;0&quot;,&quot;shutter_speed&quot;:&quot;0&quot;,&quot;title&quot;:&quot;&quot;,&quot;orientation&quot;:&quot;0&quot;}\" data-image-title=\"Facebook2\" data-image-description=\"\" data-image-caption=\"\" data-medium-file=\"https:\/\/i0.wp.com\/www.robertosedda.it\/wp-content\/uploads\/2016\/09\/Facebook2.jpg?fit=300%2C133\" data-large-file=\"https:\/\/i0.wp.com\/www.robertosedda.it\/wp-content\/uploads\/2016\/09\/Facebook2.jpg?fit=502%2C223\" decoding=\"async\" loading=\"lazy\" class=\"aligncenter size-full wp-image-12401\" src=\"https:\/\/i0.wp.com\/www.robertosedda.it\/wp-content\/uploads\/2016\/09\/Facebook2.jpg?resize=502%2C223\" alt=\"Facebook2\" width=\"502\" height=\"223\" srcset=\"https:\/\/i0.wp.com\/www.robertosedda.it\/wp-content\/uploads\/2016\/09\/Facebook2.jpg?w=502 502w, https:\/\/i0.wp.com\/www.robertosedda.it\/wp-content\/uploads\/2016\/09\/Facebook2.jpg?resize=150%2C67 150w, https:\/\/i0.wp.com\/www.robertosedda.it\/wp-content\/uploads\/2016\/09\/Facebook2.jpg?resize=300%2C133 300w\" sizes=\"(max-width: 502px) 100vw, 502px\" data-recalc-dims=\"1\" \/><\/p>\n<p><img data-attachment-id=\"12400\" data-permalink=\"http:\/\/www.robertosedda.it\/?attachment_id=12400\" data-orig-file=\"https:\/\/i0.wp.com\/www.robertosedda.it\/wp-content\/uploads\/2016\/09\/Facebook1.jpg?fit=499%2C357\" data-orig-size=\"499,357\" data-comments-opened=\"1\" data-image-meta=\"{&quot;aperture&quot;:&quot;0&quot;,&quot;credit&quot;:&quot;Roberto Sedda&quot;,&quot;camera&quot;:&quot;&quot;,&quot;caption&quot;:&quot;&quot;,&quot;created_timestamp&quot;:&quot;1472823825&quot;,&quot;copyright&quot;:&quot;&quot;,&quot;focal_length&quot;:&quot;0&quot;,&quot;iso&quot;:&quot;0&quot;,&quot;shutter_speed&quot;:&quot;0&quot;,&quot;title&quot;:&quot;&quot;,&quot;orientation&quot;:&quot;0&quot;}\" data-image-title=\"Facebook1\" data-image-description=\"\" data-image-caption=\"\" data-medium-file=\"https:\/\/i0.wp.com\/www.robertosedda.it\/wp-content\/uploads\/2016\/09\/Facebook1.jpg?fit=300%2C215\" data-large-file=\"https:\/\/i0.wp.com\/www.robertosedda.it\/wp-content\/uploads\/2016\/09\/Facebook1.jpg?fit=499%2C357\" decoding=\"async\" loading=\"lazy\" class=\"aligncenter size-full wp-image-12400\" src=\"https:\/\/i0.wp.com\/www.robertosedda.it\/wp-content\/uploads\/2016\/09\/Facebook1.jpg?resize=499%2C357\" alt=\"Facebook1\" width=\"499\" height=\"357\" srcset=\"https:\/\/i0.wp.com\/www.robertosedda.it\/wp-content\/uploads\/2016\/09\/Facebook1.jpg?w=499 499w, https:\/\/i0.wp.com\/www.robertosedda.it\/wp-content\/uploads\/2016\/09\/Facebook1.jpg?resize=150%2C107 150w, https:\/\/i0.wp.com\/www.robertosedda.it\/wp-content\/uploads\/2016\/09\/Facebook1.jpg?resize=300%2C215 300w\" sizes=\"(max-width: 499px) 100vw, 499px\" data-recalc-dims=\"1\" \/><\/p>\n","protected":false},"excerpt":{"rendered":"<p>La maggior parte dei lettori del blog credo che siano anche miei amici di&nbsp;Facebook e quindi un paio di episodi<\/p>\n","protected":false},"author":1,"featured_media":12401,"comment_status":"open","ping_status":"open","sticky":false,"template":"","format":"standard","meta":{"_mi_skip_tracking":false,"_monsterinsights_sitenote_active":false,"_monsterinsights_sitenote_note":"","_monsterinsights_sitenote_category":0,"jetpack_post_was_ever_published":false,"_jetpack_newsletter_access":"","jetpack_publicize_message":"","jetpack_is_tweetstorm":false,"jetpack_publicize_feature_enabled":true,"jetpack_social_post_already_shared":true,"jetpack_social_options":{"image_generator_settings":{"template":"highway","enabled":false}}},"categories":[52,86,53,18,16],"tags":[],"jetpack_publicize_connections":[],"jetpack_featured_media_url":"https:\/\/i0.wp.com\/www.robertosedda.it\/wp-content\/uploads\/2016\/09\/Facebook2.jpg?fit=502%2C223","jetpack_sharing_enabled":true,"jetpack_shortlink":"https:\/\/wp.me\/p4jV2T-3dZ","jetpack_likes_enabled":true,"jetpack-related-posts":[{"id":14116,"url":"http:\/\/www.robertosedda.it\/?p=14116","url_meta":{"origin":12399,"position":0},"title":"Cinque anni da festeggiare","author":"Rufus","date":"06\/09\/2017","format":false,"excerpt":"Ieri Facebook mi ha proposto un ricordo di cinque anni fa, che io ho prontamente ripostato: \u00c8, insomma, l'esordio ufficiale del nuovo\u00a0blog, che dopo essere rimasto fermo diversi anni ripartiva. In realt\u00e0 il primo articolo assoluto \u00e8 del 27 luglio 2012, poi per\u00f2 ho usato agosto per riportare qui cose\u2026","rel":"","context":"In &quot;Coordinate&quot;","block_context":{"text":"Coordinate","link":"http:\/\/www.robertosedda.it\/?cat=52"},"img":{"alt_text":"","src":"https:\/\/i0.wp.com\/www.robertosedda.it\/wp-content\/uploads\/2017\/09\/Statistiche-5-anni.jpg?fit=1159%2C706&resize=350%2C200","width":350,"height":200,"srcset":"https:\/\/i0.wp.com\/www.robertosedda.it\/wp-content\/uploads\/2017\/09\/Statistiche-5-anni.jpg?fit=1159%2C706&resize=350%2C200 1x, https:\/\/i0.wp.com\/www.robertosedda.it\/wp-content\/uploads\/2017\/09\/Statistiche-5-anni.jpg?fit=1159%2C706&resize=700%2C400 2x, https:\/\/i0.wp.com\/www.robertosedda.it\/wp-content\/uploads\/2017\/09\/Statistiche-5-anni.jpg?fit=1159%2C706&resize=1050%2C600 3x"},"classes":[]},{"id":11356,"url":"http:\/\/www.robertosedda.it\/?p=11356","url_meta":{"origin":12399,"position":1},"title":"Natale in casa Cupiello (e auguri)","author":"Rufus","date":"29\/12\/2015","format":false,"excerpt":"Dopo il\u00a0Volpone di Ben Jonson ho dedicato diverse puntate di Oggi parliamo di libri\u00a0alla figura straordinaria di William Shakespeare. In reralt\u00e0 non ho ancora finito: dopo la pausa natalizia chiuder\u00f2 il ciclo con\u00a0Molto rumore per nulla. Nel frattempo, per\u00f2, e anche come occasione per fare a tutti gli auguri di\u2026","rel":"","context":"In &quot;Coordinate&quot;","block_context":{"text":"Coordinate","link":"http:\/\/www.robertosedda.it\/?cat=52"},"img":{"alt_text":"","src":"https:\/\/i0.wp.com\/www.robertosedda.it\/wp-content\/uploads\/2015\/12\/Eduardo-Natale-in-casa-Cupiello.jpg?fit=1200%2C863&resize=350%2C200","width":350,"height":200,"srcset":"https:\/\/i0.wp.com\/www.robertosedda.it\/wp-content\/uploads\/2015\/12\/Eduardo-Natale-in-casa-Cupiello.jpg?fit=1200%2C863&resize=350%2C200 1x, https:\/\/i0.wp.com\/www.robertosedda.it\/wp-content\/uploads\/2015\/12\/Eduardo-Natale-in-casa-Cupiello.jpg?fit=1200%2C863&resize=700%2C400 2x, https:\/\/i0.wp.com\/www.robertosedda.it\/wp-content\/uploads\/2015\/12\/Eduardo-Natale-in-casa-Cupiello.jpg?fit=1200%2C863&resize=1050%2C600 3x"},"classes":[]},{"id":14405,"url":"http:\/\/www.robertosedda.it\/?p=14405","url_meta":{"origin":12399,"position":2},"title":"Io e Leonardo Becchetti","author":"Rufus","date":"11\/12\/2017","format":false,"excerpt":"Io e Leonardo Becchetti saremo insieme alle 18 di gioved\u00ec 14 dicembre sul palco dell'Auditorium Comunale per il festival Lei, che quest'anno \u00e8 dedicato al tema della felicit\u00e0. E sar\u00e0 proprio sulla felicit\u00e0 la prima domanda che rivolger\u00f2 a Leonardo, per introdurre la presentazione del suo libro Capire l'economia in\u2026","rel":"","context":"In &quot;Coordinate&quot;","block_context":{"text":"Coordinate","link":"http:\/\/www.robertosedda.it\/?cat=52"},"img":{"alt_text":"","src":"https:\/\/i0.wp.com\/www.robertosedda.it\/wp-content\/uploads\/2017\/12\/Becchetti-LEI.jpg?fit=960%2C768&resize=350%2C200","width":350,"height":200,"srcset":"https:\/\/i0.wp.com\/www.robertosedda.it\/wp-content\/uploads\/2017\/12\/Becchetti-LEI.jpg?fit=960%2C768&resize=350%2C200 1x, https:\/\/i0.wp.com\/www.robertosedda.it\/wp-content\/uploads\/2017\/12\/Becchetti-LEI.jpg?fit=960%2C768&resize=700%2C400 2x"},"classes":[]},{"id":9808,"url":"http:\/\/www.robertosedda.it\/?p=9808","url_meta":{"origin":12399,"position":3},"title":"Playlist da ascoltare mentre si leggono libri","author":"Rufus","date":"19\/03\/2015","format":"video","excerpt":"Ho lavorato oggi un pochetto sul mio canale\u00a0Youtube\u00a0(cosa che faccio pi\u00f9 o meno ogni tre anni) e ho preparato delle\u00a0playlist che raccolgono la musica utilizzata nelle varie stagioni di\u00a0Oggi parliamo di libri. Le metto anche qui sul\u00a0blog, perch\u00e9 magari per qualcuno possono essere divertenti.\u00a0Potete anche chiedervi quale possa\u00a0mai essere il\u2026","rel":"","context":"In &quot;Coordinate&quot;","block_context":{"text":"Coordinate","link":"http:\/\/www.robertosedda.it\/?cat=52"},"img":{"alt_text":"","src":"https:\/\/i0.wp.com\/img.youtube.com\/vi\/PL_THzLxZBsppKtvbNprReZW9KSsstQxgT\/0.jpg?resize=350%2C200","width":350,"height":200},"classes":[]},{"id":5323,"url":"http:\/\/www.robertosedda.it\/?p=5323","url_meta":{"origin":12399,"position":4},"title":"Come Proust (esagerato!!)","author":"Rufus","date":"05\/12\/2013","format":false,"excerpt":"In un vecchio articolo prima dell'estate avevo detto di avere intenzione di aggiungere al blog delle nuove sezioni approfittando della pausa estiva. \u00c8 una prova di come l'inferno sia lastricato di buone intenzione il fatto che solo adesso, a dicembre, mi decida a pubblicare l'inizio della nuova sezione, e solo\u2026","rel":"","context":"In &quot;Famiglia&quot;","block_context":{"text":"Famiglia","link":"http:\/\/www.robertosedda.it\/?cat=86"},"img":{"alt_text":"","src":"https:\/\/i0.wp.com\/www.robertosedda.it\/wp-content\/uploads\/2013\/08\/ALIM3009.jpg?fit=1200%2C900&resize=350%2C200","width":350,"height":200,"srcset":"https:\/\/i0.wp.com\/www.robertosedda.it\/wp-content\/uploads\/2013\/08\/ALIM3009.jpg?fit=1200%2C900&resize=350%2C200 1x, https:\/\/i0.wp.com\/www.robertosedda.it\/wp-content\/uploads\/2013\/08\/ALIM3009.jpg?fit=1200%2C900&resize=700%2C400 2x, https:\/\/i0.wp.com\/www.robertosedda.it\/wp-content\/uploads\/2013\/08\/ALIM3009.jpg?fit=1200%2C900&resize=1050%2C600 3x"},"classes":[]},{"id":13118,"url":"http:\/\/www.robertosedda.it\/?p=13118","url_meta":{"origin":12399,"position":5},"title":"Media overexoposition","author":"Rufus","date":"19\/01\/2017","format":"video","excerpt":"Che da domani inizia la\u00a0Global Game Jam -\u00a0tra l'altro con un bellissimo convegno, al quale siete tutti invitati, e di cui vedete qui sotto l'immagine di lancio - credo che lo sappiano tutti i lettori di questo blog e i miei amici. Una delle cose buffe di questi due mesi\u2026","rel":"","context":"In &quot;Coordinate&quot;","block_context":{"text":"Coordinate","link":"http:\/\/www.robertosedda.it\/?cat=52"},"img":{"alt_text":"","src":"https:\/\/i0.wp.com\/www.robertosedda.it\/wp-content\/uploads\/2017\/01\/Il-gioco-rompe-confini.jpg?fit=998%2C380&resize=350%2C200","width":350,"height":200,"srcset":"https:\/\/i0.wp.com\/www.robertosedda.it\/wp-content\/uploads\/2017\/01\/Il-gioco-rompe-confini.jpg?fit=998%2C380&resize=350%2C200 1x, https:\/\/i0.wp.com\/www.robertosedda.it\/wp-content\/uploads\/2017\/01\/Il-gioco-rompe-confini.jpg?fit=998%2C380&resize=700%2C400 2x"},"classes":[]}],"_links":{"self":[{"href":"http:\/\/www.robertosedda.it\/index.php?rest_route=\/wp\/v2\/posts\/12399"}],"collection":[{"href":"http:\/\/www.robertosedda.it\/index.php?rest_route=\/wp\/v2\/posts"}],"about":[{"href":"http:\/\/www.robertosedda.it\/index.php?rest_route=\/wp\/v2\/types\/post"}],"author":[{"embeddable":true,"href":"http:\/\/www.robertosedda.it\/index.php?rest_route=\/wp\/v2\/users\/1"}],"replies":[{"embeddable":true,"href":"http:\/\/www.robertosedda.it\/index.php?rest_route=%2Fwp%2Fv2%2Fcomments&post=12399"}],"version-history":[{"count":2,"href":"http:\/\/www.robertosedda.it\/index.php?rest_route=\/wp\/v2\/posts\/12399\/revisions"}],"predecessor-version":[{"id":18959,"href":"http:\/\/www.robertosedda.it\/index.php?rest_route=\/wp\/v2\/posts\/12399\/revisions\/18959"}],"wp:featuredmedia":[{"embeddable":true,"href":"http:\/\/www.robertosedda.it\/index.php?rest_route=\/wp\/v2\/media\/12401"}],"wp:attachment":[{"href":"http:\/\/www.robertosedda.it\/index.php?rest_route=%2Fwp%2Fv2%2Fmedia&parent=12399"}],"wp:term":[{"taxonomy":"category","embeddable":true,"href":"http:\/\/www.robertosedda.it\/index.php?rest_route=%2Fwp%2Fv2%2Fcategories&post=12399"},{"taxonomy":"post_tag","embeddable":true,"href":"http:\/\/www.robertosedda.it\/index.php?rest_route=%2Fwp%2Fv2%2Ftags&post=12399"}],"curies":[{"name":"wp","href":"https:\/\/api.w.org\/{rel}","templated":true}]}}