{"id":12390,"date":"2016-09-01T11:58:30","date_gmt":"2016-09-01T09:58:30","guid":{"rendered":"http:\/\/www.robertosedda.it\/?p=12390"},"modified":"2016-09-01T11:58:30","modified_gmt":"2016-09-01T09:58:30","slug":"reblog-le-campagne-non-le-porta-la-cicogna","status":"publish","type":"post","link":"http:\/\/www.robertosedda.it\/?p=12390","title":{"rendered":"REBLOG: Le campagne non le porta la cicogna"},"content":{"rendered":"<p><a href=\"http:\/\/www.mafedebaggis.it\/le-campagne-non-le-porta-la-cicogna#.V8f7rdSLTGg\">Dal sito di Mafe De Baggis uno spunto interessante sulla comunicazione, a partire dalla campagna sul\u00a0<em>Fertility Day<\/em>.<\/a><\/p>\n","protected":false},"excerpt":{"rendered":"<p>Dal sito di Mafe De Baggis uno spunto interessante sulla comunicazione, a partire dalla campagna sul\u00a0Fertility Day.<\/p>\n","protected":false},"author":1,"featured_media":0,"comment_status":"open","ping_status":"open","sticky":false,"template":"","format":"link","meta":{"_mi_skip_tracking":false,"_monsterinsights_sitenote_active":false,"_monsterinsights_sitenote_note":"","_monsterinsights_sitenote_category":0,"jetpack_post_was_ever_published":false,"_jetpack_newsletter_access":"","jetpack_publicize_message":"","jetpack_is_tweetstorm":false,"jetpack_publicize_feature_enabled":true,"jetpack_social_post_already_shared":true,"jetpack_social_options":{"image_generator_settings":{"template":"highway","enabled":false}}},"categories":[52,95],"tags":[],"jetpack_publicize_connections":[],"jetpack_featured_media_url":"","jetpack_sharing_enabled":true,"jetpack_shortlink":"https:\/\/wp.me\/p4jV2T-3dQ","jetpack_likes_enabled":true,"jetpack-related-posts":[{"id":6332,"url":"http:\/\/www.robertosedda.it\/?p=6332","url_meta":{"origin":12390,"position":0},"title":"Una buona campagna sociale","author":"Rufus","date":"10\/02\/2014","format":"video","excerpt":"Mentre mi documentavo per un prossimo articolo sulle ONG internazionali e il rapporto talvolta conflittuale coi loro testimonial ho visto un video di Greenpeace che non avevo mai visto (si riferisce a una campagna attiva dal 2012) e che propongo perch\u00e9 lo trovo efficace e anche perch\u00e9 ha a che\u2026","rel":"","context":"In &quot;Coordinate&quot;","block_context":{"text":"Coordinate","link":"http:\/\/www.robertosedda.it\/?cat=52"},"img":{"alt_text":"","src":"https:\/\/i0.wp.com\/img.youtube.com\/vi\/XxFWo4sCzCs\/0.jpg?resize=350%2C200","width":350,"height":200},"classes":[]},{"id":11594,"url":"http:\/\/www.robertosedda.it\/?p=11594","url_meta":{"origin":12390,"position":1},"title":"Le migliori campagne pubblicitarie del 2015","author":"Rufus","date":"24\/02\/2016","format":"video","excerpt":"Trovo su\u00a0Business Insider\u00a0un interessante articolo che elenca le otto migliori campagne pubblicitarie del 2015 (sono principalmente\u00a0di ambito anglosassone). Non sono affatto sicuro che siano le\u00a0migliori: l'articolo cita come fonte una ricerca di\u00a0The Gunn Report\u00a0che\u00a0\u00a0ha in qualche modo stilato una classifica generale basandosi sui premi vinti da\u00a0ciascuna\u00a0campagna nei vari concorsi internazionali;\u2026","rel":"","context":"In &quot;Coordinate&quot;","block_context":{"text":"Coordinate","link":"http:\/\/www.robertosedda.it\/?cat=52"},"img":{"alt_text":"","src":"https:\/\/i0.wp.com\/img.youtube.com\/vi\/KvjIYl_Nlao\/0.jpg?resize=350%2C200","width":350,"height":200},"classes":[]},{"id":5896,"url":"http:\/\/www.robertosedda.it\/?p=5896","url_meta":{"origin":12390,"position":2},"title":"Campagna elettorale for dummies","author":"Rufus","date":"23\/01\/2014","format":false,"excerpt":"In epoca di elezioni diventa pi\u00f9 difficile scrivere di politica per chi, come me, si \u00e8 sempre ripromesso di non dire mai per chi vota. Il che un po' in questi giorni mi pesa, perch\u00e9 ho delle cose \"di politica\" da dire e non \u00e8 facile destreggiarsi. Ci provo. Una\u2026","rel":"","context":"In &quot;Coordinate&quot;","block_context":{"text":"Coordinate","link":"http:\/\/www.robertosedda.it\/?cat=52"},"img":{"alt_text":"","src":"https:\/\/i0.wp.com\/www.robertosedda.it\/wp-content\/uploads\/2014\/01\/Elezioni-per-dummies.jpg?fit=319%2C400&resize=350%2C200","width":350,"height":200},"classes":[]},{"id":2257,"url":"http:\/\/www.robertosedda.it\/?p=2257","url_meta":{"origin":12390,"position":3},"title":"Se lo fai ti voto","author":"Rufus","date":"19\/02\/2013","format":false,"excerpt":"Appelli (ai) politici Mai come questa volta in vista delle elezioni ci sono stati pezzi della societ\u00e0 civile (anzi, della societ\u00e0 tout court) che hanno lavorato per mettere in chiaro le proprie esigenze e aspirazioni e sottoporle ai candidati e ai partiti, in modo da sollecitare un loro pronunciamento chiaro\u2026","rel":"","context":"In &quot;Coordinate&quot;","block_context":{"text":"Coordinate","link":"http:\/\/www.robertosedda.it\/?cat=52"},"img":{"alt_text":"","src":"https:\/\/i0.wp.com\/www.robertosedda.it\/wp-content\/uploads\/2013\/02\/Greenpeace-io-non-vi-voto.jpg?fit=580%2C243&resize=350%2C200","width":350,"height":200},"classes":[]},{"id":1645,"url":"http:\/\/www.robertosedda.it\/?p=1645","url_meta":{"origin":12390,"position":4},"title":"La guerra delle mutande","author":"Rufus","date":"13\/12\/2012","format":false,"excerpt":"La settimana scorsa Victoria's Secret \u00e8 stata oggetto di una campagna di sabotaggio sul web molto ben concertata e di grande interesse, a opera di un gruppo di femministe americane. L'oggetto del contendere la linea di intimo indirizzata alle giovanissime, PINK, che \u00e8 caratterizzata da una serie di scritte che\u2026","rel":"","context":"In &quot;Coordinate&quot;","block_context":{"text":"Coordinate","link":"http:\/\/www.robertosedda.it\/?cat=52"},"img":{"alt_text":"","src":"https:\/\/i0.wp.com\/www.robertosedda.it\/wp-content\/uploads\/2012\/12\/Screen-Shot-2012-12-04-at-11_49_16-AM.png?fit=675%2C635&resize=350%2C200","width":350,"height":200},"classes":[]},{"id":4189,"url":"http:\/\/www.robertosedda.it\/?p=4189","url_meta":{"origin":12390,"position":5},"title":"Violenza banalizzata","author":"Rufus","date":"01\/08\/2013","format":false,"excerpt":"L'altro giorno Un altro genere di comunicazione\u00a0ha pubblicato (in anteprima, la campagna \u00e8 uscita oggi) il titolo e le immagini della nuova campagna della Yamamay (la vedete qui a fianco). Una campagna apparentemente \"sociale\", dedicata al tema della violenza contro le donne. La redazione di Un altro genere di comunicazione\u2026","rel":"","context":"In &quot;Coordinate&quot;","block_context":{"text":"Coordinate","link":"http:\/\/www.robertosedda.it\/?cat=52"},"img":{"alt_text":"","src":"https:\/\/i0.wp.com\/www.robertosedda.it\/wp-content\/uploads\/2013\/08\/Ferma-il-bastardo.jpg?fit=546%2C768&resize=350%2C200","width":350,"height":200},"classes":[]}],"_links":{"self":[{"href":"http:\/\/www.robertosedda.it\/index.php?rest_route=\/wp\/v2\/posts\/12390"}],"collection":[{"href":"http:\/\/www.robertosedda.it\/index.php?rest_route=\/wp\/v2\/posts"}],"about":[{"href":"http:\/\/www.robertosedda.it\/index.php?rest_route=\/wp\/v2\/types\/post"}],"author":[{"embeddable":true,"href":"http:\/\/www.robertosedda.it\/index.php?rest_route=\/wp\/v2\/users\/1"}],"replies":[{"embeddable":true,"href":"http:\/\/www.robertosedda.it\/index.php?rest_route=%2Fwp%2Fv2%2Fcomments&post=12390"}],"version-history":[{"count":1,"href":"http:\/\/www.robertosedda.it\/index.php?rest_route=\/wp\/v2\/posts\/12390\/revisions"}],"predecessor-version":[{"id":12391,"href":"http:\/\/www.robertosedda.it\/index.php?rest_route=\/wp\/v2\/posts\/12390\/revisions\/12391"}],"wp:attachment":[{"href":"http:\/\/www.robertosedda.it\/index.php?rest_route=%2Fwp%2Fv2%2Fmedia&parent=12390"}],"wp:term":[{"taxonomy":"category","embeddable":true,"href":"http:\/\/www.robertosedda.it\/index.php?rest_route=%2Fwp%2Fv2%2Fcategories&post=12390"},{"taxonomy":"post_tag","embeddable":true,"href":"http:\/\/www.robertosedda.it\/index.php?rest_route=%2Fwp%2Fv2%2Ftags&post=12390"}],"curies":[{"name":"wp","href":"https:\/\/api.w.org\/{rel}","templated":true}]}}