{"id":12347,"date":"2016-08-23T17:31:19","date_gmt":"2016-08-23T15:31:19","guid":{"rendered":"http:\/\/www.robertosedda.it\/?p=12347"},"modified":"2016-08-23T17:33:08","modified_gmt":"2016-08-23T15:33:08","slug":"segnalazioni-recuperi-estivi","status":"publish","type":"post","link":"http:\/\/www.robertosedda.it\/?p=12347","title":{"rendered":"SEGNALAZIONI: Recuperi estivi"},"content":{"rendered":"<p>Vedo che oggi e dopodomani la benemerita\u00a0arena estiva di Villa Muscas ripropone due film che mi sono piaciuti molto e di cui ho parlato: non perdeteli!<\/p>\n<p>23 agosto <a href=\"http:\/\/www.robertosedda.it\/?p=12017\">ERA D\u2019ESTATE<\/a><br \/>\ndi Fiorella Infascelli. Con Massimo Popolizio, Beppe Fiorello, Valeria Solarino, Dramm. 100\u2019 &#8211; Italia 2015<br \/>\nEstate 1985. Giovanni Falcone e Paolo Borsellino vengono trasferiti d&#8217;urgenza all&#8217;Asinara insieme alle loro famiglie in seguito ad una minaccia pi\u00f9 allarmante del solito. I giudici stanno lavorando al maxiprocesso penale che, la storia insegna, porter\u00e0 in carcere molti dei protagonisti della criminalit\u00e0 organizzata.<\/p>\n<p>26 e\u00a027 agosto <a href=\"http:\/\/www.robertosedda.it\/?p=11369\">PERFECT DAY<\/a><br \/>\ndi Fernando Le\u00f3n de Aranoa. Con Benicio Del Toro, Tim Robbins, Olga Kurylenko, Drammatico, Ratings: Kids+13, durata 106 min. &#8211; Spagna 2015<br \/>\nDa qualche parte nei Balcani, nel 1995. L&#8217;inizio degli accordi di pace dovrebbe significare la fine della guerra, ma di lavoro da fare, in quelle terre, ce n&#8217;\u00e8 ancora tanto. Lo sanno bene Mambru e B, veterani del soccorso umanitario, che solcano da anni le strade sterrate della Bosnia sui loro quattroruote gemelli.<\/p>\n","protected":false},"excerpt":{"rendered":"<p>Vedo che oggi e dopodomani la benemerita\u00a0arena estiva di Villa Muscas ripropone due film che mi sono piaciuti molto e<\/p>\n","protected":false},"author":1,"featured_media":0,"comment_status":"open","ping_status":"open","sticky":false,"template":"","format":"standard","meta":{"_mi_skip_tracking":false,"_monsterinsights_sitenote_active":false,"_monsterinsights_sitenote_note":"","_monsterinsights_sitenote_category":0,"jetpack_post_was_ever_published":false,"_jetpack_newsletter_access":"","jetpack_publicize_message":"","jetpack_is_tweetstorm":false,"jetpack_publicize_feature_enabled":true,"jetpack_social_post_already_shared":true,"jetpack_social_options":{"image_generator_settings":{"template":"highway","enabled":false}}},"categories":[52,95,16],"tags":[],"jetpack_publicize_connections":[],"jetpack_featured_media_url":"","jetpack_sharing_enabled":true,"jetpack_shortlink":"https:\/\/wp.me\/p4jV2T-3d9","jetpack_likes_enabled":true,"jetpack-related-posts":[{"id":10608,"url":"http:\/\/www.robertosedda.it\/?p=10608","url_meta":{"origin":12347,"position":0},"title":"REBLOG: Le letture per l&#8217;estate di Nonconimieisoldi","author":"Rufus","date":"10\/08\/2015","format":"link","excerpt":"Sette libri per le\u00a0letture estive proposte\u00a0dalle persone che scrivono sul\u00a0blog di\u00a0Nonconimieisoldi. Hillman, Varoufakis, Stiglitz e vari\u00a0altri.","rel":"","context":"In &quot;Segnalazioni&quot;","block_context":{"text":"Segnalazioni","link":"http:\/\/www.robertosedda.it\/?cat=95"},"img":{"alt_text":"","src":"","width":0,"height":0},"classes":[]},{"id":12252,"url":"http:\/\/www.robertosedda.it\/?p=12252","url_meta":{"origin":12347,"position":1},"title":"REBLOG: Sette libri sui fumetti per l&#8217;estate","author":"Rufus","date":"21\/07\/2016","format":"link","excerpt":"Dal sempre ottimo\u00a0Fumettologica una piccola rassegna ragionata di libri sui fumetti pubblicati recentemente e meritevoli di lettura: per tutte le tasche e per gusti diversi, in italiano, francese e inglese.","rel":"","context":"In &quot;Coordinate&quot;","block_context":{"text":"Coordinate","link":"http:\/\/www.robertosedda.it\/?cat=52"},"img":{"alt_text":"","src":"","width":0,"height":0},"classes":[]},{"id":16992,"url":"http:\/\/www.robertosedda.it\/?p=16992","url_meta":{"origin":12347,"position":2},"title":"Giornalismo cyberpunk","author":"Rufus","date":"11\/08\/2019","format":false,"excerpt":"Il numero in edicola di Internazionale (quello estivo, doppio, dedicato al tema del viaggio) ha un lungo reportage di Laurie Penny su una bizzarra crociera nel Mediterraneo di una nave piena esclusivamente di operatori e investitori e evangelizzatori in criptovalute e accompagnatrici ucraine. Non ci si capisce niente e il\u2026","rel":"","context":"In &quot;Coordinate&quot;","block_context":{"text":"Coordinate","link":"http:\/\/www.robertosedda.it\/?cat=52"},"img":{"alt_text":"","src":"https:\/\/i0.wp.com\/www.robertosedda.it\/wp-content\/uploads\/2019\/08\/image-coinsbank-700x400.jpg?fit=700%2C400&resize=350%2C200","width":350,"height":200,"srcset":"https:\/\/i0.wp.com\/www.robertosedda.it\/wp-content\/uploads\/2019\/08\/image-coinsbank-700x400.jpg?fit=700%2C400&resize=350%2C200 1x, https:\/\/i0.wp.com\/www.robertosedda.it\/wp-content\/uploads\/2019\/08\/image-coinsbank-700x400.jpg?fit=700%2C400&resize=700%2C400 2x"},"classes":[]},{"id":1235,"url":"http:\/\/www.robertosedda.it\/?p=1235","url_meta":{"origin":12347,"position":3},"title":"Sherlock (BBC)","author":"Rufus","date":"05\/11\/2012","format":"video","excerpt":"La lettura estiva di The bekeeper's apprentice deve avere risvegliato qualcosa di in me, perch\u00e9 ho trovato irresistibile la segnalazione, fatta dall'ottimo The blog around the corner, di questa serie inglese che trasporta Holmes, Watson, Lestrade, Moriarty e tutto il cast originale ai giorni nostri. In realt\u00e0 avevo gi\u00e0 letto\u2026","rel":"","context":"In &quot;Coordinate&quot;","block_context":{"text":"Coordinate","link":"http:\/\/www.robertosedda.it\/?cat=52"},"img":{"alt_text":"","src":"https:\/\/i0.wp.com\/img.youtube.com\/vi\/cSQq_bC5kIw\/0.jpg?resize=350%2C200","width":350,"height":200},"classes":[]},{"id":9954,"url":"http:\/\/www.robertosedda.it\/?p=9954","url_meta":{"origin":12347,"position":4},"title":"REBLOG: Ehi, ritorna lo Skepto!","author":"Rufus","date":"14\/04\/2015","format":false,"excerpt":"Rilancio la segnalazione fatta da Vania Statzu nella sua ottima rubrica su Tiscali. Inizia oggi l'edizione 2015 dello\u00a0Skepto International Film Festival, la bellissima rassegna di cortometraggi di cui l'anno scorso vi ho gi\u00e0 parlato.","rel":"","context":"In &quot;Segnalazioni&quot;","block_context":{"text":"Segnalazioni","link":"http:\/\/www.robertosedda.it\/?cat=95"},"img":{"alt_text":"","src":"https:\/\/i0.wp.com\/www.robertosedda.it\/wp-content\/uploads\/2015\/04\/Skepto-2015.jpg?fit=960%2C355&resize=350%2C200","width":350,"height":200,"srcset":"https:\/\/i0.wp.com\/www.robertosedda.it\/wp-content\/uploads\/2015\/04\/Skepto-2015.jpg?fit=960%2C355&resize=350%2C200 1x, https:\/\/i0.wp.com\/www.robertosedda.it\/wp-content\/uploads\/2015\/04\/Skepto-2015.jpg?fit=960%2C355&resize=700%2C400 2x"},"classes":[]},{"id":17169,"url":"http:\/\/www.robertosedda.it\/?p=17169","url_meta":{"origin":12347,"position":5},"title":"Settimana intensa nel mondo del pollo fritto","author":"Rufus","date":"07\/09\/2019","format":false,"excerpt":"Il mio compare Andrea Assorgia, nonch\u00e9 compagno Fabbricastorie, ha richiamato la mia attnzione verso un articolo molto divertente del Post sulla guerra commerciale, rapidamente diventata una guerra culturale e infine una lotta per l'anima dell'America, l'universo e tutto quanto, fra due catene di fast food americani, Popeyes e Chick-fil-A, specializzati\u2026","rel":"","context":"In &quot;Coordinate&quot;","block_context":{"text":"Coordinate","link":"http:\/\/www.robertosedda.it\/?cat=52"},"img":{"alt_text":"","src":"https:\/\/i0.wp.com\/www.robertosedda.it\/wp-content\/uploads\/2019\/09\/Popeye-Chick-2.jpeg?fit=678%2C381&resize=350%2C200","width":350,"height":200},"classes":[]}],"_links":{"self":[{"href":"http:\/\/www.robertosedda.it\/index.php?rest_route=\/wp\/v2\/posts\/12347"}],"collection":[{"href":"http:\/\/www.robertosedda.it\/index.php?rest_route=\/wp\/v2\/posts"}],"about":[{"href":"http:\/\/www.robertosedda.it\/index.php?rest_route=\/wp\/v2\/types\/post"}],"author":[{"embeddable":true,"href":"http:\/\/www.robertosedda.it\/index.php?rest_route=\/wp\/v2\/users\/1"}],"replies":[{"embeddable":true,"href":"http:\/\/www.robertosedda.it\/index.php?rest_route=%2Fwp%2Fv2%2Fcomments&post=12347"}],"version-history":[{"count":1,"href":"http:\/\/www.robertosedda.it\/index.php?rest_route=\/wp\/v2\/posts\/12347\/revisions"}],"predecessor-version":[{"id":12348,"href":"http:\/\/www.robertosedda.it\/index.php?rest_route=\/wp\/v2\/posts\/12347\/revisions\/12348"}],"wp:attachment":[{"href":"http:\/\/www.robertosedda.it\/index.php?rest_route=%2Fwp%2Fv2%2Fmedia&parent=12347"}],"wp:term":[{"taxonomy":"category","embeddable":true,"href":"http:\/\/www.robertosedda.it\/index.php?rest_route=%2Fwp%2Fv2%2Fcategories&post=12347"},{"taxonomy":"post_tag","embeddable":true,"href":"http:\/\/www.robertosedda.it\/index.php?rest_route=%2Fwp%2Fv2%2Ftags&post=12347"}],"curies":[{"name":"wp","href":"https:\/\/api.w.org\/{rel}","templated":true}]}}