{"id":12337,"date":"2016-08-23T10:35:09","date_gmt":"2016-08-23T08:35:09","guid":{"rendered":"http:\/\/www.robertosedda.it\/?p=12337"},"modified":"2016-08-30T17:19:05","modified_gmt":"2016-08-30T15:19:05","slug":"cavalleria-rusticana-alla-radio","status":"publish","type":"post","link":"http:\/\/www.robertosedda.it\/?p=12337","title":{"rendered":"<em>Cavalleria rusticana<\/em> alla radio"},"content":{"rendered":"<p>Mi sono accorto che non ho ancora pubblicato le ultime puntate di\u00a0<em>Oggi parliamo<\/em> di libri\u00a0della scorsa stagione.<\/p>\n<p>Ecco quindi a voi\u00a0<em>Cavalleria rusticana<\/em>. Devo dire che sono abbastanza soddisfatto della puntata, che si inserisce discretamente nel filone conclusivo della stagione, dedicato al teatro dell&#8217;Ottocento come teatro borghese.<\/p>\n<p>Emerge prima di tutto il tema di quella che oggi si chiamerebbe <em>crossmedialit\u00e0<\/em> (<em>Cavalleria rusticana<\/em> \u00e8 sia un racconto, sia un dramma teatrale che un&#8217;opera lirica e divenne perfino un film): magari non ho sottolineato che questo corrisponde a una nuova dimensione\u00a0<em>industriale<\/em> del teatro, tipica dell&#8217;epoca, ma quando ho parlato di \u00abprocesso produttivo\u00bb avevo esattamente in mente questo e secondo me era opportuno presentare l&#8217;opera in questo modo.<\/p>\n<p>E secondo me ho fatto bene a presentare\u00a0<em>Cavalleria rusticana<\/em> come un prodotto che soddisfaceva l&#8217;esigenza delle classi borghesi di approfondire la questione delle masse rurali meridionali (in un&#8217;ottica di intrattenimento: oggi parleremmo di\u00a0<em>edutainment<\/em>). Potevo forse richiamare la vecchia puntata su\u00a0<a href=\"http:\/\/www.robertosedda.it\/?p=8031\">Grazia Deledda e l&#8217;invenzione del Meridione<\/a>, ma magari anche quella su\u00a0<a href=\"http:\/\/www.robertosedda.it\/?p=10175\"><em>Camera con vista<\/em><\/a>: in fondo la passionalit\u00e0 dei contadini di Verga non \u00e8 molto distante da quella dei sanguigni italiani di Forster, con la differenza non trascurabile che l\u00ec questa passionalit\u00e0 ha valore di liberazione dalle algide convenzioni anglosassoni, mentre qui \u00e8 presentata in chiave tragica e senza possibilit\u00e0 di salvezza (e, direi, serve a <em>rafforzare<\/em> le convenzioni sociali: qui gli adulteri, alla fine, la pagano cara).<\/p>\n<p>Si capir\u00e0 da quest&#8217;ultimo accenno che non mi entusiasma Verga: in trasmissione mi sono spinto a parlare di\u00a0\u00abSicilia da cartolina\u00bb e tutto sommato manterrei l&#8217;opinione, magari aggiungendoci il carico da undici del far notare che forse il Meridione ha mantenuto i suoi problemi non solo per le sue contraddizioni e fragilit\u00e0\u00a0sociali ed economiche, ma anche per la manchevolezza di parte della sua classe dirigente, della quale in fondo Verga era parte. Ho usato poco sopra\u00a0termini attuali come\u00a0<em>edutainment<\/em> o <em>crossmediale<\/em>, aggiungiamo un altro riferimento contemporaneo:\u00a0<em>Cavalleria rusticana<\/em> rappresenta l&#8217;impegno sociale esattamente come certe trasmissioni di &#8220;impegno sociale&#8221; della televisione spettacolarizzano il disagio sociale strumentalizzandolo per avere qualche misero punto di\u00a0<em>share<\/em> in pi\u00f9.<\/p>\n<!--[if lt IE 9]><script>document.createElement('audio');<\/script><![endif]-->\n<audio class=\"wp-audio-shortcode\" id=\"audio-12337-1\" preload=\"none\" style=\"width: 100%;\" controls=\"controls\"><source type=\"audio\/mpeg\" src=\"http:\/\/www.radiokalaritana.it\/audio\/download\/LIB-S04E32-Giovanni_Verga_Cavalleria_rusticana-20160512.mp3?_=1\" \/><a href=\"http:\/\/www.radiokalaritana.it\/audio\/download\/LIB-S04E32-Giovanni_Verga_Cavalleria_rusticana-20160512.mp3\">http:\/\/www.radiokalaritana.it\/audio\/download\/LIB-S04E32-Giovanni_Verga_Cavalleria_rusticana-20160512.mp3<\/a><\/audio>\n<h4><em>Cavalleria rusticana<\/em>\u00a0\u2013\u00a0Giovanni\u00a0Verga<\/h4>\n","protected":false},"excerpt":{"rendered":"<p>Mi sono accorto che non ho ancora pubblicato le ultime puntate di\u00a0Oggi parliamo di libri\u00a0della scorsa stagione. Ecco quindi a<\/p>\n","protected":false},"author":1,"featured_media":12338,"comment_status":"open","ping_status":"open","sticky":false,"template":"","format":"standard","meta":{"_mi_skip_tracking":false,"_monsterinsights_sitenote_active":false,"_monsterinsights_sitenote_note":"","_monsterinsights_sitenote_category":0,"jetpack_post_was_ever_published":false,"_jetpack_newsletter_access":"","jetpack_publicize_message":"","jetpack_is_tweetstorm":false,"jetpack_publicize_feature_enabled":true,"jetpack_social_post_already_shared":true,"jetpack_social_options":{"image_generator_settings":{"template":"highway","enabled":false}}},"categories":[52,56,13,101,12],"tags":[],"jetpack_publicize_connections":[],"jetpack_featured_media_url":"https:\/\/i0.wp.com\/www.robertosedda.it\/wp-content\/uploads\/2016\/08\/Cavalleria-rusticana.jpg?fit=400%2C302","jetpack_sharing_enabled":true,"jetpack_shortlink":"https:\/\/wp.me\/p4jV2T-3cZ","jetpack_likes_enabled":true,"jetpack-related-posts":[{"id":12472,"url":"http:\/\/www.robertosedda.it\/?p=12472","url_meta":{"origin":12337,"position":0},"title":"Cos\u00ec fin\u00ec Oggi parliamo di libri","author":"Rufus","date":"06\/09\/2016","format":false,"excerpt":"Trovate qui sotto l'ultima puntata della stagione 2015\/2016 di\u00a0Oggi parliamo di libri, dedicata a\u00a0Liol\u00e0\u00a0di Pirandello: si tratta anche dell'ultima puntata in generale della trasmissione, perch\u00e9 per l'anno prossimo mi piacerebbe molto che venisse accettata la mia proposta di parlare di giochi\u00a0(se si parte si parte ad ottobre, ma mi pare\u2026","rel":"","context":"In &quot;Coordinate&quot;","block_context":{"text":"Coordinate","link":"http:\/\/www.robertosedda.it\/?cat=52"},"img":{"alt_text":"","src":"https:\/\/i0.wp.com\/www.robertosedda.it\/wp-content\/uploads\/2016\/09\/Oggi-parliamo-di-libri-1.jpg?fit=480%2C360&resize=350%2C200","width":350,"height":200},"classes":[]},{"id":11945,"url":"http:\/\/www.robertosedda.it\/?p=11945","url_meta":{"origin":12337,"position":1},"title":"Oggi parliamo di libri arriva all&#8217;Ottocento","author":"Rufus","date":"11\/05\/2016","format":false,"excerpt":"Sono abbastanza soddisfatto della puntata di Oggi parliamo di libri con cui ho aperto l'ultimo, lungo, ciclo di trasmissioni della stagione (\u00e8 ormai chiaro che non riuscir\u00f2 a parlare del teatro del '900). http:\/\/www.radiokalaritana.it\/audio\/download\/LIB-S04E25-Il_teatro_nel_1800-20160317.mp3 Il teatro nell'800 Non \u00e8 che sempre bisogna dire cose straordinarie (infatti io non ci riesco\u2026","rel":"","context":"In &quot;Coordinate&quot;","block_context":{"text":"Coordinate","link":"http:\/\/www.robertosedda.it\/?cat=52"},"img":{"alt_text":"","src":"https:\/\/i0.wp.com\/www.robertosedda.it\/wp-content\/uploads\/2016\/05\/Hobsbawm-Et\u00e0-rivoluzione-e1683811506646.jpg?fit=750%2C1088&resize=350%2C200","width":350,"height":200,"srcset":"https:\/\/i0.wp.com\/www.robertosedda.it\/wp-content\/uploads\/2016\/05\/Hobsbawm-Et\u00e0-rivoluzione-e1683811506646.jpg?fit=750%2C1088&resize=350%2C200 1x, https:\/\/i0.wp.com\/www.robertosedda.it\/wp-content\/uploads\/2016\/05\/Hobsbawm-Et\u00e0-rivoluzione-e1683811506646.jpg?fit=750%2C1088&resize=700%2C400 2x"},"classes":[]},{"id":11264,"url":"http:\/\/www.robertosedda.it\/?p=11264","url_meta":{"origin":12337,"position":2},"title":"Che furbastro, quel Volpone!","author":"Rufus","date":"09\/12\/2015","format":"video","excerpt":"La cosa che pi\u00f9 mi colpisce di questa stagione di Oggi parliamo di libri \u00e8 la quantit\u00e0 di scoperte che faccio. Queste scoperte continue sono il motivo per il quale, dopo avere molto esitato a riprendere la trasmissione, mi sto invece divertendo moltissimo: sarei contentissimo di sapere che questo mio\u2026","rel":"","context":"In &quot;Coordinate&quot;","block_context":{"text":"Coordinate","link":"http:\/\/www.robertosedda.it\/?cat=52"},"img":{"alt_text":"","src":"https:\/\/i0.wp.com\/img.youtube.com\/vi\/C5JoMYsYQr0\/0.jpg?resize=350%2C200","width":350,"height":200},"classes":[]},{"id":10888,"url":"http:\/\/www.robertosedda.it\/?p=10888","url_meta":{"origin":12337,"position":3},"title":"Come detto, teatro","author":"Rufus","date":"24\/09\/2015","format":"video","excerpt":"http:\/\/www.radiokalaritana.it\/audio\/LIB-S04E01-Le_opere_teatrali-20150917.mp3 Parlare di teatro (Oggi parliamo di libri, 17\/09\/2015) La presenza del\u00a0podcast mi permette di riproporre qui sul blog\u00a0le puntate di\u00a0Oggi parliamo di libri\u00a0in maniera pi\u00f9 puntuale: questa \u00e8 la prima, andata in onda la settimana scorsa, e la sua pubblicazione vale anche come invito ad ascoltare la seconda, questa\u2026","rel":"","context":"In &quot;Coordinate&quot;","block_context":{"text":"Coordinate","link":"http:\/\/www.robertosedda.it\/?cat=52"},"img":{"alt_text":"","src":"","width":0,"height":0},"classes":[]},{"id":10947,"url":"http:\/\/www.robertosedda.it\/?p=10947","url_meta":{"origin":12337,"position":4},"title":"&#8216;na tragedia","author":"Rufus","date":"01\/10\/2015","format":"audio","excerpt":"Per fare pubblicit\u00e0 al fatto che stasera alle 19.10 va in onda la nuova puntata di\u00a0Oggi parliamo di libri (dedicata alla\u00a0Medea di Euripide, non perdetela!), vi invito all'ascolto della puntata precedente, in cui ho parlato della tragedia greca in generale. La tragedia greca (Oggi parliamo di libri, 29\/09\/2015) La puntata\u2026","rel":"","context":"In &quot;Coordinate&quot;","block_context":{"text":"Coordinate","link":"http:\/\/www.robertosedda.it\/?cat=52"},"img":{"alt_text":"","src":"","width":0,"height":0},"classes":[]},{"id":11710,"url":"http:\/\/www.robertosedda.it\/?p=11710","url_meta":{"origin":12337,"position":5},"title":"Il Re Cervo a Oggi parliamo di libri","author":"Rufus","date":"22\/03\/2016","format":false,"excerpt":"La settimana scorsa ho pubblicato qui sul sito le puntate di\u00a0Oggi parliamo di libri dedicate a Corneille e Racine; la vicinanza cronologica di questi due autori con Moli\u00e8re deve avermi confuso, perch\u00e9 non mi sono accorto che facendoli succedere immediatamente al Tartufo\u00a0saltavo due puntate intermedie, quelle nelle quali avevo proseguito\u2026","rel":"","context":"In &quot;Coordinate&quot;","block_context":{"text":"Coordinate","link":"http:\/\/www.robertosedda.it\/?cat=52"},"img":{"alt_text":"","src":"https:\/\/i0.wp.com\/www.robertosedda.it\/wp-content\/uploads\/2016\/03\/Re-Cervo.jpg?fit=720%2C618&resize=350%2C200","width":350,"height":200,"srcset":"https:\/\/i0.wp.com\/www.robertosedda.it\/wp-content\/uploads\/2016\/03\/Re-Cervo.jpg?fit=720%2C618&resize=350%2C200 1x, https:\/\/i0.wp.com\/www.robertosedda.it\/wp-content\/uploads\/2016\/03\/Re-Cervo.jpg?fit=720%2C618&resize=700%2C400 2x"},"classes":[]}],"_links":{"self":[{"href":"http:\/\/www.robertosedda.it\/index.php?rest_route=\/wp\/v2\/posts\/12337"}],"collection":[{"href":"http:\/\/www.robertosedda.it\/index.php?rest_route=\/wp\/v2\/posts"}],"about":[{"href":"http:\/\/www.robertosedda.it\/index.php?rest_route=\/wp\/v2\/types\/post"}],"author":[{"embeddable":true,"href":"http:\/\/www.robertosedda.it\/index.php?rest_route=\/wp\/v2\/users\/1"}],"replies":[{"embeddable":true,"href":"http:\/\/www.robertosedda.it\/index.php?rest_route=%2Fwp%2Fv2%2Fcomments&post=12337"}],"version-history":[{"count":2,"href":"http:\/\/www.robertosedda.it\/index.php?rest_route=\/wp\/v2\/posts\/12337\/revisions"}],"predecessor-version":[{"id":12340,"href":"http:\/\/www.robertosedda.it\/index.php?rest_route=\/wp\/v2\/posts\/12337\/revisions\/12340"}],"wp:featuredmedia":[{"embeddable":true,"href":"http:\/\/www.robertosedda.it\/index.php?rest_route=\/wp\/v2\/media\/12338"}],"wp:attachment":[{"href":"http:\/\/www.robertosedda.it\/index.php?rest_route=%2Fwp%2Fv2%2Fmedia&parent=12337"}],"wp:term":[{"taxonomy":"category","embeddable":true,"href":"http:\/\/www.robertosedda.it\/index.php?rest_route=%2Fwp%2Fv2%2Fcategories&post=12337"},{"taxonomy":"post_tag","embeddable":true,"href":"http:\/\/www.robertosedda.it\/index.php?rest_route=%2Fwp%2Fv2%2Ftags&post=12337"}],"curies":[{"name":"wp","href":"https:\/\/api.w.org\/{rel}","templated":true}]}}