{"id":12306,"date":"2016-08-06T12:43:11","date_gmt":"2016-08-06T10:43:11","guid":{"rendered":"http:\/\/www.robertosedda.it\/?p=12306"},"modified":"2018-08-20T13:41:35","modified_gmt":"2018-08-20T11:41:35","slug":"gettare-la-maschera","status":"publish","type":"post","link":"http:\/\/www.robertosedda.it\/?p=12306","title":{"rendered":"Gettare la maschera"},"content":{"rendered":"<p><img data-attachment-id=\"12307\" data-permalink=\"http:\/\/www.robertosedda.it\/?attachment_id=12307\" data-orig-file=\"https:\/\/i0.wp.com\/www.robertosedda.it\/wp-content\/uploads\/2016\/08\/Fermate-Orte-Fiumicino1.jpg?fit=1390%2C425\" data-orig-size=\"1390,425\" data-comments-opened=\"1\" data-image-meta=\"{&quot;aperture&quot;:&quot;0&quot;,&quot;credit&quot;:&quot;&quot;,&quot;camera&quot;:&quot;&quot;,&quot;caption&quot;:&quot;&quot;,&quot;created_timestamp&quot;:&quot;0&quot;,&quot;copyright&quot;:&quot;&quot;,&quot;focal_length&quot;:&quot;0&quot;,&quot;iso&quot;:&quot;0&quot;,&quot;shutter_speed&quot;:&quot;0&quot;,&quot;title&quot;:&quot;&quot;,&quot;orientation&quot;:&quot;1&quot;}\" data-image-title=\"Fermate-Orte-Fiumicino1\" data-image-description=\"\" data-image-caption=\"\" data-medium-file=\"https:\/\/i0.wp.com\/www.robertosedda.it\/wp-content\/uploads\/2016\/08\/Fermate-Orte-Fiumicino1.jpg?fit=300%2C92\" data-large-file=\"https:\/\/i0.wp.com\/www.robertosedda.it\/wp-content\/uploads\/2016\/08\/Fermate-Orte-Fiumicino1.jpg?fit=510%2C156\" decoding=\"async\" loading=\"lazy\" class=\"aligncenter size-full wp-image-12307\" src=\"https:\/\/i0.wp.com\/www.robertosedda.it\/wp-content\/uploads\/2016\/08\/Fermate-Orte-Fiumicino1.jpg?resize=800%2C245\" alt=\"Fermate-Orte-Fiumicino1\" width=\"800\" height=\"245\" srcset=\"https:\/\/i0.wp.com\/www.robertosedda.it\/wp-content\/uploads\/2016\/08\/Fermate-Orte-Fiumicino1.jpg?w=1390 1390w, https:\/\/i0.wp.com\/www.robertosedda.it\/wp-content\/uploads\/2016\/08\/Fermate-Orte-Fiumicino1.jpg?resize=150%2C46 150w, https:\/\/i0.wp.com\/www.robertosedda.it\/wp-content\/uploads\/2016\/08\/Fermate-Orte-Fiumicino1.jpg?resize=300%2C92 300w, https:\/\/i0.wp.com\/www.robertosedda.it\/wp-content\/uploads\/2016\/08\/Fermate-Orte-Fiumicino1.jpg?resize=510%2C156 510w, https:\/\/i0.wp.com\/www.robertosedda.it\/wp-content\/uploads\/2016\/08\/Fermate-Orte-Fiumicino1.jpg?resize=700%2C214 700w\" sizes=\"(max-width: 800px) 100vw, 800px\" data-recalc-dims=\"1\" \/>La settimana scorsa ero in treno verso Fiumicino, di ritorno da un impegno di Banca Etica. L&#8217;orario era insolito, e la carrozza quasi deserta: solo un signore ben vestito, due file avanti a me sull&#8217;altro lato.<\/p>\n<p>Io ero distratto ma il signore parlava al telefono a voce alta con un bell&#8217;accento pugliese, quindi non potevo non sentire.<\/p>\n<p>Il signore era paterno, fermo ma giusto. La prima frase che ha richiamato la mia attenzione \u00e8 stata: \u00ab&#8230; e quindi tu, come vicepresidente esecutivo e come persona maggiormente esposta sul fronte del progetto e della sua realizzazione, non devi farti intimorire, ma devi tenere botta superando anche quel natural riserbo che ti contraddistingue, per il bene dell&#8217;attivit\u00e0, delle persone che ci lavorano&#8230; ti tocca di incarnare i nostri valori e dimostrare pacatamente ma con fermezza la bont\u00e0 delle azioni che abbiamo intrapreso&#8230; \u00e8 chiaro che per te \u00e8 impegnativo ma \u00e8 un ruolo che solo tu puoi ricoprire&#8230;\u00bb eccetera (<em>che capo meraviglioso<\/em>, ho pensato).<\/p>\n<p>Poi ha chiamato un altro tizio, al quale ha spiegato incisivamente che un certo Paolino Paperino, consigliere comunale, aveva sollevato una polemica del tutto pretestuosa su non so che appalti, ma che era importante non scendere allo stesso livello e soprattutto non dare adito a reazioni isteriche e del tutto fuori misura. \u00ab&#8230;e siccome ho sentito la Gianna, capisci, che era gi\u00e0 pronta a convocare una conferenza stampa&#8230; a fare querele&#8230; le ho detto che non \u00e8 assolutamente il caso e vorrei che anche tu, insomma, che ci sei in confidenza, le spiegassi che non possiamo dare adito a dei polveroni dove alla fine non si capisce pi\u00f9 chi ha ragione e quindi, diciamo, la tenessi un po&#8217; calma, senza colpi di testa\u00bb (<em>che uomo saggio<\/em>, ho pensato).<\/p>\n<p>Poi ha chiamato un altro, e ha cominciato a urlare: \u00abSenti, ma questo grandissimo testa di minchia di Paolino Paperino, ma che cazzo si crede di fare?! Ma quale opposizione e opposizione, ma non lo capisce che cos\u00ec danneggia solo gli amici? Ma me lo vuoi togliere dai coglioni? Cazzo, morto lo voglio, morto!\u00bb<\/p>\n","protected":false},"excerpt":{"rendered":"<p>La settimana scorsa ero in treno verso Fiumicino, di ritorno da un impegno di Banca Etica. L&#8217;orario era insolito, e<\/p>\n","protected":false},"author":1,"featured_media":12307,"comment_status":"open","ping_status":"open","sticky":false,"template":"","format":"standard","meta":{"_mi_skip_tracking":false,"_monsterinsights_sitenote_active":false,"_monsterinsights_sitenote_note":"","_monsterinsights_sitenote_category":0,"jetpack_post_was_ever_published":false,"_jetpack_newsletter_access":"","jetpack_publicize_message":"","jetpack_is_tweetstorm":false,"jetpack_publicize_feature_enabled":true,"jetpack_social_post_already_shared":true,"jetpack_social_options":{"image_generator_settings":{"template":"highway","enabled":false}}},"categories":[52,56,18,61,16],"tags":[],"jetpack_publicize_connections":[],"jetpack_featured_media_url":"https:\/\/i0.wp.com\/www.robertosedda.it\/wp-content\/uploads\/2016\/08\/Fermate-Orte-Fiumicino1.jpg?fit=1390%2C425","jetpack_sharing_enabled":true,"jetpack_shortlink":"https:\/\/wp.me\/p4jV2T-3cu","jetpack_likes_enabled":true,"jetpack-related-posts":[{"id":971,"url":"http:\/\/www.robertosedda.it\/?p=971","url_meta":{"origin":12306,"position":0},"title":"Prendi il CTM, conoscerai il mondo","author":"Rufus","date":"05\/10\/2012","format":false,"excerpt":"Due o tre casi capitati questa estate, fra il 6 e le varie linee che portano al Poetto. Homo virgini lupus, soprattutto se lo zio Una\u00a0signora anziana arringa una ragazzina\u00a0che porta una\u00a0enorme borsa della spesa sul 6: devi fare cos\u00ec, devi fare cos\u00e0, e quando sei in giro m\u00ec di\u2026","rel":"","context":"In &quot;Coordinate&quot;","block_context":{"text":"Coordinate","link":"http:\/\/www.robertosedda.it\/?cat=52"},"img":{"alt_text":"","src":"","width":0,"height":0},"classes":[]},{"id":8174,"url":"http:\/\/www.robertosedda.it\/?p=8174","url_meta":{"origin":12306,"position":1},"title":"Terapie familiari alla fermata dell&#8217;autobus (dolcemaro)","author":"Rufus","date":"08\/08\/2014","format":false,"excerpt":"Capita con frequenza che la gente non si renda conto che quando parla al telefono, tanto pi\u00f9 in un ambiente ristretto come l'autobus, tutto il mondo viene messo a parte della conversazione e dei loro affari personali, cosa che magari non vorrebbe. Non so perch\u00e9, ma in questo periodo sembra\u2026","rel":"","context":"In &quot;Coordinate&quot;","block_context":{"text":"Coordinate","link":"http:\/\/www.robertosedda.it\/?cat=52"},"img":{"alt_text":"","src":"https:\/\/i0.wp.com\/www.robertosedda.it\/wp-content\/uploads\/2014\/07\/Funicolare-Angels-Flight.jpg?fit=654%2C560&resize=350%2C200","width":350,"height":200},"classes":[]},{"id":1047,"url":"http:\/\/www.robertosedda.it\/?p=1047","url_meta":{"origin":12306,"position":2},"title":"Il blues dell&#8217;aeroporto","author":"Rufus","date":"16\/10\/2012","format":false,"excerpt":"Mi aggiro per Fiumicino. A un certo punto entro in un negozio che vende accessori per iPhone, cellulari, tablet: custodie, caricabatterie eccetera. Cartelle da viaggio, custodie per computer, cose cos\u00ec. Ci sono un padre e un figlio che esaminano con aria critica i prezzi della roba per iPhone. Il figlio,\u2026","rel":"","context":"In &quot;Coordinate&quot;","block_context":{"text":"Coordinate","link":"http:\/\/www.robertosedda.it\/?cat=52"},"img":{"alt_text":"","src":"","width":0,"height":0},"classes":[]},{"id":4281,"url":"http:\/\/www.robertosedda.it\/?p=4281","url_meta":{"origin":12306,"position":3},"title":"Insulti e ragazze pietose davanti al portone chiuso","author":"Rufus","date":"16\/08\/2013","format":false,"excerpt":"L'altro giorno Maria Bonaria, mia moglie, tornava a casa dopo una visita al babbo quando, dall'altro lato della strada, si sente chiamare: \u00abSignora, signora!\u00bb. A chiamare era una signora sugli ottant'anni, piccoletta, vestita di nero, con un grande borsone e una borsetta. In mano un piccolo mazzo di chiavi. \u00abSeeenta,\u2026","rel":"","context":"In &quot;Coordinate&quot;","block_context":{"text":"Coordinate","link":"http:\/\/www.robertosedda.it\/?cat=52"},"img":{"alt_text":"","src":"","width":0,"height":0},"classes":[]},{"id":8222,"url":"http:\/\/www.robertosedda.it\/?p=8222","url_meta":{"origin":12306,"position":4},"title":"Il nuovo che avanza","author":"Rufus","date":"14\/08\/2014","format":false,"excerpt":"La prima volta ho avuto un piccolo senso di spaesamento. Ero appena uscito da Messa e tornavo a casa. Sulla discesa di Bonaria davanti a me tre signore fra i sessanta e i settanta, minutine, eleganti nei loro abiti della domenica allacciati dietro con l'orlo decorosamente oltre il ginocchio e\u2026","rel":"","context":"In &quot;Coordinate&quot;","block_context":{"text":"Coordinate","link":"http:\/\/www.robertosedda.it\/?cat=52"},"img":{"alt_text":"","src":"https:\/\/i0.wp.com\/www.robertosedda.it\/wp-content\/uploads\/2014\/08\/I-vecchi-che-usano-il-computer-.jpg?fit=730%2C388&resize=350%2C200","width":350,"height":200,"srcset":"https:\/\/i0.wp.com\/www.robertosedda.it\/wp-content\/uploads\/2014\/08\/I-vecchi-che-usano-il-computer-.jpg?fit=730%2C388&resize=350%2C200 1x, https:\/\/i0.wp.com\/www.robertosedda.it\/wp-content\/uploads\/2014\/08\/I-vecchi-che-usano-il-computer-.jpg?fit=730%2C388&resize=700%2C400 2x"},"classes":[]},{"id":4051,"url":"http:\/\/www.robertosedda.it\/?p=4051","url_meta":{"origin":12306,"position":5},"title":"Educazione sentimentale sulla linea 30","author":"Rufus","date":"18\/07\/2013","format":false,"excerpt":"Ieri sull'autobus si siedono dietro di me quattro ragazzini, massimo diciassette anni, due maschi e due femmine. Li chiameremo lo Svelto, la Ragazza , l'Amica e il Mediatore. Sono ragazzini un po' grezzi, un po' da quartiere popolare, e parlano a voce alta in modo tale che tutto il pullman\u2026","rel":"","context":"In &quot;Coordinate&quot;","block_context":{"text":"Coordinate","link":"http:\/\/www.robertosedda.it\/?cat=52"},"img":{"alt_text":"","src":"https:\/\/i0.wp.com\/www.robertosedda.it\/wp-content\/uploads\/2019\/04\/Bus-CTM.jpg?fit=1200%2C674&resize=350%2C200","width":350,"height":200,"srcset":"https:\/\/i0.wp.com\/www.robertosedda.it\/wp-content\/uploads\/2019\/04\/Bus-CTM.jpg?fit=1200%2C674&resize=350%2C200 1x, https:\/\/i0.wp.com\/www.robertosedda.it\/wp-content\/uploads\/2019\/04\/Bus-CTM.jpg?fit=1200%2C674&resize=700%2C400 2x, https:\/\/i0.wp.com\/www.robertosedda.it\/wp-content\/uploads\/2019\/04\/Bus-CTM.jpg?fit=1200%2C674&resize=1050%2C600 3x"},"classes":[]}],"_links":{"self":[{"href":"http:\/\/www.robertosedda.it\/index.php?rest_route=\/wp\/v2\/posts\/12306"}],"collection":[{"href":"http:\/\/www.robertosedda.it\/index.php?rest_route=\/wp\/v2\/posts"}],"about":[{"href":"http:\/\/www.robertosedda.it\/index.php?rest_route=\/wp\/v2\/types\/post"}],"author":[{"embeddable":true,"href":"http:\/\/www.robertosedda.it\/index.php?rest_route=\/wp\/v2\/users\/1"}],"replies":[{"embeddable":true,"href":"http:\/\/www.robertosedda.it\/index.php?rest_route=%2Fwp%2Fv2%2Fcomments&post=12306"}],"version-history":[{"count":4,"href":"http:\/\/www.robertosedda.it\/index.php?rest_route=\/wp\/v2\/posts\/12306\/revisions"}],"predecessor-version":[{"id":15594,"href":"http:\/\/www.robertosedda.it\/index.php?rest_route=\/wp\/v2\/posts\/12306\/revisions\/15594"}],"wp:featuredmedia":[{"embeddable":true,"href":"http:\/\/www.robertosedda.it\/index.php?rest_route=\/wp\/v2\/media\/12307"}],"wp:attachment":[{"href":"http:\/\/www.robertosedda.it\/index.php?rest_route=%2Fwp%2Fv2%2Fmedia&parent=12306"}],"wp:term":[{"taxonomy":"category","embeddable":true,"href":"http:\/\/www.robertosedda.it\/index.php?rest_route=%2Fwp%2Fv2%2Fcategories&post=12306"},{"taxonomy":"post_tag","embeddable":true,"href":"http:\/\/www.robertosedda.it\/index.php?rest_route=%2Fwp%2Fv2%2Ftags&post=12306"}],"curies":[{"name":"wp","href":"https:\/\/api.w.org\/{rel}","templated":true}]}}