{"id":12289,"date":"2016-07-27T13:42:10","date_gmt":"2016-07-27T11:42:10","guid":{"rendered":"http:\/\/www.robertosedda.it\/?p=12289"},"modified":"2022-08-02T11:36:08","modified_gmt":"2022-08-02T09:36:08","slug":"12289","status":"publish","type":"post","link":"http:\/\/www.robertosedda.it\/?p=12289","title":{"rendered":"Tutto Giacosa, ma proprio tutto"},"content":{"rendered":"<!--[if lt IE 9]><script>document.createElement('audio');<\/script><![endif]-->\n<audio class=\"wp-audio-shortcode\" id=\"audio-12289-1\" preload=\"none\" style=\"width: 100%;\" controls=\"controls\"><source type=\"audio\/mpeg\" src=\"http:\/\/www.radiokalaritana.it\/audio\/LIB-S04E31-Giuseppe_Giacosa_Le_opere-20160505.mp3?_=1\" \/><a href=\"http:\/\/www.radiokalaritana.it\/audio\/LIB-S04E31-Giuseppe_Giacosa_Le_opere-20160505.mp3\">http:\/\/www.radiokalaritana.it\/audio\/LIB-S04E31-Giuseppe_Giacosa_Le_opere-20160505.mp3<\/a><\/audio>\n<h4>Drammi e commedie &#8211; Giuseppe Giacosa<\/h4>\n<p>Come avrete sentito per preparare la puntata su Giacosa ho fatto una cosa che non avevo mai fatto per nessun altro autore: me lo sono letto tutto o quasi in un paio di giorni (con un po&#8217; di salti, ovviamente).<\/p>\n<p>\u00c8 stata una esperienza un po&#8217; folle ma molto interessante, dalla quale ho tratto\u00a0quella specie di impressione sinottica che ho provato a raccontare in trasmissione. Non credo che facendo altrimenti mi sarei accorto per esempio della ricorrenza ripetuta del &#8220;duello&#8221;, come elemento drammatico e catastrofico che spezza la trama: \u00e8 evidente che prende il posto di altri marchingegni narrativi delle tragedie della tradizione classica, dalla battaglia ad altre situazioni simili. Ma avrei voluto avere le competenze e il tempo per approfondire altri aspetti:\u00a0nell&#8217;Ottocento, stando alla narrativa, ci si batteva moltissimo: era davvero cos\u00ec e teatro e letteratura riportano fedelmente un fatto di costume? O ci si batteva un po&#8217; meno ma la cosa faceva via via sempre pi\u00f9 problema alla coscienza comune e quindi il tema continuava a emergere nei racconti di finzione, come segnale di questo disagio? Oppure era un abusato tropo narrativo? Le stesse domande e la stessa voglia di approfondimento mi \u00e8 venuta per una serie di altre situazioni ricorrenti (il suicidio, prima di tutto, ma anche la rovina economica) delle quali non mi sarei accorto senza questa lettura cos\u00ec follemente estensiva.<\/p>\n<p>Ovviamente, il punto di partenza era che avevo scelto Giacosa non per un mio apprezzamento particolare nei suoi confronti (credo di avere visto una o due volte a teatro, senza durevoli\u00a0impressioni) ma perch\u00e9 volevo parlare di dramma borghese in generale, e quindi andava benissimo poter arrivare a fare una puntata che affrontasse il tema in generale senza concentrarsi su nessuna opera. Sotto questo punto di vista la puntata mi sembra che sia risultata interessante ed equilibrata.<\/p>\n<p>Riascoltandola oggi, per\u00f2, ho qualche dubbio. Intanto, \u00e8 evidente che la particolare ottica di lettura che mi ha accompagnato mi ha portato a essere volutamente strabico: ci sono nella produzione di Giacosa due o tre drammi storici, per esempio, che ho messo inconsciamente fra parentesi, sebbene si prestassero a collegamenti con\u00a0<a href=\"http:\/\/www.robertosedda.it\/?p=12240\"><em>La cena delle beffe<\/em><\/a> di una puntata precedente e anche a segnalare che il pubblico che andava a assistere al teatro di Giacosa era lo stesso che andava a vedere l&#8217;opera, spesso con ambientazioni storiche simili. Meno esitazioni le ho se mi accorgo che ho accomunato il dramma borghese di Giacosa con le sue commedie, che spesso mi pare si differenzino dai drammi solo per i finali:\u00a0in generale la lettura, forse affrettata, non mi ha portato a notare fortissime differenze di tono fra un genere e l&#8217;altro &#8211; e anche di tensioni morali e di relazione nei protagonisti &#8211; tanto che ricordo di essermi chiesto a un certo punto, perplesso, che razza di umorismo si apprezzasse, nell&#8217;Ottocento italiano: certo siamo lontanissimi dalla frizzantezza di <a href=\"http:\/\/www.robertosedda.it\/?p=12148\">Oscar Wilde<\/a>.<\/p>\n<p>Casomai il vero problema \u00e8 che, se\u00a0<em>Oggi parliamo di libri<\/em> serve per invogliare alla lettura, parlando di tutte le sue opere insieme ho in fondo fatto un torto a Giacosa e, in qualche misura, anche agli ascoltatori. Forse lavorare su un singolo testo, per esempio\u00a0<em>Come le foglie<\/em>, poteva incoraggiare maggiormente alla lettura. D&#8217;altra parte, diciamolo: non \u00e8 che <em>Come le foglie\u00a0<\/em>mi sia piaciuto cos\u00ec\u00a0<em>tanto<\/em> da indurmi a consigliarne con insistenza\u00a0la lettura: il tema davvero interessante mi pare quello di indagare l&#8217;insoddisfazione e il senso di sconforto della borghesia ottocentesca, e quello si pu\u00f2 fare con l&#8217;una o l&#8217;altra delle opere di Giacosa.<\/p>\n","protected":false},"excerpt":{"rendered":"<p>http:\/\/www.radiokalaritana.it\/audio\/LIB-S04E31-Giuseppe_Giacosa_Le_opere-20160505.mp3 Drammi e commedie &#8211; Giuseppe Giacosa Come avrete sentito per preparare la puntata su Giacosa ho fatto una cosa<\/p>\n","protected":false},"author":1,"featured_media":12290,"comment_status":"open","ping_status":"open","sticky":false,"template":"","format":"standard","meta":{"_mi_skip_tracking":false,"_monsterinsights_sitenote_active":false,"_monsterinsights_sitenote_note":"","_monsterinsights_sitenote_category":0,"jetpack_post_was_ever_published":false,"_jetpack_newsletter_access":"","jetpack_publicize_message":"","jetpack_is_tweetstorm":false,"jetpack_publicize_feature_enabled":true,"jetpack_social_post_already_shared":true,"jetpack_social_options":{"image_generator_settings":{"template":"highway","enabled":false}}},"categories":[52,56,13,101,12],"tags":[],"jetpack_publicize_connections":[],"jetpack_featured_media_url":"https:\/\/i0.wp.com\/www.robertosedda.it\/wp-content\/uploads\/2016\/07\/Giacosa.jpg?fit=220%2C304","jetpack_sharing_enabled":true,"jetpack_shortlink":"https:\/\/wp.me\/s4jV2T-12289","jetpack_likes_enabled":true,"jetpack-related-posts":[{"id":5562,"url":"http:\/\/www.robertosedda.it\/?p=5562","url_meta":{"origin":12289,"position":0},"title":"Auguri per Natale","author":"Rufus","date":"24\/12\/2013","format":"video","excerpt":"Per farvi gli auguri per Natale utilizzo un video che mi ha fatto conoscere Roberto Museo. \u00c8 molto bello e riunisce un po' tante delle mie anime: c'\u00e8 una bella storia, un po' di economia sociale, un pizzico di insegnamento cristiano ed \u00e8 fatto da una impresa per biechi fini\u2026","rel":"","context":"In &quot;Coordinate&quot;","block_context":{"text":"Coordinate","link":"http:\/\/www.robertosedda.it\/?cat=52"},"img":{"alt_text":"","src":"https:\/\/i0.wp.com\/img.youtube.com\/vi\/nKWnhYxyIPE\/0.jpg?resize=350%2C200","width":350,"height":200},"classes":[]},{"id":12968,"url":"http:\/\/www.robertosedda.it\/?p=12968","url_meta":{"origin":12289,"position":1},"title":"Please, insert Rufus","author":"Rufus","date":"20\/12\/2016","format":false,"excerpt":"Sabato i\u00a0Fabbricastorie hanno passato uno scoglio non da poco nel percorso verso la\u00a0Global Game Jam, organizzando e gestendo senza troppe pecche il seminario\u00a0Please, insert story, una delle tappe intermedie principali verso la\u00a0Jam. Una delle cose belle era che nel pubblico c'\u00e8 stato esattamente quel\u00a0mix\u00a0di personalit\u00e0 e figure che ci auguravamo:\u2026","rel":"","context":"In &quot;Coordinate&quot;","block_context":{"text":"Coordinate","link":"http:\/\/www.robertosedda.it\/?cat=52"},"img":{"alt_text":"","src":"https:\/\/i0.wp.com\/www.robertosedda.it\/wp-content\/uploads\/2016\/12\/Saluti.jpg?fit=469%2C473&resize=350%2C200","width":350,"height":200},"classes":[]},{"id":2026,"url":"http:\/\/www.robertosedda.it\/?p=2026","url_meta":{"origin":12289,"position":2},"title":"Film che ho visto","author":"Rufus","date":"21\/01\/2013","format":"video","excerpt":"Ovvero Lo Hobbit e Vita di Pi. Li ho visti ormai qualche giorno (settimana fa), ma non ne ho parlato perch\u00e9 non mi pareva di avere niente di particolarmente intelligente da dire. D'altra parte mi \u00e8 comodo appuntare qualche pensiero, giusto per ricordarmi in futuro cosa ne ho pensato al\u2026","rel":"","context":"In &quot;Coordinate&quot;","block_context":{"text":"Coordinate","link":"http:\/\/www.robertosedda.it\/?cat=52"},"img":{"alt_text":"","src":"https:\/\/i0.wp.com\/img.youtube.com\/vi\/p4gqkkoEmCk\/0.jpg?resize=350%2C200","width":350,"height":200},"classes":[]},{"id":9685,"url":"http:\/\/www.robertosedda.it\/?p=9685","url_meta":{"origin":12289,"position":3},"title":"La cavalleria \u00e8 morta","author":"Rufus","date":"26\/02\/2015","format":false,"excerpt":"Mercoled\u00ec della settimana scorsa sono stato a Roma per una riunione di Banca Etica. Casualmente ho viaggiato con RyanAir e altrettanto casualmente sono rimasto impigliato nei controlli di sicurezza e sono arrivato al gate fra gli ultimi. Poco avanti a me una ragazza con un trolley piuttosto voluminoso, del quale\u2026","rel":"","context":"In &quot;Coordinate&quot;","block_context":{"text":"Coordinate","link":"http:\/\/www.robertosedda.it\/?cat=52"},"img":{"alt_text":"","src":"https:\/\/i0.wp.com\/www.robertosedda.it\/wp-content\/uploads\/2015\/02\/Fatina-buona.jpg?fit=640%2C480&resize=350%2C200","width":350,"height":200},"classes":[]},{"id":15520,"url":"http:\/\/www.robertosedda.it\/?p=15520","url_meta":{"origin":12289,"position":4},"title":"Belle storie. O no?","author":"Rufus","date":"24\/07\/2018","format":false,"excerpt":"Ho parlato pi\u00f9 volte dello scrittore\u00a0fantasy e filantropo Patrick Rothfuss: ieri scorrevo\u00a0Twitter quando ho visto che Pat segnalava una good new ambientata nella citt\u00e0 di Minneapolis, quella dei gialli con protagonista Lucas Davenport. Ok, uno dei miei scrittori\u00a0fantasy\u00a0preferiti e uno dei miei detective preferiti: ovviamente\u00a0ho seguito il\u00a0link. Ho trovato la\u2026","rel":"","context":"In &quot;Coordinate&quot;","block_context":{"text":"Coordinate","link":"http:\/\/www.robertosedda.it\/?cat=52"},"img":{"alt_text":"","src":"https:\/\/i0.wp.com\/www.robertosedda.it\/wp-content\/uploads\/2018\/07\/Minneapolis.jpg?fit=624%2C952&resize=350%2C200","width":350,"height":200},"classes":[]},{"id":12847,"url":"http:\/\/www.robertosedda.it\/?p=12847","url_meta":{"origin":12289,"position":5},"title":"A Scivu, di nuovo","author":"Rufus","date":"21\/11\/2016","format":false,"excerpt":"Non ho raccontato mai qui che nel fine settimana della festa di Tutti i Santi sono andato con Maria Bonaria a rivedere i posti del mio famoso campeggio adolescenziale a Scivu. Anzi: \u00e8 stata Maria Bonaria, dopo aver letto l'articolo, a propormi - a decidere - di andarci e organizzare\u2026","rel":"","context":"In &quot;Coordinate&quot;","block_context":{"text":"Coordinate","link":"http:\/\/www.robertosedda.it\/?cat=52"},"img":{"alt_text":"","src":"https:\/\/i0.wp.com\/www.robertosedda.it\/wp-content\/uploads\/2016\/11\/20161031_100029.jpg?fit=1200%2C720&resize=350%2C200","width":350,"height":200,"srcset":"https:\/\/i0.wp.com\/www.robertosedda.it\/wp-content\/uploads\/2016\/11\/20161031_100029.jpg?fit=1200%2C720&resize=350%2C200 1x, https:\/\/i0.wp.com\/www.robertosedda.it\/wp-content\/uploads\/2016\/11\/20161031_100029.jpg?fit=1200%2C720&resize=700%2C400 2x, https:\/\/i0.wp.com\/www.robertosedda.it\/wp-content\/uploads\/2016\/11\/20161031_100029.jpg?fit=1200%2C720&resize=1050%2C600 3x"},"classes":[]}],"_links":{"self":[{"href":"http:\/\/www.robertosedda.it\/index.php?rest_route=\/wp\/v2\/posts\/12289"}],"collection":[{"href":"http:\/\/www.robertosedda.it\/index.php?rest_route=\/wp\/v2\/posts"}],"about":[{"href":"http:\/\/www.robertosedda.it\/index.php?rest_route=\/wp\/v2\/types\/post"}],"author":[{"embeddable":true,"href":"http:\/\/www.robertosedda.it\/index.php?rest_route=\/wp\/v2\/users\/1"}],"replies":[{"embeddable":true,"href":"http:\/\/www.robertosedda.it\/index.php?rest_route=%2Fwp%2Fv2%2Fcomments&post=12289"}],"version-history":[{"count":2,"href":"http:\/\/www.robertosedda.it\/index.php?rest_route=\/wp\/v2\/posts\/12289\/revisions"}],"predecessor-version":[{"id":12292,"href":"http:\/\/www.robertosedda.it\/index.php?rest_route=\/wp\/v2\/posts\/12289\/revisions\/12292"}],"wp:featuredmedia":[{"embeddable":true,"href":"http:\/\/www.robertosedda.it\/index.php?rest_route=\/wp\/v2\/media\/12290"}],"wp:attachment":[{"href":"http:\/\/www.robertosedda.it\/index.php?rest_route=%2Fwp%2Fv2%2Fmedia&parent=12289"}],"wp:term":[{"taxonomy":"category","embeddable":true,"href":"http:\/\/www.robertosedda.it\/index.php?rest_route=%2Fwp%2Fv2%2Fcategories&post=12289"},{"taxonomy":"post_tag","embeddable":true,"href":"http:\/\/www.robertosedda.it\/index.php?rest_route=%2Fwp%2Fv2%2Ftags&post=12289"}],"curies":[{"name":"wp","href":"https:\/\/api.w.org\/{rel}","templated":true}]}}