{"id":12249,"date":"2016-07-20T11:15:45","date_gmt":"2016-07-20T09:15:45","guid":{"rendered":"http:\/\/www.robertosedda.it\/?p=12249"},"modified":"2023-07-25T16:54:52","modified_gmt":"2023-07-25T14:54:52","slug":"bella-puntata","status":"publish","type":"post","link":"http:\/\/www.robertosedda.it\/?p=12249","title":{"rendered":"Bella puntata!!"},"content":{"rendered":"<p>Non toccherebbe a me dirlo, ma la puntata sull&#8217;<em>Hernani<\/em>\u00a0di Hugo non \u00e8 affatto male, forse una delle migliori in assoluto di quattro stagioni di\u00a0<em>Oggi parliamo di libri<\/em>, tanto che per una volta non ho commenti da fare ma solo un invito: ascoltatela!<\/p>\n<!--[if lt IE 9]><script>document.createElement('audio');<\/script><![endif]-->\n<audio class=\"wp-audio-shortcode\" id=\"audio-12249-1\" preload=\"none\" style=\"width: 100%;\" controls=\"controls\"><source type=\"audio\/mpeg\" src=\"http:\/\/www.radiokalaritana.it\/audio\/LIB-S04E30-Victor_Hugo_Hernani-20160428.mp3?_=1\" \/><a href=\"http:\/\/www.radiokalaritana.it\/audio\/LIB-S04E30-Victor_Hugo_Hernani-20160428.mp3\">http:\/\/www.radiokalaritana.it\/audio\/LIB-S04E30-Victor_Hugo_Hernani-20160428.mp3<\/a><\/audio>\n<h4><em>Hernani<\/em> &#8211; Victor Hugo<\/h4>\n","protected":false},"excerpt":{"rendered":"<p>Non toccherebbe a me dirlo, ma la puntata sull&#8217;Hernani\u00a0di Hugo non \u00e8 affatto male, forse una delle migliori in assoluto<\/p>\n","protected":false},"author":1,"featured_media":12250,"comment_status":"open","ping_status":"open","sticky":false,"template":"","format":"standard","meta":{"_mi_skip_tracking":false,"_monsterinsights_sitenote_active":false,"_monsterinsights_sitenote_note":"","_monsterinsights_sitenote_category":0,"jetpack_post_was_ever_published":false,"_jetpack_newsletter_access":"","jetpack_publicize_message":"","jetpack_is_tweetstorm":false,"jetpack_publicize_feature_enabled":true,"jetpack_social_post_already_shared":true,"jetpack_social_options":{"image_generator_settings":{"template":"highway","enabled":false}}},"categories":[52,56,13,101,12],"tags":[],"jetpack_publicize_connections":[],"jetpack_featured_media_url":"https:\/\/i0.wp.com\/www.robertosedda.it\/wp-content\/uploads\/2016\/07\/Hernani.jpg?fit=600%2C510","jetpack_sharing_enabled":true,"jetpack_shortlink":"https:\/\/wp.me\/p4jV2T-3bz","jetpack_likes_enabled":true,"jetpack-related-posts":[{"id":11889,"url":"http:\/\/www.robertosedda.it\/?p=11889","url_meta":{"origin":12249,"position":0},"title":"Sono un secchione e Manzoni mi piace","author":"Rufus","date":"02\/05\/2016","format":false,"excerpt":"L'Adelchi non sar\u00e0 propriamente Game of Thrones\u00a0ma... http:\/\/www.radiokalaritana.it\/audio\/LIB-S04E24-Alessandro_Manzoni_Adelchi-20160310.mp3 Adelchi - Alessandro Manzoni Non ho molto da dire sulla puntata di Oggi parliamo di libri\u00a0dedicata all'Adelchi di Alessandro Manzoni se non lamentare che il poco tempo a disposizione per prepararmi mi abbia portato a una resa un po', come dire?, scolastica,\u2026","rel":"","context":"In &quot;Coordinate&quot;","block_context":{"text":"Coordinate","link":"http:\/\/www.robertosedda.it\/?cat=52"},"img":{"alt_text":"","src":"https:\/\/i0.wp.com\/www.robertosedda.it\/wp-content\/uploads\/2016\/05\/Adelchi.jpg?fit=768%2C1024&resize=350%2C200","width":350,"height":200,"srcset":"https:\/\/i0.wp.com\/www.robertosedda.it\/wp-content\/uploads\/2016\/05\/Adelchi.jpg?fit=768%2C1024&resize=350%2C200 1x, https:\/\/i0.wp.com\/www.robertosedda.it\/wp-content\/uploads\/2016\/05\/Adelchi.jpg?fit=768%2C1024&resize=700%2C400 2x"},"classes":[]},{"id":11886,"url":"http:\/\/www.robertosedda.it\/?p=11886","url_meta":{"origin":12249,"position":1},"title":"Umana piet\u00e0","author":"Rufus","date":"29\/04\/2016","format":false,"excerpt":"Il problema, tendenzialmente, \u00e8 pensare che in certi ruoli ci si vengano a trovare sempre gli altri, e mai noi Ieri, come forse qualcuno ha sentito, a\u00a0Oggi parliamo di libri ho citato\u00a0I miserabili di Hugo. In realt\u00e0 la puntata era dedicata all'Hernani, ma in testa io avevo soprattutto I miserabili\u00a0e\u2026","rel":"","context":"In &quot;Coordinate&quot;","block_context":{"text":"Coordinate","link":"http:\/\/www.robertosedda.it\/?cat=52"},"img":{"alt_text":"","src":"https:\/\/i0.wp.com\/www.robertosedda.it\/wp-content\/uploads\/2016\/04\/Il-Punitore-Marvel.jpg?fit=1200%2C648&resize=350%2C200","width":350,"height":200,"srcset":"https:\/\/i0.wp.com\/www.robertosedda.it\/wp-content\/uploads\/2016\/04\/Il-Punitore-Marvel.jpg?fit=1200%2C648&resize=350%2C200 1x, https:\/\/i0.wp.com\/www.robertosedda.it\/wp-content\/uploads\/2016\/04\/Il-Punitore-Marvel.jpg?fit=1200%2C648&resize=700%2C400 2x, https:\/\/i0.wp.com\/www.robertosedda.it\/wp-content\/uploads\/2016\/04\/Il-Punitore-Marvel.jpg?fit=1200%2C648&resize=1050%2C600 3x"},"classes":[]},{"id":12100,"url":"http:\/\/www.robertosedda.it\/?p=12100","url_meta":{"origin":12249,"position":2},"title":"Mettersi con Goethe","author":"Rufus","date":"15\/06\/2016","format":false,"excerpt":"Non lo so perch\u00e9 ho tutto questo rispetto reverenziale nei confronti di Goethe, rispetto che non ho, poniamo, per l'amato Shakespeare o Anton \u010cechov o per altri autori che ho trattato in puntate precedenti o successive. Per\u00f2 per tutta la puntata ho avuto l'idea che fosse in qualche modo\u00a0sbagliato parlare\u2026","rel":"","context":"In &quot;Coordinate&quot;","block_context":{"text":"Coordinate","link":"http:\/\/www.robertosedda.it\/?cat=52"},"img":{"alt_text":"","src":"https:\/\/i0.wp.com\/www.robertosedda.it\/wp-content\/uploads\/2016\/06\/Faust.jpg?fit=1200%2C675&resize=350%2C200","width":350,"height":200,"srcset":"https:\/\/i0.wp.com\/www.robertosedda.it\/wp-content\/uploads\/2016\/06\/Faust.jpg?fit=1200%2C675&resize=350%2C200 1x, https:\/\/i0.wp.com\/www.robertosedda.it\/wp-content\/uploads\/2016\/06\/Faust.jpg?fit=1200%2C675&resize=700%2C400 2x, https:\/\/i0.wp.com\/www.robertosedda.it\/wp-content\/uploads\/2016\/06\/Faust.jpg?fit=1200%2C675&resize=1050%2C600 3x"},"classes":[]},{"id":12128,"url":"http:\/\/www.robertosedda.it\/?p=12128","url_meta":{"origin":12249,"position":3},"title":"Il dimenticato pozzo del tesoro","author":"Rufus","date":"21\/06\/2016","format":false,"excerpt":"Credo che fra tutte le puntate che quest'anno in Oggi parliamo di libri\u00a0ho dedicato a opere teatrali di difficile lettura, vuoi perch\u00e9 l'autore \u00e8 lontano dalla nostra sensibilit\u00e0, vuoi perch\u00e9 sono opere poco note o magari un po' ostiche, nessuna abbia proposto\u00a0un autore che \u00e8 cos\u00ec improbabile che gli ascoltatori\u2026","rel":"","context":"In &quot;Coordinate&quot;","block_context":{"text":"Coordinate","link":"http:\/\/www.robertosedda.it\/?cat=52"},"img":{"alt_text":"","src":"https:\/\/i0.wp.com\/www.robertosedda.it\/wp-content\/uploads\/2016\/06\/Scribe.jpg?fit=307%2C400&resize=350%2C200","width":350,"height":200},"classes":[]},{"id":269,"url":"http:\/\/www.robertosedda.it\/?p=269","url_meta":{"origin":12249,"position":4},"title":"Scaramouche","author":"Rufus","date":"21\/08\/2012","format":false,"excerpt":"Per essere un romanzo d'avventura Scaramouche ha una componente di indagine psicologica e di dibattito politico-filosofico piuttosto consistente. Nonostante quel che si sente dire, e diversamente dai film che ne sono stati tratti, non \u00e8 un romanzo di cappa e spada: manca il gusto del rocambolesco, dell'avventura fine a se\u2026","rel":"","context":"In &quot;Cappe e spade&quot;","block_context":{"text":"Cappe e spade","link":"http:\/\/www.robertosedda.it\/?cat=70"},"img":{"alt_text":"","src":"","width":0,"height":0},"classes":[]},{"id":2512,"url":"http:\/\/www.robertosedda.it\/?p=2512","url_meta":{"origin":12249,"position":5},"title":"La storia infinita a &#8220;Oggi parliamo di libri&#8221;","author":"Rufus","date":"10\/03\/2013","format":"video","excerpt":"Ho pubblicato oggi la puntata di Oggi parliamo di libri dedicata a La storia infinita. Questa era la puntata del 21 febbraio, quindi ho quasi smaltito l'arretrato: presto sar\u00f2 in grado di pubblicare le puntate volta per volta (e voi non sarete pi\u00f9 subissati di post con le registrazioni). Sono\u2026","rel":"","context":"In &quot;Coordinate&quot;","block_context":{"text":"Coordinate","link":"http:\/\/www.robertosedda.it\/?cat=52"},"img":{"alt_text":"","src":"https:\/\/i0.wp.com\/img.youtube.com\/vi\/JBrr-FbFUew\/0.jpg?resize=350%2C200","width":350,"height":200},"classes":[]}],"_links":{"self":[{"href":"http:\/\/www.robertosedda.it\/index.php?rest_route=\/wp\/v2\/posts\/12249"}],"collection":[{"href":"http:\/\/www.robertosedda.it\/index.php?rest_route=\/wp\/v2\/posts"}],"about":[{"href":"http:\/\/www.robertosedda.it\/index.php?rest_route=\/wp\/v2\/types\/post"}],"author":[{"embeddable":true,"href":"http:\/\/www.robertosedda.it\/index.php?rest_route=\/wp\/v2\/users\/1"}],"replies":[{"embeddable":true,"href":"http:\/\/www.robertosedda.it\/index.php?rest_route=%2Fwp%2Fv2%2Fcomments&post=12249"}],"version-history":[{"count":1,"href":"http:\/\/www.robertosedda.it\/index.php?rest_route=\/wp\/v2\/posts\/12249\/revisions"}],"predecessor-version":[{"id":12251,"href":"http:\/\/www.robertosedda.it\/index.php?rest_route=\/wp\/v2\/posts\/12249\/revisions\/12251"}],"wp:featuredmedia":[{"embeddable":true,"href":"http:\/\/www.robertosedda.it\/index.php?rest_route=\/wp\/v2\/media\/12250"}],"wp:attachment":[{"href":"http:\/\/www.robertosedda.it\/index.php?rest_route=%2Fwp%2Fv2%2Fmedia&parent=12249"}],"wp:term":[{"taxonomy":"category","embeddable":true,"href":"http:\/\/www.robertosedda.it\/index.php?rest_route=%2Fwp%2Fv2%2Fcategories&post=12249"},{"taxonomy":"post_tag","embeddable":true,"href":"http:\/\/www.robertosedda.it\/index.php?rest_route=%2Fwp%2Fv2%2Ftags&post=12249"}],"curies":[{"name":"wp","href":"https:\/\/api.w.org\/{rel}","templated":true}]}}