{"id":12211,"date":"2016-07-07T16:28:09","date_gmt":"2016-07-07T14:28:09","guid":{"rendered":"http:\/\/www.robertosedda.it\/?p=12211"},"modified":"2021-07-08T09:56:10","modified_gmt":"2021-07-08T07:56:10","slug":"chi-riuscite-a-tirar-fuori-dal-cappello","status":"publish","type":"post","link":"http:\/\/www.robertosedda.it\/?p=12211","title":{"rendered":"Chi riuscite a tirar fuori dal cappello?"},"content":{"rendered":"<h4>Mi serve un piccolo aiuto. L&#8217;ho chiesto ai&nbsp;<em>Fabbricastorie<\/em>, ma quelli nicchiano, cos\u00ec mi rivolgo a tutti.<img data-attachment-id=\"8181\" data-permalink=\"http:\/\/www.robertosedda.it\/?attachment_id=8181\" data-orig-file=\"https:\/\/i0.wp.com\/www.robertosedda.it\/wp-content\/uploads\/2014\/08\/Cavaliere-francese-e-spada-cinese.jpeg?fit=600%2C629\" data-orig-size=\"600,629\" data-comments-opened=\"1\" data-image-meta=\"{&quot;aperture&quot;:&quot;2.8&quot;,&quot;credit&quot;:&quot;&quot;,&quot;camera&quot;:&quot;iPhone 4&quot;,&quot;caption&quot;:&quot;&quot;,&quot;created_timestamp&quot;:&quot;1373204919&quot;,&quot;copyright&quot;:&quot;&quot;,&quot;focal_length&quot;:&quot;3.85&quot;,&quot;iso&quot;:&quot;640&quot;,&quot;shutter_speed&quot;:&quot;0.066666666666667&quot;,&quot;title&quot;:&quot;&quot;}\" data-image-title=\"Cavaliere francese e spada cinese\" data-image-description=\"\" data-image-caption=\"\" data-medium-file=\"https:\/\/i0.wp.com\/www.robertosedda.it\/wp-content\/uploads\/2014\/08\/Cavaliere-francese-e-spada-cinese.jpeg?fit=286%2C300\" data-large-file=\"https:\/\/i0.wp.com\/www.robertosedda.it\/wp-content\/uploads\/2014\/08\/Cavaliere-francese-e-spada-cinese.jpeg?fit=510%2C534\" decoding=\"async\" loading=\"lazy\" class=\"aligncenter size-full wp-image-8181\" src=\"https:\/\/i0.wp.com\/www.robertosedda.it\/wp-content\/uploads\/2014\/08\/Cavaliere-francese-e-spada-cinese.jpeg?resize=600%2C629\" alt=\"Cavaliere francese e spada cinese\" width=\"600\" height=\"629\" srcset=\"https:\/\/i0.wp.com\/www.robertosedda.it\/wp-content\/uploads\/2014\/08\/Cavaliere-francese-e-spada-cinese.jpeg?w=600 600w, https:\/\/i0.wp.com\/www.robertosedda.it\/wp-content\/uploads\/2014\/08\/Cavaliere-francese-e-spada-cinese.jpeg?resize=143%2C150 143w, https:\/\/i0.wp.com\/www.robertosedda.it\/wp-content\/uploads\/2014\/08\/Cavaliere-francese-e-spada-cinese.jpeg?resize=286%2C300 286w, https:\/\/i0.wp.com\/www.robertosedda.it\/wp-content\/uploads\/2014\/08\/Cavaliere-francese-e-spada-cinese.jpeg?resize=510%2C534 510w\" sizes=\"(max-width: 600px) 100vw, 600px\" data-recalc-dims=\"1\" \/><\/h4>\n<p>Mi servono personaggi medievali.<\/p>\n<p>Personaggi storici, non inventati. Ho bisogno di raccoglierne in buon numero, ma non vorrei&nbsp;redigere io l&#8217;elenco,&nbsp;perch\u00e9 vorrei uscire un po&#8217; dai miei soliti confini.<\/p>\n<p>Potreste fare lo sforzo di indicarmene almeno uno nei commenti? Il primo che vi viene in mente.<\/p>\n<p>Siccome mi serve anche capire il ragionamento che avete fatto, mi servirebbe che seguiate un formato del genere<\/p>\n<ul>\n<li><strong>Nome<\/strong><\/li>\n<li>Tre aggettivi per descriverlo<\/li>\n<li>Breve descrizione (massimo tre righe) che lo caratterizzi in senso narrativo. Occhio: \u00e8 la&nbsp;<em>vostra<\/em> interpretazione e lo spunto per inserire il personaggio in una narrazione, non un sunto di storia.<\/li>\n<\/ul>\n<p>Per esempio:<\/p>\n<ul>\n<li><strong>Dante Alighieri<\/strong><\/li>\n<li>Orgoglioso. Intelligentissimo. Rancoroso.<\/li>\n<li>Uno degli uomini pi\u00f9 illustri della sua generazione, ma paradossalmente poco apprezzato dai suoi concittadini. Esiliato, fu costretto ad accompagnarsi a uomini inferiori che disprezzava. Non rivide pi\u00f9 la sua patria.<\/li>\n<\/ul>\n<p>Vanno bene senza troppi problemi personaggi antichi e rinascimentali. Per i moderni e contemporanei serve che li descriviate in maniera non connotata rispetto alla loro epoca; per esempio:<\/p>\n<ul>\n<li><strong>Giulia Mesa<\/strong><\/li>\n<li>Intrigante. Potentissima. Devota alla famiglia imperiale&nbsp;e all&#8217;impero.<\/li>\n<li>Cognata, zia e nonna di imperatori fu per almeno due generazioni il vero potere dietro il trono, decidendo il destino di nobili e imperatori senza mai detenere&nbsp;ufficialmente il potere.<\/li>\n<\/ul>\n<p>oppure:<\/p>\n<ul>\n<li><strong>Albert Einstein<\/strong><\/li>\n<li>Geniale. Affascinante. Famosissimo.<\/li>\n<li>Dotato della fama di uomo pi\u00f9 geniale della sua generazione fu stimato, vezzeggiato e imitato; sostenne cause pubbliche di riforma sociale, ma la sua vita familiare fu meno irreprensibile della sua condotta pubblica.<\/li>\n<\/ul>\n<p>Coraggio. Vi sar\u00f2 sempre grato dell&#8217;aiuto. Se mai pubblicher\u00f2 il gioco (<em>seeee<\/em>)&nbsp;metter\u00f2 il vostro nome nei ringraziamenti.<\/p>\n","protected":false},"excerpt":{"rendered":"<p>Mi serve un piccolo aiuto. L&#8217;ho chiesto ai&nbsp;Fabbricastorie, ma quelli nicchiano, cos\u00ec mi rivolgo a tutti. Mi servono personaggi medievali.<\/p>\n","protected":false},"author":1,"featured_media":8181,"comment_status":"open","ping_status":"open","sticky":false,"template":"","format":"standard","meta":{"_mi_skip_tracking":false,"_monsterinsights_sitenote_active":false,"_monsterinsights_sitenote_note":"","_monsterinsights_sitenote_category":0,"jetpack_post_was_ever_published":false,"_jetpack_newsletter_access":"","jetpack_publicize_message":"","jetpack_is_tweetstorm":false,"jetpack_publicize_feature_enabled":true,"jetpack_social_post_already_shared":true,"jetpack_social_options":{"image_generator_settings":{"template":"highway","enabled":false}}},"categories":[52,9,57,58],"tags":[],"jetpack_publicize_connections":[],"jetpack_featured_media_url":"https:\/\/i0.wp.com\/www.robertosedda.it\/wp-content\/uploads\/2014\/08\/Cavaliere-francese-e-spada-cinese.jpeg?fit=600%2C629","jetpack_sharing_enabled":true,"jetpack_shortlink":"https:\/\/wp.me\/p4jV2T-3aX","jetpack_likes_enabled":true,"jetpack-related-posts":[{"id":5570,"url":"http:\/\/www.robertosedda.it\/?p=5570","url_meta":{"origin":12211,"position":0},"title":"Il commissario Maigret a &#8220;Oggi parliamo di libri&#8221;","author":"Rufus","date":"26\/12\/2013","format":"video","excerpt":"Ho messo in rete ieri la puntata di Oggi parliamo di libri dedicata a Maigret. Ho letto o riletto molto Simenon questo autunno, in preparazione alla puntata: questo perch\u00e9 in realt\u00e0 non avevo mai frequentato particolarmente i suoi gialli, mentre avevo esplorato un po' di pi\u00f9 il resto della sua\u2026","rel":"","context":"In &quot;Coordinate&quot;","block_context":{"text":"Coordinate","link":"http:\/\/www.robertosedda.it\/?cat=52"},"img":{"alt_text":"","src":"https:\/\/i0.wp.com\/www.robertosedda.it\/wp-content\/uploads\/2013\/12\/Maigret-Cervi.jpg?fit=666%2C407&resize=350%2C200","width":350,"height":200},"classes":[]},{"id":232,"url":"http:\/\/www.robertosedda.it\/?p=232","url_meta":{"origin":12211,"position":1},"title":"Fra Dashiell Hammett e la Rowlings&#8230;","author":"Rufus","date":"21\/08\/2012","format":false,"excerpt":"... potrebbe esserci un ipotetico punto di equilibrio. Si potrebbe scrivere, cio\u00e8, un romanzo in cui un detective un po' spiegazzato dalle vicende della vita, cinico e solitario, si aggira per la giungla d'asfalto, fra poliziotti tosti, criminali di mezza tacca, gangster pericolosi, biscazzieri e donne fatali, e risolve casi\u2026","rel":"","context":"In &quot;Coordinate&quot;","block_context":{"text":"Coordinate","link":"http:\/\/www.robertosedda.it\/?cat=52"},"img":{"alt_text":"","src":"https:\/\/i0.wp.com\/www.robertosedda.it\/wp-content\/uploads\/2012\/08\/Dresden-Files-Book-1-Storm-Front-Jim-Butcher-Orbit.jpg?fit=265%2C438&resize=350%2C200","width":350,"height":200},"classes":[]},{"id":8601,"url":"http:\/\/www.robertosedda.it\/?p=8601","url_meta":{"origin":12211,"position":2},"title":"&#8220;Orgoglio e pregiudizio&#8221;, finalmente!","author":"Rufus","date":"08\/10\/2014","format":"video","excerpt":"Ho cominciato a caricare su\u00a0YouTube le puntate di quest'anno di\u00a0Oggi parliamo di libri: la prima \u00e8 dedicata a\u00a0Orgoglio e pregiudizio, scelta se si vuole banale considerando che ho deciso di trattare tutti libri che presentano grandi storie d'amore o che appartengono al genere sentimentale. D'altra parte su Oggi parliamo di\u2026","rel":"","context":"In &quot;Le narrazioni&quot;","block_context":{"text":"Le narrazioni","link":"http:\/\/www.robertosedda.it\/?cat=56"},"img":{"alt_text":"","src":"https:\/\/i0.wp.com\/img.youtube.com\/vi\/Ho45UJVAl84\/0.jpg?resize=350%2C200","width":350,"height":200},"classes":[]},{"id":2491,"url":"http:\/\/www.robertosedda.it\/?p=2491","url_meta":{"origin":12211,"position":3},"title":"Regole per una buona narrazione","author":"Rufus","date":"08\/03\/2013","format":false,"excerpt":"Tempo fa avevo iniziato un\u00a0lavoro su\u00a0Excel che, partendo dal \"decalogo del buon scrittore\" di Zadie Smith\u00a0(che avevo trovato a partire dal solito Blog around the corner) e usando decaloghi simili pubblicati dal Guardian, cercava di individuare quali erano i consigli pi\u00f9 gettonati, da parte di quali scrittori - una specie\u2026","rel":"","context":"In &quot;Coordinate&quot;","block_context":{"text":"Coordinate","link":"http:\/\/www.robertosedda.it\/?cat=52"},"img":{"alt_text":"","src":"https:\/\/i0.wp.com\/www.robertosedda.it\/wp-content\/uploads\/2013\/03\/Pixar.jpg?fit=920%2C714&resize=350%2C200","width":350,"height":200,"srcset":"https:\/\/i0.wp.com\/www.robertosedda.it\/wp-content\/uploads\/2013\/03\/Pixar.jpg?fit=920%2C714&resize=350%2C200 1x, https:\/\/i0.wp.com\/www.robertosedda.it\/wp-content\/uploads\/2013\/03\/Pixar.jpg?fit=920%2C714&resize=700%2C400 2x"},"classes":[]},{"id":9532,"url":"http:\/\/www.robertosedda.it\/?p=9532","url_meta":{"origin":12211,"position":4},"title":"La signora March non vuole che le figlie si divertano","author":"Rufus","date":"04\/02\/2015","format":"video","excerpt":"Di\u00a0Piccole donne ho gi\u00e0 parlato (tra l'altro male) in occasioni precedenti, quindi non vorrei fare tanti commenti alla puntata di Oggi parliamo di libri\u00a0in cui ho presentato il romanzo. Se avete letto\u00a0il vecchio articolo noterete che ho un po' fatto le acrobazie durante la puntata per non far trasparire troppo\u2026","rel":"","context":"In &quot;Coordinate&quot;","block_context":{"text":"Coordinate","link":"http:\/\/www.robertosedda.it\/?cat=52"},"img":{"alt_text":"","src":"https:\/\/i0.wp.com\/img.youtube.com\/vi\/31cFx-3lZqY\/0.jpg?resize=350%2C200","width":350,"height":200},"classes":[]},{"id":1172,"url":"http:\/\/www.robertosedda.it\/?p=1172","url_meta":{"origin":12211,"position":5},"title":"Cate che avr\u00e0 vent&#8217;anni nel 2020","author":"Rufus","date":"27\/10\/2012","format":"video","excerpt":"Bellas mariposas (Salvatore Mereu, 2012) Caterina ha dodici anni e vive in una famiglia disfunzionale, in un condominio disfunzionale abitato da altre famiglie disfunzionali, in un quartiere disfunzionale, periferia di una citt\u00e0 bellissima che fa finta che quel quartiere - e i suoi abitanti - non esista. Quando dico disfunzionale,\u2026","rel":"","context":"In &quot;Coordinate&quot;","block_context":{"text":"Coordinate","link":"http:\/\/www.robertosedda.it\/?cat=52"},"img":{"alt_text":"","src":"https:\/\/i0.wp.com\/www.robertosedda.it\/wp-content\/uploads\/2012\/10\/bellasmari.jpg_415368877.jpg?resize=350%2C200","width":350,"height":200},"classes":[]}],"_links":{"self":[{"href":"http:\/\/www.robertosedda.it\/index.php?rest_route=\/wp\/v2\/posts\/12211"}],"collection":[{"href":"http:\/\/www.robertosedda.it\/index.php?rest_route=\/wp\/v2\/posts"}],"about":[{"href":"http:\/\/www.robertosedda.it\/index.php?rest_route=\/wp\/v2\/types\/post"}],"author":[{"embeddable":true,"href":"http:\/\/www.robertosedda.it\/index.php?rest_route=\/wp\/v2\/users\/1"}],"replies":[{"embeddable":true,"href":"http:\/\/www.robertosedda.it\/index.php?rest_route=%2Fwp%2Fv2%2Fcomments&post=12211"}],"version-history":[{"count":2,"href":"http:\/\/www.robertosedda.it\/index.php?rest_route=\/wp\/v2\/posts\/12211\/revisions"}],"predecessor-version":[{"id":18895,"href":"http:\/\/www.robertosedda.it\/index.php?rest_route=\/wp\/v2\/posts\/12211\/revisions\/18895"}],"wp:featuredmedia":[{"embeddable":true,"href":"http:\/\/www.robertosedda.it\/index.php?rest_route=\/wp\/v2\/media\/8181"}],"wp:attachment":[{"href":"http:\/\/www.robertosedda.it\/index.php?rest_route=%2Fwp%2Fv2%2Fmedia&parent=12211"}],"wp:term":[{"taxonomy":"category","embeddable":true,"href":"http:\/\/www.robertosedda.it\/index.php?rest_route=%2Fwp%2Fv2%2Fcategories&post=12211"},{"taxonomy":"post_tag","embeddable":true,"href":"http:\/\/www.robertosedda.it\/index.php?rest_route=%2Fwp%2Fv2%2Ftags&post=12211"}],"curies":[{"name":"wp","href":"https:\/\/api.w.org\/{rel}","templated":true}]}}