{"id":12148,"date":"2016-06-23T15:36:36","date_gmt":"2016-06-23T13:36:36","guid":{"rendered":"http:\/\/www.robertosedda.it\/?p=12148"},"modified":"2021-06-23T11:29:38","modified_gmt":"2021-06-23T09:29:38","slug":"leversivo-oscar-wilde-a-oggi-parliamo-di-libri","status":"publish","type":"post","link":"http:\/\/www.robertosedda.it\/?p=12148","title":{"rendered":"L&#8217;eversivo Oscar Wilde a <em>Oggi parliamo di libri<\/em>"},"content":{"rendered":"<p>La puntata di&nbsp;<em>Oggi parliamo di libri<\/em> dedicata a Oscar Wilde e al suo&nbsp;<em>L&#8217;importanza di chiamarsi&nbsp;Ernesto<\/em> si poneva in diretta continuit\u00e0 con quella su&nbsp;Eug\u00e8ne Scribe e la <em>commedia ben fatta<\/em>, a costo di fare un salto temporale di diverse decine d&#8217;anni, tralasciando molti altri autori e quasi abbandonando il XIX secolo.<\/p>\n<p>Ma mi interessava, seguendo la linea di riflessione che mi ero data sul teatro dell&#8217;Ottocento come teatro borghese, far vedere la sovversione che Wilde compie dall&#8217;interno di quel modello (e dei valori della borghesia che vi sono contenuti), mettendo anche all&#8217;opera un&#8217;ironia e una cattiveria certo molto pi\u00f9 corrosive di quelle di Scribe.<\/p>\n<p>Rispetto a questi obiettivi l&#8217;andamento della puntata, come sentirete, non \u00e8 molto soddisfacente anche se magari (non spetta a me dirlo) sono quindici minuti comunque piacevoli: ma, avendo riletto la commedia esattamente la mattina dello stesso giorno nel quale ho registrato la puntata, ero ancora sotto l&#8217;effetto ipnotico di Wilde e mi sono fatto trascinare dalla voglia di far capire quanto piacevole sia la lettura (o assistere allo spettacolo) e ho perso un sacco di tempo fra <em>bamburismi<\/em>&nbsp;e accenni alla trama.<\/p>\n<!--[if lt IE 9]><script>document.createElement('audio');<\/script><![endif]-->\n<audio class=\"wp-audio-shortcode\" id=\"audio-12148-1\" preload=\"none\" style=\"width: 100%;\" controls=\"controls\"><source type=\"audio\/mpeg\" src=\"http:\/\/www.radiokalaritana.it\/audio\/download\/LIB-S04E28-Oscar_Wilde_Importanza_di_essere_Ernesto-20160414.mp3?_=1\" \/><a href=\"http:\/\/www.radiokalaritana.it\/audio\/download\/LIB-S04E28-Oscar_Wilde_Importanza_di_essere_Ernesto-20160414.mp3\">http:\/\/www.radiokalaritana.it\/audio\/download\/LIB-S04E28-Oscar_Wilde_Importanza_di_essere_Ernesto-20160414.mp3<\/a><\/audio>\n<h4><em>L&#8217;importanza di chiamarsi&nbsp;Ernesto<\/em> &#8211; Oscar Wilde<\/h4>\n<p>Alla fine quello che volevo fosse il centro della puntata \u00e8 rimasto confinato agli ultimi due minuti e, come avrete sentito, nella fretta un po&#8217; di cose sono saltate.<\/p>\n<p>Ripensandoci, sarei dovuto partire come previsto da Scribe e da come Wilde ne irrida i meccanismi teatrali: avevo pensato di citare la scena di <em>Amadeus<\/em> nella quale Mozart di fronte a un inebetito Salieri prende un pezzo musicale di quest&#8217;ultimo e, ritoccando qui e l\u00e0, lo trasforma&nbsp;in qualcosa che non \u00e8 pi\u00f9 solido mestiere ma genio purissimo<\/p>\n<div class=\"jetpack-video-wrapper\"><span class=\"embed-youtube\" style=\"text-align:center; display: block;\"><iframe loading=\"lazy\" class=\"youtube-player\" width=\"800\" height=\"450\" src=\"https:\/\/www.youtube.com\/embed\/hpMUvpnx8yA?version=3&#038;rel=1&#038;showsearch=0&#038;showinfo=1&#038;iv_load_policy=1&#038;fs=1&#038;hl=it-IT&#038;autohide=2&#038;wmode=transparent\" allowfullscreen=\"true\" style=\"border:0;\" sandbox=\"allow-scripts allow-same-origin allow-popups allow-presentation\"><\/iframe><\/span><\/div>\n<p>e&nbsp;cos\u00ec fa Wilde, mettendo a nudo tutti i raffinati meccanismi a orologeria di Scribe, rimontandoli in maniera&nbsp;molto&nbsp;pi\u00f9 perfetta e facendoci vedere, per\u00f2, che dietro a tutta questa perfezione alla fin fine non c&#8217;\u00e8 nulla, una volta che i meccanismi sono rivelati. A cerchi concentrici questa irrisione eversiva, questo mettere a nudo spietato e&nbsp;geniale poteva allargarsi alla critica di costume cos\u00ec tipica della commedia (e anch&#8217;essa eminentemente fine a se stessa, secondo Wilde) per arrivare alla fine a spiegare quell&#8217;idea di \u00abcritica a 360\u00b0\u00bb che non perdona nessuno che ho menzionato nella puntata e alla quale, forse, si poteva aggiungere perfino l&#8217;<em>autocritica<\/em> di Wilde nei confronti di se stesso: ho letto da qualche parte&nbsp;che c&#8217;\u00e8 chi&nbsp;sostiene che <em>earnest<\/em> era, in codice, un&#8217;espressione usata per indicarsi l&#8217;un altro fra omosessuali e che quindi dietro le convenzionali storie d&#8217;amore esse in scena c&#8217;era forse un ulteriore significato riposto, che vi faceva intuire altri tipi di rapporti amorosi:&nbsp;secondo questa interpretazione Wilde nella commedia sta, ovviamente in maniera imprudente e potenzialmente rovinosa, mettendo a nudo anche se stesso e giocando anche con l&#8217;inutilit\u00e0 e la vacuit\u00e0 dei&nbsp;<em>propri<\/em> codici.<\/p>\n<p>Tutto questo l&#8217;ho molto riassunto in appena due minuti, per\u00f2 l&#8217;avevo in mente e, anche in riferimento al possibile significato in codice&nbsp;di&nbsp;<em>earnest<\/em>, \u00e8&nbsp;su queste basi che mi sono chiesto dove sarebbe andato a finire Wilde se non fosse stato fermato e rinchiuso nell&#8217;inferno del carcere di Reading: una lettura moralista sarebbe quella di pensare che in fondo la sua enorme capacit\u00e0 di rivelare la vacuit\u00e0 totale di tutto ci\u00f2 che lo circondava &#8211; teatro, affetti, morale sociale, classe dirigente e anche abitudini del proprio gruppo di riferimento &#8211;&nbsp;celasse al suo interno i germi della propria dissoluzione e che quindi, dopo la vetta dell&#8217;<em>Importanza del chiamarsi Ernesto<\/em>, la rovina di Wilde fosse in qualche modo&nbsp;<em>necessaria<\/em>&nbsp;&#8211; narrativamente necessaria, come l&#8217;eroe delle saghe che dopo il trionfo deve necessariamente soccombere al drago o al tradimento: dopotutto il suo ruolo nella storia ormai \u00e8 concluso; ma \u00e8 una lettura che \u00e8, appunto, moralistica, e dalla quale prudentemente mi ritraggo, sebbene abbia qualche punto di appoggio nel <em>Ritratto di Dorian Gray<\/em>.<\/p>\n","protected":false},"excerpt":{"rendered":"<p>La puntata di&nbsp;Oggi parliamo di libri dedicata a Oscar Wilde e al suo&nbsp;L&#8217;importanza di chiamarsi&nbsp;Ernesto si poneva in diretta continuit\u00e0<\/p>\n","protected":false},"author":1,"featured_media":0,"comment_status":"open","ping_status":"open","sticky":false,"template":"","format":"video","meta":{"_mi_skip_tracking":false,"_monsterinsights_sitenote_active":false,"_monsterinsights_sitenote_note":"","_monsterinsights_sitenote_category":0,"jetpack_post_was_ever_published":false,"_jetpack_newsletter_access":"","jetpack_publicize_message":"","jetpack_is_tweetstorm":false,"jetpack_publicize_feature_enabled":true,"jetpack_social_post_already_shared":true,"jetpack_social_options":{"image_generator_settings":{"template":"highway","enabled":false}}},"categories":[52,56,13,101,12],"tags":[],"jetpack_publicize_connections":[],"jetpack_featured_media_url":"","jetpack_sharing_enabled":true,"jetpack_shortlink":"https:\/\/wp.me\/p4jV2T-39W","jetpack_likes_enabled":true,"jetpack-related-posts":[{"id":12128,"url":"http:\/\/www.robertosedda.it\/?p=12128","url_meta":{"origin":12148,"position":0},"title":"Il dimenticato pozzo del tesoro","author":"Rufus","date":"21\/06\/2016","format":false,"excerpt":"Credo che fra tutte le puntate che quest'anno in Oggi parliamo di libri\u00a0ho dedicato a opere teatrali di difficile lettura, vuoi perch\u00e9 l'autore \u00e8 lontano dalla nostra sensibilit\u00e0, vuoi perch\u00e9 sono opere poco note o magari un po' ostiche, nessuna abbia proposto\u00a0un autore che \u00e8 cos\u00ec improbabile che gli ascoltatori\u2026","rel":"","context":"In &quot;Coordinate&quot;","block_context":{"text":"Coordinate","link":"http:\/\/www.robertosedda.it\/?cat=52"},"img":{"alt_text":"","src":"https:\/\/i0.wp.com\/www.robertosedda.it\/wp-content\/uploads\/2016\/06\/Scribe.jpg?fit=307%2C400&resize=350%2C200","width":350,"height":200},"classes":[]},{"id":12289,"url":"http:\/\/www.robertosedda.it\/?p=12289","url_meta":{"origin":12148,"position":1},"title":"Tutto Giacosa, ma proprio tutto","author":"Rufus","date":"27\/07\/2016","format":false,"excerpt":"http:\/\/www.radiokalaritana.it\/audio\/LIB-S04E31-Giuseppe_Giacosa_Le_opere-20160505.mp3 Drammi e commedie - Giuseppe Giacosa Come avrete sentito per preparare la puntata su Giacosa ho fatto una cosa che non avevo mai fatto per nessun altro autore: me lo sono letto tutto o quasi in un paio di giorni (con un po' di salti, ovviamente). \u00c8 stata una\u2026","rel":"","context":"In &quot;Coordinate&quot;","block_context":{"text":"Coordinate","link":"http:\/\/www.robertosedda.it\/?cat=52"},"img":{"alt_text":"","src":"https:\/\/i0.wp.com\/www.robertosedda.it\/wp-content\/uploads\/2016\/07\/Giacosa.jpg?fit=220%2C304&resize=350%2C200","width":350,"height":200},"classes":[]},{"id":11945,"url":"http:\/\/www.robertosedda.it\/?p=11945","url_meta":{"origin":12148,"position":2},"title":"Oggi parliamo di libri arriva all&#8217;Ottocento","author":"Rufus","date":"11\/05\/2016","format":false,"excerpt":"Sono abbastanza soddisfatto della puntata di Oggi parliamo di libri con cui ho aperto l'ultimo, lungo, ciclo di trasmissioni della stagione (\u00e8 ormai chiaro che non riuscir\u00f2 a parlare del teatro del '900). http:\/\/www.radiokalaritana.it\/audio\/download\/LIB-S04E25-Il_teatro_nel_1800-20160317.mp3 Il teatro nell'800 Non \u00e8 che sempre bisogna dire cose straordinarie (infatti io non ci riesco\u2026","rel":"","context":"In &quot;Coordinate&quot;","block_context":{"text":"Coordinate","link":"http:\/\/www.robertosedda.it\/?cat=52"},"img":{"alt_text":"","src":"https:\/\/i0.wp.com\/www.robertosedda.it\/wp-content\/uploads\/2016\/05\/Hobsbawm-Et\u00e0-rivoluzione-e1683811506646.jpg?fit=750%2C1088&resize=350%2C200","width":350,"height":200,"srcset":"https:\/\/i0.wp.com\/www.robertosedda.it\/wp-content\/uploads\/2016\/05\/Hobsbawm-Et\u00e0-rivoluzione-e1683811506646.jpg?fit=750%2C1088&resize=350%2C200 1x, https:\/\/i0.wp.com\/www.robertosedda.it\/wp-content\/uploads\/2016\/05\/Hobsbawm-Et\u00e0-rivoluzione-e1683811506646.jpg?fit=750%2C1088&resize=700%2C400 2x"},"classes":[]},{"id":12337,"url":"http:\/\/www.robertosedda.it\/?p=12337","url_meta":{"origin":12148,"position":3},"title":"Cavalleria rusticana alla radio","author":"Rufus","date":"23\/08\/2016","format":false,"excerpt":"Mi sono accorto che non ho ancora pubblicato le ultime puntate di\u00a0Oggi parliamo di libri\u00a0della scorsa stagione. Ecco quindi a voi\u00a0Cavalleria rusticana. Devo dire che sono abbastanza soddisfatto della puntata, che si inserisce discretamente nel filone conclusivo della stagione, dedicato al teatro dell'Ottocento come teatro borghese. Emerge prima di tutto\u2026","rel":"","context":"In &quot;Coordinate&quot;","block_context":{"text":"Coordinate","link":"http:\/\/www.robertosedda.it\/?cat=52"},"img":{"alt_text":"","src":"https:\/\/i0.wp.com\/www.robertosedda.it\/wp-content\/uploads\/2016\/08\/Cavalleria-rusticana.jpg?fit=400%2C302&resize=350%2C200","width":350,"height":200},"classes":[]},{"id":11710,"url":"http:\/\/www.robertosedda.it\/?p=11710","url_meta":{"origin":12148,"position":4},"title":"Il Re Cervo a Oggi parliamo di libri","author":"Rufus","date":"22\/03\/2016","format":false,"excerpt":"La settimana scorsa ho pubblicato qui sul sito le puntate di\u00a0Oggi parliamo di libri dedicate a Corneille e Racine; la vicinanza cronologica di questi due autori con Moli\u00e8re deve avermi confuso, perch\u00e9 non mi sono accorto che facendoli succedere immediatamente al Tartufo\u00a0saltavo due puntate intermedie, quelle nelle quali avevo proseguito\u2026","rel":"","context":"In &quot;Coordinate&quot;","block_context":{"text":"Coordinate","link":"http:\/\/www.robertosedda.it\/?cat=52"},"img":{"alt_text":"","src":"https:\/\/i0.wp.com\/www.robertosedda.it\/wp-content\/uploads\/2016\/03\/Re-Cervo.jpg?fit=720%2C618&resize=350%2C200","width":350,"height":200,"srcset":"https:\/\/i0.wp.com\/www.robertosedda.it\/wp-content\/uploads\/2016\/03\/Re-Cervo.jpg?fit=720%2C618&resize=350%2C200 1x, https:\/\/i0.wp.com\/www.robertosedda.it\/wp-content\/uploads\/2016\/03\/Re-Cervo.jpg?fit=720%2C618&resize=700%2C400 2x"},"classes":[]},{"id":7986,"url":"http:\/\/www.robertosedda.it\/?p=7986","url_meta":{"origin":12148,"position":5},"title":"Incursione giapponese a &#8220;Oggi parliamo di libri&#8221;","author":"Rufus","date":"21\/07\/2014","format":"video","excerpt":"Kitchen (Banana Yoshimoto, Feltrinelli 1991) Per quelle strane coincidenze di cui mi rendo conto solo rivedendo le puntate e alle quali non ho minimamente pensato preparandole\u00a0Kitchen \u00e8 incapsulato fra altre due storie d'amore - o\u00a0storie, in un certo senso, di educazione sentimentale: lo \u00e8 certamente Emma di cui ho parlato\u2026","rel":"","context":"In &quot;Coordinate&quot;","block_context":{"text":"Coordinate","link":"http:\/\/www.robertosedda.it\/?cat=52"},"img":{"alt_text":"","src":"https:\/\/i0.wp.com\/www.robertosedda.it\/wp-content\/uploads\/2014\/07\/Kitchen.jpg?fit=499%2C257&resize=350%2C200","width":350,"height":200},"classes":[]}],"_links":{"self":[{"href":"http:\/\/www.robertosedda.it\/index.php?rest_route=\/wp\/v2\/posts\/12148"}],"collection":[{"href":"http:\/\/www.robertosedda.it\/index.php?rest_route=\/wp\/v2\/posts"}],"about":[{"href":"http:\/\/www.robertosedda.it\/index.php?rest_route=\/wp\/v2\/types\/post"}],"author":[{"embeddable":true,"href":"http:\/\/www.robertosedda.it\/index.php?rest_route=\/wp\/v2\/users\/1"}],"replies":[{"embeddable":true,"href":"http:\/\/www.robertosedda.it\/index.php?rest_route=%2Fwp%2Fv2%2Fcomments&post=12148"}],"version-history":[{"count":3,"href":"http:\/\/www.robertosedda.it\/index.php?rest_route=\/wp\/v2\/posts\/12148\/revisions"}],"predecessor-version":[{"id":18890,"href":"http:\/\/www.robertosedda.it\/index.php?rest_route=\/wp\/v2\/posts\/12148\/revisions\/18890"}],"wp:attachment":[{"href":"http:\/\/www.robertosedda.it\/index.php?rest_route=%2Fwp%2Fv2%2Fmedia&parent=12148"}],"wp:term":[{"taxonomy":"category","embeddable":true,"href":"http:\/\/www.robertosedda.it\/index.php?rest_route=%2Fwp%2Fv2%2Fcategories&post=12148"},{"taxonomy":"post_tag","embeddable":true,"href":"http:\/\/www.robertosedda.it\/index.php?rest_route=%2Fwp%2Fv2%2Ftags&post=12148"}],"curies":[{"name":"wp","href":"https:\/\/api.w.org\/{rel}","templated":true}]}}