{"id":12115,"date":"2016-06-17T14:00:09","date_gmt":"2016-06-17T12:00:09","guid":{"rendered":"http:\/\/www.robertosedda.it\/?p=12115"},"modified":"2021-06-18T11:49:36","modified_gmt":"2021-06-18T09:49:36","slug":"mi-sono-emozionato","status":"publish","type":"post","link":"http:\/\/www.robertosedda.it\/?p=12115","title":{"rendered":"Mi sono emozionato"},"content":{"rendered":"<p>Mi ha molto impressionato, stamattina, <a href=\"http:\/\/www.internazionale.it\/notizie\/2016\/06\/14\/cile-victor-jara-pinochet\">scoprire su <em>Internazionale<\/em><\/a>&nbsp;che negli Stati Uniti inizia \u00e8 iniziato in questi giorni il processo contro il comandante del gruppo di militari che assassin\u00f2 il cantante <a href=\"https:\/\/it.wikipedia.org\/wiki\/V%C3%ADctor_Jara\">Victor Jara<\/a>, uno degli idoli della mia giovinezza, assassinato uno dei primi giorni dopo il colpo di stato di Pinochet.<\/p>\n<div class=\"jetpack-video-wrapper\"><span class=\"embed-youtube\" style=\"text-align:center; display: block;\"><iframe loading=\"lazy\" class=\"youtube-player\" width=\"800\" height=\"450\" src=\"https:\/\/www.youtube.com\/embed\/ypo397DArIU?version=3&#038;rel=1&#038;showsearch=0&#038;showinfo=1&#038;iv_load_policy=1&#038;fs=1&#038;hl=it-IT&#038;autohide=2&#038;wmode=transparent\" allowfullscreen=\"true\" style=\"border:0;\" sandbox=\"allow-scripts allow-same-origin allow-popups allow-presentation\"><\/iframe><\/span><\/div>\n<div class=\"jetpack-video-wrapper\"><span class=\"embed-youtube\" style=\"text-align:center; display: block;\"><iframe loading=\"lazy\" class=\"youtube-player\" width=\"800\" height=\"450\" src=\"https:\/\/www.youtube.com\/embed\/DFVlLgLPqEQ?version=3&#038;rel=1&#038;showsearch=0&#038;showinfo=1&#038;iv_load_policy=1&#038;fs=1&#038;hl=it-IT&#038;autohide=2&#038;wmode=transparent\" allowfullscreen=\"true\" style=\"border:0;\" sandbox=\"allow-scripts allow-same-origin allow-popups allow-presentation\"><\/iframe><\/span><\/div>\n<div class=\"jetpack-video-wrapper\"><span class=\"embed-youtube\" style=\"text-align:center; display: block;\"><iframe loading=\"lazy\" class=\"youtube-player\" width=\"800\" height=\"450\" src=\"https:\/\/www.youtube.com\/embed\/lQGW8XZxC0w?version=3&#038;rel=1&#038;showsearch=0&#038;showinfo=1&#038;iv_load_policy=1&#038;fs=1&#038;hl=it-IT&#038;autohide=2&#038;wmode=transparent\" allowfullscreen=\"true\" style=\"border:0;\" sandbox=\"allow-scripts allow-same-origin allow-popups allow-presentation\"><\/iframe><\/span><\/div>\n<p>Ho&nbsp;anche letto&nbsp;che la vedova di Jara, che ora vive in America come l&#8217;assassino, abbia ottantotto anni e, immagino, un&#8217;et\u00e0 simile avr\u00e0 anche l&#8217;imputato: l&#8217;et\u00e0 avanzata dei protagonisti, cos\u00ec ultimi testimoni di una vicenda ormai lontana, che per loro \u00e8 ancora ben viva, mi ha molto colpito anch&#8217;essa.<\/p>\n<p>E poi ho pensato a come si attagli bene alla sorte di Jara un verso di&nbsp;<em>El aparecido<\/em>, la canzone che dedic\u00f2 a <em>Che<\/em> Guevara;<\/p>\n<blockquote><p>como lo ha crucificado la furia del poderoso<\/p><\/blockquote>\n<p>E poi, cercando <em>El aparecido<\/em>,&nbsp;ho scoperto un video che presenta Victor Jara in un concerto in Per\u00f9 a luglio del 1973, pochissimi mesi prima di essere ucciso, e mi sono di nuovo molto emozionato.<\/p>\n<div class=\"jetpack-video-wrapper\"><span class=\"embed-youtube\" style=\"text-align:center; display: block;\"><iframe loading=\"lazy\" class=\"youtube-player\" width=\"800\" height=\"450\" src=\"https:\/\/www.youtube.com\/embed\/xjqa-3oL9Bc?version=3&#038;rel=1&#038;showsearch=0&#038;showinfo=1&#038;iv_load_policy=1&#038;fs=1&#038;hl=it-IT&#038;autohide=2&#038;wmode=transparent\" allowfullscreen=\"true\" style=\"border:0;\" sandbox=\"allow-scripts allow-same-origin allow-popups allow-presentation\"><\/iframe><\/span><\/div>\n<p>E niente, volevo dirvelo.<\/p>\n","protected":false},"excerpt":{"rendered":"<p>Mi ha molto impressionato, stamattina, scoprire su Internazionale&nbsp;che negli Stati Uniti inizia \u00e8 iniziato in questi giorni il processo contro<\/p>\n","protected":false},"author":1,"featured_media":18856,"comment_status":"open","ping_status":"open","sticky":false,"template":"","format":"video","meta":{"_mi_skip_tracking":false,"_monsterinsights_sitenote_active":false,"_monsterinsights_sitenote_note":"","_monsterinsights_sitenote_category":0,"jetpack_post_was_ever_published":false,"_jetpack_newsletter_access":"","jetpack_publicize_message":"","jetpack_is_tweetstorm":false,"jetpack_publicize_feature_enabled":true,"jetpack_social_post_already_shared":true,"jetpack_social_options":{"image_generator_settings":{"template":"highway","enabled":false}}},"categories":[52,53,89,95,16],"tags":[],"jetpack_publicize_connections":[],"jetpack_featured_media_url":"https:\/\/i0.wp.com\/www.robertosedda.it\/wp-content\/uploads\/2016\/06\/Jara2.png?fit=1131%2C443","jetpack_sharing_enabled":true,"jetpack_shortlink":"https:\/\/wp.me\/p4jV2T-39p","jetpack_likes_enabled":true,"jetpack-related-posts":[{"id":13667,"url":"http:\/\/www.robertosedda.it\/?p=13667","url_meta":{"origin":12115,"position":0},"title":"Per la donna che non conosce gli Inti Illimani","author":"Rufus","date":"09\/05\/2017","format":"video","excerpt":"Domenica, durante la manifestazione per la pace di Iglesias, ho detto sogghignando a Gaetano: \u00abMa \u00e8 adesso che intoniamo\u00a0El pueblo unido?\u00bb. La Volante,\u00a0che ci marciava a fianco, ha detto: \u00abCantiamo cosa?\u00bb. \u00abEl pueblo...\u00bb. Mi sono\u00a0quasi\u00a0sentito mancare: \u00abVuoi dire che non conosci gli Inti Illimani?\u00bb. Lei mi ha guardato perplessa:\u00a0e che\u2026","rel":"","context":"In &quot;Coordinate&quot;","block_context":{"text":"Coordinate","link":"http:\/\/www.robertosedda.it\/?cat=52"},"img":{"alt_text":"","src":"https:\/\/i0.wp.com\/www.robertosedda.it\/wp-content\/uploads\/2017\/05\/18320612_1752601238100189_8065062830309173904_o.jpg?fit=1200%2C720&resize=350%2C200","width":350,"height":200,"srcset":"https:\/\/i0.wp.com\/www.robertosedda.it\/wp-content\/uploads\/2017\/05\/18320612_1752601238100189_8065062830309173904_o.jpg?fit=1200%2C720&resize=350%2C200 1x, https:\/\/i0.wp.com\/www.robertosedda.it\/wp-content\/uploads\/2017\/05\/18320612_1752601238100189_8065062830309173904_o.jpg?fit=1200%2C720&resize=700%2C400 2x, https:\/\/i0.wp.com\/www.robertosedda.it\/wp-content\/uploads\/2017\/05\/18320612_1752601238100189_8065062830309173904_o.jpg?fit=1200%2C720&resize=1050%2C600 3x"},"classes":[]},{"id":13470,"url":"http:\/\/www.robertosedda.it\/?p=13470","url_meta":{"origin":12115,"position":1},"title":"Con la sola forza della voce e la pioggia nel pineto","author":"Rufus","date":"27\/03\/2017","format":"video","excerpt":"L'altro giorno in macchina io, Maria Bonaria e Gaetano - andavamo a mangiare panzerotti pugliesi a San Sperate, non eravamo in missione per conto di Banca Etica - ascoltavamo con vero piacere Africa dei Toto. Frugando su YouTube Maria Bonaria trovato una interpretazione che ci \u00e8 piaciuta molto del coro\u2026","rel":"","context":"In &quot;Coordinate&quot;","block_context":{"text":"Coordinate","link":"http:\/\/www.robertosedda.it\/?cat=52"},"img":{"alt_text":"","src":"https:\/\/i0.wp.com\/www.robertosedda.it\/wp-content\/uploads\/2017\/03\/Perpetuum-Jazzile.jpg?fit=1200%2C800&resize=350%2C200","width":350,"height":200,"srcset":"https:\/\/i0.wp.com\/www.robertosedda.it\/wp-content\/uploads\/2017\/03\/Perpetuum-Jazzile.jpg?fit=1200%2C800&resize=350%2C200 1x, https:\/\/i0.wp.com\/www.robertosedda.it\/wp-content\/uploads\/2017\/03\/Perpetuum-Jazzile.jpg?fit=1200%2C800&resize=700%2C400 2x, https:\/\/i0.wp.com\/www.robertosedda.it\/wp-content\/uploads\/2017\/03\/Perpetuum-Jazzile.jpg?fit=1200%2C800&resize=1050%2C600 3x"},"classes":[]},{"id":11610,"url":"http:\/\/www.robertosedda.it\/?p=11610","url_meta":{"origin":12115,"position":2},"title":"A proposito di Van Gogh","author":"Rufus","date":"26\/02\/2016","format":"video","excerpt":"Stamattina ho condiviso su\u00a0Facebook un filmato che ho visto passare e che \u00e8 il\u00a0trailer del \"primo film interamente dipinto\". Il film si chiama\u00a0Loving Vincent\u00a0(sostenetelo!), \u00e8 stato finanziato tramite\u00a0Kickstarter ed \u00e8 una straordinaria dichiarazione d'amore per l'arte di Van Gogh (gli autori sono gli anglopolacchi dello studio Breakthru\u00a0e hanno gi\u00e0 vinto\u2026","rel":"","context":"In &quot;Coordinate&quot;","block_context":{"text":"Coordinate","link":"http:\/\/www.robertosedda.it\/?cat=52"},"img":{"alt_text":"","src":"https:\/\/i0.wp.com\/www.robertosedda.it\/wp-content\/uploads\/2016\/02\/Camera-da-letto-Van-Gogh-originale.jpg?resize=350%2C200","width":350,"height":200,"srcset":"https:\/\/i0.wp.com\/www.robertosedda.it\/wp-content\/uploads\/2016\/02\/Camera-da-letto-Van-Gogh-originale.jpg?resize=350%2C200 1x, https:\/\/i0.wp.com\/www.robertosedda.it\/wp-content\/uploads\/2016\/02\/Camera-da-letto-Van-Gogh-originale.jpg?resize=700%2C400 2x"},"classes":[]},{"id":11676,"url":"http:\/\/www.robertosedda.it\/?p=11676","url_meta":{"origin":12115,"position":3},"title":"Sono un fungo&#8230; velenoso!","author":"Rufus","date":"14\/03\/2016","format":"video","excerpt":"Qualche giorno fa ho insegnato alle nipoti un vecchio\u00a0ban (cio\u00e8 una canzone-gioco) che si chiama\u00a0Jack\u00a0sta\u00a0in cucina con Tina. Potete farvene un'idea qui sotto: https:\/\/www.youtube.com\/watch?v=oxe_zMlBK8c Alle nipoti \u00e8 piaciuto moltissimo e adesso lo vogliono rifare tutte le volte che ci sono gli zii ospiti a cena. Di queste\u00a0performance esiste temo, una\u2026","rel":"","context":"In &quot;Coordinate&quot;","block_context":{"text":"Coordinate","link":"http:\/\/www.robertosedda.it\/?cat=52"},"img":{"alt_text":"","src":"https:\/\/i0.wp.com\/www.robertosedda.it\/wp-content\/uploads\/2016\/03\/Fungo-velenoso.jpg?fit=955%2C556&resize=350%2C200","width":350,"height":200,"srcset":"https:\/\/i0.wp.com\/www.robertosedda.it\/wp-content\/uploads\/2016\/03\/Fungo-velenoso.jpg?fit=955%2C556&resize=350%2C200 1x, https:\/\/i0.wp.com\/www.robertosedda.it\/wp-content\/uploads\/2016\/03\/Fungo-velenoso.jpg?fit=955%2C556&resize=700%2C400 2x"},"classes":[]},{"id":11722,"url":"http:\/\/www.robertosedda.it\/?p=11722","url_meta":{"origin":12115,"position":4},"title":"Opera buffa del Gioved\u00ec Santo","author":"Rufus","date":"24\/03\/2016","format":"video","excerpt":"Devo confessare che io di Roberto De Simone non so moltissimo: che \u00e8 un musicista e musicologo importante, certo, che \u00e8 stato determinante nella nascita di una\u00a0scena musicale napoletana che negli anni '70 e '80 mi piaceva molto, pure, ma a parte questo non ho mai ritenuto necessario approfondire e\u2026","rel":"","context":"In &quot;Coordinate&quot;","block_context":{"text":"Coordinate","link":"http:\/\/www.robertosedda.it\/?cat=52"},"img":{"alt_text":"","src":"https:\/\/i0.wp.com\/img.youtube.com\/vi\/DWTYwqBekfI\/0.jpg?resize=350%2C200","width":350,"height":200},"classes":[]},{"id":18314,"url":"http:\/\/www.robertosedda.it\/?p=18314","url_meta":{"origin":12115,"position":5},"title":"La colonna sonora della citt\u00e0 inquieta","author":"Rufus","date":"11\/09\/2020","format":false,"excerpt":"La prossima settimana inizio la revisione del gioco mio e di Andrea Salidu della Jam di quest'anno, con l'intenzione di aggiungere un po' di nuovi contenuti: il gioco \u00e8 fatto a capitoli, dopo aver ristrutturato il primo mi spingo fino al secondo, che dovrebbe essere breve, o al terzo. Non\u2026","rel":"","context":"In &quot;Coordinate&quot;","block_context":{"text":"Coordinate","link":"http:\/\/www.robertosedda.it\/?cat=52"},"img":{"alt_text":"","src":"https:\/\/i0.wp.com\/www.robertosedda.it\/wp-content\/uploads\/2020\/09\/cover.png?fit=1200%2C675&resize=350%2C200","width":350,"height":200,"srcset":"https:\/\/i0.wp.com\/www.robertosedda.it\/wp-content\/uploads\/2020\/09\/cover.png?fit=1200%2C675&resize=350%2C200 1x, https:\/\/i0.wp.com\/www.robertosedda.it\/wp-content\/uploads\/2020\/09\/cover.png?fit=1200%2C675&resize=700%2C400 2x, https:\/\/i0.wp.com\/www.robertosedda.it\/wp-content\/uploads\/2020\/09\/cover.png?fit=1200%2C675&resize=1050%2C600 3x"},"classes":[]}],"_links":{"self":[{"href":"http:\/\/www.robertosedda.it\/index.php?rest_route=\/wp\/v2\/posts\/12115"}],"collection":[{"href":"http:\/\/www.robertosedda.it\/index.php?rest_route=\/wp\/v2\/posts"}],"about":[{"href":"http:\/\/www.robertosedda.it\/index.php?rest_route=\/wp\/v2\/types\/post"}],"author":[{"embeddable":true,"href":"http:\/\/www.robertosedda.it\/index.php?rest_route=\/wp\/v2\/users\/1"}],"replies":[{"embeddable":true,"href":"http:\/\/www.robertosedda.it\/index.php?rest_route=%2Fwp%2Fv2%2Fcomments&post=12115"}],"version-history":[{"count":4,"href":"http:\/\/www.robertosedda.it\/index.php?rest_route=\/wp\/v2\/posts\/12115\/revisions"}],"predecessor-version":[{"id":18857,"href":"http:\/\/www.robertosedda.it\/index.php?rest_route=\/wp\/v2\/posts\/12115\/revisions\/18857"}],"wp:featuredmedia":[{"embeddable":true,"href":"http:\/\/www.robertosedda.it\/index.php?rest_route=\/wp\/v2\/media\/18856"}],"wp:attachment":[{"href":"http:\/\/www.robertosedda.it\/index.php?rest_route=%2Fwp%2Fv2%2Fmedia&parent=12115"}],"wp:term":[{"taxonomy":"category","embeddable":true,"href":"http:\/\/www.robertosedda.it\/index.php?rest_route=%2Fwp%2Fv2%2Fcategories&post=12115"},{"taxonomy":"post_tag","embeddable":true,"href":"http:\/\/www.robertosedda.it\/index.php?rest_route=%2Fwp%2Fv2%2Ftags&post=12115"}],"curies":[{"name":"wp","href":"https:\/\/api.w.org\/{rel}","templated":true}]}}