{"id":12032,"date":"2016-05-31T10:51:01","date_gmt":"2016-05-31T08:51:01","guid":{"rendered":"http:\/\/www.robertosedda.it\/?p=12032"},"modified":"2021-06-01T09:54:30","modified_gmt":"2021-06-01T07:54:30","slug":"fastidiosissimi","status":"publish","type":"post","link":"http:\/\/www.robertosedda.it\/?p=12032","title":{"rendered":"Fastidiosissimi"},"content":{"rendered":"<h4>Ci sono due cose che trovo insopportabili nella recente <a href=\"http:\/\/www.corriere.it\/cronache\/16_maggio_13\/gomorra-rischio-dell-emulazione-troppi-ragazzi-imitano-fiction-56a647fc-1882-11e6-a192-aa62c89d5ec1.shtml\">polemica sulla presunta influenza negativa di\u00a0<em>Gomorra<\/em><\/a> (la serie TV, non il libro).<img data-attachment-id=\"12033\" data-permalink=\"http:\/\/www.robertosedda.it\/?attachment_id=12033\" data-orig-file=\"https:\/\/i0.wp.com\/www.robertosedda.it\/wp-content\/uploads\/2016\/05\/Gomorra-la-serie.jpg?fit=900%2C506\" data-orig-size=\"900,506\" data-comments-opened=\"1\" data-image-meta=\"{&quot;aperture&quot;:&quot;0&quot;,&quot;credit&quot;:&quot;&quot;,&quot;camera&quot;:&quot;&quot;,&quot;caption&quot;:&quot;&quot;,&quot;created_timestamp&quot;:&quot;0&quot;,&quot;copyright&quot;:&quot;&quot;,&quot;focal_length&quot;:&quot;0&quot;,&quot;iso&quot;:&quot;0&quot;,&quot;shutter_speed&quot;:&quot;0&quot;,&quot;title&quot;:&quot;&quot;,&quot;orientation&quot;:&quot;0&quot;}\" data-image-title=\"Gomorra la serie\" data-image-description=\"\" data-image-caption=\"\" data-medium-file=\"https:\/\/i0.wp.com\/www.robertosedda.it\/wp-content\/uploads\/2016\/05\/Gomorra-la-serie.jpg?fit=300%2C169\" data-large-file=\"https:\/\/i0.wp.com\/www.robertosedda.it\/wp-content\/uploads\/2016\/05\/Gomorra-la-serie.jpg?fit=510%2C287\" decoding=\"async\" loading=\"lazy\" class=\"aligncenter size-full wp-image-12033\" src=\"https:\/\/i0.wp.com\/www.robertosedda.it\/wp-content\/uploads\/2016\/05\/Gomorra-la-serie.jpg?resize=800%2C450\" alt=\"Gomorra la serie\" width=\"800\" height=\"450\" srcset=\"https:\/\/i0.wp.com\/www.robertosedda.it\/wp-content\/uploads\/2016\/05\/Gomorra-la-serie.jpg?w=900 900w, https:\/\/i0.wp.com\/www.robertosedda.it\/wp-content\/uploads\/2016\/05\/Gomorra-la-serie.jpg?resize=150%2C84 150w, https:\/\/i0.wp.com\/www.robertosedda.it\/wp-content\/uploads\/2016\/05\/Gomorra-la-serie.jpg?resize=300%2C169 300w, https:\/\/i0.wp.com\/www.robertosedda.it\/wp-content\/uploads\/2016\/05\/Gomorra-la-serie.jpg?resize=510%2C287 510w, https:\/\/i0.wp.com\/www.robertosedda.it\/wp-content\/uploads\/2016\/05\/Gomorra-la-serie.jpg?resize=700%2C394 700w\" sizes=\"(max-width: 800px) 100vw, 800px\" data-recalc-dims=\"1\" \/><\/h4>\n<p>La prima \u00e8 che la polemica tocca argomenti sviscerati a fondo in pi\u00f9 e pi\u00f9 occasioni da almeno quarant&#8217;anni (io ho attraversato personalmente almeno altre due polemiche simili: quella sul rapporto fra giochi di ruolo e suicidi &#8211; o in generale disadattamento sociale &#8211; e quella sulla violenza nei\u00a0<em>videogame<\/em>): e si tratta di un argomento del quale si sa, grosso modo,\u00a0<em>tutto<\/em>.<\/p>\n<p>Il che non vuol dire che ci sia necessariamente un&#8217;opinione condivisa:\u00a0quello che \u00e8 noto sono i parametri entro i quali porre la questione, poi ci sono teorie diverse alle quali si pu\u00f2 aderire o meno e anche all&#8217;interno della stessa scuola di pensiero sul singolo caso specifico ci possono essere e ci saranno giudizi (politici, educativi, narrativi) legittimamente differenti. Ma non si potrebbe, una volta tanto, andare direttamente ad argomentare i giudizi senza bisogno di rifare\u00a0<em>tutto<\/em> il percorso come se fosse la prima volta che,\u00a0<em>ooops<\/em>, si assiste a rappresentazioni della devianza sociale sui media\u00a0o\u00a0come se fosse la prima volta che uno vede sparare in TV e si pone il problema dell&#8217;effetto che questo potr\u00e0 avere sui pargoli? Non si potrebbe, dai, per favore?<\/p>\n<p>O in alternativa i valenti intellettuali (o sindaci, giornalisti, scrittori, psicologi, sacerdoti&#8230;) potrebbero premettere un\u00a0<em>disclaimer<\/em>: \u00abper parlare di\u00a0<em>Gomorra<\/em> questo valente intellettuale (o sindaco, giornalista, scrittore, psicologo, sacerdote&#8230;) si sta prendendo una vacanza dal ruolo per dedicarsi alle chiacchiere da bar\u00bb.<\/p>\n<p>Ecco.<\/p>\n<p>La seconda cosa fastidiosissima \u00e8 che sembra che tutti quelli che polemizzano facciano finta di non sapere che viviamo in una societ\u00e0 dello spettacolo nella quale la polemica culturale \u00e8 essa stessa spettacolo e merce. Possibile che\u00a0tutti siano cos\u00ec focalizzati sulla fuffa (chiedersi con ansia se\u00a0Genny Savastano ha un&#8217;influenza negativa sui giovani di Scampia ha la stessa dignit\u00e0 intellettuale del\u00a0trepidare per l&#8217;andamento della gravidanza della compagna di Genny, Azzurra: in entrambi i casi si discute di <em>fiction<\/em>) da non pensare che allargando il campo &#8211; <a href=\"http:\/\/www.robertosedda.it\/?p=11465\">come farebbe Laney<\/a> &#8211; si noterebbe che siamo in periodo di elezioni, anche a Napoli, o che Saviano festeggia il decennale della pubblicazione di\u00a0<em>Gomorra<\/em> (e infatti \u00e8 in copertina sull&#8217;<em>Espresso<\/em> proprio in questi giorni) e che la produzione di\u00a0<em>Gomorra<\/em> non potr\u00e0 che gioire di qualunque polemica che porti visibilit\u00e0?<\/p>\n<p>O no?<\/p>\n<p>Eppure l&#8217;<em>Espresso<\/em> stesso in fondo <a href=\"http:\/\/espresso.repubblica.it\/archivio\/2016\/05\/05\/news\/saviano-ora-su-gomorra-chiudono-gli-occhi-1.264332\">lo dice chiaramente<\/a>:<\/p>\n<blockquote><p>Sono passati dieci anni dalla pubblicazione di quel libro che ha cambiato il racconto delle mafie e l\u2019interpretazione del rapporto tra letteratura e realt\u00e0. E la vita del suo autore.<\/p>\n<p>In coincidenza, il 10 maggio parte su Sky la seconda serie della fiction nata da Saviano, un successo internazionale.<\/p><\/blockquote>\n<p>Solo coincidenze? Io non credo.<\/p>\n<p>P.S. Non c&#8217;entra con il resto di questo\u00a0<em>post<\/em>\u00a0ma forse Marco Damilano, l&#8217;autore dell&#8217;intervista a Saviano, esagera un poco, ma solo un pochino, eh!, quando dice: \u00ablibro che ha cambiato il racconto delle mafie e l\u2019interpretazione del rapporto tra letteratura e realt\u00e0\u00bb.<\/p>\n<p>Solo un pochino.<\/p>\n","protected":false},"excerpt":{"rendered":"<p>Ci sono due cose che trovo insopportabili nella recente polemica sulla presunta influenza negativa di\u00a0Gomorra (la serie TV, non il<\/p>\n","protected":false},"author":1,"featured_media":12033,"comment_status":"open","ping_status":"open","sticky":false,"template":"","format":"standard","meta":{"_mi_skip_tracking":false,"_monsterinsights_sitenote_active":false,"_monsterinsights_sitenote_note":"","_monsterinsights_sitenote_category":0,"jetpack_post_was_ever_published":false,"_jetpack_newsletter_access":"","jetpack_publicize_message":"","jetpack_is_tweetstorm":false,"jetpack_publicize_feature_enabled":true,"jetpack_social_post_already_shared":true,"jetpack_social_options":{"image_generator_settings":{"template":"highway","enabled":false}}},"categories":[52,55,77,17,16],"tags":[],"jetpack_publicize_connections":[],"jetpack_featured_media_url":"https:\/\/i0.wp.com\/www.robertosedda.it\/wp-content\/uploads\/2016\/05\/Gomorra-la-serie.jpg?fit=900%2C506","jetpack_sharing_enabled":true,"jetpack_shortlink":"https:\/\/wp.me\/p4jV2T-384","jetpack_likes_enabled":true,"jetpack-related-posts":[{"id":2080,"url":"http:\/\/www.robertosedda.it\/?p=2080","url_meta":{"origin":12032,"position":0},"title":"Cose che proseguono","author":"Rufus","date":"26\/01\/2013","format":false,"excerpt":"Non ho intenzione di tenere conto su questo blog di come evolvono tutte\u00a0le cose di cui mi capita di parlare, ma ogni tanto mi arrivano sotto mano aggiornamenti che mi fa piacere condividere. Il marchio della bestia e gli attrezzi per tracciare gli studenti Andrea Hernandez, la studentessa texana che\u2026","rel":"","context":"In &quot;Coordinate&quot;","block_context":{"text":"Coordinate","link":"http:\/\/www.robertosedda.it\/?cat=52"},"img":{"alt_text":"","src":"https:\/\/i0.wp.com\/www.robertosedda.it\/wp-content\/uploads\/2012\/11\/rfidpic.png?fit=660%2C512&resize=350%2C200","width":350,"height":200},"classes":[]},{"id":571,"url":"http:\/\/www.robertosedda.it\/?p=571","url_meta":{"origin":12032,"position":1},"title":"Una filippica","author":"Rufus","date":"22\/08\/2012","format":false,"excerpt":"Oggi come oggi probabilmente l\u2019espressione mediazione culturale non dice molto, ma per i soci di Azione Cattolica della mia generazione e di quelle immediatamente precedenti si trattava di uno dei concetti cardine della formazione e del modo di guardare alla propria testimonianza. Chiariamo subito che il termine non ha nulla\u2026","rel":"","context":"In &quot;Coordinate&quot;","block_context":{"text":"Coordinate","link":"http:\/\/www.robertosedda.it\/?cat=52"},"img":{"alt_text":"","src":"","width":0,"height":0},"classes":[]},{"id":10864,"url":"http:\/\/www.robertosedda.it\/?p=10864","url_meta":{"origin":12032,"position":2},"title":"La pancia del Colosseo","author":"Rufus","date":"22\/09\/2015","format":false,"excerpt":"Sulla storia\u00a0del vergognoso decreto del Governo che fa rientrare la gestione dei siti archeologici fra i \"servizi pubblici essenziali\" arrivo buon ultimo, quindi non mi dilungo sul fatto in s\u00e9: cio\u00e8 di come venga usata un'assemblea sindacale\u00a0autorizzata in anticipo, che discute del fatto che i lavoratori non vengono pagati, per\u2026","rel":"","context":"In &quot;Coordinate&quot;","block_context":{"text":"Coordinate","link":"http:\/\/www.robertosedda.it\/?cat=52"},"img":{"alt_text":"","src":"https:\/\/i0.wp.com\/www.robertosedda.it\/wp-content\/uploads\/2015\/09\/National-Gallery.jpg?fit=707%2C281&resize=350%2C200","width":350,"height":200,"srcset":"https:\/\/i0.wp.com\/www.robertosedda.it\/wp-content\/uploads\/2015\/09\/National-Gallery.jpg?fit=707%2C281&resize=350%2C200 1x, https:\/\/i0.wp.com\/www.robertosedda.it\/wp-content\/uploads\/2015\/09\/National-Gallery.jpg?fit=707%2C281&resize=700%2C400 2x"},"classes":[]},{"id":11229,"url":"http:\/\/www.robertosedda.it\/?p=11229","url_meta":{"origin":12032,"position":3},"title":"La verit\u00e0 vi far\u00e0 liberi","author":"Rufus","date":"30\/11\/2015","format":false,"excerpt":"C'\u00e8 stato un tempo nel quale una parte del movimento indipendentista sardo ha lavorato seriamente a costituire e definire se stesso in maniera non-nazionalista (anche \"non-molte-altre-cose\", ma questo adesso ci interessa meno). \u00c8 interessante notare come quella tendenza si sia andata via via perdendo: oggi i partiti e movimenti indipendentisti\u2026","rel":"","context":"In &quot;Coordinate&quot;","block_context":{"text":"Coordinate","link":"http:\/\/www.robertosedda.it\/?cat=52"},"img":{"alt_text":"","src":"","width":0,"height":0},"classes":[]},{"id":7487,"url":"http:\/\/www.robertosedda.it\/?p=7487","url_meta":{"origin":12032,"position":4},"title":"Cose che si scoprono facendosi consigliare libri","author":"Rufus","date":"20\/05\/2014","format":"video","excerpt":"Io non ho paura\u00a0(Niccol\u00f2 Ammaniti, Einaudi 2001) a\u00a0Oggi parliamo di libri Con\u00a0Io non ho paura, come avrete sentito, ho avviato un nuovo ciclo di puntate di\u00a0Oggi parliamo di libri, in cui presento di volta in volta il \"libro del cuore\" di diversi colleghi collaboratori della radio. \u00c8 un ciclo di\u2026","rel":"","context":"In &quot;Coordinate&quot;","block_context":{"text":"Coordinate","link":"http:\/\/www.robertosedda.it\/?cat=52"},"img":{"alt_text":"","src":"https:\/\/i0.wp.com\/img.youtube.com\/vi\/6K9kX454kQA\/0.jpg?resize=350%2C200","width":350,"height":200},"classes":[]},{"id":1185,"url":"http:\/\/www.robertosedda.it\/?p=1185","url_meta":{"origin":12032,"position":5},"title":"Fare i sardi (e Bellas mariposas)","author":"Rufus","date":"30\/10\/2012","format":false,"excerpt":"Era il 2007, credo. Una ventina di responsabili di cooperative sociali, associazioni e volontari di Banca Etica, provenienti da quasi tutta la Sardegna,\u00a0erano riuniti per un seminario di studio. Diversi di loro si alternavano a presentare progetti che le loro organizzazioni avevano intenzione di intraprendere nel futuro, per avere una\u2026","rel":"","context":"In &quot;Coordinate&quot;","block_context":{"text":"Coordinate","link":"http:\/\/www.robertosedda.it\/?cat=52"},"img":{"alt_text":"","src":"","width":0,"height":0},"classes":[]}],"_links":{"self":[{"href":"http:\/\/www.robertosedda.it\/index.php?rest_route=\/wp\/v2\/posts\/12032"}],"collection":[{"href":"http:\/\/www.robertosedda.it\/index.php?rest_route=\/wp\/v2\/posts"}],"about":[{"href":"http:\/\/www.robertosedda.it\/index.php?rest_route=\/wp\/v2\/types\/post"}],"author":[{"embeddable":true,"href":"http:\/\/www.robertosedda.it\/index.php?rest_route=\/wp\/v2\/users\/1"}],"replies":[{"embeddable":true,"href":"http:\/\/www.robertosedda.it\/index.php?rest_route=%2Fwp%2Fv2%2Fcomments&post=12032"}],"version-history":[{"count":2,"href":"http:\/\/www.robertosedda.it\/index.php?rest_route=\/wp\/v2\/posts\/12032\/revisions"}],"predecessor-version":[{"id":12038,"href":"http:\/\/www.robertosedda.it\/index.php?rest_route=\/wp\/v2\/posts\/12032\/revisions\/12038"}],"wp:featuredmedia":[{"embeddable":true,"href":"http:\/\/www.robertosedda.it\/index.php?rest_route=\/wp\/v2\/media\/12033"}],"wp:attachment":[{"href":"http:\/\/www.robertosedda.it\/index.php?rest_route=%2Fwp%2Fv2%2Fmedia&parent=12032"}],"wp:term":[{"taxonomy":"category","embeddable":true,"href":"http:\/\/www.robertosedda.it\/index.php?rest_route=%2Fwp%2Fv2%2Fcategories&post=12032"},{"taxonomy":"post_tag","embeddable":true,"href":"http:\/\/www.robertosedda.it\/index.php?rest_route=%2Fwp%2Fv2%2Ftags&post=12032"}],"curies":[{"name":"wp","href":"https:\/\/api.w.org\/{rel}","templated":true}]}}