{"id":12017,"date":"2016-05-26T17:35:23","date_gmt":"2016-05-26T15:35:23","guid":{"rendered":"http:\/\/www.robertosedda.it\/?p=12017"},"modified":"2022-06-15T10:10:14","modified_gmt":"2022-06-15T08:10:14","slug":"falcone-e-borsellino-sospesi-nel-vuoto","status":"publish","type":"post","link":"http:\/\/www.robertosedda.it\/?p=12017","title":{"rendered":"Falcone e Borsellino sospesi nel vuoto"},"content":{"rendered":"<h2><em>Era d&#8217;estate<\/em> (F. Infascelli, Italia 2015)<\/h2>\n<p>Visto il successo ottenuto rester\u00e0 qualche giorno in pi\u00f9 nelle sale questo bel film e perci\u00f2 mi permetto di consigliarvi di vederlo: ieri all&#8217;<em>Odissea<\/em> c&#8217;\u00e8 scappato pure l&#8217;applauso finale, alla presenza della regista.<\/p>\n<p>La storia, credo abbastanza nota,\u00a0si colloca nel 1985 alla vigilia del maxiprocesso: Falcone e Borsellino devono scrivere l&#8217;ordinanza che istruisce il processo e i tempi cominciano a scarseggiare, mentre all&#8217;orizzonte si agita lo spettro della decorrenza dei termini e del conseguente fallimento di tutto lo sforzo fatto per portare la mafia, centinaia di\u00a0imputati, a processo. Uno sforzo che \u00e8 appena costato la vita a Cassar\u00e0, Montana e Antiochia, per non parlare di tanti altri negli anni precedenti.<\/p>\n<p>A quel punto per\u00f2 il giudice Caponnetto, che dirige il\u00a0<em>pool<\/em> antimafia, riceve una soffiata secondo la quale la mafia si prepara a uccidere anche Falcone e Borsellino e le loro famiglie: i due giudici e tutti i familiari vengono quindi prelevati d&#8217;urgenza, praticamente a forza, e portati con un aereo militare all&#8217;Asinara.<\/p>\n<p>Il film racconta, mi pare benissimo, il microcosmo costituitosi in quei giorni nella foresteria del carcere: i due giudici, le famiglie, le guardie carcerarie che li proteggono sono un mondo a parte &#8211; non si pu\u00f2 nemmeno andare allo spaccio del piccolo villaggio a farsi un caff\u00e8 &#8211; dentro un altro microcosmo appena pi\u00f9 grande, quello della colonia penale e del supercarcere, separato da ogni cosa dal mare &#8211; un mare bellissimo, ovviamente. Il tempo si dilata, i riferimenti normali non esistono pi\u00f9, senza carte per lavorare, senza informazioni su ci\u00f2 che stanno facendo i colleghi, sugli equilibri che si realizzano a Palermo, i due giudici sono completamente tagliati fuori. Il passo del film cambia quando, successivamente, le carte arrivano e inizia la scrittura dell&#8217;ordinanza, ma non diventa mai adrenalinico: come sanno tutti gli amanti del mare e chi va in barca quando si sta sulla spiaggia il tempo diventa sempre elastico.<\/p>\n<p>Il film \u00e8 tutto qui, in questa parentesi irripetibile &#8211; e forse\u00a0<em>incredibile<\/em> &#8211; fra una situazione tumultuosa esterna e la forzata placidit\u00e0 della convivenza familiare, sottolineata anche dalla bellezza straordinaria del luogo e del mare (se non siete mai stati all&#8217;Asinara e il film non vi convince a visitarla vuol dire che per voi non c&#8217;\u00e8 speranza). Una sceneggiatura sapiente aggiunge per\u00f2 a questa struttura base tutta una serie di altri temi: come il dialogo grottesco e struggente fra Falcone e Borsellino, che mentre pescano e aprono ricci discutono su come sar\u00e0 essere uccisi dalla mafia: \u00abTu come te l&#8217;immagini?\u00bb, \u00abUno scoppio e pi\u00f9 niente\u00bb, \u00abSecondo te Cassar\u00e0 se n&#8217;\u00e8 accorto di morire?\u00bb, e intanto riempiono la retina di ricci e si dicono come sarebbe stato lavorare alla pretura di Oristano invece che nel <em>pool<\/em> di\u00a0Palermo.<\/p>\n<p>\u00c8 il contrasto che gi\u00e0 mi aveva colpito in\u00a0<em>Alla luce del sole<\/em> &#8211; la veglia alle stelle, il biliardino in oratorio proprio come nella <em>mia<\/em> parrocchia, solo che la loro non \u00e8 solo un&#8217;<em>altra<\/em> parrocchia, \u00e8 un altro <em>mondo<\/em> &#8211; e sul quale ogni tanto rifletto;\u00a0qui emerge con pennellate improvvise e molto efficaci, come il tuffo della piccola Fiammetta: quando risale a galla dietro di lei la camera si allarga a inquadrare la motovedetta, con i poliziotti impassibili armati di mitra.<\/p>\n<p>Per me, che all&#8217;Asinara ci sono stato molte volte da ragazzino, certe cose sono forse anche pi\u00f9 comprensibili, o fanno pi\u00f9 effetto: la scena di Manfredi Borsellino che passa un paio d&#8217;ore con gli internati della colonia, in campagna, non \u00e8 <em> affatto<\/em> forzata, ma normale, corrisponde a racconti familiari (e peraltro non \u00e8 che quando per andare a Tonara si tagliava per la colonia penale di Isili le cose fossero diverse); pu\u00f2 apparire paradossale che a un certo punto il direttore del carcere proponga di andare in gita in un&#8217;altra cala, con la motovedetta, ma \u00e8 una realt\u00e0 <em>vera<\/em> al mare, su un&#8217;isola, d&#8217;estate. Non si tratta di forzature didascaliche, piuttosto di precisione nella ricostruzione (come il porcetto sul sughero nella prima cena sull&#8217;isola, il pane\u00a0<em>carasau<\/em>&#8230;).<\/p>\n<p>Naturalmente la lente d&#8217;osservazione che stringe sul microcosmo \u00e8 costretta a abbandonare altri campi d&#8217;osservazione: cosa sia la mafia, in fondo, si capisce poco, di cosa si parli al maxiprocesso, a parte qualche cenno quando si vedono i due giudici discutere insieme, non si capisce granch\u00e9: d&#8217;altra parte la storia che si sta raccontando \u00e8\u00a0<em>questa<\/em>, non quell&#8217;<em>altra<\/em>, e questa \u00e8, d&#8217;altra parte, cos\u00ec straordinaria che davvero non si sente il bisogno di altro.<\/p>\n<div class=\"jetpack-video-wrapper\"><span class=\"embed-youtube\" style=\"text-align:center; display: block;\"><iframe loading=\"lazy\" class=\"youtube-player\" width=\"800\" height=\"450\" src=\"https:\/\/www.youtube.com\/embed\/OcbQuFcIvUU?version=3&#038;rel=1&#038;showsearch=0&#038;showinfo=1&#038;iv_load_policy=1&#038;fs=1&#038;hl=it-IT&#038;autohide=2&#038;wmode=transparent\" allowfullscreen=\"true\" style=\"border:0;\" sandbox=\"allow-scripts allow-same-origin allow-popups allow-presentation\"><\/iframe><\/span><\/div>\n","protected":false},"excerpt":{"rendered":"<p>Era d&#8217;estate (F. Infascelli, Italia 2015) Visto il successo ottenuto rester\u00e0 qualche giorno in pi\u00f9 nelle sale questo bel film<\/p>\n","protected":false},"author":1,"featured_media":19704,"comment_status":"open","ping_status":"open","sticky":false,"template":"","format":"video","meta":{"_mi_skip_tracking":false,"_monsterinsights_sitenote_active":false,"_monsterinsights_sitenote_note":"","_monsterinsights_sitenote_category":0,"jetpack_post_was_ever_published":false,"_jetpack_newsletter_access":"","jetpack_publicize_message":"","jetpack_is_tweetstorm":false,"jetpack_publicize_feature_enabled":true,"jetpack_social_post_already_shared":true,"jetpack_social_options":{"image_generator_settings":{"template":"highway","enabled":false}}},"categories":[52,14,56,82,12],"tags":[],"jetpack_publicize_connections":[],"jetpack_featured_media_url":"https:\/\/i0.wp.com\/www.robertosedda.it\/wp-content\/uploads\/2016\/05\/locandina.jpg?fit=420%2C600","jetpack_sharing_enabled":true,"jetpack_shortlink":"https:\/\/wp.me\/p4jV2T-37P","jetpack_likes_enabled":true,"jetpack-related-posts":[{"id":12347,"url":"http:\/\/www.robertosedda.it\/?p=12347","url_meta":{"origin":12017,"position":0},"title":"SEGNALAZIONI: Recuperi estivi","author":"Rufus","date":"23\/08\/2016","format":false,"excerpt":"Vedo che oggi e dopodomani la benemerita\u00a0arena estiva di Villa Muscas ripropone due film che mi sono piaciuti molto e di cui ho parlato: non perdeteli! 23 agosto ERA D\u2019ESTATE di Fiorella Infascelli. Con Massimo Popolizio, Beppe Fiorello, Valeria Solarino, Dramm. 100\u2019 - Italia 2015 Estate 1985. Giovanni Falcone e\u2026","rel":"","context":"In &quot;Coordinate&quot;","block_context":{"text":"Coordinate","link":"http:\/\/www.robertosedda.it\/?cat=52"},"img":{"alt_text":"","src":"","width":0,"height":0},"classes":[]},{"id":17277,"url":"http:\/\/www.robertosedda.it\/?p=17277","url_meta":{"origin":12017,"position":1},"title":"Trasposizioni simboliche","author":"Rufus","date":"19\/09\/2019","format":false,"excerpt":"https:\/\/www.youtube.com\/watch?v=uXGFGTf6sfg Martin Eden (Marcello, Italia\/Francia 2019) Ho visto l'altro giorno Martin Eden, dal romanzo di London che, devo confessare, non ho mai letto. Avevo visto a suo tempo il vecchio adattamento della RAI e mi aspettavo qualcosa di simile a quell'approccio realistico-didascalico; questo adattamento invece, \u00e8 del tutto diverso Togliamo\u2026","rel":"","context":"In &quot;Biografie&quot;","block_context":{"text":"Biografie","link":"http:\/\/www.robertosedda.it\/?cat=83"},"img":{"alt_text":"","src":"https:\/\/i0.wp.com\/www.robertosedda.it\/wp-content\/uploads\/2019\/09\/Martin-Eden.jpg?fit=758%2C426&resize=350%2C200","width":350,"height":200,"srcset":"https:\/\/i0.wp.com\/www.robertosedda.it\/wp-content\/uploads\/2019\/09\/Martin-Eden.jpg?fit=758%2C426&resize=350%2C200 1x, https:\/\/i0.wp.com\/www.robertosedda.it\/wp-content\/uploads\/2019\/09\/Martin-Eden.jpg?fit=758%2C426&resize=700%2C400 2x"},"classes":[]},{"id":6018,"url":"http:\/\/www.robertosedda.it\/?p=6018","url_meta":{"origin":12017,"position":2},"title":"Dashiell Hammett e i suoi eroi fragili","author":"Rufus","date":"29\/01\/2014","format":"video","excerpt":"Per questa puntata ho scelto Sharp dressed man dei ZZ Top, non perch\u00e9 gli eroi di Dashiell Hammett di cui volevo parlare abbiano i trasporti amorosi di cui parla il testo della canzone e che il video\u00a0satireggia in maniera fantastica: ma perch\u00e9 mi piaceva l'idea di confrontare il Continental Op,\u2026","rel":"","context":"In &quot;Coordinate&quot;","block_context":{"text":"Coordinate","link":"http:\/\/www.robertosedda.it\/?cat=52"},"img":{"alt_text":"","src":"https:\/\/i0.wp.com\/www.robertosedda.it\/wp-content\/uploads\/2014\/01\/220px-ThinMan.jpg?fit=220%2C325&resize=350%2C200","width":350,"height":200},"classes":[]},{"id":6840,"url":"http:\/\/www.robertosedda.it\/?p=6840","url_meta":{"origin":12017,"position":3},"title":"Film a met\u00e0 &#8211; 3 (e basta, spero!)","author":"Rufus","date":"26\/03\/2014","format":"video","excerpt":"Dopo i due film sentimentali di cui ho parlato nei giorni scorsi ho deciso di cambiare completamente genere e sono andato a vedere 47 Ronin con mio cognato Alberto, mio complice abituale in queste escursioni con giocattoloni hollywoodiani. 47 Ronin si \u00e8 rivelato il film pi\u00f9 a met\u00e0 di tutti.\u2026","rel":"","context":"In &quot;Cappe e spade&quot;","block_context":{"text":"Cappe e spade","link":"http:\/\/www.robertosedda.it\/?cat=70"},"img":{"alt_text":"","src":"https:\/\/i0.wp.com\/img.youtube.com\/vi\/ya-SqxD7wn8\/0.jpg?resize=350%2C200","width":350,"height":200},"classes":[]},{"id":7175,"url":"http:\/\/www.robertosedda.it\/?p=7175","url_meta":{"origin":12017,"position":4},"title":"Se guardi Capitan America e ti viene da dire &#8220;Times are a-changing&#8221;","author":"Rufus","date":"24\/04\/2014","format":"video","excerpt":"Trovo\u00a0un po' strano che da Capitan America, che era uno dei fumetti di supereroi che preferivo di meno, traggano invece quelli che trovo i film pi\u00f9 riusciti. Mi era molto piaciuto il primo e anche questo\u00a0Winter soldier non mi sembra niente male. In realt\u00e0, come avrete letto nel titolo e\u2026","rel":"","context":"In &quot;Coordinate&quot;","block_context":{"text":"Coordinate","link":"http:\/\/www.robertosedda.it\/?cat=52"},"img":{"alt_text":"","src":"https:\/\/i0.wp.com\/www.robertosedda.it\/wp-content\/uploads\/2014\/04\/Winter-soldier.jpg?fit=1200%2C675&resize=350%2C200","width":350,"height":200,"srcset":"https:\/\/i0.wp.com\/www.robertosedda.it\/wp-content\/uploads\/2014\/04\/Winter-soldier.jpg?fit=1200%2C675&resize=350%2C200 1x, https:\/\/i0.wp.com\/www.robertosedda.it\/wp-content\/uploads\/2014\/04\/Winter-soldier.jpg?fit=1200%2C675&resize=700%2C400 2x, https:\/\/i0.wp.com\/www.robertosedda.it\/wp-content\/uploads\/2014\/04\/Winter-soldier.jpg?fit=1200%2C675&resize=1050%2C600 3x"},"classes":[]},{"id":17272,"url":"http:\/\/www.robertosedda.it\/?p=17272","url_meta":{"origin":12017,"position":5},"title":"Sentieri da salvare e riscoprire","author":"Rufus","date":"20\/09\/2019","format":false,"excerpt":"Per proseguire nel discorso sul camminare iniziato l'altro giorno, segnalo che su Atlas Obscura c'\u00e8 un altro interessante articolo sul percorso di riscoperta e salvaguardia degli antichi sentieri di campagna in Inghilterra. Dal sito dei Ramblers L'articolo, come \u00e8 proprio di Atlas Obscura, ha un sottofondo di divulgazione storica e\u2026","rel":"","context":"In &quot;Coordinate&quot;","block_context":{"text":"Coordinate","link":"http:\/\/www.robertosedda.it\/?cat=52"},"img":{"alt_text":"","src":"https:\/\/i0.wp.com\/www.robertosedda.it\/wp-content\/uploads\/2019\/09\/Ramblers.jpg?fit=940%2C300&resize=350%2C200","width":350,"height":200,"srcset":"https:\/\/i0.wp.com\/www.robertosedda.it\/wp-content\/uploads\/2019\/09\/Ramblers.jpg?fit=940%2C300&resize=350%2C200 1x, https:\/\/i0.wp.com\/www.robertosedda.it\/wp-content\/uploads\/2019\/09\/Ramblers.jpg?fit=940%2C300&resize=700%2C400 2x"},"classes":[]}],"_links":{"self":[{"href":"http:\/\/www.robertosedda.it\/index.php?rest_route=\/wp\/v2\/posts\/12017"}],"collection":[{"href":"http:\/\/www.robertosedda.it\/index.php?rest_route=\/wp\/v2\/posts"}],"about":[{"href":"http:\/\/www.robertosedda.it\/index.php?rest_route=\/wp\/v2\/types\/post"}],"author":[{"embeddable":true,"href":"http:\/\/www.robertosedda.it\/index.php?rest_route=\/wp\/v2\/users\/1"}],"replies":[{"embeddable":true,"href":"http:\/\/www.robertosedda.it\/index.php?rest_route=%2Fwp%2Fv2%2Fcomments&post=12017"}],"version-history":[{"count":4,"href":"http:\/\/www.robertosedda.it\/index.php?rest_route=\/wp\/v2\/posts\/12017\/revisions"}],"predecessor-version":[{"id":19705,"href":"http:\/\/www.robertosedda.it\/index.php?rest_route=\/wp\/v2\/posts\/12017\/revisions\/19705"}],"wp:featuredmedia":[{"embeddable":true,"href":"http:\/\/www.robertosedda.it\/index.php?rest_route=\/wp\/v2\/media\/19704"}],"wp:attachment":[{"href":"http:\/\/www.robertosedda.it\/index.php?rest_route=%2Fwp%2Fv2%2Fmedia&parent=12017"}],"wp:term":[{"taxonomy":"category","embeddable":true,"href":"http:\/\/www.robertosedda.it\/index.php?rest_route=%2Fwp%2Fv2%2Fcategories&post=12017"},{"taxonomy":"post_tag","embeddable":true,"href":"http:\/\/www.robertosedda.it\/index.php?rest_route=%2Fwp%2Fv2%2Ftags&post=12017"}],"curies":[{"name":"wp","href":"https:\/\/api.w.org\/{rel}","templated":true}]}}