{"id":11908,"date":"2016-05-06T16:21:00","date_gmt":"2016-05-06T14:21:00","guid":{"rendered":"http:\/\/www.robertosedda.it\/?p=11908"},"modified":"2022-05-09T09:44:12","modified_gmt":"2022-05-09T07:44:12","slug":"lamore-ai-tempi-dellodio","status":"publish","type":"post","link":"http:\/\/www.robertosedda.it\/?p=11908","title":{"rendered":"L&#8217;amore ai tempi dell&#8217;odio"},"content":{"rendered":"<h2><em>Sole alto<\/em> (Dalibor Matani\u0107, Croazia 2015)<\/h2>\n<p><em>Sole alto<\/em>, che ho visto ieri al benemerito <em>Odissea<\/em>, racconta tre storie d&#8217;amore ambientate tutte nei dintorni di un lago croato attorno al quale vivono famiglie sia serbe che croate: la spiaggia del lago e il suo chiosco&nbsp;&#8211;&nbsp;il luogo della giovent\u00f9, delle nuotate, dell&#8217;amore, delle feste e dell&#8217;incontro fra gente diversa &#8211; fanno da punto focale per tutte e tre le storie, mentre la bellezza e l&#8217;immutabilit\u00e0 della natura e delle montagne circostanti, lo stato di sospensione che si prova nell&#8217;immersione nel lago sono il&nbsp;contraltare della tragicit\u00e0 delle vicende e del groviglio di emozioni caotiche che attanagliano i protagonisti.<\/p>\n<p>La storia inizia infatti nel 1991 poco prima che scoppi la guerra e, mentre le camionette dei miliziani serbi prendono posizione attorno ai villaggi, un senso di tragedia incombe su tutto, anche sull&#8217;amore che unisce Jelena, serba, e Ivan, croato, che infatti vorrebbero andarsene via, lontano, in citt\u00e0.<\/p>\n<p>Quando il regista introduce la seconda storia d&#8217;amore ci rendiamo conto che la vicenda ha fatto un balzo in avanti di dieci anni fino al 2001. Gli attori sono sempre gli stessi (i bravissimi Tihana Lazovi\u0107 e Goran Markovi\u0107), le etnie di appartenenza ugualmente ma i personaggi (Nata\u0161a e Ante) sono altri, pi\u00f9 giovani, e il contesto \u00e8 del tutto un altro, segnato dalle devastazioni della guerra da poco terminata e dalla fatica a risanare le ferite che tutti hanno subito. Quando arriva il 2011 il gioco \u00e8 palese: gli attori ora prestano corpi e volti a Marija e Luka, la guerra sembra, forse!, ormai definitivamente alle spalle e la nuova opulenza e lo stile di vita <em>europeo<\/em> celano nuovi rischi e nuove tensioni.<\/p>\n<p><em>Sole alto<\/em> \u00e8 un film programmaticamente simbolico, ricco di incroci e rimandi: talvolta ne rimane un po&#8217; prigioniero e talvolta la costruzione delle dicotomie sembra perfino eccessivamente sovrabbondante: uomini e animali, natura e cultura, serbi e croati, uomini e donne, giovani e anziani, genitori e figli, tradizione e innovazione, dominio patriarcale e libert\u00e0 dei corpi, cura di s\u00e9 e cura degli altri, libert\u00e0 e convenzioni, amore e sesso sono solo i pi\u00f9 evidenti, ma ci sono mille altre sfumature. Se non cade sotto il peso di tanta roba \u00e8 per la bravura degli attori e soprattutto perch\u00e9 si tratta di un film totalmente <em>onesto<\/em>, uno sforzo doloroso ma empatico di rientrare nella storia del paese, metterla a nudo e risanarla, senza paternalismi e moralismi.<\/p>\n<p>L&#8217;unica altra cosa che un po&#8217; stupisce, alla fine, \u00e8 il punto di vista totalmente <em>maschile<\/em> che il film esprime, nonostante sia tutto giocato sul rapporto di coppia e nonostante la prova maiuscola della Lazovi\u0107: in particolare nel secondo episodio la forte scena di sesso (ah gi\u00e0, c&#8217;\u00e8 anche il binomio sesso e morte, da includere nelle dicotomie) \u00e8 <em>davvero<\/em> segno di una riflessione e forse anche di una mitologia del tutto maschile. \u00c8 un&#8217;osservazione minore ma credo interessante, il segno che, in fondo, la guerra sembra rimanere un fatto da uomini o, pi\u00f9 esattamente, che gli uomini infliggono a se stessi e alle donne.<\/p>\n<p>&nbsp;<\/p>\n<div class=\"jetpack-video-wrapper\"><span class=\"embed-youtube\" style=\"text-align:center; display: block;\"><iframe loading=\"lazy\" class=\"youtube-player\" width=\"800\" height=\"450\" src=\"https:\/\/www.youtube.com\/embed\/cQsG_ssSCF4?version=3&#038;rel=1&#038;showsearch=0&#038;showinfo=1&#038;iv_load_policy=1&#038;fs=1&#038;hl=it-IT&#038;autohide=2&#038;wmode=transparent\" allowfullscreen=\"true\" style=\"border:0;\" sandbox=\"allow-scripts allow-same-origin allow-popups allow-presentation\"><\/iframe><\/span><\/div>\n","protected":false},"excerpt":{"rendered":"<p>Sole alto (Dalibor Matani\u0107, Croazia 2015) Sole alto, che ho visto ieri al benemerito Odissea, racconta tre storie d&#8217;amore ambientate<\/p>\n","protected":false},"author":1,"featured_media":18626,"comment_status":"open","ping_status":"open","sticky":false,"template":"","format":"video","meta":{"_mi_skip_tracking":false,"_monsterinsights_sitenote_active":false,"_monsterinsights_sitenote_note":"","_monsterinsights_sitenote_category":0,"jetpack_post_was_ever_published":false,"_jetpack_newsletter_access":"","jetpack_publicize_message":"","jetpack_is_tweetstorm":false,"jetpack_publicize_feature_enabled":true,"jetpack_social_post_already_shared":true,"jetpack_social_options":{"image_generator_settings":{"template":"highway","enabled":false}}},"categories":[52,14,56,82,12],"tags":[],"jetpack_publicize_connections":[],"jetpack_featured_media_url":"https:\/\/i0.wp.com\/www.robertosedda.it\/wp-content\/uploads\/2016\/05\/Sole-alto.jpg?fit=2000%2C1333","jetpack_sharing_enabled":true,"jetpack_shortlink":"https:\/\/wp.me\/p4jV2T-364","jetpack_likes_enabled":true,"jetpack-related-posts":[{"id":16820,"url":"http:\/\/www.robertosedda.it\/?p=16820","url_meta":{"origin":11908,"position":0},"title":"C&#8217;era gi\u00e0","author":"Rufus","date":"12\/06\/2019","format":false,"excerpt":"L'olivastro millenario di Sant'Antonio di Luras Mi sono dimenticato di raccontare che durante una recente gita familiare in Gallura (dalla parte interna, verso il lago Liscia) siamo andati a vedere il gruppo degli olivastri millenari di Sant'Antonio di Luras. Che a dirlo cos\u00ec mi sembrava una cosa abbastanza normale: degli\u2026","rel":"","context":"In &quot;Coordinate&quot;","block_context":{"text":"Coordinate","link":"http:\/\/www.robertosedda.it\/?cat=52"},"img":{"alt_text":"","src":"https:\/\/i0.wp.com\/www.robertosedda.it\/wp-content\/uploads\/2019\/06\/Olivastro.jpg?fit=1200%2C900&resize=350%2C200","width":350,"height":200,"srcset":"https:\/\/i0.wp.com\/www.robertosedda.it\/wp-content\/uploads\/2019\/06\/Olivastro.jpg?fit=1200%2C900&resize=350%2C200 1x, https:\/\/i0.wp.com\/www.robertosedda.it\/wp-content\/uploads\/2019\/06\/Olivastro.jpg?fit=1200%2C900&resize=700%2C400 2x, https:\/\/i0.wp.com\/www.robertosedda.it\/wp-content\/uploads\/2019\/06\/Olivastro.jpg?fit=1200%2C900&resize=1050%2C600 3x"},"classes":[]},{"id":15636,"url":"http:\/\/www.robertosedda.it\/?p=15636","url_meta":{"origin":11908,"position":1},"title":"Sotto la divisa niente","author":"Rufus","date":"05\/09\/2018","format":false,"excerpt":"Sto leggendo, per motivi abbastanza casuali, Da Custoza in Croazia. Memorie di un prigioniero, memoriale di Giuseppe Bandi, un ex garibaldino e poi giornalista e poi nuovamente ufficiale dell'esercito, preso prigioniero dagli austriaci a Custoza nel 1866. Sul libro in s\u00e9, letterariamente, non c'\u00e8 tanto da dire. \u00c8 un libro\u2026","rel":"","context":"In &quot;Coordinate&quot;","block_context":{"text":"Coordinate","link":"http:\/\/www.robertosedda.it\/?cat=52"},"img":{"alt_text":"","src":"https:\/\/i0.wp.com\/www.robertosedda.it\/wp-content\/uploads\/2018\/09\/Giuseppe-Bandi.jpg?fit=260%2C312&resize=350%2C200","width":350,"height":200},"classes":[]},{"id":8796,"url":"http:\/\/www.robertosedda.it\/?p=8796","url_meta":{"origin":11908,"position":2},"title":"Quel brutto, bruttissimo Corsaro Nero. Che per\u00f2 \u00e8 bello. Decidiamoci!","author":"Rufus","date":"05\/11\/2014","format":"video","excerpt":"Il brutto scrittore... Dopo averlo abbondantemente frequentato durante l'adolescenza ho da tempo una robusta diffidenza nei confronti di Salgari scrittore. Quanto pi\u00f9 \u00e8 cresciuta la simpatia umana per il personaggio e la sua vita tormentata tanto pi\u00f9 ho preso le distanze dallo scrittore e dalle sue realizzazioni, tanto che avevo\u2026","rel":"","context":"In &quot;Cappe e spade&quot;","block_context":{"text":"Cappe e spade","link":"http:\/\/www.robertosedda.it\/?cat=70"},"img":{"alt_text":"","src":"https:\/\/i0.wp.com\/img.youtube.com\/vi\/N2U7z4iRWrI\/0.jpg?resize=350%2C200","width":350,"height":200},"classes":[]},{"id":18217,"url":"http:\/\/www.robertosedda.it\/?p=18217","url_meta":{"origin":11908,"position":3},"title":"Il grande amore del suo cuore","author":"Rufus","date":"21\/07\/2020","format":false,"excerpt":"Tempo fa mi \u00e8 capitato di imbattermi nel Racconto di marzo di Neil Gaiman. \u00c8 un racconto brevissimo, e fa parte di un progetto collaborativo col pubblico sponsorizzato da Blackberry anni fa. Al tempo Gaiman ha scritto una serie di tweet, uno per ogni mese, facendo delle domande ai lettori:\u2026","rel":"","context":"In &quot;Cappe e spade&quot;","block_context":{"text":"Cappe e spade","link":"http:\/\/www.robertosedda.it\/?cat=70"},"img":{"alt_text":"","src":"https:\/\/i0.wp.com\/www.robertosedda.it\/wp-content\/uploads\/2020\/07\/March-tale-inspiration.png?fit=445%2C406&resize=350%2C200","width":350,"height":200},"classes":[]},{"id":9862,"url":"http:\/\/www.robertosedda.it\/?p=9862","url_meta":{"origin":11908,"position":4},"title":"Bellissima e abusata","author":"Rufus","date":"29\/03\/2015","format":"video","excerpt":"Ho messo oggi in linea la puntata di\u00a0Oggi parliamo di libri dedicata all'eroina Deirdre, la bellissima e sfortunata Deirdre delle saghe irlandesi, nota nella letteratura e nel teatro moderno anche come Deirdre\u00a0of the sorrows, cio\u00e8 \"dei dolori\" o \"delle pene\". Fare la puntata richiedeva mettere insieme due temi: da una\u2026","rel":"","context":"In &quot;Coordinate&quot;","block_context":{"text":"Coordinate","link":"http:\/\/www.robertosedda.it\/?cat=52"},"img":{"alt_text":"","src":"https:\/\/i0.wp.com\/www.robertosedda.it\/wp-content\/uploads\/2015\/03\/deirdre-of-the-sorrows.jpg?fit=650%2C433&resize=350%2C200","width":350,"height":200},"classes":[]},{"id":9332,"url":"http:\/\/www.robertosedda.it\/?p=9332","url_meta":{"origin":11908,"position":5},"title":"L&#8217;amore nella &#8220;casa dell&#8217;attimo&#8221;","author":"Rufus","date":"07\/01\/2015","format":"video","excerpt":"Ho messo poco fa in linea la nona puntata di quest'anno di Oggi parliamo di libri, dedicata a Maison Ikkoku di Rumiko Takahashi. Ho scelto questa storia, dapprima, perch\u00e9 volevo inserire nel ciclo di puntate sulle grandi storie d'amore una che fosse stata raccontata a fumetti: e dopo essermi scervellato\u2026","rel":"","context":"In &quot;Coordinate&quot;","block_context":{"text":"Coordinate","link":"http:\/\/www.robertosedda.it\/?cat=52"},"img":{"alt_text":"","src":"https:\/\/i0.wp.com\/img.youtube.com\/vi\/pjbGPK5TzMk\/0.jpg?resize=350%2C200","width":350,"height":200},"classes":[]}],"_links":{"self":[{"href":"http:\/\/www.robertosedda.it\/index.php?rest_route=\/wp\/v2\/posts\/11908"}],"collection":[{"href":"http:\/\/www.robertosedda.it\/index.php?rest_route=\/wp\/v2\/posts"}],"about":[{"href":"http:\/\/www.robertosedda.it\/index.php?rest_route=\/wp\/v2\/types\/post"}],"author":[{"embeddable":true,"href":"http:\/\/www.robertosedda.it\/index.php?rest_route=\/wp\/v2\/users\/1"}],"replies":[{"embeddable":true,"href":"http:\/\/www.robertosedda.it\/index.php?rest_route=%2Fwp%2Fv2%2Fcomments&post=11908"}],"version-history":[{"count":5,"href":"http:\/\/www.robertosedda.it\/index.php?rest_route=\/wp\/v2\/posts\/11908\/revisions"}],"predecessor-version":[{"id":18623,"href":"http:\/\/www.robertosedda.it\/index.php?rest_route=\/wp\/v2\/posts\/11908\/revisions\/18623"}],"wp:featuredmedia":[{"embeddable":true,"href":"http:\/\/www.robertosedda.it\/index.php?rest_route=\/wp\/v2\/media\/18626"}],"wp:attachment":[{"href":"http:\/\/www.robertosedda.it\/index.php?rest_route=%2Fwp%2Fv2%2Fmedia&parent=11908"}],"wp:term":[{"taxonomy":"category","embeddable":true,"href":"http:\/\/www.robertosedda.it\/index.php?rest_route=%2Fwp%2Fv2%2Fcategories&post=11908"},{"taxonomy":"post_tag","embeddable":true,"href":"http:\/\/www.robertosedda.it\/index.php?rest_route=%2Fwp%2Fv2%2Ftags&post=11908"}],"curies":[{"name":"wp","href":"https:\/\/api.w.org\/{rel}","templated":true}]}}