{"id":11892,"date":"2016-05-03T09:51:10","date_gmt":"2016-05-03T07:51:10","guid":{"rendered":"http:\/\/www.robertosedda.it\/?p=11892"},"modified":"2023-05-04T11:01:10","modified_gmt":"2023-05-04T09:01:10","slug":"slotmob","status":"publish","type":"post","link":"http:\/\/www.robertosedda.it\/?p=11892","title":{"rendered":"Slotmob"},"content":{"rendered":"<p>Appuntamento a Cagliari il 7 maggio in piazza Galilei<img data-attachment-id=\"11894\" data-permalink=\"http:\/\/www.robertosedda.it\/?attachment_id=11894\" data-orig-file=\"https:\/\/i0.wp.com\/www.robertosedda.it\/wp-content\/uploads\/2016\/05\/Slotmob2.png?fit=1702%2C630\" data-orig-size=\"1702,630\" data-comments-opened=\"1\" data-image-meta=\"{&quot;aperture&quot;:&quot;0&quot;,&quot;credit&quot;:&quot;&quot;,&quot;camera&quot;:&quot;&quot;,&quot;caption&quot;:&quot;&quot;,&quot;created_timestamp&quot;:&quot;0&quot;,&quot;copyright&quot;:&quot;&quot;,&quot;focal_length&quot;:&quot;0&quot;,&quot;iso&quot;:&quot;0&quot;,&quot;shutter_speed&quot;:&quot;0&quot;,&quot;title&quot;:&quot;&quot;,&quot;orientation&quot;:&quot;0&quot;}\" data-image-title=\"Slotmob2\" data-image-description=\"\" data-image-caption=\"\" data-medium-file=\"https:\/\/i0.wp.com\/www.robertosedda.it\/wp-content\/uploads\/2016\/05\/Slotmob2.png?fit=300%2C111\" data-large-file=\"https:\/\/i0.wp.com\/www.robertosedda.it\/wp-content\/uploads\/2016\/05\/Slotmob2.png?fit=510%2C189\" decoding=\"async\" loading=\"lazy\" class=\"aligncenter size-full wp-image-11894\" src=\"https:\/\/i0.wp.com\/www.robertosedda.it\/wp-content\/uploads\/2016\/05\/Slotmob2.png?resize=800%2C296\" alt=\"Slotmob2\" width=\"800\" height=\"296\" srcset=\"https:\/\/i0.wp.com\/www.robertosedda.it\/wp-content\/uploads\/2016\/05\/Slotmob2.png?w=1702 1702w, https:\/\/i0.wp.com\/www.robertosedda.it\/wp-content\/uploads\/2016\/05\/Slotmob2.png?resize=150%2C56 150w, https:\/\/i0.wp.com\/www.robertosedda.it\/wp-content\/uploads\/2016\/05\/Slotmob2.png?resize=300%2C111 300w, https:\/\/i0.wp.com\/www.robertosedda.it\/wp-content\/uploads\/2016\/05\/Slotmob2.png?resize=510%2C189 510w, https:\/\/i0.wp.com\/www.robertosedda.it\/wp-content\/uploads\/2016\/05\/Slotmob2.png?resize=700%2C259 700w, https:\/\/i0.wp.com\/www.robertosedda.it\/wp-content\/uploads\/2016\/05\/Slotmob2.png?w=1600 1600w\" sizes=\"(max-width: 800px) 100vw, 800px\" data-recalc-dims=\"1\" \/>Mi sembra opportuno segnalare con un po&#8217; di anticipo il prossimo <a href=\"http:\/\/www.economiafelicita.it\/slotmob\/\"><em>slotmob<\/em><\/a> che si svolger\u00e0 a Cagliari il 7 maggio in corrispondenza con manifestazioni simili in altre cinquanta citt\u00e0 italiane.<\/p>\n<p>L&#8217;appuntamento \u00e8 per le dieci e mezzo in piazza Galilei: <a href=\"https:\/\/www.facebook.com\/events\/262604060739675\/\">l&#8217;evento ha una sua pagina <em>Facebook<\/em><\/a> per cui ci si pu\u00f2 tenere facilmente aggiornati.<\/p>\n","protected":false},"excerpt":{"rendered":"<p>Appuntamento a Cagliari il 7 maggio in piazza GalileiMi sembra opportuno segnalare con un po&#8217; di anticipo il prossimo slotmob<\/p>\n","protected":false},"author":1,"featured_media":11894,"comment_status":"open","ping_status":"open","sticky":false,"template":"","format":"standard","meta":{"_mi_skip_tracking":false,"_monsterinsights_sitenote_active":false,"_monsterinsights_sitenote_note":"","_monsterinsights_sitenote_category":0,"jetpack_post_was_ever_published":false,"_jetpack_newsletter_access":"","jetpack_publicize_message":"","jetpack_is_tweetstorm":false,"jetpack_publicize_feature_enabled":true,"jetpack_social_post_already_shared":true,"jetpack_social_options":{"image_generator_settings":{"template":"highway","enabled":false}}},"categories":[52,55,77,95,16],"tags":[],"jetpack_publicize_connections":[],"jetpack_featured_media_url":"https:\/\/i0.wp.com\/www.robertosedda.it\/wp-content\/uploads\/2016\/05\/Slotmob2.png?fit=1702%2C630","jetpack_sharing_enabled":true,"jetpack_shortlink":"https:\/\/wp.me\/s4jV2T-slotmob","jetpack_likes_enabled":true,"jetpack-related-posts":[{"id":8492,"url":"http:\/\/www.robertosedda.it\/?p=8492","url_meta":{"origin":11892,"position":0},"title":"Venite a pregare per la pace in Terra Santa?","author":"Rufus","date":"24\/09\/2014","format":false,"excerpt":"Cagliari, venerd\u00ec 26 settembre, ore 20.00, Chiesa di San Lorenzo, viale Buoncammino Come avevo\u00a0scritto\u00a0nel momento pi\u00f9 acuto della guerra di Gaza ho proposto al gruppo \"La Pira\" di farci carico di organizzare anche a Cagliari il momento di preghiera proposto dal\u00a0Forum ecumenico Palestina Israele -\u00a0espressione del Consiglio Mondiale delle Chiese\u2026","rel":"","context":"In &quot;Coordinate&quot;","block_context":{"text":"Coordinate","link":"http:\/\/www.robertosedda.it\/?cat=52"},"img":{"alt_text":"","src":"","width":0,"height":0},"classes":[]},{"id":15112,"url":"http:\/\/www.robertosedda.it\/?p=15112","url_meta":{"origin":11892,"position":1},"title":"Se stasera sono qui&#8230;","author":"Rufus","date":"07\/05\/2018","format":false,"excerpt":"... a questo incontro organizzato in collaborazione fra noi soci di Banca Etica e l'ARCI sotto l'egida del Comitato Riconversione RWM... ... \u00e8 perch\u00e9 penso che sia tempo che la questione delle bombe itaiane in Yemen esca da un equivoco: \u00e8 un argomento di cui si parla in mezzo mondo,\u2026","rel":"","context":"In &quot;Coordinate&quot;","block_context":{"text":"Coordinate","link":"http:\/\/www.robertosedda.it\/?cat=52"},"img":{"alt_text":"","src":"https:\/\/i0.wp.com\/www.robertosedda.it\/wp-content\/uploads\/2018\/05\/Iglesias-Run4Unity.jpg?fit=960%2C528&resize=350%2C200","width":350,"height":200,"srcset":"https:\/\/i0.wp.com\/www.robertosedda.it\/wp-content\/uploads\/2018\/05\/Iglesias-Run4Unity.jpg?fit=960%2C528&resize=350%2C200 1x, https:\/\/i0.wp.com\/www.robertosedda.it\/wp-content\/uploads\/2018\/05\/Iglesias-Run4Unity.jpg?fit=960%2C528&resize=700%2C400 2x"},"classes":[]},{"id":4927,"url":"http:\/\/www.robertosedda.it\/?p=4927","url_meta":{"origin":11892,"position":2},"title":"Cosa da fare a Cagliari in questo periodo","author":"Rufus","date":"06\/11\/2013","format":false,"excerpt":"Domenica in cimitero ho notato che c'era una Ceiba speciosa in fiore. La Ceiba \u00e8 quello che chiamano \"albero bottiglia\" perch\u00e9 il tronco ha una forma caratteristica, \"panciuta\". Sono per capirci quegli alberi caratterizzati, oltre che dal tronco che si allarga a un certo punto, dalla corteccia ricoperta di spuntoni,\u2026","rel":"","context":"In &quot;Coordinate&quot;","block_context":{"text":"Coordinate","link":"http:\/\/www.robertosedda.it\/?cat=52"},"img":{"alt_text":"","src":"","width":0,"height":0},"classes":[]},{"id":11781,"url":"http:\/\/www.robertosedda.it\/?p=11781","url_meta":{"origin":11892,"position":3},"title":"Messaggi Facebook che non sapete di avere","author":"Rufus","date":"07\/04\/2016","format":false,"excerpt":"Ho visto casualmente su\u00a0Business Insider un articoletto che segnala l'esistenza di una cartella\u00a0spam sul\u00a0Messenger di\u00a0Facebook normalmente sconosciuta ai pi\u00f9. Faccio prima a spiegare che a raccontare. Aprite il\u00a0Messenger\u00a0 e andate su\u00a0Richieste di messaggi\u00a0(su mobile bisogna passare per la rotellina di\u00a0Impostazioni e poi cliccare su\u00a0Persone) Compariranno, come nel mio caso, dei\u2026","rel":"","context":"In &quot;Coordinate&quot;","block_context":{"text":"Coordinate","link":"http:\/\/www.robertosedda.it\/?cat=52"},"img":{"alt_text":"","src":"https:\/\/i0.wp.com\/www.robertosedda.it\/wp-content\/uploads\/2016\/04\/Spam-Messenger-2.jpg?fit=428%2C283&resize=350%2C200","width":350,"height":200},"classes":[]},{"id":1285,"url":"http:\/\/www.robertosedda.it\/?p=1285","url_meta":{"origin":11892,"position":4},"title":"Leggere la crisi con Andrea Baranes","author":"Rufus","date":"07\/11\/2012","format":false,"excerpt":"Da venerd\u00ec 9 a domenica 11 novembre, al Teatro Piccolo Auditorium di Cagliari, i Pres\u00ecdi del libro della Sardegna\u00a0propongono la rassegna Il tramonto dell'Occidente. Leggendo il programma sembra, ed \u00e8, un vero e proprio festival letterario culturale, articolato su tavole rotonde, readings e proiezioni. Tutto molto colto e profondo, forse\u2026","rel":"","context":"In &quot;Banche e finanza&quot;","block_context":{"text":"Banche e finanza","link":"http:\/\/www.robertosedda.it\/?cat=72"},"img":{"alt_text":"","src":"","width":0,"height":0},"classes":[]},{"id":6777,"url":"http:\/\/www.robertosedda.it\/?p=6777","url_meta":{"origin":11892,"position":5},"title":"\u00abFai un intervento politico&#8230;\u00bb","author":"Rufus","date":"18\/03\/2014","format":false,"excerpt":"\u00abFai un intervento politico...\u00bb \u00e8 la raccomandazione che sto facendo a tutti quelli che mi chiedono: \u00abChe devo dire?\u00bb. Stasera modero il dibattito (che spero succoso, interessante e partecipato) durante La finanza non \u00e8 un gioco, l'appuntamento cagliaritano della festa della finanza etica\u00a0che in tutta Italia\u00a0celebra i quindici anni di\u2026","rel":"","context":"In &quot;Banche e finanza&quot;","block_context":{"text":"Banche e finanza","link":"http:\/\/www.robertosedda.it\/?cat=72"},"img":{"alt_text":"","src":"https:\/\/i0.wp.com\/www.robertosedda.it\/wp-content\/uploads\/2014\/03\/Locandina.jpg?fit=664%2C960&resize=350%2C200","width":350,"height":200},"classes":[]}],"_links":{"self":[{"href":"http:\/\/www.robertosedda.it\/index.php?rest_route=\/wp\/v2\/posts\/11892"}],"collection":[{"href":"http:\/\/www.robertosedda.it\/index.php?rest_route=\/wp\/v2\/posts"}],"about":[{"href":"http:\/\/www.robertosedda.it\/index.php?rest_route=\/wp\/v2\/types\/post"}],"author":[{"embeddable":true,"href":"http:\/\/www.robertosedda.it\/index.php?rest_route=\/wp\/v2\/users\/1"}],"replies":[{"embeddable":true,"href":"http:\/\/www.robertosedda.it\/index.php?rest_route=%2Fwp%2Fv2%2Fcomments&post=11892"}],"version-history":[{"count":1,"href":"http:\/\/www.robertosedda.it\/index.php?rest_route=\/wp\/v2\/posts\/11892\/revisions"}],"predecessor-version":[{"id":11895,"href":"http:\/\/www.robertosedda.it\/index.php?rest_route=\/wp\/v2\/posts\/11892\/revisions\/11895"}],"wp:featuredmedia":[{"embeddable":true,"href":"http:\/\/www.robertosedda.it\/index.php?rest_route=\/wp\/v2\/media\/11894"}],"wp:attachment":[{"href":"http:\/\/www.robertosedda.it\/index.php?rest_route=%2Fwp%2Fv2%2Fmedia&parent=11892"}],"wp:term":[{"taxonomy":"category","embeddable":true,"href":"http:\/\/www.robertosedda.it\/index.php?rest_route=%2Fwp%2Fv2%2Fcategories&post=11892"},{"taxonomy":"post_tag","embeddable":true,"href":"http:\/\/www.robertosedda.it\/index.php?rest_route=%2Fwp%2Fv2%2Ftags&post=11892"}],"curies":[{"name":"wp","href":"https:\/\/api.w.org\/{rel}","templated":true}]}}