{"id":11886,"date":"2016-04-29T16:47:06","date_gmt":"2016-04-29T14:47:06","guid":{"rendered":"http:\/\/www.robertosedda.it\/?p=11886"},"modified":"2018-05-16T10:27:27","modified_gmt":"2018-05-16T08:27:27","slug":"umana-pieta","status":"publish","type":"post","link":"http:\/\/www.robertosedda.it\/?p=11886","title":{"rendered":"Umana piet\u00e0"},"content":{"rendered":"<h4>Il problema, tendenzialmente, \u00e8 pensare che in certi ruoli ci si vengano a trovare sempre gli altri, e mai noi<\/h4>\n<p><img data-attachment-id=\"11887\" data-permalink=\"http:\/\/www.robertosedda.it\/?attachment_id=11887\" data-orig-file=\"https:\/\/i0.wp.com\/www.robertosedda.it\/wp-content\/uploads\/2016\/04\/Il-Punitore-Marvel.jpg?fit=1240%2C670\" data-orig-size=\"1240,670\" data-comments-opened=\"1\" data-image-meta=\"{&quot;aperture&quot;:&quot;0&quot;,&quot;credit&quot;:&quot;&quot;,&quot;camera&quot;:&quot;&quot;,&quot;caption&quot;:&quot;&quot;,&quot;created_timestamp&quot;:&quot;0&quot;,&quot;copyright&quot;:&quot;&quot;,&quot;focal_length&quot;:&quot;0&quot;,&quot;iso&quot;:&quot;0&quot;,&quot;shutter_speed&quot;:&quot;0&quot;,&quot;title&quot;:&quot;&quot;,&quot;orientation&quot;:&quot;0&quot;}\" data-image-title=\"Il Punitore Marvel\" data-image-description=\"\" data-image-caption=\"\" data-medium-file=\"https:\/\/i0.wp.com\/www.robertosedda.it\/wp-content\/uploads\/2016\/04\/Il-Punitore-Marvel.jpg?fit=300%2C162\" data-large-file=\"https:\/\/i0.wp.com\/www.robertosedda.it\/wp-content\/uploads\/2016\/04\/Il-Punitore-Marvel.jpg?fit=510%2C276\" decoding=\"async\" loading=\"lazy\" class=\"aligncenter size-full wp-image-11887\" src=\"https:\/\/i0.wp.com\/www.robertosedda.it\/wp-content\/uploads\/2016\/04\/Il-Punitore-Marvel.jpg?resize=800%2C432\" alt=\"Il Punitore Marvel\" width=\"800\" height=\"432\" srcset=\"https:\/\/i0.wp.com\/www.robertosedda.it\/wp-content\/uploads\/2016\/04\/Il-Punitore-Marvel.jpg?w=1240 1240w, https:\/\/i0.wp.com\/www.robertosedda.it\/wp-content\/uploads\/2016\/04\/Il-Punitore-Marvel.jpg?resize=150%2C81 150w, https:\/\/i0.wp.com\/www.robertosedda.it\/wp-content\/uploads\/2016\/04\/Il-Punitore-Marvel.jpg?resize=300%2C162 300w, https:\/\/i0.wp.com\/www.robertosedda.it\/wp-content\/uploads\/2016\/04\/Il-Punitore-Marvel.jpg?resize=510%2C276 510w, https:\/\/i0.wp.com\/www.robertosedda.it\/wp-content\/uploads\/2016\/04\/Il-Punitore-Marvel.jpg?resize=700%2C378 700w\" sizes=\"(max-width: 800px) 100vw, 800px\" data-recalc-dims=\"1\" \/>Ieri, come forse qualcuno ha sentito, a\u00a0<em>Oggi parliamo di libri<\/em> ho citato\u00a0<em>I miserabili<\/em> di Hugo. In realt\u00e0 la puntata era dedicata all&#8217;<em>Hernani<\/em>, ma in testa io avevo soprattutto <em>I miserabili<\/em>\u00a0e ripensavo a una cosa che spesso mi viene in mente ultimamente.<\/p>\n<p>Hugo la pistola in casa non l&#8217;avrebbe voluta.<\/p>\n<p>Si, sto pensando alle storie sulla legittima difesa.<\/p>\n<p>Dicevo, Hugo in casa la pistola non l&#8217;avrebbe voluta. Meglio: i suoi personaggi\u00a0&#8211;\u00a0e soprattutto i suoi lettori, che erano come i suoi personaggi &#8211; non l&#8217;avrebbero voluta.<\/p>\n<p>Ma non per astratte convinzioni ideologiche. O per un generico buon cuore, o correttezza politica:\u00a0<em>I miserabili<\/em> \u00e8 il grande affresco dell&#8217;umana piet\u00e0 e della redenzione dei cuori, di tutti i cuori, ma non sto pensando a una sua capacit\u00e0 di motivazione di questo genere.<\/p>\n<p>Penso a una motivazione molto pi\u00f9 concreta: che i lettori de\u00a0<em>I miserabilii <\/em>sapevano <em>benissimo<\/em> che altrimenti, secondo come andava, in una casa buia con un padrone incazzato che ti spara all&#8217;impazzata ci si potevano trovare\u00a0<em>loro<\/em>. Sapevano cio\u00e8 che come per Jean Valjean il confine fra rispettabilit\u00e0 e disperazione, fra fortuna e sfortuna, fra stare dentro la porta e fuori della porta, fra cacciatori e cacciati, \u00e8 labile. Molto labile. E come i lettori de <em>I<\/em>\u00a0<em>Miserabili<\/em> questa \u00e8 una cosa che ha saputo, credo, la maggior parte degli italiani per la maggior parte, almeno, del secolo scorso.<\/p>\n<p>So per certo che lo sapeva mio padre, per dire, ma non c&#8217;\u00e8 un adulto dell&#8217;Azione Cattolica che io abbia frequentato o un vecchio compagno del partito che non lo sapesse.<\/p>\n<p>In sintesi: ti ci puoi trovare tu.<\/p>\n<p>Forse perch\u00e9 era la saggezza di lunga portata della cultura contadina, o perch\u00e9 avevano passato la guerra, non so, ma c&#8217;era una coscienza della precariet\u00e0 della vita e dei limiti nei quali\u00a0il vivere civile va contenuto per non compromettere\u00a0ulteriormente la speranza di vita.<\/p>\n<p>Si \u00e8 persa questa coscienza?<\/p>\n<p>Si, credo che ci sia persa.<\/p>\n<p>Credo che\u00a0tante persone appartenenti a fasce sociali fragili, anche molto fragili, fatichino a immaginarsi\u00a0<em>appena<\/em> pi\u00f9 fragili,\u00a0<em>appena<\/em> pi\u00f9 deboli, e assumano invece i modelli e la pretesa di sicurezza di chi \u00e8\u00a0<em>molto<\/em> pi\u00f9 garantito. Se sento dire che si pu\u00f2 tenere la pistola in casa e sparare al ladro senza se e senza ma mi immagino che questo consentir\u00e0 a\u00a0<em>me<\/em> di sparare all&#8217;immigrato che viene a sottrarmi diritti, non che consentir\u00e0 a uno di sparare a mio figlio il giorno che stupidamente prover\u00e0 uno scippo.<\/p>\n<p>Cosa credete che potr\u00e0 capitare pi\u00f9 probabilmente nella mia vita? Che spari io a un altro o che sparino a mio figlio? La risposta la sapete.<\/p>\n<p>\u00abToccher\u00e0 agli altri\u00bb.<\/p>\n<p>La grande trappola.<\/p>\n","protected":false},"excerpt":{"rendered":"<p>Il problema, tendenzialmente, \u00e8 pensare che in certi ruoli ci si vengano a trovare sempre gli altri, e mai noi<\/p>\n","protected":false},"author":1,"featured_media":11887,"comment_status":"open","ping_status":"open","sticky":false,"template":"","format":"standard","meta":{"_mi_skip_tracking":false,"_monsterinsights_sitenote_active":false,"_monsterinsights_sitenote_note":"","_monsterinsights_sitenote_category":0,"jetpack_post_was_ever_published":false,"_jetpack_newsletter_access":"","jetpack_publicize_message":"","jetpack_is_tweetstorm":false,"jetpack_publicize_feature_enabled":true,"jetpack_social_post_already_shared":true,"jetpack_social_options":{"image_generator_settings":{"template":"highway","enabled":false}}},"categories":[52,57,17,59,16],"tags":[],"jetpack_publicize_connections":[],"jetpack_featured_media_url":"https:\/\/i0.wp.com\/www.robertosedda.it\/wp-content\/uploads\/2016\/04\/Il-Punitore-Marvel.jpg?fit=1240%2C670","jetpack_sharing_enabled":true,"jetpack_shortlink":"https:\/\/wp.me\/p4jV2T-35I","jetpack_likes_enabled":true,"jetpack-related-posts":[{"id":19003,"url":"http:\/\/www.robertosedda.it\/?p=19003","url_meta":{"origin":11886,"position":0},"title":"Il tocco della morte","author":"Rufus","date":"20\/12\/2021","format":false,"excerpt":"Me li immagino candidati di destra in giro per il mondo, che a un certo punto entra un assistente, pallido come un cencio. \u00abChe c'\u00e8? Non vedi che sono impegnato a lucidare le svastiche del nonno?!\u00bb. E quello che farfuglia, imbarazzato. Lo fa sedere, controlla se c'\u00e8 un bicchiere d'acqua\u2026","rel":"","context":"In &quot;Coordinate&quot;","block_context":{"text":"Coordinate","link":"http:\/\/www.robertosedda.it\/?cat=52"},"img":{"alt_text":"","src":"https:\/\/i0.wp.com\/www.robertosedda.it\/wp-content\/uploads\/2021\/12\/Salvini-Kast.jpg?fit=1200%2C397&resize=350%2C200","width":350,"height":200,"srcset":"https:\/\/i0.wp.com\/www.robertosedda.it\/wp-content\/uploads\/2021\/12\/Salvini-Kast.jpg?fit=1200%2C397&resize=350%2C200 1x, https:\/\/i0.wp.com\/www.robertosedda.it\/wp-content\/uploads\/2021\/12\/Salvini-Kast.jpg?fit=1200%2C397&resize=700%2C400 2x, https:\/\/i0.wp.com\/www.robertosedda.it\/wp-content\/uploads\/2021\/12\/Salvini-Kast.jpg?fit=1200%2C397&resize=1050%2C600 3x"},"classes":[]},{"id":269,"url":"http:\/\/www.robertosedda.it\/?p=269","url_meta":{"origin":11886,"position":1},"title":"Scaramouche","author":"Rufus","date":"21\/08\/2012","format":false,"excerpt":"Per essere un romanzo d'avventura Scaramouche ha una componente di indagine psicologica e di dibattito politico-filosofico piuttosto consistente. Nonostante quel che si sente dire, e diversamente dai film che ne sono stati tratti, non \u00e8 un romanzo di cappa e spada: manca il gusto del rocambolesco, dell'avventura fine a se\u2026","rel":"","context":"In &quot;Cappe e spade&quot;","block_context":{"text":"Cappe e spade","link":"http:\/\/www.robertosedda.it\/?cat=70"},"img":{"alt_text":"","src":"","width":0,"height":0},"classes":[]},{"id":12249,"url":"http:\/\/www.robertosedda.it\/?p=12249","url_meta":{"origin":11886,"position":2},"title":"Bella puntata!!","author":"Rufus","date":"20\/07\/2016","format":false,"excerpt":"Non toccherebbe a me dirlo, ma la puntata sull'Hernani\u00a0di Hugo non \u00e8 affatto male, forse una delle migliori in assoluto di quattro stagioni di\u00a0Oggi parliamo di libri, tanto che per una volta non ho commenti da fare ma solo un invito: ascoltatela! http:\/\/www.radiokalaritana.it\/audio\/LIB-S04E30-Victor_Hugo_Hernani-20160428.mp3 Hernani - Victor Hugo","rel":"","context":"In &quot;Coordinate&quot;","block_context":{"text":"Coordinate","link":"http:\/\/www.robertosedda.it\/?cat=52"},"img":{"alt_text":"","src":"https:\/\/i0.wp.com\/www.robertosedda.it\/wp-content\/uploads\/2016\/07\/Hernani.jpg?fit=600%2C510&resize=350%2C200","width":350,"height":200},"classes":[]},{"id":11889,"url":"http:\/\/www.robertosedda.it\/?p=11889","url_meta":{"origin":11886,"position":3},"title":"Sono un secchione e Manzoni mi piace","author":"Rufus","date":"02\/05\/2016","format":false,"excerpt":"L'Adelchi non sar\u00e0 propriamente Game of Thrones\u00a0ma... http:\/\/www.radiokalaritana.it\/audio\/LIB-S04E24-Alessandro_Manzoni_Adelchi-20160310.mp3 Adelchi - Alessandro Manzoni Non ho molto da dire sulla puntata di Oggi parliamo di libri\u00a0dedicata all'Adelchi di Alessandro Manzoni se non lamentare che il poco tempo a disposizione per prepararmi mi abbia portato a una resa un po', come dire?, scolastica,\u2026","rel":"","context":"In &quot;Coordinate&quot;","block_context":{"text":"Coordinate","link":"http:\/\/www.robertosedda.it\/?cat=52"},"img":{"alt_text":"","src":"https:\/\/i0.wp.com\/www.robertosedda.it\/wp-content\/uploads\/2016\/05\/Adelchi.jpg?fit=768%2C1024&resize=350%2C200","width":350,"height":200,"srcset":"https:\/\/i0.wp.com\/www.robertosedda.it\/wp-content\/uploads\/2016\/05\/Adelchi.jpg?fit=768%2C1024&resize=350%2C200 1x, https:\/\/i0.wp.com\/www.robertosedda.it\/wp-content\/uploads\/2016\/05\/Adelchi.jpg?fit=768%2C1024&resize=700%2C400 2x"},"classes":[]},{"id":4978,"url":"http:\/\/www.robertosedda.it\/?p=4978","url_meta":{"origin":11886,"position":4},"title":"Una richiesta d&#8217;aiuto per l&#8217;avventura","author":"Rufus","date":"10\/11\/2013","format":false,"excerpt":"Sto scrivendo un gioco, che per la verit\u00e0 \u00e8 in fase avanzata di test con i Fabbricastorie, e sono arrivato a un punto in cui ho bisogno di aiuto. Mi serve un elenco di avventurieri, famosi uomini d'affari, intellettuali, uomini di Stato che siano stati attivi fra il 1860 e\u2026","rel":"","context":"In &quot;Cappe e spade&quot;","block_context":{"text":"Cappe e spade","link":"http:\/\/www.robertosedda.it\/?cat=70"},"img":{"alt_text":"","src":"https:\/\/i0.wp.com\/www.robertosedda.it\/wp-content\/uploads\/2013\/06\/Tarzan_marvel_annual_1.jpg?fit=400%2C624&resize=350%2C200","width":350,"height":200},"classes":[]},{"id":17427,"url":"http:\/\/www.robertosedda.it\/?p=17427","url_meta":{"origin":11886,"position":5},"title":"Corruzione svizzero-africana","author":"Rufus","date":"09\/10\/2019","format":false,"excerpt":"Ho visto ieri, all'interno della rassegna sui neo-colonialismi organizzata dal Laboratorio 28, il film senegalese Hy\u00e8nes di Djibril Diop Mambety (ma la produzione \u00e8 francese). https:\/\/youtu.be\/xEsF9RR3FOs Il film \u00e8 tratto dalla tragedia di Friedrich D\u00fcrrenmatt La visita della vecchia signora. Non avendola letta non posso giudicare dell'adattamento, che a occhio\u2026","rel":"","context":"In &quot;Coordinate&quot;","block_context":{"text":"Coordinate","link":"http:\/\/www.robertosedda.it\/?cat=52"},"img":{"alt_text":"","src":"https:\/\/i0.wp.com\/www.robertosedda.it\/wp-content\/uploads\/2019\/10\/Hi\u00e8nes.jpg?fit=779%2C479&resize=350%2C200","width":350,"height":200,"srcset":"https:\/\/i0.wp.com\/www.robertosedda.it\/wp-content\/uploads\/2019\/10\/Hi\u00e8nes.jpg?fit=779%2C479&resize=350%2C200 1x, https:\/\/i0.wp.com\/www.robertosedda.it\/wp-content\/uploads\/2019\/10\/Hi\u00e8nes.jpg?fit=779%2C479&resize=700%2C400 2x"},"classes":[]}],"_links":{"self":[{"href":"http:\/\/www.robertosedda.it\/index.php?rest_route=\/wp\/v2\/posts\/11886"}],"collection":[{"href":"http:\/\/www.robertosedda.it\/index.php?rest_route=\/wp\/v2\/posts"}],"about":[{"href":"http:\/\/www.robertosedda.it\/index.php?rest_route=\/wp\/v2\/types\/post"}],"author":[{"embeddable":true,"href":"http:\/\/www.robertosedda.it\/index.php?rest_route=\/wp\/v2\/users\/1"}],"replies":[{"embeddable":true,"href":"http:\/\/www.robertosedda.it\/index.php?rest_route=%2Fwp%2Fv2%2Fcomments&post=11886"}],"version-history":[{"count":4,"href":"http:\/\/www.robertosedda.it\/index.php?rest_route=\/wp\/v2\/posts\/11886\/revisions"}],"predecessor-version":[{"id":15158,"href":"http:\/\/www.robertosedda.it\/index.php?rest_route=\/wp\/v2\/posts\/11886\/revisions\/15158"}],"wp:featuredmedia":[{"embeddable":true,"href":"http:\/\/www.robertosedda.it\/index.php?rest_route=\/wp\/v2\/media\/11887"}],"wp:attachment":[{"href":"http:\/\/www.robertosedda.it\/index.php?rest_route=%2Fwp%2Fv2%2Fmedia&parent=11886"}],"wp:term":[{"taxonomy":"category","embeddable":true,"href":"http:\/\/www.robertosedda.it\/index.php?rest_route=%2Fwp%2Fv2%2Fcategories&post=11886"},{"taxonomy":"post_tag","embeddable":true,"href":"http:\/\/www.robertosedda.it\/index.php?rest_route=%2Fwp%2Fv2%2Ftags&post=11886"}],"curies":[{"name":"wp","href":"https:\/\/api.w.org\/{rel}","templated":true}]}}