{"id":11829,"date":"2016-04-13T17:18:07","date_gmt":"2016-04-13T15:18:07","guid":{"rendered":"http:\/\/www.robertosedda.it\/?p=11829"},"modified":"2022-04-20T11:44:56","modified_gmt":"2022-04-20T09:44:56","slug":"gli-irochesi-e-casapound","status":"publish","type":"post","link":"http:\/\/www.robertosedda.it\/?p=11829","title":{"rendered":"Gli Irochesi e Casapound"},"content":{"rendered":"<h4>Nella contemporaneit\u00e0\u00a0strani nomadismi si incrociano<\/h4>\n<p>Le bacheche di molti miei contatti di\u00a0<em>Facebook<\/em> sono piene di considerazioni sulla piccola aggressione messa in scena da un paio di esponenti di <em>Casapound\u00a0<\/em>\u00a0di Roma allo <em>stand<\/em> della casa editrice <em>Shockdom<\/em> (quella che pubblica anche\u00a0<a href=\"http:\/\/www.robertosedda.it\/?p=9583\"><em>Eriadan<\/em><\/a>) durante la recente fiera del fumetto <em>Romics<\/em>.<\/p>\n<p><img data-attachment-id=\"11831\" data-permalink=\"http:\/\/www.robertosedda.it\/?attachment_id=11831\" data-orig-file=\"https:\/\/i0.wp.com\/www.robertosedda.it\/wp-content\/uploads\/2016\/04\/Qvando-cera-LVI.jpg?fit=1890%2C2835\" data-orig-size=\"1890,2835\" data-comments-opened=\"1\" data-image-meta=\"{&quot;aperture&quot;:&quot;0&quot;,&quot;credit&quot;:&quot;&quot;,&quot;camera&quot;:&quot;&quot;,&quot;caption&quot;:&quot;&quot;,&quot;created_timestamp&quot;:&quot;0&quot;,&quot;copyright&quot;:&quot;&quot;,&quot;focal_length&quot;:&quot;0&quot;,&quot;iso&quot;:&quot;0&quot;,&quot;shutter_speed&quot;:&quot;0&quot;,&quot;title&quot;:&quot;&quot;,&quot;orientation&quot;:&quot;0&quot;}\" data-image-title=\"Qvando c&#8217;era LVI\" data-image-description=\"\" data-image-caption=\"\" data-medium-file=\"https:\/\/i0.wp.com\/www.robertosedda.it\/wp-content\/uploads\/2016\/04\/Qvando-cera-LVI.jpg?fit=200%2C300\" data-large-file=\"https:\/\/i0.wp.com\/www.robertosedda.it\/wp-content\/uploads\/2016\/04\/Qvando-cera-LVI.jpg?fit=510%2C765\" decoding=\"async\" loading=\"lazy\" class=\"alignright size-medium wp-image-11831\" src=\"https:\/\/i0.wp.com\/www.robertosedda.it\/wp-content\/uploads\/2016\/04\/Qvando-cera-LVI.jpg?resize=200%2C300\" alt=\"Qvando c'era LVI\" width=\"200\" height=\"300\" srcset=\"https:\/\/i0.wp.com\/www.robertosedda.it\/wp-content\/uploads\/2016\/04\/Qvando-cera-LVI.jpg?resize=200%2C300 200w, https:\/\/i0.wp.com\/www.robertosedda.it\/wp-content\/uploads\/2016\/04\/Qvando-cera-LVI.jpg?resize=100%2C150 100w, https:\/\/i0.wp.com\/www.robertosedda.it\/wp-content\/uploads\/2016\/04\/Qvando-cera-LVI.jpg?resize=510%2C765 510w, https:\/\/i0.wp.com\/www.robertosedda.it\/wp-content\/uploads\/2016\/04\/Qvando-cera-LVI.jpg?resize=700%2C1050 700w, https:\/\/i0.wp.com\/www.robertosedda.it\/wp-content\/uploads\/2016\/04\/Qvando-cera-LVI.jpg?w=1890 1890w, https:\/\/i0.wp.com\/www.robertosedda.it\/wp-content\/uploads\/2016\/04\/Qvando-cera-LVI.jpg?w=1600 1600w\" sizes=\"(max-width: 200px) 100vw, 200px\" data-recalc-dims=\"1\" \/>Non ho granch\u00e9 da osservare sull&#8217;episodio in s\u00e9, del quale\u00a0<a href=\"http:\/\/roma.repubblica.it\/cronaca\/2016\/04\/11\/news\/roma_vandali_devastano_stand_shockdom_a_romics-137372730\/\"><em>Repubblica<\/em><\/a> ha una sintesi pi\u00f9 che sufficiente; piuttosto riflettevo, mentre bacheca dopo bacheca si accendeva di commenti, molti fumettisti pubblicavano vignette\u00a0e sfott\u00f2 e i gruppi di discussione deprecavano unanimemente l&#8217;accaduto e solidarizzavano con la <em>Shockdom<\/em>,\u00a0su come ci fosse un popolo, meglio forse una trib\u00f9, che si riconosceva come entit\u00e0 e esprimeva la sua voce: gli amanti dei fumetti e i loro alleati, i giocatori di ruolo, i <em>videogamer<\/em> e tanti altri &#8211; forse pi\u00f9 addirittura che una trib\u00f9, una specie di federazione come le Cinque Nazioni degli Irochesi:\u00a0la <em>Lega dei Nerd<\/em> o la <em>Federazione dei\u00a0Geek dei Grandi Laghi<\/em>.<\/p>\n<p>Non c&#8217;\u00e8 alcun motivo perch\u00e9 questa grande trib\u00f9 sia politicizzata: i suoi componenti, teoricamente, si riconoscono fra loro per motivi che in s\u00e9 non sono politici. Eppure\u00a0in questo caso sono scesi sul sentiero di guerra contro i Piedi Neri (o forse meglio le\u00a0<em>Faccette Nere<\/em>) perch\u00e9 questi hanno invaso i loro territori di caccia.<\/p>\n<p><img data-attachment-id=\"11832\" data-permalink=\"http:\/\/www.robertosedda.it\/?attachment_id=11832\" data-orig-file=\"https:\/\/i0.wp.com\/www.robertosedda.it\/wp-content\/uploads\/2016\/04\/A-Panda-Piace-Pound.jpg?fit=300%2C450\" data-orig-size=\"300,450\" data-comments-opened=\"1\" data-image-meta=\"{&quot;aperture&quot;:&quot;0&quot;,&quot;credit&quot;:&quot;&quot;,&quot;camera&quot;:&quot;&quot;,&quot;caption&quot;:&quot;&quot;,&quot;created_timestamp&quot;:&quot;0&quot;,&quot;copyright&quot;:&quot;&quot;,&quot;focal_length&quot;:&quot;0&quot;,&quot;iso&quot;:&quot;0&quot;,&quot;shutter_speed&quot;:&quot;0&quot;,&quot;title&quot;:&quot;&quot;,&quot;orientation&quot;:&quot;0&quot;}\" data-image-title=\"A Panda Piace Pound\" data-image-description=\"\" data-image-caption=\"\" data-medium-file=\"https:\/\/i0.wp.com\/www.robertosedda.it\/wp-content\/uploads\/2016\/04\/A-Panda-Piace-Pound.jpg?fit=200%2C300\" data-large-file=\"https:\/\/i0.wp.com\/www.robertosedda.it\/wp-content\/uploads\/2016\/04\/A-Panda-Piace-Pound.jpg?fit=300%2C450\" decoding=\"async\" loading=\"lazy\" class=\"alignleft size-full wp-image-11832\" src=\"https:\/\/i0.wp.com\/www.robertosedda.it\/wp-content\/uploads\/2016\/04\/A-Panda-Piace-Pound.jpg?resize=300%2C450\" alt=\"A Panda Piace Pound\" width=\"300\" height=\"450\" srcset=\"https:\/\/i0.wp.com\/www.robertosedda.it\/wp-content\/uploads\/2016\/04\/A-Panda-Piace-Pound.jpg?w=300 300w, https:\/\/i0.wp.com\/www.robertosedda.it\/wp-content\/uploads\/2016\/04\/A-Panda-Piace-Pound.jpg?resize=100%2C150 100w, https:\/\/i0.wp.com\/www.robertosedda.it\/wp-content\/uploads\/2016\/04\/A-Panda-Piace-Pound.jpg?resize=200%2C300 200w\" sizes=\"(max-width: 300px) 100vw, 300px\" data-recalc-dims=\"1\" \/>Mi sembra un bell&#8217;esempio della contemporaneit\u00e0, riflettevo: trib\u00f9 nomadi che attraversano i territori culturali inesplorati (o non sempre mappati) delle narrazioni popolari, delle credenze diffuse, delle marginalit\u00e0 di pensiero. Ognuna coi suoi bagagli, le sue leggende, le sue interpretazioni della realt\u00e0.<\/p>\n<p>Trib\u00f9 che poi\u00a0si incontrano, talvolta si contaminano, ogni tanto\u00a0si scontrano.<\/p>\n<p>Come se un giorno\u00a0<em>Senonoraquando<\/em> si trovasse in una faida con le\u00a0<em>Directioners<\/em>, diciamo, o gli indipendentisti sardi proponessero il boicottaggio della\u00a0<em>Nutella<\/em> e il\u00a0<em><a href=\"http:\/\/www.nutelladay.com\/?geo=global\">World Nutella Day<\/a><\/em>\u00a0per ritorsione invocasse<i> <\/i>l&#8217;arruolamento dei propri sostenitori nelle Brigate Unioniste Italiane.<\/p>\n<p>Vi sembrano esempio campati per aria?\u00a0A me non sembra,\u00a0anzi mi spingerei a dire che oggi chi volesse\u00a0<em>vincere<\/em> (vincere qualunque cosa, dal fare la rivoluzione al diventare molto ricco) dovrebbe porsi come problema essenziale quello di unificare le trib\u00f9 (quasi tutte, magari le <em>Faccette Nere\u00a0<\/em>possono restare nel Deserto di Sale). Ma l&#8217;argomento magari andrebbe approfondito meglio, e quella di oggi \u00e8 solo una suggestione: unire le trib\u00f9, per vincere.<\/p>\n<p>Sono stato chiaro? (spero che gli amici cinefili apprezzino la citazione)<\/p>\n<div class=\"jetpack-video-wrapper\"><span class=\"embed-youtube\" style=\"text-align:center; display: block;\"><iframe loading=\"lazy\" class=\"youtube-player\" width=\"800\" height=\"450\" src=\"https:\/\/www.youtube.com\/embed\/B1teTWK_g7Y?version=3&#038;rel=1&#038;showsearch=0&#038;showinfo=1&#038;iv_load_policy=1&#038;fs=1&#038;hl=it-IT&#038;autohide=2&#038;wmode=transparent\" allowfullscreen=\"true\" style=\"border:0;\" sandbox=\"allow-scripts allow-same-origin allow-popups allow-presentation\"><\/iframe><\/span><\/div>\n","protected":false},"excerpt":{"rendered":"<p>Nella contemporaneit\u00e0\u00a0strani nomadismi si incrociano Le bacheche di molti miei contatti di\u00a0Facebook sono piene di considerazioni sulla piccola aggressione messa<\/p>\n","protected":false},"author":1,"featured_media":11831,"comment_status":"open","ping_status":"open","sticky":false,"template":"","format":"standard","meta":{"_mi_skip_tracking":false,"_monsterinsights_sitenote_active":false,"_monsterinsights_sitenote_note":"","_monsterinsights_sitenote_category":0,"jetpack_post_was_ever_published":false,"_jetpack_newsletter_access":"","jetpack_publicize_message":"","jetpack_is_tweetstorm":false,"jetpack_publicize_feature_enabled":true,"jetpack_social_post_already_shared":true,"jetpack_social_options":{"image_generator_settings":{"template":"highway","enabled":false}}},"categories":[97,52,57,19],"tags":[],"jetpack_publicize_connections":[],"jetpack_featured_media_url":"https:\/\/i0.wp.com\/www.robertosedda.it\/wp-content\/uploads\/2016\/04\/Qvando-cera-LVI.jpg?fit=1890%2C2835","jetpack_sharing_enabled":true,"jetpack_shortlink":"https:\/\/wp.me\/p4jV2T-34N","jetpack_likes_enabled":true,"jetpack-related-posts":[{"id":673,"url":"http:\/\/www.robertosedda.it\/?p=673","url_meta":{"origin":11829,"position":0},"title":"Da Londra","author":"Rufus","date":"23\/08\/2012","format":false,"excerpt":"Carissimi durante il fine settimana a Londra con Maria Bonaria alcune delle cose che abbiamo fatto o visto mi hanno suggerito dei pensieri \"lapirici\" che finalmente, adesso che ho un po' di tempo, vi rigiro. Non \u00e8 quindi un resoconto di cosa abbiamo mangiato o cosa abbiamo visto, ma due\u2026","rel":"","context":"In &quot;Coordinate&quot;","block_context":{"text":"Coordinate","link":"http:\/\/www.robertosedda.it\/?cat=52"},"img":{"alt_text":"","src":"","width":0,"height":0},"classes":[]},{"id":17881,"url":"http:\/\/www.robertosedda.it\/?p=17881","url_meta":{"origin":11829,"position":1},"title":"Per il pensiero critico","author":"Rufus","date":"27\/02\/2020","format":false,"excerpt":"Ho visto l'altro giorno, sulla bacheca di un contatto che non sono pi\u00f9 riuscito a ritrovare un grafico, prodotto dalla organizzazione americana senza fine di lucro Global Digital Citizen Foundation, che riassume in maniera interessante una serie di domande che tutti ci dovremmo porre quando tentiamo di decodificare una informazione\u2026","rel":"","context":"In &quot;Coordinate&quot;","block_context":{"text":"Coordinate","link":"http:\/\/www.robertosedda.it\/?cat=52"},"img":{"alt_text":"","src":"https:\/\/i0.wp.com\/www.robertosedda.it\/wp-content\/uploads\/2020\/02\/Checklist-pensiero-critico.jpg?fit=848%2C1200&resize=350%2C200","width":350,"height":200,"srcset":"https:\/\/i0.wp.com\/www.robertosedda.it\/wp-content\/uploads\/2020\/02\/Checklist-pensiero-critico.jpg?fit=848%2C1200&resize=350%2C200 1x, https:\/\/i0.wp.com\/www.robertosedda.it\/wp-content\/uploads\/2020\/02\/Checklist-pensiero-critico.jpg?fit=848%2C1200&resize=700%2C400 2x"},"classes":[]},{"id":15463,"url":"http:\/\/www.robertosedda.it\/?p=15463","url_meta":{"origin":11829,"position":2},"title":"Come battere l&#8217;algoritmo di Facebook","author":"Rufus","date":"12\/07\/2018","format":false,"excerpt":"Vedo passare sulle bacheche di diversi miei contatti un testo che riguarda il modo di\u00a0bypassare il presunto nuovo algoritmo di\u00a0Facebook per evitare che ti faccia vedere sempre e solo i soliti venticinque amici. Ora, \u00e8 chiaro che \u00e8 una bufala, che tra l'altro girava pi\u00f9 o meno uguale un paio\u2026","rel":"","context":"In &quot;Coordinate&quot;","block_context":{"text":"Coordinate","link":"http:\/\/www.robertosedda.it\/?cat=52"},"img":{"alt_text":"","src":"https:\/\/i0.wp.com\/www.robertosedda.it\/wp-content\/uploads\/2018\/07\/Algoritmo-1.jpg?fit=1195%2C707&resize=350%2C200","width":350,"height":200,"srcset":"https:\/\/i0.wp.com\/www.robertosedda.it\/wp-content\/uploads\/2018\/07\/Algoritmo-1.jpg?fit=1195%2C707&resize=350%2C200 1x, https:\/\/i0.wp.com\/www.robertosedda.it\/wp-content\/uploads\/2018\/07\/Algoritmo-1.jpg?fit=1195%2C707&resize=700%2C400 2x, https:\/\/i0.wp.com\/www.robertosedda.it\/wp-content\/uploads\/2018\/07\/Algoritmo-1.jpg?fit=1195%2C707&resize=1050%2C600 3x"},"classes":[]},{"id":11687,"url":"http:\/\/www.robertosedda.it\/?p=11687","url_meta":{"origin":11829,"position":3},"title":"La parola del giorno \u00e8: &#8220;topofago&#8221;","author":"Rufus","date":"16\/03\/2016","format":false,"excerpt":"Ho terminato i due corsi di teoria del gioco su Coursera di cui vi avevo parlato e mi sono iscritto per sbaglio a un nuovo corso di storia medievale, sulla concezione dello spazio nella cultura vichinga e nelle saghe. Roba tosta: c'\u00e8 chi si fa con la colla e chi\u2026","rel":"","context":"In &quot;Coordinate&quot;","block_context":{"text":"Coordinate","link":"http:\/\/www.robertosedda.it\/?cat=52"},"img":{"alt_text":"","src":"https:\/\/i0.wp.com\/www.robertosedda.it\/wp-content\/uploads\/2016\/03\/Mappa-medievale.png?fit=1200%2C750&resize=350%2C200","width":350,"height":200,"srcset":"https:\/\/i0.wp.com\/www.robertosedda.it\/wp-content\/uploads\/2016\/03\/Mappa-medievale.png?fit=1200%2C750&resize=350%2C200 1x, https:\/\/i0.wp.com\/www.robertosedda.it\/wp-content\/uploads\/2016\/03\/Mappa-medievale.png?fit=1200%2C750&resize=700%2C400 2x, https:\/\/i0.wp.com\/www.robertosedda.it\/wp-content\/uploads\/2016\/03\/Mappa-medievale.png?fit=1200%2C750&resize=1050%2C600 3x"},"classes":[]},{"id":13787,"url":"http:\/\/www.robertosedda.it\/?p=13787","url_meta":{"origin":11829,"position":4},"title":"Complessit\u00e0","author":"Rufus","date":"29\/05\/2017","format":false,"excerpt":"La lunga discussione sui vaccini che si \u00e8 sviluppata nel fine settimana sulla mia bacheca Facebook mi ha fatto tornare in mente un aneddoto. Lo chiameremo: La pernice artica e il falco delle nevi La storia \u00e8 questa. La pernice artica \u00e8 a rischio. Per preservarla si decide una campagna\u2026","rel":"","context":"In &quot;Antropologia&quot;","block_context":{"text":"Antropologia","link":"http:\/\/www.robertosedda.it\/?cat=97"},"img":{"alt_text":"","src":"https:\/\/i0.wp.com\/www.robertosedda.it\/wp-content\/uploads\/2017\/05\/Girfalco.jpg?fit=900%2C595&resize=350%2C200","width":350,"height":200,"srcset":"https:\/\/i0.wp.com\/www.robertosedda.it\/wp-content\/uploads\/2017\/05\/Girfalco.jpg?fit=900%2C595&resize=350%2C200 1x, https:\/\/i0.wp.com\/www.robertosedda.it\/wp-content\/uploads\/2017\/05\/Girfalco.jpg?fit=900%2C595&resize=700%2C400 2x"},"classes":[]},{"id":10998,"url":"http:\/\/www.robertosedda.it\/?p=10998","url_meta":{"origin":11829,"position":5},"title":"Piccole cose preziose","author":"Rufus","date":"12\/10\/2015","format":false,"excerpt":"Nel magnifico gruppo\u00a0Facebook che raduna i reduci di it.arti.cinema stamattina \u00e8 passata\u00a0questa foto: Si tratta, come si capisce dalla differenza di caratteri e di lingua utilizzata fra diverse parti della pagina, di un fotogramma tratto da un film, uno di quei casi nei quali si fa vedere allo spettatore straniero\u2026","rel":"","context":"In &quot;Coordinate&quot;","block_context":{"text":"Coordinate","link":"http:\/\/www.robertosedda.it\/?cat=52"},"img":{"alt_text":"","src":"https:\/\/i0.wp.com\/www.robertosedda.it\/wp-content\/uploads\/2015\/10\/Giornale-Scarface.jpg?fit=1024%2C768&resize=350%2C200","width":350,"height":200,"srcset":"https:\/\/i0.wp.com\/www.robertosedda.it\/wp-content\/uploads\/2015\/10\/Giornale-Scarface.jpg?fit=1024%2C768&resize=350%2C200 1x, https:\/\/i0.wp.com\/www.robertosedda.it\/wp-content\/uploads\/2015\/10\/Giornale-Scarface.jpg?fit=1024%2C768&resize=700%2C400 2x"},"classes":[]}],"_links":{"self":[{"href":"http:\/\/www.robertosedda.it\/index.php?rest_route=\/wp\/v2\/posts\/11829"}],"collection":[{"href":"http:\/\/www.robertosedda.it\/index.php?rest_route=\/wp\/v2\/posts"}],"about":[{"href":"http:\/\/www.robertosedda.it\/index.php?rest_route=\/wp\/v2\/types\/post"}],"author":[{"embeddable":true,"href":"http:\/\/www.robertosedda.it\/index.php?rest_route=\/wp\/v2\/users\/1"}],"replies":[{"embeddable":true,"href":"http:\/\/www.robertosedda.it\/index.php?rest_route=%2Fwp%2Fv2%2Fcomments&post=11829"}],"version-history":[{"count":7,"href":"http:\/\/www.robertosedda.it\/index.php?rest_route=\/wp\/v2\/posts\/11829\/revisions"}],"predecessor-version":[{"id":15405,"href":"http:\/\/www.robertosedda.it\/index.php?rest_route=\/wp\/v2\/posts\/11829\/revisions\/15405"}],"wp:featuredmedia":[{"embeddable":true,"href":"http:\/\/www.robertosedda.it\/index.php?rest_route=\/wp\/v2\/media\/11831"}],"wp:attachment":[{"href":"http:\/\/www.robertosedda.it\/index.php?rest_route=%2Fwp%2Fv2%2Fmedia&parent=11829"}],"wp:term":[{"taxonomy":"category","embeddable":true,"href":"http:\/\/www.robertosedda.it\/index.php?rest_route=%2Fwp%2Fv2%2Fcategories&post=11829"},{"taxonomy":"post_tag","embeddable":true,"href":"http:\/\/www.robertosedda.it\/index.php?rest_route=%2Fwp%2Fv2%2Ftags&post=11829"}],"curies":[{"name":"wp","href":"https:\/\/api.w.org\/{rel}","templated":true}]}}