{"id":11827,"date":"2016-04-14T10:03:28","date_gmt":"2016-04-14T08:03:28","guid":{"rendered":"http:\/\/www.robertosedda.it\/?p=11827"},"modified":"2016-04-18T19:27:03","modified_gmt":"2016-04-18T17:27:03","slug":"il-referendum-in-pillole","status":"publish","type":"post","link":"http:\/\/www.robertosedda.it\/?p=11827","title":{"rendered":"Il referendum, in pillole"},"content":{"rendered":"<h4>La questione \u00e8: concessioni <strong>in deroga alla norma<\/strong>\u00a0a tempo indeterminato s\u00ec, concessioni <strong>in deroga alla norma<\/strong>\u00a0a tempo indeterminato no.<\/h4>\n<h3><img data-attachment-id=\"11839\" data-permalink=\"http:\/\/www.robertosedda.it\/?attachment_id=11839\" data-orig-file=\"https:\/\/i0.wp.com\/www.robertosedda.it\/wp-content\/uploads\/2016\/04\/Oil-leaks.jpg?fit=750%2C480\" data-orig-size=\"750,480\" data-comments-opened=\"1\" data-image-meta=\"{&quot;aperture&quot;:&quot;0&quot;,&quot;credit&quot;:&quot;&quot;,&quot;camera&quot;:&quot;&quot;,&quot;caption&quot;:&quot;&quot;,&quot;created_timestamp&quot;:&quot;0&quot;,&quot;copyright&quot;:&quot;&quot;,&quot;focal_length&quot;:&quot;0&quot;,&quot;iso&quot;:&quot;0&quot;,&quot;shutter_speed&quot;:&quot;0&quot;,&quot;title&quot;:&quot;&quot;,&quot;orientation&quot;:&quot;0&quot;}\" data-image-title=\"Oil leaks\" data-image-description=\"\" data-image-caption=\"\" data-medium-file=\"https:\/\/i0.wp.com\/www.robertosedda.it\/wp-content\/uploads\/2016\/04\/Oil-leaks.jpg?fit=300%2C192\" data-large-file=\"https:\/\/i0.wp.com\/www.robertosedda.it\/wp-content\/uploads\/2016\/04\/Oil-leaks.jpg?fit=510%2C326\" decoding=\"async\" loading=\"lazy\" class=\"aligncenter size-full wp-image-11839\" src=\"https:\/\/i0.wp.com\/www.robertosedda.it\/wp-content\/uploads\/2016\/04\/Oil-leaks.jpg?resize=750%2C480\" alt=\"Oil leaks\" width=\"750\" height=\"480\" srcset=\"https:\/\/i0.wp.com\/www.robertosedda.it\/wp-content\/uploads\/2016\/04\/Oil-leaks.jpg?w=750 750w, https:\/\/i0.wp.com\/www.robertosedda.it\/wp-content\/uploads\/2016\/04\/Oil-leaks.jpg?resize=150%2C96 150w, https:\/\/i0.wp.com\/www.robertosedda.it\/wp-content\/uploads\/2016\/04\/Oil-leaks.jpg?resize=300%2C192 300w, https:\/\/i0.wp.com\/www.robertosedda.it\/wp-content\/uploads\/2016\/04\/Oil-leaks.jpg?resize=510%2C326 510w, https:\/\/i0.wp.com\/www.robertosedda.it\/wp-content\/uploads\/2016\/04\/Oil-leaks.jpg?resize=700%2C448 700w\" sizes=\"(max-width: 750px) 100vw, 750px\" data-recalc-dims=\"1\" \/>di Jessica Concas<\/h3>\n<p>Orbene, penso che sia arrivato il momento di esprimere la mia opinione sul Referendum del prossimo 17 aprile. Ho letto cose inquietanti e francamente stupefacenti: persone che sostengono che votare s\u00ec comprometterebbe l&#8217;economia nazionale (manco fossimo il Texas) e dall&#8217;altra parte, la penosa campagna &#8220;Trivella tua sorella&#8221;, un autogol di quelli clamorosi.<\/p>\n<p>Premetto che non sar\u00f2 breve e che sar\u00f2 giurista pi\u00f9 che ambientalista. Cercher\u00f2 di essere pi\u00f9 chiara possibile nell&#8217;esporre le mie opinioni, partendo dal testo di legge (quello precedente e quello successivo alla modifica), perch\u00e9 credo che sia bene andare a votare sapendo di cosa parliamo e capire se, ad esempio, la modifica sulla quale andremo ad esprimerci sia o no coerente con il resto della norma (se la parola coerenza vi fa paura, potete interrompere qui la lettura e grazie per l&#8217;attenzione).<\/p>\n<h4>Prima questione: trivelle s\u00ec o trivelle no.<\/h4>\n<p>\u00c8\u00a0questo il quesito? No, non lo \u00e8, e se pensate che lo sia, fate un bel respiro e resettate tutto. La questione \u00e8: concessioni <strong>in deroga alla norma<\/strong>\u00a0a tempo indeterminato s\u00ec, concessioni <strong>in deroga alla norma<\/strong>\u00a0a tempo indeterminato no.<\/p>\n<p>Converrete con me che il senso sembra cambiare. Non so voi, ma a me le deroghe alle norme a tempo indeterminato non sono mai piaciute. Il senso \u00e8: da oggi una cosa \u00e8 vietata (vedremo tra poco per quali ragioni) ma a te, che sei gi\u00e0 in ballo concedo di essere esente dal divieto. Per quanto tempo? Per un po&#8217; (il tempo di organizzarti e adeguarti alla nuova norma, come si fa di solito), oppure per sempre.<\/p>\n<p>Facciamo un esempio di quelli un po&#8217; terrificanti: si scopre che un determinato farmaco ha effetti collaterali peggiori della malattia che cura. Ne vieto il commercio (giustamente) e poi prevedo una deroga: siccome tu, azienda farmaceutica ne hai gi\u00e0 prodotto X\u00a0milioni di scatole, ti consento di immetterle sul mercato e smaltirle diciamo per 3 o 4 mesi (concessione in deroga a tempo determinato) oppure, siccome hai investito in macchinari e ricerca per la produzione ti consento di produrla finch\u00e9 non dovrai buttare via i macchinari e avrai ammortizzato i costi di ricerca (concessione in deroga a tempo indeterminato). Probabilmente la reazione di tutti sarebbe (giustamente) se fa male bisogna ritirarla subito dal mercato, in culo all&#8217;azienda farmaceutica e magari anche ai lavoratori che lavorano nella produzione di quel farmaco (cazzo ci sono in gioco vite umane).<\/p>\n<p>Chiarita la questione concessioni, andiamo a vedere che cosa dice l&#8217;art. 6 comma 17 D.lgs 152\/2006 (la norma su cui andremo a votare).<\/p>\n<p>Domanda, quanti di voi si sono presi il disturbo di andarla a leggere, di capire come \u00e8 cambiata e cosa comporta, prima di pontificare? Non lo avete fatto? Facciamolo, dunque, insieme.<\/p>\n<p>Testo prima della modifica (vigente fino all&#8217;altro ieri, signori eh):<\/p>\n<blockquote><p>Ai fini di tutela dell&#8217;ambiente e dell&#8217;ecosistema, all&#8217;interno del perimetro delle aree marine e costriere a qualsiasi titolo protette per scopi di tutela ambientale, in virt\u00f9 di leggi nazionali, regionali o in attuazione di atti e convenzioni dell&#8217;Unione Europea e internazionali, sono vietate le attivit\u00e0 di ricerca, di prospezione nonch\u00e9 di coltivazione di idrocarburi liquidi e gassosi in mare , di cui agli articoli 4, 6 e 9 della legge 9 gennaio 1991, n. 9. Il divieto \u00e8 altres\u00ec stabilito nelle zone di mare poste entro dodici miglia dalle linee di costa lungo l&#8217;intero perimetro costiero nazionale e dal perimetro esterno delle suddette aree marine e costiere protette,\u00a0<strong><em>fatti salvi i procedimenti concessori di cui agli articoli 4, 6, e 9 della legge n. 9 del 1991 in corso alla data di entrata in vigore del decreto legislativo 29 giugno 2010, n. 128, ed i procedimenti autorizzatori e concessori conseguenti e connessi , nonch\u00e9 l&#8217;efficacia dei titoli abilitativi gi\u00e0\u00a0rilasciati alla medesima data, anche ai fini della esecuzione delle attivit\u00e0 di ricerca, sviluppo e coltivazione da autorizzare nell&#8217;ambito dei titoli stessi, delle eventuali relative proroghe e dei procedimenti autorizzatori e concessori conseguenti e connessi<\/em><\/strong>.<\/p><\/blockquote>\n<p>In grassetto\u00a0ho messo per comodit\u00e0, rendendomi conto che non \u00e8 semplice avere a che fare con le leggi, la parte che \u00e8 stata modificata dalla legge di stabilit\u00e0. Non ripeto tutta la prima parte che \u00e8 rimasta invariata. La modifica sostituisce la parte in grassetto\u00a0con la seguente frasetta:<\/p>\n<blockquote><p><strong>I titoli abilitativi sono fatti salvi per la durata di vita utile del giacimento , nel rispetto degli standard di sicurezza e di salvaguardia ambientale.<\/strong><\/p><\/blockquote>\n<p>Molto bene. Questa la modifica su cui andremo ad esprimerci. Ci piaceva di pi\u00f9 prima, o ci piace di pi\u00f9 adesso?<\/p>\n<p>Partiamo dalla cosiddetta ratio della norma che vieta le attivit\u00e0 di ricerca, sviluppo e coltivazione entro le dodici miglia marine. Perch\u00e9 si \u00e8 ritenuto di porre un tale divieto? Lo dicono le prime parole del comma 17: \u00abAi fini di tutela dell&#8217;ambiente e dell&#8217;ecosistema\u00bb.<\/p>\n<p>Primo punto fermo: quelle attivit\u00e0 entro le dodici miglia marine sono contrarie alla tutela dell&#8217;ambiente e dell&#8217;ecosistema. Allora tutti quelli che dicono che queste attivit\u00e0 non sono contrarie alla tutela dell&#8217;ambiente, avrebbero dovuto chiedere loro stesse l&#8217;abrogazione di tutto il comma 17 (<em>ommioddio!!!<\/em>). Poich\u00e9 non mi risulta che sia stato fatto, significa che siamo tutti d&#8217;accordo sul fatto che era necessario un divieto a tutela dell&#8217;ambiente. Fine della storia. Punto e a capo.<\/p>\n<h4>Parliamo ora delle deroghe.<\/h4>\n<p>Il vecchio testo diceva: ok ci sono aziende che hanno investito e che hanno gi\u00e0 in mano autorizzazioni e concessioni (la prospettiva sensata di investimento non poteva andare oltre la durata delle concessioni, su questo potrete convenire, poich\u00e9 tali concessioni hanno sempre avuto durata limitata nel tempo, seppur non breve). Per loro concediamo una deroga. Fino alla fine della concessione lavora pure, ma poi rientri nel divieto e ti togli dai piedi.<\/p>\n<p>Il nuovo testo dice: ho messo un divieto (sempre a tutela dell&#8217;ambiente e dell&#8217;ecosistema), ma tu che hai un&#8217;autorizzazione a tempo determinato puoi continuare a violare il divieto, e ti dir\u00f2 di pi\u00f9, non fino alla fine della concessione, il cui tempo determinato ti era noto, ma fino a quando ti verr\u00e0 comodo, per sempre, fino al prosciugamento del giacimento.<\/p>\n<p>Dunque: se una cosa \u00e8 vietata \u00e8 vietata. Gi\u00e0 la deroga fino a scadenza della concessione (visto l&#8217;interesse in gioco), \u00e8 un favore non da poco. Ora ditemi perch\u00e9 secondo voi \u00e8 sensato concedere a qualcuno (solo perch\u00e9 ha gi\u00e0 cominciato) di violare la legge per sempre. Tanto varrebbe consentire di farlo anche a quelli che non hanno ancora concessioni. Quindi o il vostro no \u00e8 estremamente disinformato, oppure, per coerenza dovreste continuare a prendere il farmaco di cui si scoprono effetti dannosi alla salute superiori ai beneficio\u00a0per il mal di testa.<\/p>\n<p>Potrei dire molte altre cose, se volete meno tecniche, per le quali il mio sar\u00e0 un <strong><em>si<\/em><\/strong>\u00a0convinto (potrei parlare di investimenti sulle fonti rinnovabili, di dati del <em>Ministero dello Sviluppo economico<\/em>, dell&#8217;irrilevanza per la nostra economia dell&#8217;attivit\u00e0 estrattiva) ma mi sarebbe pi\u00f9 difficile argomentarla. Quindi argomento sul campo su cui sono capace a farlo: la lettura delle norme (cosa che peraltro competerebbe ad ogni cittadino, visto che a tutti piace dire che la legge non ammette ignoranza).<\/p>\n<p>Quindi prima di ragionare su quanto \u00e8 figo estrarre gas o petrolio, leggete la norma, scoprite che il divieto non sar\u00e0 abrogato se vincono i <em>no<\/em>.<\/p>\n<p>Ah ecco, se pensate che tutto ci\u00f2 sia benefico per l&#8217;ambiente, signori, cominciate a raccogliere le firme per abrogare il comma 17: liberalizziamo le attivit\u00e0 estrattive sottocosta.<\/p>\n<p>Ci\u00f2 detto, se hai letto le norme e le hai capite, il 17 aprile vota <strong><em>SI<\/em><\/strong>.<\/p>\n","protected":false},"excerpt":{"rendered":"<p>La questione \u00e8: concessioni in deroga alla norma\u00a0a tempo indeterminato s\u00ec, concessioni in deroga alla norma\u00a0a tempo indeterminato no. di<\/p>\n","protected":false},"author":1,"featured_media":11839,"comment_status":"open","ping_status":"open","sticky":false,"template":"","format":"standard","meta":{"_mi_skip_tracking":false,"_monsterinsights_sitenote_active":false,"_monsterinsights_sitenote_note":"","_monsterinsights_sitenote_category":0,"jetpack_post_was_ever_published":false,"_jetpack_newsletter_access":"","jetpack_publicize_message":"","jetpack_is_tweetstorm":false,"jetpack_publicize_feature_enabled":true,"jetpack_social_post_already_shared":true,"jetpack_social_options":{"image_generator_settings":{"template":"highway","enabled":false}}},"categories":[52,55,77,17,16],"tags":[],"jetpack_publicize_connections":[],"jetpack_featured_media_url":"https:\/\/i0.wp.com\/www.robertosedda.it\/wp-content\/uploads\/2016\/04\/Oil-leaks.jpg?fit=750%2C480","jetpack_sharing_enabled":true,"jetpack_shortlink":"https:\/\/wp.me\/p4jV2T-34L","jetpack_likes_enabled":true,"jetpack-related-posts":[{"id":12621,"url":"http:\/\/www.robertosedda.it\/?p=12621","url_meta":{"origin":11827,"position":0},"title":"Una donna. Per chiarire","author":"Rufus","date":"03\/10\/2016","format":false,"excerpt":"Non ho visto\u00a0il dibattito di venerd\u00ec fra Renzi e Zagrebelasky sulla riforma costituzionale e il referendum, quindi mi baso su quel che mi hanno raccontato e che ho letto in giro. Ho visto\u00a0che si dice che Renzi ha interrotto Zagrebelsky molte volte, preferendo un registro comunicativo aggressivo, immediato, che lascia\u2026","rel":"","context":"In &quot;Coordinate&quot;","block_context":{"text":"Coordinate","link":"http:\/\/www.robertosedda.it\/?cat=52"},"img":{"alt_text":"","src":"https:\/\/i0.wp.com\/www.robertosedda.it\/wp-content\/uploads\/2016\/10\/Renzi-Zagreblesky.jpg?fit=800%2C400&resize=350%2C200","width":350,"height":200,"srcset":"https:\/\/i0.wp.com\/www.robertosedda.it\/wp-content\/uploads\/2016\/10\/Renzi-Zagreblesky.jpg?fit=800%2C400&resize=350%2C200 1x, https:\/\/i0.wp.com\/www.robertosedda.it\/wp-content\/uploads\/2016\/10\/Renzi-Zagreblesky.jpg?fit=800%2C400&resize=700%2C400 2x"},"classes":[]},{"id":11014,"url":"http:\/\/www.robertosedda.it\/?p=11014","url_meta":{"origin":11827,"position":1},"title":"Vediamoci a Iglesias","author":"Rufus","date":"14\/10\/2015","format":"image","excerpt":"Sabato sono a Iglesias per prendere parte a una tavola rotonda, come vedete qui sotto. Non so bene quanti dei miei contatti o lettori siano della zona del Sulcis-Iglesiente, ma se qualcuno volesse\u00a0venire a sentire e a discutere ne sar\u00f2 molto contento.","rel":"","context":"In &quot;Banche e finanza&quot;","block_context":{"text":"Banche e finanza","link":"http:\/\/www.robertosedda.it\/?cat=72"},"img":{"alt_text":"","src":"https:\/\/i0.wp.com\/www.robertosedda.it\/wp-content\/uploads\/2015\/10\/Carovana-dignit\u00e0-lavoro.jpg?fit=678%2C960&resize=350%2C200","width":350,"height":200},"classes":[]},{"id":2294,"url":"http:\/\/www.robertosedda.it\/?p=2294","url_meta":{"origin":11827,"position":2},"title":"Io non voto (storia triste)","author":"Rufus","date":"21\/02\/2013","format":false,"excerpt":"L'altro giorno ero alla fermata dell'autobus. Seduti sulla panchina, due signori anziani discutevano. Cio\u00e8: uno parlava, l'altro ascoltava. In sardo, ma ve lo traduco (anche perch\u00e9 non sono sicuro dell'ortografia). \u00abIo non voto. Tutti ladroni, devo votare a loro? Ladroni. Mia moglie \u00e8 morta un anno fa\u00bb. Effettivamente non colgo\u2026","rel":"","context":"In &quot;Coordinate&quot;","block_context":{"text":"Coordinate","link":"http:\/\/www.robertosedda.it\/?cat=52"},"img":{"alt_text":"","src":"","width":0,"height":0},"classes":[]},{"id":1339,"url":"http:\/\/www.robertosedda.it\/?p=1339","url_meta":{"origin":11827,"position":3},"title":"Ci vediamo nel week end","author":"Rufus","date":"15\/11\/2012","format":false,"excerpt":"Come vedete dalla locandina qui sotto il prossimo fine settimana c'\u00e8 il festival di Scirarindi. Sar\u00f2 l\u00ec, con i soci di Banca Etica della Sardegna, nel nostro stand (cercateci vicino alle foto della mostra di Letizia Battaglia) credo per tutto il fine settimana, tranne brevi pause per la Messa, andare\u2026","rel":"","context":"In &quot;Banche e finanza&quot;","block_context":{"text":"Banche e finanza","link":"http:\/\/www.robertosedda.it\/?cat=72"},"img":{"alt_text":"","src":"https:\/\/i0.wp.com\/www.robertosedda.it\/wp-content\/uploads\/2012\/11\/persito_preview.jpg?fit=320%2C454&resize=350%2C200","width":350,"height":200},"classes":[]},{"id":6513,"url":"http:\/\/www.robertosedda.it\/?p=6513","url_meta":{"origin":11827,"position":4},"title":"Cappellacci\/Berlusconi hanno perso. La Sardegna ancora non ha vinto. Un articolo di Salvatore Cubeddu","author":"Rufus","date":"19\/02\/2014","format":false,"excerpt":"Con la fine delle elezioni i blogger del luned\u00ec devono avere ripreso le riunioni, perch\u00e9 vedo comparire sui siti amici l'articolo che segue (devo dire la verit\u00e0, non me l'hanno mandato: ahi! che offesa, mi coraz\u00f2n). L'autore \u00e8 Salvatore Cubeddu e, come sempre, corredo l'articolo con una sua foto. Se\u2026","rel":"","context":"In &quot;Coordinate&quot;","block_context":{"text":"Coordinate","link":"http:\/\/www.robertosedda.it\/?cat=52"},"img":{"alt_text":"","src":"https:\/\/i0.wp.com\/www.robertosedda.it\/wp-content\/uploads\/2013\/12\/Salvatore-Cubeddu.jpg?fit=500%2C374&resize=350%2C200","width":350,"height":200},"classes":[]},{"id":4407,"url":"http:\/\/www.robertosedda.it\/?p=4407","url_meta":{"origin":11827,"position":5},"title":"Non ho pi\u00f9 tempo","author":"Rufus","date":"05\/09\/2013","format":false,"excerpt":"Io sono nato nel 1964. Ricordo benissimo che quando avevo dieci anni, ero in quinta elementare\u00a0e non capivo niente, un pomeriggio entrai in cucina. Mia mamma stava dando da mangiare a uno dei passerotti caduti dal nido che avevamo salvato. Aveva una faccia agghiacciata e mi disse: \u00abSai che a\u2026","rel":"","context":"In &quot;Coordinate&quot;","block_context":{"text":"Coordinate","link":"http:\/\/www.robertosedda.it\/?cat=52"},"img":{"alt_text":"","src":"https:\/\/i0.wp.com\/www.robertosedda.it\/wp-content\/uploads\/2013\/07\/Scacchi2.jpg?fit=720%2C476&resize=350%2C200","width":350,"height":200,"srcset":"https:\/\/i0.wp.com\/www.robertosedda.it\/wp-content\/uploads\/2013\/07\/Scacchi2.jpg?fit=720%2C476&resize=350%2C200 1x, https:\/\/i0.wp.com\/www.robertosedda.it\/wp-content\/uploads\/2013\/07\/Scacchi2.jpg?fit=720%2C476&resize=700%2C400 2x"},"classes":[]}],"_links":{"self":[{"href":"http:\/\/www.robertosedda.it\/index.php?rest_route=\/wp\/v2\/posts\/11827"}],"collection":[{"href":"http:\/\/www.robertosedda.it\/index.php?rest_route=\/wp\/v2\/posts"}],"about":[{"href":"http:\/\/www.robertosedda.it\/index.php?rest_route=\/wp\/v2\/types\/post"}],"author":[{"embeddable":true,"href":"http:\/\/www.robertosedda.it\/index.php?rest_route=\/wp\/v2\/users\/1"}],"replies":[{"embeddable":true,"href":"http:\/\/www.robertosedda.it\/index.php?rest_route=%2Fwp%2Fv2%2Fcomments&post=11827"}],"version-history":[{"count":2,"href":"http:\/\/www.robertosedda.it\/index.php?rest_route=\/wp\/v2\/posts\/11827\/revisions"}],"predecessor-version":[{"id":11840,"href":"http:\/\/www.robertosedda.it\/index.php?rest_route=\/wp\/v2\/posts\/11827\/revisions\/11840"}],"wp:featuredmedia":[{"embeddable":true,"href":"http:\/\/www.robertosedda.it\/index.php?rest_route=\/wp\/v2\/media\/11839"}],"wp:attachment":[{"href":"http:\/\/www.robertosedda.it\/index.php?rest_route=%2Fwp%2Fv2%2Fmedia&parent=11827"}],"wp:term":[{"taxonomy":"category","embeddable":true,"href":"http:\/\/www.robertosedda.it\/index.php?rest_route=%2Fwp%2Fv2%2Fcategories&post=11827"},{"taxonomy":"post_tag","embeddable":true,"href":"http:\/\/www.robertosedda.it\/index.php?rest_route=%2Fwp%2Fv2%2Ftags&post=11827"}],"curies":[{"name":"wp","href":"https:\/\/api.w.org\/{rel}","templated":true}]}}