{"id":1172,"date":"2012-10-27T16:16:14","date_gmt":"2012-10-27T14:16:14","guid":{"rendered":"http:\/\/www.robertosedda.it\/?p=1172"},"modified":"2020-09-09T17:51:02","modified_gmt":"2020-09-09T15:51:02","slug":"1172","status":"publish","type":"post","link":"http:\/\/www.robertosedda.it\/?p=1172","title":{"rendered":"Cate che avr\u00e0 vent&#8217;anni nel 2020"},"content":{"rendered":"\n<h2>Bellas mariposas (Salvatore Mereu, 2012)<\/h2>\n\n\n\n<p>Caterina ha dodici anni e vive in una famiglia disfunzionale, in un condominio disfunzionale abitato da altre famiglie disfunzionali, in un quartiere disfunzionale, periferia di una citt\u00e0 bellissima che fa finta che quel quartiere &#8211; e i suoi abitanti &#8211; non esista.<\/p>\n\n\n\n<div class=\"wp-block-image\"><figure class=\"alignleft\"><a href=\"https:\/\/i0.wp.com\/www.robertosedda.it\/wp-content\/uploads\/2012\/10\/bellasmari.jpg_415368877.jpg\"><img data-attachment-id=\"1173\" data-permalink=\"http:\/\/www.robertosedda.it\/?attachment_id=1173\" data-orig-file=\"https:\/\/i0.wp.com\/www.robertosedda.it\/wp-content\/uploads\/2012\/10\/bellasmari.jpg_415368877.jpg?fit=436%2C230\" data-orig-size=\"436,230\" data-comments-opened=\"1\" data-image-meta=\"{&quot;aperture&quot;:&quot;0&quot;,&quot;credit&quot;:&quot;&quot;,&quot;camera&quot;:&quot;&quot;,&quot;caption&quot;:&quot;&quot;,&quot;created_timestamp&quot;:&quot;0&quot;,&quot;copyright&quot;:&quot;&quot;,&quot;focal_length&quot;:&quot;0&quot;,&quot;iso&quot;:&quot;0&quot;,&quot;shutter_speed&quot;:&quot;0&quot;,&quot;title&quot;:&quot;&quot;}\" data-image-title=\"bellasmari.jpg_415368877\" data-image-description=\"\" data-image-caption=\"\" data-medium-file=\"https:\/\/i0.wp.com\/www.robertosedda.it\/wp-content\/uploads\/2012\/10\/bellasmari.jpg_415368877.jpg?fit=300%2C158\" data-large-file=\"https:\/\/i0.wp.com\/www.robertosedda.it\/wp-content\/uploads\/2012\/10\/bellasmari.jpg_415368877.jpg?fit=436%2C230\" decoding=\"async\" loading=\"lazy\" width=\"436\" height=\"230\" src=\"https:\/\/i0.wp.com\/www.robertosedda.it\/wp-content\/uploads\/2012\/10\/bellasmari.jpg_415368877.jpg?resize=436%2C230\" alt=\"\" class=\"wp-image-1173\" title=\"bellasmari.jpg_415368877\" srcset=\"https:\/\/i0.wp.com\/www.robertosedda.it\/wp-content\/uploads\/2012\/10\/bellasmari.jpg_415368877.jpg?w=436 436w, https:\/\/i0.wp.com\/www.robertosedda.it\/wp-content\/uploads\/2012\/10\/bellasmari.jpg_415368877.jpg?resize=300%2C158 300w\" sizes=\"(max-width: 436px) 100vw, 436px\" data-recalc-dims=\"1\" \/><\/a><\/figure><\/div>\n\n\n\n<p>Quando dico <em>disfunzionale<\/em>, uso un eufemismo: vorrei che chi non ha letto il racconto di Atzeni da cui \u00e8 tratto il <em>film<\/em> (gli altri sanno di cosa parlo) capisse che il livello di disperazione individuale in cui sono gettate le vite di Caterina e di tutti quelli che la ragazzina conosce sono di gran lunga superiori a quelli di una <em>Gomorra<\/em> qualunque<em>, <\/em>ammesso che fare graduatorie del genere abbia senso: Caterina e il suo quartiere vivono nell&#8217;abiezione. Come \u00e8 abbietta la storia di fondo: il fratello maggiore di Caterina, Tonio, vuole ammazzare il suo fidanzatino, Gigi, per ripicca verso l&#8217;irraggiungibile madre di questo. In una lunga giornata, un 3 di agosto, Caterina deve decidere se avvisare e salvare Gigi, ma molte cose si frapporranno in mezzo.<\/p>\n\n\n\n<div class=\"wp-block-image\"><figure class=\"alignright\"><a href=\"https:\/\/i0.wp.com\/www.robertosedda.it\/wp-content\/uploads\/2012\/10\/copj170.asp_.jpeg\"><img data-attachment-id=\"1174\" data-permalink=\"http:\/\/www.robertosedda.it\/?attachment_id=1174\" data-orig-file=\"https:\/\/i0.wp.com\/www.robertosedda.it\/wp-content\/uploads\/2012\/10\/copj170.asp_.jpeg?fit=170%2C235\" data-orig-size=\"170,235\" data-comments-opened=\"1\" data-image-meta=\"{&quot;aperture&quot;:&quot;0&quot;,&quot;credit&quot;:&quot;&quot;,&quot;camera&quot;:&quot;&quot;,&quot;caption&quot;:&quot;&quot;,&quot;created_timestamp&quot;:&quot;0&quot;,&quot;copyright&quot;:&quot;&quot;,&quot;focal_length&quot;:&quot;0&quot;,&quot;iso&quot;:&quot;0&quot;,&quot;shutter_speed&quot;:&quot;0&quot;,&quot;title&quot;:&quot;&quot;}\" data-image-title=\"copj170.asp\" data-image-description=\"\" data-image-caption=\"\" data-medium-file=\"https:\/\/i0.wp.com\/www.robertosedda.it\/wp-content\/uploads\/2012\/10\/copj170.asp_.jpeg?fit=170%2C235\" data-large-file=\"https:\/\/i0.wp.com\/www.robertosedda.it\/wp-content\/uploads\/2012\/10\/copj170.asp_.jpeg?fit=170%2C235\" decoding=\"async\" loading=\"lazy\" width=\"170\" height=\"235\" src=\"https:\/\/i0.wp.com\/www.robertosedda.it\/wp-content\/uploads\/2012\/10\/copj170.asp_.jpeg?resize=170%2C235\" alt=\"\" class=\"wp-image-1174\" title=\"copj170.asp\" data-recalc-dims=\"1\"\/><\/a><\/figure><\/div>\n\n\n\n<p>Se l&#8217;avesse girato il Marco Risi di <em>Mery per sempre<\/em> (e soprattutto di <em>Ragazzi fuori<\/em>) <em>Bellas mariposas<\/em> sarebbe stato un pugno nello stomaco intollerabile. Fedele all&#8217;impostazione data dalla scrittura di Atzeni invece Mereu confeziona un racconto che riesce nell&#8217;impresa apparentemente impossibile di essere contemporaneamente realistico e trasognato, crudissimo eppure spensierato. Lo fa, ancora una volta rispettando il racconto di Atzeni, scegliendo integralmente il punto di vista di una preadolescente che ha gi\u00e0 scoperto tutto della vita &#8211; in quel quartiere non potrebbe essere altrimenti &#8211; ma che \u00e8 ancora del tutto innocente.<\/p>\n\n\n\n<p>La scelta di un punto di vista simile richiede qualche acrobazia e qualche sacrificio da parte di Mereu: il monologo di Caterina, che sulla pagina era perfetto, \u00e8 reso con la violazione continua della <a href=\"http:\/\/it.wikipedia.org\/wiki\/Quarta_parete\">quarta parete<\/a>, l&#8217;uso di Caterina stessa come voce narrante e il dialogo diretto col pubblico. Il tutto arranca un pochino &#8211; anche a livello di recitazione &#8211; nella prima parte, che serve a mettere in scena i personaggi e a delineare la personalit\u00e0 di Caterina, mentre diventa molto pi\u00f9 fluido man mano che la giornata si dipana e gli avvenimenti si susseguono: giova &#8211; anche qui anche a livello di recitazione &#8211; l&#8217;entrata in scena di Luna, la migliore amica di Caterina.<\/p>\n\n\n\n<p>Un punto di vantaggio che Mereu segna rispetto alla storia originale di Atzeni (me la sono riletta stanotte per controllare) \u00e8 nella concatenazione <em>perfetta<\/em> degli eventi che conducono a caduta verso lo scioglimento finale, un ottimo risultato di sceneggiatura e di regia.<\/p>\n\n\n\n<p>Di nuovo, per\u00f2, in questa gara immaginaria fra regista e autore, il <em>film<\/em> tende un pochino ad arrancare nel finale, laddove il realismo magico dell&#8217;arrivo di Aleni la <em>coga<\/em>, cio\u00e8 Elena la strega, funziona molto meglio sulla pagina che sullo schermo: e la conclusione delle storie che la magia di Aleni annoda, cuce o separa, per quanto soddisfacente, sembra un po&#8217; irrisolta (anche se il finale \u00e8 di nuovo<em> perfetto<\/em>).<\/p>\n\n\n\n<p>Mereu mostra gran capacit\u00e0 nel dirigere gli attori e nel piazzare la macchina da presa. Bravissime le ragazzine, soprattutto quando possono essere se stesse e non sono costrette dentro la gabbia del dialogo col pubblico, che fa risaltare il fatto che sono, dopotutto, delle dilettanti. E fantastico e scelto meravigliosamente \u00e8 l&#8217;ampio <em>cast<\/em> di caratteristi, per la maggior parte presi dalla strada. Cagliari \u00e8 ripresa, credo intenzionalmente, come un dato di fatto e senza nessuna oleografia, e nonostante questo \u00e8 bellissima, e non poteva essere altrimenti. In contrasto Santa Lamenera &#8211; il <em>film<\/em> come il racconto nomina con esattezza tutti i luoghi di Cagliari ma maschera il quartiere, fino al punto di cambiare i numeri delle linee degli <em>autobus<\/em>, e io mi adeguo &#8211; \u00e8 per contrasto desolante come \u00e8 giusto, anche qui senza compiacimenti, e con degli squarci magnifici verso il mare che fanno eco alle speranze di Caterina: forse un giorno sar\u00e0 davvero una <em>rockstar<\/em>, o forse sar\u00e0 semplicemente felice.<\/p>\n\n\n\n<figure class=\"wp-block-embed-youtube alignwide wp-block-embed is-type-video is-provider-youtube wp-embed-aspect-16-9 wp-has-aspect-ratio\"><div class=\"wp-block-embed__wrapper\">\n<span class=\"embed-youtube\" style=\"text-align:center; display: block;\"><iframe loading=\"lazy\" class=\"youtube-player\" width=\"800\" height=\"450\" src=\"https:\/\/www.youtube.com\/embed\/UGlYrYBhNgQ?version=3&#038;rel=1&#038;showsearch=0&#038;showinfo=1&#038;iv_load_policy=1&#038;fs=1&#038;hl=it-IT&#038;autohide=2&#038;wmode=transparent\" allowfullscreen=\"true\" style=\"border:0;\" sandbox=\"allow-scripts allow-same-origin allow-popups allow-presentation\"><\/iframe><\/span>\n<\/div><\/figure>\n\n\n\n<p>P.S. So che il <em>film<\/em> ha avuto qualche problema di distribuzione: se siete in Sardegna, non fatevelo sfuggire. Se non siete in Sardegna&#8230; cercatelo: lo merita!<\/p>\n","protected":false},"excerpt":{"rendered":"<p>Bellas mariposas (Salvatore Mereu, 2012) Caterina ha dodici anni e vive in una famiglia disfunzionale, in un condominio disfunzionale abitato<\/p>\n","protected":false},"author":1,"featured_media":0,"comment_status":"open","ping_status":"open","sticky":false,"template":"","format":"video","meta":{"_mi_skip_tracking":false,"_monsterinsights_sitenote_active":false,"_monsterinsights_sitenote_note":"","_monsterinsights_sitenote_category":0,"jetpack_post_was_ever_published":false,"_jetpack_newsletter_access":"","jetpack_publicize_message":"","jetpack_is_tweetstorm":false,"jetpack_publicize_feature_enabled":true,"jetpack_social_post_already_shared":false,"jetpack_social_options":{"image_generator_settings":{"template":"highway","enabled":false}}},"categories":[52,14,56,82,12],"tags":[],"jetpack_publicize_connections":[],"jetpack_featured_media_url":"","jetpack_sharing_enabled":true,"jetpack_shortlink":"https:\/\/wp.me\/s4jV2T-1172","jetpack_likes_enabled":true,"jetpack-related-posts":[{"id":3519,"url":"http:\/\/www.robertosedda.it\/?p=3519","url_meta":{"origin":1172,"position":0},"title":"L&#8217;astronauta e lo scrittore (di festival &#8211; 1)","author":"Rufus","date":"17\/06\/2013","format":false,"excerpt":"Venerd\u00ec sera della settimana scorsa (il 7 giugno)\u00a0ho convinto Maria Bonaria ad andare a sentire Bruce Sterling al Bastione, all'interno di Leggendo metropolitano. Non sono un grandissimo amante di Sterling come scrittore cyberpunk, ma ho formato molte mie\u00a0idee su Giro di vite contro gli hacker, apprezzo il lavoro che Sterling\u2026","rel":"","context":"In &quot;Coordinate&quot;","block_context":{"text":"Coordinate","link":"http:\/\/www.robertosedda.it\/?cat=52"},"img":{"alt_text":"","src":"https:\/\/i0.wp.com\/www.robertosedda.it\/wp-content\/uploads\/2013\/06\/Bruce-Sterling-Possenti-Nespoli-5.jpg?fit=1200%2C900&resize=350%2C200","width":350,"height":200,"srcset":"https:\/\/i0.wp.com\/www.robertosedda.it\/wp-content\/uploads\/2013\/06\/Bruce-Sterling-Possenti-Nespoli-5.jpg?fit=1200%2C900&resize=350%2C200 1x, https:\/\/i0.wp.com\/www.robertosedda.it\/wp-content\/uploads\/2013\/06\/Bruce-Sterling-Possenti-Nespoli-5.jpg?fit=1200%2C900&resize=700%2C400 2x, https:\/\/i0.wp.com\/www.robertosedda.it\/wp-content\/uploads\/2013\/06\/Bruce-Sterling-Possenti-Nespoli-5.jpg?fit=1200%2C900&resize=1050%2C600 3x"},"classes":[]},{"id":15513,"url":"http:\/\/www.robertosedda.it\/?p=15513","url_meta":{"origin":1172,"position":1},"title":"E tante grazie","author":"Rufus","date":"23\/07\/2018","format":false,"excerpt":"La prima volta che l'ho notato \u00e8 stato quando ho chiesto consigli per i brani\u00a0jazz\u00a0 da ascoltare. Come ricorderete, avevo chiesto suggerimenti di brani jazz importanti, imprescindibili, da ascoltare e sperimentare e portarmi in giro. Fra i tanti consigli ricevuti c'era anche una risposta che diceva, pi\u00f9 o meno: Non\u2026","rel":"","context":"In &quot;Coordinate&quot;","block_context":{"text":"Coordinate","link":"http:\/\/www.robertosedda.it\/?cat=52"},"img":{"alt_text":"","src":"https:\/\/i0.wp.com\/www.robertosedda.it\/wp-content\/uploads\/2018\/07\/Thumbs-up.png?fit=1200%2C1062&resize=350%2C200","width":350,"height":200,"srcset":"https:\/\/i0.wp.com\/www.robertosedda.it\/wp-content\/uploads\/2018\/07\/Thumbs-up.png?fit=1200%2C1062&resize=350%2C200 1x, https:\/\/i0.wp.com\/www.robertosedda.it\/wp-content\/uploads\/2018\/07\/Thumbs-up.png?fit=1200%2C1062&resize=700%2C400 2x, https:\/\/i0.wp.com\/www.robertosedda.it\/wp-content\/uploads\/2018\/07\/Thumbs-up.png?fit=1200%2C1062&resize=1050%2C600 3x"},"classes":[]},{"id":8841,"url":"http:\/\/www.robertosedda.it\/?p=8841","url_meta":{"origin":1172,"position":2},"title":"Rileggere le lotte sociali urbane degli anni &#8217;70 per coglierne utili insegnamenti per l&#8217;oggi. Un intervento di Franco Meloni","author":"Rufus","date":"11\/11\/2014","format":false,"excerpt":"Oltre che su questo\u00a0blog questo articolo viene pubblicato anche sui siti di\u00a0Fondazione Sardinia,\u00a0Aladinpensiero,\u00a0Tramas de amistade,\u00a0Sardegna Soprattutto,\u00a0Sportello Formaparis,\u00a0Tottusinpari e sui blog di\u00a0Enrico Lobina,\u00a0Vito Biolchini\u00a0e\u00a0Francesca Madrigali. Un progetto di studio e lavoro Rileggere le lotte sociali urbane degli anni '70 per coglierne utili insegnamenti per l'oggi di Franco Meloni Come prolungamento positivo\u2026","rel":"","context":"In &quot;Coordinate&quot;","block_context":{"text":"Coordinate","link":"http:\/\/www.robertosedda.it\/?cat=52"},"img":{"alt_text":"","src":"https:\/\/i0.wp.com\/www.robertosedda.it\/wp-content\/uploads\/2014\/11\/SANT-ELIA.jpg?fit=640%2C203&resize=350%2C200","width":350,"height":200},"classes":[]},{"id":4474,"url":"http:\/\/www.robertosedda.it\/?p=4474","url_meta":{"origin":1172,"position":3},"title":"Cambio di impostazione all&#8217;Unione Sarda","author":"Rufus","date":"18\/09\/2013","format":false,"excerpt":"Come molti sanno mi piace assai andare in giro in bicicletta. Per un periodo l'ho usata religiosamente per andare al lavoro e in altri periodi non doveva essere difficile vedermi sfrecciare elegantemente (per modo di dire, ovviamente) per la citt\u00e0. \u00c8 stato in quel periodo che mi hanno fotografato, una\u2026","rel":"","context":"In &quot;Coordinate&quot;","block_context":{"text":"Coordinate","link":"http:\/\/www.robertosedda.it\/?cat=52"},"img":{"alt_text":"","src":"https:\/\/i0.wp.com\/www.robertosedda.it\/wp-content\/uploads\/2013\/09\/Gonario.jpg?fit=1200%2C900&resize=350%2C200","width":350,"height":200,"srcset":"https:\/\/i0.wp.com\/www.robertosedda.it\/wp-content\/uploads\/2013\/09\/Gonario.jpg?fit=1200%2C900&resize=350%2C200 1x, https:\/\/i0.wp.com\/www.robertosedda.it\/wp-content\/uploads\/2013\/09\/Gonario.jpg?fit=1200%2C900&resize=700%2C400 2x, https:\/\/i0.wp.com\/www.robertosedda.it\/wp-content\/uploads\/2013\/09\/Gonario.jpg?fit=1200%2C900&resize=1050%2C600 3x"},"classes":[]},{"id":13918,"url":"http:\/\/www.robertosedda.it\/?p=13918","url_meta":{"origin":1172,"position":4},"title":"Ti faccio nero, pedone&#8230;","author":"Rufus","date":"06\/07\/2017","format":false,"excerpt":"Negli Stati Uniti, se sei un nativo americano, nero, ispanico o povero hai pi\u00f9 probabilit\u00e0 di essere investito mentre attraversi la strada. Mi devo scusare per il pessimo gioco di parole del titolo: volevo semplicemente raccontarvi che, seguendo l'interesse gi\u00e0 mostrato in questo\u00a0blog per i temi della sicurezza stradale, ho\u2026","rel":"","context":"In &quot;Coordinate&quot;","block_context":{"text":"Coordinate","link":"http:\/\/www.robertosedda.it\/?cat=52"},"img":{"alt_text":"","src":"https:\/\/i0.wp.com\/www.robertosedda.it\/wp-content\/uploads\/2017\/07\/Beatles.jpg?fit=1024%2C768&resize=350%2C200","width":350,"height":200,"srcset":"https:\/\/i0.wp.com\/www.robertosedda.it\/wp-content\/uploads\/2017\/07\/Beatles.jpg?fit=1024%2C768&resize=350%2C200 1x, https:\/\/i0.wp.com\/www.robertosedda.it\/wp-content\/uploads\/2017\/07\/Beatles.jpg?fit=1024%2C768&resize=700%2C400 2x"},"classes":[]},{"id":7273,"url":"http:\/\/www.robertosedda.it\/?p=7273","url_meta":{"origin":1172,"position":5},"title":"Quel sociologo attaccato alla tua spalla","author":"Rufus","date":"05\/05\/2014","format":false,"excerpt":"Credevo di averlo perso e invece sabato, inopinatamente, un'amica mi ha restituito La signora va nel Bronx, di Marianella Sclavi, un libro bellissimo e uno dei miei favoriti, che ho gi\u00e0 ricomprato pi\u00f9 volte perch\u00e9 finisce sempre che lo presto o lo regalo e poi me lo devo procurare di\u2026","rel":"","context":"In &quot;Coordinate&quot;","block_context":{"text":"Coordinate","link":"http:\/\/www.robertosedda.it\/?cat=52"},"img":{"alt_text":"Un mitico cartello fotografato una volta nella vetrina di una libreria di Napoli","src":"https:\/\/i0.wp.com\/www.robertosedda.it\/wp-content\/uploads\/2014\/05\/Avviso-libreria-Napoli-510x382.jpg?resize=350%2C200","width":350,"height":200},"classes":[]}],"_links":{"self":[{"href":"http:\/\/www.robertosedda.it\/index.php?rest_route=\/wp\/v2\/posts\/1172"}],"collection":[{"href":"http:\/\/www.robertosedda.it\/index.php?rest_route=\/wp\/v2\/posts"}],"about":[{"href":"http:\/\/www.robertosedda.it\/index.php?rest_route=\/wp\/v2\/types\/post"}],"author":[{"embeddable":true,"href":"http:\/\/www.robertosedda.it\/index.php?rest_route=\/wp\/v2\/users\/1"}],"replies":[{"embeddable":true,"href":"http:\/\/www.robertosedda.it\/index.php?rest_route=%2Fwp%2Fv2%2Fcomments&post=1172"}],"version-history":[{"count":9,"href":"http:\/\/www.robertosedda.it\/index.php?rest_route=\/wp\/v2\/posts\/1172\/revisions"}],"predecessor-version":[{"id":18306,"href":"http:\/\/www.robertosedda.it\/index.php?rest_route=\/wp\/v2\/posts\/1172\/revisions\/18306"}],"wp:attachment":[{"href":"http:\/\/www.robertosedda.it\/index.php?rest_route=%2Fwp%2Fv2%2Fmedia&parent=1172"}],"wp:term":[{"taxonomy":"category","embeddable":true,"href":"http:\/\/www.robertosedda.it\/index.php?rest_route=%2Fwp%2Fv2%2Fcategories&post=1172"},{"taxonomy":"post_tag","embeddable":true,"href":"http:\/\/www.robertosedda.it\/index.php?rest_route=%2Fwp%2Fv2%2Ftags&post=1172"}],"curies":[{"name":"wp","href":"https:\/\/api.w.org\/{rel}","templated":true}]}}