{"id":11710,"date":"2016-03-22T17:31:28","date_gmt":"2016-03-22T16:31:28","guid":{"rendered":"http:\/\/www.robertosedda.it\/?p=11710"},"modified":"2022-03-24T16:24:33","modified_gmt":"2022-03-24T15:24:33","slug":"il-re-cervo-a-oggi-parliamo-di-libri","status":"publish","type":"post","link":"http:\/\/www.robertosedda.it\/?p=11710","title":{"rendered":"Il <em>Re Cervo<\/em> a <em>Oggi parliamo di libri<\/em>"},"content":{"rendered":"<p>La settimana scorsa ho pubblicato qui sul sito <a href=\"http:\/\/www.robertosedda.it\/?p=11693\">le puntate di\u00a0<em>Oggi parliamo di libri<\/em> dedicate a Corneille e Racine<\/a>; la vicinanza cronologica di questi due autori con Moli\u00e8re deve avermi confuso, perch\u00e9 non mi sono accorto che facendoli succedere immediatamente al <em>Tartufo<\/em>\u00a0saltavo due puntate intermedie, quelle nelle quali avevo proseguito il racconto dell&#8217;evoluzione della commedia e della morte (temporanea, come vedremo) della\u00a0<em>Commedia dell&#8217;Arte<\/em> e nelle quali avevo parlato del\u00a0<em>Re Cervo<\/em> di Gozzi e de\u00a0<em>La locandiera<\/em> di Goldoni.<\/p>\n<!--[if lt IE 9]><script>document.createElement('audio');<\/script><![endif]-->\n<audio class=\"wp-audio-shortcode\" id=\"audio-11710-1\" preload=\"none\" style=\"width: 100%;\" controls=\"controls\"><source type=\"audio\/mpeg\" src=\"http:\/\/www.radiokalaritana.it\/audio\/LIB-S04E18-Carlo_Gozzi_Re_Cervo-20160128.mp3?_=1\" \/><a href=\"http:\/\/www.radiokalaritana.it\/audio\/LIB-S04E18-Carlo_Gozzi_Re_Cervo-20160128.mp3\">http:\/\/www.radiokalaritana.it\/audio\/LIB-S04E18-Carlo_Gozzi_Re_Cervo-20160128.mp3<\/a><\/audio>\n<h4><em>Re Cervo<\/em> &#8211; Carlo Gozzi<\/h4>\n<p>Come ho detto in trasmissione sono molto affezionato al\u00a0<em>Re Cervo<\/em> che \u00e8 probabilmente l&#8217;opera teatrale che <a href=\"http:\/\/www.robertosedda.it\/?p=8570\">ho visto pi\u00f9 spesso a teatro negli ultimi anni<\/a>, sempre nell&#8217;allestimento curato da Francesco Origo e dalla compagnia\u00a0<em>\u00e7\u00e0jka<\/em>.\u00a0Rileggere il testo per preparare la puntata mi ha fatto capire di pi\u00f9\u00a0il lavoro compiuto da Origo, che taglia in realt\u00e0 buona parte della parte fantastica (scompare il mago Durandarte, per esempio, e risulta molto attenuata tutta l&#8217;ambientazione orientaleggiante) e si libera anche della parte in realt\u00e0 pi\u00f9 direttamente debitrice della\u00a0<em>Commedia dell&#8217;Arte<\/em>, eliminando i tre personaggi di Smeraldina, Brighella e Truffaldino e i loro intermezzi comici: a fronte di queste rinunce rimane una idea di teatro capace di creare l&#8217;illusione e la magia con pochi mezzi ma molte invenzioni, come doveva essere in fondo nelle possibilit\u00e0 delle compagnie dell&#8217;epoca di Gozzi. Avendo riletto il testo non sono pi\u00f9 cos\u00ec convinto che questo lavoro sia davvero <em>fedele\u00a0<\/em>all&#8217;originale, ma vale qui il detto che\u00a0<em>tradurre<\/em> (e fare adattamenti teatrali) equivale sempre a\u00a0<em>tradire<\/em>.<\/p>\n<figure id=\"attachment_11712\" aria-describedby=\"caption-attachment-11712\" style=\"width: 720px\" class=\"wp-caption aligncenter\"><img data-attachment-id=\"11712\" data-permalink=\"http:\/\/www.robertosedda.it\/?attachment_id=11712\" data-orig-file=\"https:\/\/i0.wp.com\/www.robertosedda.it\/wp-content\/uploads\/2016\/03\/re-cervo-2.jpg?fit=720%2C479\" data-orig-size=\"720,479\" data-comments-opened=\"1\" data-image-meta=\"{&quot;aperture&quot;:&quot;0&quot;,&quot;credit&quot;:&quot;&quot;,&quot;camera&quot;:&quot;&quot;,&quot;caption&quot;:&quot;&quot;,&quot;created_timestamp&quot;:&quot;0&quot;,&quot;copyright&quot;:&quot;&quot;,&quot;focal_length&quot;:&quot;0&quot;,&quot;iso&quot;:&quot;0&quot;,&quot;shutter_speed&quot;:&quot;0&quot;,&quot;title&quot;:&quot;&quot;,&quot;orientation&quot;:&quot;0&quot;}\" data-image-title=\"re cervo 2\" data-image-description=\"\" data-image-caption=\"&lt;p&gt;Re Cervo &#8211; Centro di Teatro Internazionale &#8211; regia di Olga Melnik &#8211; Teatrika 2012&lt;\/p&gt;\n\" data-medium-file=\"https:\/\/i0.wp.com\/www.robertosedda.it\/wp-content\/uploads\/2016\/03\/re-cervo-2.jpg?fit=300%2C200\" data-large-file=\"https:\/\/i0.wp.com\/www.robertosedda.it\/wp-content\/uploads\/2016\/03\/re-cervo-2.jpg?fit=510%2C339\" decoding=\"async\" loading=\"lazy\" class=\"size-full wp-image-11712\" src=\"https:\/\/i0.wp.com\/www.robertosedda.it\/wp-content\/uploads\/2016\/03\/re-cervo-2.jpg?resize=720%2C479\" alt=\"Re Cervo - Centro di Teatro Internazionale - regia di Olga Melnik - Teatrika 2012\" width=\"720\" height=\"479\" srcset=\"https:\/\/i0.wp.com\/www.robertosedda.it\/wp-content\/uploads\/2016\/03\/re-cervo-2.jpg?w=720 720w, https:\/\/i0.wp.com\/www.robertosedda.it\/wp-content\/uploads\/2016\/03\/re-cervo-2.jpg?resize=150%2C100 150w, https:\/\/i0.wp.com\/www.robertosedda.it\/wp-content\/uploads\/2016\/03\/re-cervo-2.jpg?resize=300%2C200 300w, https:\/\/i0.wp.com\/www.robertosedda.it\/wp-content\/uploads\/2016\/03\/re-cervo-2.jpg?resize=510%2C339 510w, https:\/\/i0.wp.com\/www.robertosedda.it\/wp-content\/uploads\/2016\/03\/re-cervo-2.jpg?resize=700%2C466 700w\" sizes=\"(max-width: 720px) 100vw, 720px\" data-recalc-dims=\"1\" \/><figcaption id=\"caption-attachment-11712\" class=\"wp-caption-text\">Re Cervo &#8211; Centro di Teatro Internazionale &#8211; regia di Olga Melnik &#8211; Teatrika 2012 (c<a href=\"http:\/\/www.teatro.it\/spettacoli\/recensioni\/il_re_cervo_31594\">ome pure le\u00a0altre foto qui sotto<\/a>)<\/figcaption><\/figure>\n<p>In realt\u00e0 per\u00f2 la puntata era dedicata a Gozzi e non a\u00a0<em>\u00e7\u00e0jka\u00a0<\/em>e riascoltandola la trovo interessante ed equilibrata ma curiosamente fuori bersaglio e ricca di occasioni perdute. D&#8217;altra parte a questo serve commentare le puntate sul sito:\u00a0approfitto di questa occasione per elencare alcuni altri motivi di interesse della commedia dei quali non sono riuscito a parlare alla radio.<\/p>\n<p>Dal punto di vista specifico dell&#8217;opera, intanto, non ho citato il personaggio di Angela, che \u00e8 uno dei due principali motori della narrazione (l&#8217;altro \u00e8 ovviamente Tartaglia) ed \u00e8 un gran bel personaggio. Una volta o l&#8217;altra mi piacerebbe fare un viaggio letterario alla ricerca delle &#8220;donne di spirito&#8221;, di animo nobile e lingua lunga, e Angela sarebbe certamente una tappa. Non sono abbastanza ferrato per capire quanto Gozzi la proponga in maniera innovativa rispetto a, poniamo, la Colombina del\u00a0<em>Tartufo<\/em> e quanto ci sia gi\u00e0 in Angela di eroine successive sullo stile di Lizzie Bennet: lo lascio come pista di ricerca a gente che ne sappia pi\u00f9 di me (naturalmente il tema non \u00e8 puramente letterario: la comparsa di queste donne capaci di badare a se stesse senza essere virago come Medea segna l&#8217;evoluzione\u00a0della condizione femminile e l&#8217;ascesa della borghesia, a occhio).<\/p>\n<p><img data-attachment-id=\"11713\" data-permalink=\"http:\/\/www.robertosedda.it\/?attachment_id=11713\" data-orig-file=\"https:\/\/i0.wp.com\/www.robertosedda.it\/wp-content\/uploads\/2016\/03\/Re-Cervo-3.jpg?fit=720%2C479\" data-orig-size=\"720,479\" data-comments-opened=\"1\" data-image-meta=\"{&quot;aperture&quot;:&quot;0&quot;,&quot;credit&quot;:&quot;&quot;,&quot;camera&quot;:&quot;&quot;,&quot;caption&quot;:&quot;&quot;,&quot;created_timestamp&quot;:&quot;0&quot;,&quot;copyright&quot;:&quot;&quot;,&quot;focal_length&quot;:&quot;0&quot;,&quot;iso&quot;:&quot;0&quot;,&quot;shutter_speed&quot;:&quot;0&quot;,&quot;title&quot;:&quot;&quot;,&quot;orientation&quot;:&quot;0&quot;}\" data-image-title=\"Re Cervo 3\" data-image-description=\"\" data-image-caption=\"\" data-medium-file=\"https:\/\/i0.wp.com\/www.robertosedda.it\/wp-content\/uploads\/2016\/03\/Re-Cervo-3.jpg?fit=300%2C200\" data-large-file=\"https:\/\/i0.wp.com\/www.robertosedda.it\/wp-content\/uploads\/2016\/03\/Re-Cervo-3.jpg?fit=510%2C339\" decoding=\"async\" loading=\"lazy\" class=\"aligncenter size-full wp-image-11713\" src=\"https:\/\/i0.wp.com\/www.robertosedda.it\/wp-content\/uploads\/2016\/03\/Re-Cervo-3.jpg?resize=720%2C479\" alt=\"Re Cervo 3\" width=\"720\" height=\"479\" srcset=\"https:\/\/i0.wp.com\/www.robertosedda.it\/wp-content\/uploads\/2016\/03\/Re-Cervo-3.jpg?w=720 720w, https:\/\/i0.wp.com\/www.robertosedda.it\/wp-content\/uploads\/2016\/03\/Re-Cervo-3.jpg?resize=150%2C100 150w, https:\/\/i0.wp.com\/www.robertosedda.it\/wp-content\/uploads\/2016\/03\/Re-Cervo-3.jpg?resize=300%2C200 300w, https:\/\/i0.wp.com\/www.robertosedda.it\/wp-content\/uploads\/2016\/03\/Re-Cervo-3.jpg?resize=510%2C339 510w, https:\/\/i0.wp.com\/www.robertosedda.it\/wp-content\/uploads\/2016\/03\/Re-Cervo-3.jpg?resize=700%2C466 700w\" sizes=\"(max-width: 720px) 100vw, 720px\" data-recalc-dims=\"1\" \/>Un&#8217;altra cosa che ho solo accennato e che meritava di essere evidenziata \u00e8 il ruolo assolutamente centrale di Gozzi nella costruzione del gusto per il fantastico tipico di parte del Settecento: qui ho richiamato\u00a0di getto e senza essermi preparato\u00a0<em>Il flauto magico<\/em> di Mozart, salvo poi essere assalito da dubbi amletici (era Gozzi\u00a0<em>davvero<\/em> precedente? e Mozart poi conosceva Gozzi?). A casa ho controllato e ho scoperto di avere ragione: sono soddisfazioni.<\/p>\n<p>Un discorso analogo vale per il gusto per l&#8217;orientalismo che qui Gozzi largamente\u00a0anticipa e che poi trover\u00e0 mille espressioni soprattutto nella Francia pre-rivoluzionaria e rivoluzionaria per poi trionfare definitivamente con la conquista dell&#8217;Egitto e le ricerche\u00a0archeologiche in tutto il Medio Oriente: non c&#8217;entra moltissimo con la storia del teatro ma era probabilmente interessante farlo notare.<\/p>\n<p><img data-attachment-id=\"11714\" data-permalink=\"http:\/\/www.robertosedda.it\/?attachment_id=11714\" data-orig-file=\"https:\/\/i0.wp.com\/www.robertosedda.it\/wp-content\/uploads\/2016\/03\/Re-Cervo.jpg?fit=720%2C618\" data-orig-size=\"720,618\" data-comments-opened=\"1\" data-image-meta=\"{&quot;aperture&quot;:&quot;0&quot;,&quot;credit&quot;:&quot;&quot;,&quot;camera&quot;:&quot;&quot;,&quot;caption&quot;:&quot;&quot;,&quot;created_timestamp&quot;:&quot;0&quot;,&quot;copyright&quot;:&quot;&quot;,&quot;focal_length&quot;:&quot;0&quot;,&quot;iso&quot;:&quot;0&quot;,&quot;shutter_speed&quot;:&quot;0&quot;,&quot;title&quot;:&quot;&quot;,&quot;orientation&quot;:&quot;0&quot;}\" data-image-title=\"Re Cervo\" data-image-description=\"\" data-image-caption=\"\" data-medium-file=\"https:\/\/i0.wp.com\/www.robertosedda.it\/wp-content\/uploads\/2016\/03\/Re-Cervo.jpg?fit=300%2C258\" data-large-file=\"https:\/\/i0.wp.com\/www.robertosedda.it\/wp-content\/uploads\/2016\/03\/Re-Cervo.jpg?fit=510%2C438\" decoding=\"async\" loading=\"lazy\" class=\"aligncenter size-full wp-image-11714\" src=\"https:\/\/i0.wp.com\/www.robertosedda.it\/wp-content\/uploads\/2016\/03\/Re-Cervo.jpg?resize=720%2C618\" alt=\"Re Cervo\" width=\"720\" height=\"618\" srcset=\"https:\/\/i0.wp.com\/www.robertosedda.it\/wp-content\/uploads\/2016\/03\/Re-Cervo.jpg?w=720 720w, https:\/\/i0.wp.com\/www.robertosedda.it\/wp-content\/uploads\/2016\/03\/Re-Cervo.jpg?resize=150%2C129 150w, https:\/\/i0.wp.com\/www.robertosedda.it\/wp-content\/uploads\/2016\/03\/Re-Cervo.jpg?resize=300%2C258 300w, https:\/\/i0.wp.com\/www.robertosedda.it\/wp-content\/uploads\/2016\/03\/Re-Cervo.jpg?resize=510%2C438 510w, https:\/\/i0.wp.com\/www.robertosedda.it\/wp-content\/uploads\/2016\/03\/Re-Cervo.jpg?resize=700%2C601 700w\" sizes=\"(max-width: 720px) 100vw, 720px\" data-recalc-dims=\"1\" \/>Ma ci\u00f2 che in realt\u00e0 manca davvero, credo, \u00e8 esattamente il motivo per il quale avevo deciso di parlare di Gozzi: per far vedere come il trionfo del teatro di Goldoni, razionale, borghese, naturalistico, con personaggi a tutto tondo e ben caratterizzati non fosse giunto senza lotta da parte degli oppositori e come questa lotta avesse dato esiti sorprendenti: Gozzi parte dal difendere la\u00a0<em>Commedia dell&#8217;Arte<\/em> e la tradizione e arriva a inventare un nuovo genere di teatro, per esempio. E sebbene perdente riesce per\u00f2 a creare un&#8217;alternativa intellettualmente abbastanza solida da sopravvivere e ricomparire in forme inaspettate fino al giorno d&#8217;oggi. Questo avrei voluto dire ma, ahim\u00e8! mi sono un po&#8217; perso.<\/p>\n","protected":false},"excerpt":{"rendered":"<p>La settimana scorsa ho pubblicato qui sul sito le puntate di\u00a0Oggi parliamo di libri dedicate a Corneille e Racine; la<\/p>\n","protected":false},"author":1,"featured_media":11714,"comment_status":"open","ping_status":"open","sticky":false,"template":"","format":"standard","meta":{"_mi_skip_tracking":false,"_monsterinsights_sitenote_active":false,"_monsterinsights_sitenote_note":"","_monsterinsights_sitenote_category":0,"jetpack_post_was_ever_published":false,"_jetpack_newsletter_access":"","jetpack_publicize_message":"","jetpack_is_tweetstorm":false,"jetpack_publicize_feature_enabled":true,"jetpack_social_post_already_shared":true,"jetpack_social_options":{"image_generator_settings":{"template":"highway","enabled":false}}},"categories":[52,56,13,101,12],"tags":[],"jetpack_publicize_connections":[],"jetpack_featured_media_url":"https:\/\/i0.wp.com\/www.robertosedda.it\/wp-content\/uploads\/2016\/03\/Re-Cervo.jpg?fit=720%2C618","jetpack_sharing_enabled":true,"jetpack_shortlink":"https:\/\/wp.me\/p4jV2T-32S","jetpack_likes_enabled":true,"jetpack-related-posts":[{"id":10836,"url":"http:\/\/www.robertosedda.it\/?p=10836","url_meta":{"origin":11710,"position":0},"title":"Sono di nuovo on air (e anche on line!)","author":"Rufus","date":"15\/09\/2015","format":false,"excerpt":"Da gioved\u00ec prossimo ricomincia\u00a0Oggi parliamo di libri, al solito orario delle 19.10 e in replica il venerd\u00ec mattina alle 8.30. La grossa novit\u00e0 di quest'anno \u00e8 il\u00a0podcast, che permetter\u00e0 di riascoltare le puntate quasi immediatamente senza bisogno di aspettare che io le metta in rete per conto mio. Continuer\u00f2 comunque\u2026","rel":"","context":"In &quot;Coordinate&quot;","block_context":{"text":"Coordinate","link":"http:\/\/www.robertosedda.it\/?cat=52"},"img":{"alt_text":"","src":"https:\/\/i0.wp.com\/www.robertosedda.it\/wp-content\/uploads\/2015\/09\/Radio-Kalaritana-On-Air.jpg?fit=850%2C310&resize=350%2C200","width":350,"height":200,"srcset":"https:\/\/i0.wp.com\/www.robertosedda.it\/wp-content\/uploads\/2015\/09\/Radio-Kalaritana-On-Air.jpg?fit=850%2C310&resize=350%2C200 1x, https:\/\/i0.wp.com\/www.robertosedda.it\/wp-content\/uploads\/2015\/09\/Radio-Kalaritana-On-Air.jpg?fit=850%2C310&resize=700%2C400 2x"},"classes":[]},{"id":11590,"url":"http:\/\/www.robertosedda.it\/?p=11590","url_meta":{"origin":11710,"position":1},"title":"La commedia dell&#8217;arte a Oggi parliamo di libri","author":"Rufus","date":"23\/02\/2016","format":false,"excerpt":"http:\/\/www.radiokalaritana.it\/audio\/LIB-S04E16-La_commedia_de_arte-20160114.mp3 La commedia dell'arte \u00c8 un po' che non riepilogo qui sul\u00a0blog le varie puntate di Oggi parliamo di libri. Dopo il ciclo dedicato a Shakespeare\u00a0avevo previsto di presentare Gozzi e Goldoni, ma nel preparare le puntate mi sono reso conto che affrontare direttamente questi due non si poteva: mi\u2026","rel":"","context":"In &quot;Coordinate&quot;","block_context":{"text":"Coordinate","link":"http:\/\/www.robertosedda.it\/?cat=52"},"img":{"alt_text":"","src":"https:\/\/i0.wp.com\/www.robertosedda.it\/wp-content\/uploads\/2016\/02\/Enrico-Bonavera.jpg?fit=848%2C1200&resize=350%2C200","width":350,"height":200,"srcset":"https:\/\/i0.wp.com\/www.robertosedda.it\/wp-content\/uploads\/2016\/02\/Enrico-Bonavera.jpg?fit=848%2C1200&resize=350%2C200 1x, https:\/\/i0.wp.com\/www.robertosedda.it\/wp-content\/uploads\/2016\/02\/Enrico-Bonavera.jpg?fit=848%2C1200&resize=700%2C400 2x"},"classes":[]},{"id":11758,"url":"http:\/\/www.robertosedda.it\/?p=11758","url_meta":{"origin":11710,"position":2},"title":"L&#8217;ambiguo Goldoni spiegato coi fratelli Coen","author":"Rufus","date":"01\/04\/2016","format":false,"excerpt":"Continuo il recupero delle due puntate di Oggi parliamo di libri che avevo saltato e vi\u00a0presento oggi la puntata su Goldoni e la\u00a0Locandiera: prima di incollarvela qui sotto mi limito a dire che a me, a dir la verit\u00e0, era piaciuto molto di pi\u00f9 il Goldoni di\u00a0Servitore di due padroni\u00a0di\u2026","rel":"","context":"In &quot;Coordinate&quot;","block_context":{"text":"Coordinate","link":"http:\/\/www.robertosedda.it\/?cat=52"},"img":{"alt_text":"","src":"https:\/\/i0.wp.com\/www.robertosedda.it\/wp-content\/uploads\/2016\/04\/Nancy-Brilli-Mirandolina.jpg?fit=800%2C566&resize=350%2C200","width":350,"height":200,"srcset":"https:\/\/i0.wp.com\/www.robertosedda.it\/wp-content\/uploads\/2016\/04\/Nancy-Brilli-Mirandolina.jpg?fit=800%2C566&resize=350%2C200 1x, https:\/\/i0.wp.com\/www.robertosedda.it\/wp-content\/uploads\/2016\/04\/Nancy-Brilli-Mirandolina.jpg?fit=800%2C566&resize=700%2C400 2x"},"classes":[]},{"id":9735,"url":"http:\/\/www.robertosedda.it\/?p=9735","url_meta":{"origin":11710,"position":3},"title":"Il romanzo di Rut","author":"Rufus","date":"05\/03\/2015","format":"video","excerpt":"Ho gi\u00e0 accennato al fatto\u00a0che ho dedicato una puntata recente di\u00a0Oggi parliamo di libri al Libro di Rut, uno dei testi\u00a0minori dell'Antico Testamento. Pu\u00f2 stupirsi\u00a0della sua inclusione in un ciclo di puntate dedicate alle grandi storie d'amore solo chi non conosce l'enorme variet\u00e0 di registri narrativi e di generi letterari\u2026","rel":"","context":"In &quot;Coordinate&quot;","block_context":{"text":"Coordinate","link":"http:\/\/www.robertosedda.it\/?cat=52"},"img":{"alt_text":"","src":"https:\/\/i0.wp.com\/img.youtube.com\/vi\/iX3b0-kQaT4\/0.jpg?resize=350%2C200","width":350,"height":200},"classes":[]},{"id":9422,"url":"http:\/\/www.robertosedda.it\/?p=9422","url_meta":{"origin":11710,"position":4},"title":"Re e regine che piangono","author":"Rufus","date":"21\/01\/2015","format":"video","excerpt":"Ho messo adesso in linea la puntata di\u00a0Oggi parliamo di libri dedicata al canto XXIII dell'Odissea, quello in cui dopo la strage dei Proci Ulisse e Penelope finalmente si riconoscono (si erano gi\u00e0 visti prima, ma Ulisse non si era svelato). https:\/\/www.youtube.com\/watch?v=d3sPopIJWMM Anche se non l'ho detto in trasmissione la\u2026","rel":"","context":"In &quot;Cappe e spade&quot;","block_context":{"text":"Cappe e spade","link":"http:\/\/www.robertosedda.it\/?cat=70"},"img":{"alt_text":"","src":"https:\/\/i0.wp.com\/www.robertosedda.it\/wp-content\/uploads\/2015\/01\/OPdL-Odissea.png?fit=767%2C569&resize=350%2C200","width":350,"height":200,"srcset":"https:\/\/i0.wp.com\/www.robertosedda.it\/wp-content\/uploads\/2015\/01\/OPdL-Odissea.png?fit=767%2C569&resize=350%2C200 1x, https:\/\/i0.wp.com\/www.robertosedda.it\/wp-content\/uploads\/2015\/01\/OPdL-Odissea.png?fit=767%2C569&resize=700%2C400 2x"},"classes":[]},{"id":11693,"url":"http:\/\/www.robertosedda.it\/?p=11693","url_meta":{"origin":11710,"position":5},"title":"Tragediografi di grande levatura","author":"Rufus","date":"17\/03\/2016","format":false,"excerpt":"Come ho spiegato all'inizio della ventesima puntata di questa stagione di\u00a0Oggi parliamo di libri avevo voglia fin dall'inizio dell'anno di parlare\u00a0prima o poi dell'Adelchi di Manzoni. Quando \u00e8 arrivato il momento, per\u00f2, mi sono reso conto che farlo per bene richiedeva porre delle premesse e che quindi avrei dovuto parlare\u2026","rel":"","context":"In &quot;Coordinate&quot;","block_context":{"text":"Coordinate","link":"http:\/\/www.robertosedda.it\/?cat=52"},"img":{"alt_text":"","src":"https:\/\/i0.wp.com\/www.robertosedda.it\/wp-content\/uploads\/2016\/03\/Immagine-prima-pagina-Cid.png?resize=350%2C200","width":350,"height":200,"srcset":"https:\/\/i0.wp.com\/www.robertosedda.it\/wp-content\/uploads\/2016\/03\/Immagine-prima-pagina-Cid.png?resize=350%2C200 1x, https:\/\/i0.wp.com\/www.robertosedda.it\/wp-content\/uploads\/2016\/03\/Immagine-prima-pagina-Cid.png?resize=700%2C400 2x"},"classes":[]}],"_links":{"self":[{"href":"http:\/\/www.robertosedda.it\/index.php?rest_route=\/wp\/v2\/posts\/11710"}],"collection":[{"href":"http:\/\/www.robertosedda.it\/index.php?rest_route=\/wp\/v2\/posts"}],"about":[{"href":"http:\/\/www.robertosedda.it\/index.php?rest_route=\/wp\/v2\/types\/post"}],"author":[{"embeddable":true,"href":"http:\/\/www.robertosedda.it\/index.php?rest_route=\/wp\/v2\/users\/1"}],"replies":[{"embeddable":true,"href":"http:\/\/www.robertosedda.it\/index.php?rest_route=%2Fwp%2Fv2%2Fcomments&post=11710"}],"version-history":[{"count":9,"href":"http:\/\/www.robertosedda.it\/index.php?rest_route=\/wp\/v2\/posts\/11710\/revisions"}],"predecessor-version":[{"id":15027,"href":"http:\/\/www.robertosedda.it\/index.php?rest_route=\/wp\/v2\/posts\/11710\/revisions\/15027"}],"wp:featuredmedia":[{"embeddable":true,"href":"http:\/\/www.robertosedda.it\/index.php?rest_route=\/wp\/v2\/media\/11714"}],"wp:attachment":[{"href":"http:\/\/www.robertosedda.it\/index.php?rest_route=%2Fwp%2Fv2%2Fmedia&parent=11710"}],"wp:term":[{"taxonomy":"category","embeddable":true,"href":"http:\/\/www.robertosedda.it\/index.php?rest_route=%2Fwp%2Fv2%2Fcategories&post=11710"},{"taxonomy":"post_tag","embeddable":true,"href":"http:\/\/www.robertosedda.it\/index.php?rest_route=%2Fwp%2Fv2%2Ftags&post=11710"}],"curies":[{"name":"wp","href":"https:\/\/api.w.org\/{rel}","templated":true}]}}