{"id":11702,"date":"2016-03-18T18:00:51","date_gmt":"2016-03-18T17:00:51","guid":{"rendered":"http:\/\/www.robertosedda.it\/?p=11702"},"modified":"2022-03-17T13:22:08","modified_gmt":"2022-03-17T12:22:08","slug":"fare-i-propri-errori","status":"publish","type":"post","link":"http:\/\/www.robertosedda.it\/?p=11702","title":{"rendered":"Fare i propri errori"},"content":{"rendered":"<p><img data-attachment-id=\"11703\" data-permalink=\"http:\/\/www.robertosedda.it\/?attachment_id=11703\" data-orig-file=\"https:\/\/i0.wp.com\/www.robertosedda.it\/wp-content\/uploads\/2016\/03\/Due-ragazze.jpg?fit=354%2C500\" data-orig-size=\"354,500\" data-comments-opened=\"1\" data-image-meta=\"{&quot;aperture&quot;:&quot;0&quot;,&quot;credit&quot;:&quot;&quot;,&quot;camera&quot;:&quot;&quot;,&quot;caption&quot;:&quot;&quot;,&quot;created_timestamp&quot;:&quot;0&quot;,&quot;copyright&quot;:&quot;&quot;,&quot;focal_length&quot;:&quot;0&quot;,&quot;iso&quot;:&quot;0&quot;,&quot;shutter_speed&quot;:&quot;0&quot;,&quot;title&quot;:&quot;&quot;,&quot;orientation&quot;:&quot;0&quot;}\" data-image-title=\"Due ragazze\" data-image-description=\"\" data-image-caption=\"\" data-medium-file=\"https:\/\/i0.wp.com\/www.robertosedda.it\/wp-content\/uploads\/2016\/03\/Due-ragazze.jpg?fit=212%2C300\" data-large-file=\"https:\/\/i0.wp.com\/www.robertosedda.it\/wp-content\/uploads\/2016\/03\/Due-ragazze.jpg?fit=354%2C500\" decoding=\"async\" loading=\"lazy\" class=\"alignright size-full wp-image-11703\" src=\"https:\/\/i0.wp.com\/www.robertosedda.it\/wp-content\/uploads\/2016\/03\/Due-ragazze.jpg?resize=354%2C500\" alt=\"Due ragazze\" width=\"354\" height=\"500\" srcset=\"https:\/\/i0.wp.com\/www.robertosedda.it\/wp-content\/uploads\/2016\/03\/Due-ragazze.jpg?w=354 354w, https:\/\/i0.wp.com\/www.robertosedda.it\/wp-content\/uploads\/2016\/03\/Due-ragazze.jpg?resize=106%2C150 106w, https:\/\/i0.wp.com\/www.robertosedda.it\/wp-content\/uploads\/2016\/03\/Due-ragazze.jpg?resize=212%2C300 212w\" sizes=\"(max-width: 354px) 100vw, 354px\" data-recalc-dims=\"1\" \/>Sono su un autobus della linea 8 e dietro di me, proprio sul fondo, sono sedute due ragazzine: avranno al massimo quattordici anni, quindi vuol dire che si sentono <em>estremamente <\/em>mature.<\/p>\n<p>Infatti una fa all&#8217;altra: \u00ab&#8230; e capito, siamo adolescenti, \u00e8 anche normale\u00bb.<\/p>\n<p>\u00abEh si, cio\u00e8 non siamo pi\u00f9 bambine\u00bb.<\/p>\n<p>\u00abEsatto\u00bb.<\/p>\n<p>\u00abInfatti: i nostri genitori non lo capiscono, ma noi dobbiamo fare i nostri errori\u00bb.<\/p>\n<p>\u00abInfatti essere adolescenti \u00e8 questo. Che magari sbagli\u00bb.<\/p>\n<p>\u00abEcco: perch\u00e9 poi magari dopo ti guardi indietro e capisci che magari \u00e8 stato un errore, ma cio\u00e8, l&#8217;hai fatto tu&#8230;\u00bb.<\/p>\n<p>\u00abEsatto: anche se te ne penti questa \u00e8 l&#8217;et\u00e0 di prendere le tue decisioni, anche se magari mia mamma non sarebbe d&#8217;accordo\u00bb.<\/p>\n<p>\u00ab&#8230;e anche se poi te ne penti. Perch\u00e9 adesso non lo puoi sapere, e senti che comunque lo vuoi fare. Tipo scegliere con chi vuoi essere pi\u00f9 amica, con chi ti vuoi confidare\u00bb.<\/p>\n<p>Tenere.<\/p>\n","protected":false},"excerpt":{"rendered":"<p>Sono su un autobus della linea 8 e dietro di me, proprio sul fondo, sono sedute due ragazzine: avranno al<\/p>\n","protected":false},"author":1,"featured_media":11703,"comment_status":"open","ping_status":"open","sticky":false,"template":"","format":"standard","meta":{"_mi_skip_tracking":false,"_monsterinsights_sitenote_active":false,"_monsterinsights_sitenote_note":"","_monsterinsights_sitenote_category":0,"jetpack_post_was_ever_published":false,"_jetpack_newsletter_access":"","jetpack_publicize_message":"","jetpack_is_tweetstorm":false,"jetpack_publicize_feature_enabled":true,"jetpack_social_post_already_shared":true,"jetpack_social_options":{"image_generator_settings":{"template":"highway","enabled":false}}},"categories":[52,56,18,61,16],"tags":[],"jetpack_publicize_connections":[],"jetpack_featured_media_url":"https:\/\/i0.wp.com\/www.robertosedda.it\/wp-content\/uploads\/2016\/03\/Due-ragazze.jpg?fit=354%2C500","jetpack_sharing_enabled":true,"jetpack_shortlink":"https:\/\/wp.me\/p4jV2T-32K","jetpack_likes_enabled":true,"jetpack-related-posts":[{"id":12944,"url":"http:\/\/www.robertosedda.it\/?p=12944","url_meta":{"origin":11702,"position":0},"title":"L&#8217;analfabetismo \u00e8 politico, non costituzionale","author":"Rufus","date":"13\/12\/2016","format":false,"excerpt":"Ieri, esasperato da decine di contatti\u00a0Facebook che, tutti nello stesso modo, credendosi tutti\u00a0uniformemente pi\u00f9 furbi e spiritosi del resto del mondo, postavano commenti tutti esattamente\u00a0uguali, probabilmente concepiti nell'unica stanza di un\u00a0social media manager particolarmente abile, irridendo, con questo loro\u00a0sarcasmo in\u00a0fotocopia, gli avversari di parte politica (nel caso specifico quelli che,\u2026","rel":"","context":"In &quot;Coordinate&quot;","block_context":{"text":"Coordinate","link":"http:\/\/www.robertosedda.it\/?cat=52"},"img":{"alt_text":"","src":"https:\/\/i0.wp.com\/www.robertosedda.it\/wp-content\/uploads\/2016\/12\/Rufus-Facebook.jpg?fit=856%2C357&resize=350%2C200","width":350,"height":200,"srcset":"https:\/\/i0.wp.com\/www.robertosedda.it\/wp-content\/uploads\/2016\/12\/Rufus-Facebook.jpg?fit=856%2C357&resize=350%2C200 1x, https:\/\/i0.wp.com\/www.robertosedda.it\/wp-content\/uploads\/2016\/12\/Rufus-Facebook.jpg?fit=856%2C357&resize=700%2C400 2x"},"classes":[]},{"id":14029,"url":"http:\/\/www.robertosedda.it\/?p=14029","url_meta":{"origin":11702,"position":1},"title":"C&#8217;\u00e8 speranza per l&#8217;arte sulla linea P","author":"Rufus","date":"31\/07\/2017","format":false,"excerpt":"Qualche giorno fa tornavo dal mare con l'autobus e avevo dietro di me due ragazzi poco sopra i vent'anni che discutevano di vacanze. Essendo ragazzi poco sopra i vent'anni il dibattito riguardava temi come se vai in vacanza da solo e sei impegnato poi magari l\u00ec ti capita una situazione\u2026","rel":"","context":"In &quot;Coordinate&quot;","block_context":{"text":"Coordinate","link":"http:\/\/www.robertosedda.it\/?cat=52"},"img":{"alt_text":"","src":"https:\/\/i0.wp.com\/www.robertosedda.it\/wp-content\/uploads\/2017\/07\/Galleria_darte_CA.jpg?fit=900%2C1200&resize=350%2C200","width":350,"height":200,"srcset":"https:\/\/i0.wp.com\/www.robertosedda.it\/wp-content\/uploads\/2017\/07\/Galleria_darte_CA.jpg?fit=900%2C1200&resize=350%2C200 1x, https:\/\/i0.wp.com\/www.robertosedda.it\/wp-content\/uploads\/2017\/07\/Galleria_darte_CA.jpg?fit=900%2C1200&resize=700%2C400 2x"},"classes":[]},{"id":9628,"url":"http:\/\/www.robertosedda.it\/?p=9628","url_meta":{"origin":11702,"position":2},"title":"Giochi, sillogismi e teologia sul treno per Rimini","author":"Rufus","date":"19\/02\/2015","format":false,"excerpt":"Venerd\u00ec, mentre andavo a Rimini, mi sono ritrovato separato da Gaetano su un treno affollato. Nel mio scompartimento c'erano una ragazza con l'aria da emo\u00a0e una spilla enorme con scritto\u00a0emo sucks\u00a0e tre ragazzi squadernati sui sedili come pu\u00f2 esserlo solo chi \u00e8 giovane, magro e in pace con se stesso\u2026","rel":"","context":"In &quot;Coordinate&quot;","block_context":{"text":"Coordinate","link":"http:\/\/www.robertosedda.it\/?cat=52"},"img":{"alt_text":"","src":"https:\/\/i0.wp.com\/www.robertosedda.it\/wp-content\/uploads\/2015\/02\/Roberto-Azione-Cattolica.jpg?fit=640%2C480&resize=350%2C200","width":350,"height":200},"classes":[]},{"id":16538,"url":"http:\/\/www.robertosedda.it\/?p=16538","url_meta":{"origin":11702,"position":3},"title":"Lasciatemi andare (bad karma)","author":"Rufus","date":"04\/04\/2019","format":false,"excerpt":"L'autore del blog intento al lavoro E insomma, l'altra mattina poco prima del risveglio sognavo. Stavo in un posto piacevole, con persone con cui ridevo e parlavo, ed era tutto molto bello, finch\u00e9 non mi sono reso conto che io sapevo che alcune delle persone con le quali mi stavo\u2026","rel":"","context":"In &quot;Coordinate&quot;","block_context":{"text":"Coordinate","link":"http:\/\/www.robertosedda.it\/?cat=52"},"img":{"alt_text":"","src":"https:\/\/i0.wp.com\/www.robertosedda.it\/wp-content\/uploads\/2014\/09\/febbraio-2008.jpg?fit=1200%2C900&resize=350%2C200","width":350,"height":200,"srcset":"https:\/\/i0.wp.com\/www.robertosedda.it\/wp-content\/uploads\/2014\/09\/febbraio-2008.jpg?fit=1200%2C900&resize=350%2C200 1x, https:\/\/i0.wp.com\/www.robertosedda.it\/wp-content\/uploads\/2014\/09\/febbraio-2008.jpg?fit=1200%2C900&resize=700%2C400 2x, https:\/\/i0.wp.com\/www.robertosedda.it\/wp-content\/uploads\/2014\/09\/febbraio-2008.jpg?fit=1200%2C900&resize=1050%2C600 3x"},"classes":[]},{"id":3626,"url":"http:\/\/www.robertosedda.it\/?p=3626","url_meta":{"origin":11702,"position":4},"title":"La zona prevella","author":"Rufus","date":"21\/06\/2013","format":false,"excerpt":"Qualche giorno fa, traducendo un articolo americano, mi sono lasciato scappare che ne avevo fatto anche una versione in cagliaritano, anzi qui si direbbe in chiasteddaio, la lingua parlata dai chiagliaritani. Poich\u00e9 mi \u00e8 stata chiesta dall'amabile Giovanni Mascellani la publico qui, anche se dopo averla riletta ho deciso che\u2026","rel":"","context":"In &quot;Coordinate&quot;","block_context":{"text":"Coordinate","link":"http:\/\/www.robertosedda.it\/?cat=52"},"img":{"alt_text":"","src":"https:\/\/i0.wp.com\/www.robertosedda.it\/wp-content\/uploads\/2013\/06\/Tumblr.jpg?fit=518%2C275&resize=350%2C200","width":350,"height":200},"classes":[]},{"id":12195,"url":"http:\/\/www.robertosedda.it\/?p=12195","url_meta":{"origin":11702,"position":5},"title":"Scritto nelle stelle","author":"Rufus","date":"07\/07\/2016","format":false,"excerpt":"Sul posto al mare dove vado a fare il bagno appena posso aleggia una curiosa maledizione, ben nota ai frequentatori locali. Chiunque prenda in gestione il bar del luogo sprofonda nella disorganizzazione. Famiglie\u00a0che conducono rispettabili baretti di periferia, affermate\u00a0societ\u00e0 provenienti da eleganti ritrovi\u00a0del centro, rampanti gestori di locali che saranno\u2026","rel":"","context":"In &quot;Coordinate&quot;","block_context":{"text":"Coordinate","link":"http:\/\/www.robertosedda.it\/?cat=52"},"img":{"alt_text":"","src":"https:\/\/i0.wp.com\/www.robertosedda.it\/wp-content\/uploads\/2014\/04\/Poetto-5.jpg?fit=1200%2C900&resize=350%2C200","width":350,"height":200,"srcset":"https:\/\/i0.wp.com\/www.robertosedda.it\/wp-content\/uploads\/2014\/04\/Poetto-5.jpg?fit=1200%2C900&resize=350%2C200 1x, https:\/\/i0.wp.com\/www.robertosedda.it\/wp-content\/uploads\/2014\/04\/Poetto-5.jpg?fit=1200%2C900&resize=700%2C400 2x, https:\/\/i0.wp.com\/www.robertosedda.it\/wp-content\/uploads\/2014\/04\/Poetto-5.jpg?fit=1200%2C900&resize=1050%2C600 3x"},"classes":[]}],"_links":{"self":[{"href":"http:\/\/www.robertosedda.it\/index.php?rest_route=\/wp\/v2\/posts\/11702"}],"collection":[{"href":"http:\/\/www.robertosedda.it\/index.php?rest_route=\/wp\/v2\/posts"}],"about":[{"href":"http:\/\/www.robertosedda.it\/index.php?rest_route=\/wp\/v2\/types\/post"}],"author":[{"embeddable":true,"href":"http:\/\/www.robertosedda.it\/index.php?rest_route=\/wp\/v2\/users\/1"}],"replies":[{"embeddable":true,"href":"http:\/\/www.robertosedda.it\/index.php?rest_route=%2Fwp%2Fv2%2Fcomments&post=11702"}],"version-history":[{"count":2,"href":"http:\/\/www.robertosedda.it\/index.php?rest_route=\/wp\/v2\/posts\/11702\/revisions"}],"predecessor-version":[{"id":19305,"href":"http:\/\/www.robertosedda.it\/index.php?rest_route=\/wp\/v2\/posts\/11702\/revisions\/19305"}],"wp:featuredmedia":[{"embeddable":true,"href":"http:\/\/www.robertosedda.it\/index.php?rest_route=\/wp\/v2\/media\/11703"}],"wp:attachment":[{"href":"http:\/\/www.robertosedda.it\/index.php?rest_route=%2Fwp%2Fv2%2Fmedia&parent=11702"}],"wp:term":[{"taxonomy":"category","embeddable":true,"href":"http:\/\/www.robertosedda.it\/index.php?rest_route=%2Fwp%2Fv2%2Fcategories&post=11702"},{"taxonomy":"post_tag","embeddable":true,"href":"http:\/\/www.robertosedda.it\/index.php?rest_route=%2Fwp%2Fv2%2Ftags&post=11702"}],"curies":[{"name":"wp","href":"https:\/\/api.w.org\/{rel}","templated":true}]}}