{"id":11693,"date":"2016-03-17T18:23:28","date_gmt":"2016-03-17T17:23:28","guid":{"rendered":"http:\/\/www.robertosedda.it\/?p=11693"},"modified":"2022-03-22T16:20:00","modified_gmt":"2022-03-22T15:20:00","slug":"tragediografi-di-grande-levatura","status":"publish","type":"post","link":"http:\/\/www.robertosedda.it\/?p=11693","title":{"rendered":"Tragediografi di grande levatura"},"content":{"rendered":"<p>Come ho spiegato all&#8217;inizio della ventesima puntata di questa stagione di\u00a0<em>Oggi parliamo<\/em> di libri avevo voglia fin dall&#8217;inizio dell&#8217;anno di parlare\u00a0prima o poi dell&#8217;<em>Adelchi<\/em> di Manzoni. Quando \u00e8 arrivato il momento, per\u00f2, mi sono reso conto che farlo per bene richiedeva porre delle premesse e che quindi avrei dovuto parlare di due autori che avevo accuratamente espunto dalla scaletta generale della stagione, Corneille e Racine.<\/p>\n<!--[if lt IE 9]><script>document.createElement('audio');<\/script><![endif]-->\n<audio class=\"wp-audio-shortcode\" id=\"audio-11693-1\" preload=\"none\" style=\"width: 100%;\" controls=\"controls\"><source type=\"audio\/mpeg\" src=\"http:\/\/www.radiokalaritana.it\/audio\/LIB-S04E20-Pierre_Corneille_Il_Cid-20160211.mp3?_=1\" \/><a href=\"http:\/\/www.radiokalaritana.it\/audio\/LIB-S04E20-Pierre_Corneille_Il_Cid-20160211.mp3\">http:\/\/www.radiokalaritana.it\/audio\/LIB-S04E20-Pierre_Corneille_Il_Cid-20160211.mp3<\/a><\/audio>\n<h4><em>Il Cid<\/em>\u00a0&#8211;\u00a0Pierre Corneille<\/h4>\n<p>Sono, Corneille e Racine, certo due autori un po&#8217; ostici alla lettura, non particolarmente ben pubblicati e quindi di non facile reperibilit\u00e0 e che, oltretutto, non compaiono neanche troppo spesso sui palcoscenici italiani. Presentandoli ho fatto l&#8217;ennesimo strappo alla regola generale di\u00a0<em>Oggi parliamo di libri<\/em>, che dovrebbe essere quella di proporre testi che possono essere letti con facilit\u00e0 e magari scoperti o riscoperti con piacere: d&#8217;altra parte devo dire che a\u00a0<em>me<\/em>, che non li avevo mai letti, sono piaciuti moltissimo.<\/p>\n<p>Fra i due le mie preferenze &#8211; e credo che ascoltando la\u00a0trasmissione si capisca\u00a0&#8211;\u00a0vanno a Corneille, forse anche perch\u00e9 il Cid \u00e8 uno degli eroi della mia adolescenza e ho letto e riletto pi\u00f9 volte il\u00a0<em>Cantare del Cid<\/em>: le due spade <em>Colada<\/em> e\u00a0<em>Tizona<\/em>, l&#8217;oltraggio di Corp\u00e9s e il duello finale:<\/p>\n<blockquote><p>Due sono rimasti vincitori. Ora vi dir\u00f2 di Mu\u00f1o Gustioz, come si comport\u00f2 con Ansuor Goncalvez. Si diedero sugli scudi dei grandissimi colpi. Ansuor Gongalvez, vigoroso e coraggioso, colp\u00ec sullo scudo Mu\u00f1o Gustioz in modo da attraversarglielo e da rompergli l&#8217;armatura. Ma la lancia and\u00f2 a vuoto, senza ferirlo nella persona.<\/p>\n<p>Dopo questo colpo, fu la volta di Mu\u00f1o Gustioz. Con un colpo gli ruppe lo scudo a mezzo. Non pot\u00e9 sostenerlo Ansuor e n&#8217;ebbe l&#8217;armatura spezzata. Tuttavia, fu ferito di fianco e non nel petto. Ebbe piantata nelle carni la lancia, con il pennone, la quale gli usc\u00ec dall&#8217;altra parte per la lunghezza d&#8217;un braccio. Mu\u00f1o Gustioz gli die&#8217; allora una scossa e lo smosse dalla sella. E tirando poi la lancia, lo gett\u00f2 a terra. L&#8217;asta, la lancia, il pennone erano rossi di sangue. Tutti pensarono che la ferita doveva essere mortale. Mu\u00f1o Gustioz abbass\u00f2 di nuovo la lancia e lo minacci\u00f2 standogli sopra. Ma Gongalvo Ansuorez disse: \u00ab Non colpite, per Dio. Con ci\u00f2, la pugna \u00e8 vinta\u00bb. Dissero i giudici: \u00abNoi siamo di questo parere \u00bb .<\/p><\/blockquote>\n<p><img data-attachment-id=\"11695\" data-permalink=\"http:\/\/www.robertosedda.it\/?attachment_id=11695\" data-orig-file=\"https:\/\/i0.wp.com\/www.robertosedda.it\/wp-content\/uploads\/2016\/03\/Immagine-prima-pagina-Cid.png?fit=800%2C640\" data-orig-size=\"800,640\" data-comments-opened=\"1\" data-image-meta=\"{&quot;aperture&quot;:&quot;0&quot;,&quot;credit&quot;:&quot;&quot;,&quot;camera&quot;:&quot;&quot;,&quot;caption&quot;:&quot;&quot;,&quot;created_timestamp&quot;:&quot;0&quot;,&quot;copyright&quot;:&quot;&quot;,&quot;focal_length&quot;:&quot;0&quot;,&quot;iso&quot;:&quot;0&quot;,&quot;shutter_speed&quot;:&quot;0&quot;,&quot;title&quot;:&quot;&quot;,&quot;orientation&quot;:&quot;0&quot;}\" data-image-title=\"Immagine prima pagina Cid\" data-image-description=\"\" data-image-caption=\"\" data-medium-file=\"https:\/\/i0.wp.com\/www.robertosedda.it\/wp-content\/uploads\/2016\/03\/Immagine-prima-pagina-Cid.png?fit=300%2C240\" data-large-file=\"https:\/\/i0.wp.com\/www.robertosedda.it\/wp-content\/uploads\/2016\/03\/Immagine-prima-pagina-Cid.png?fit=510%2C408\" decoding=\"async\" loading=\"lazy\" class=\"aligncenter size-full wp-image-11695\" src=\"https:\/\/i0.wp.com\/www.robertosedda.it\/wp-content\/uploads\/2016\/03\/Immagine-prima-pagina-Cid.png?resize=800%2C640\" alt=\"Immagine prima pagina Cid\" width=\"800\" height=\"640\" srcset=\"https:\/\/i0.wp.com\/www.robertosedda.it\/wp-content\/uploads\/2016\/03\/Immagine-prima-pagina-Cid.png?w=800 800w, https:\/\/i0.wp.com\/www.robertosedda.it\/wp-content\/uploads\/2016\/03\/Immagine-prima-pagina-Cid.png?resize=150%2C120 150w, https:\/\/i0.wp.com\/www.robertosedda.it\/wp-content\/uploads\/2016\/03\/Immagine-prima-pagina-Cid.png?resize=300%2C240 300w, https:\/\/i0.wp.com\/www.robertosedda.it\/wp-content\/uploads\/2016\/03\/Immagine-prima-pagina-Cid.png?resize=768%2C614 768w, https:\/\/i0.wp.com\/www.robertosedda.it\/wp-content\/uploads\/2016\/03\/Immagine-prima-pagina-Cid.png?resize=510%2C408 510w, https:\/\/i0.wp.com\/www.robertosedda.it\/wp-content\/uploads\/2016\/03\/Immagine-prima-pagina-Cid.png?resize=700%2C560 700w\" sizes=\"(max-width: 800px) 100vw, 800px\" data-recalc-dims=\"1\" \/>La lettura del\u00a0<em>Cid<\/em> di Corneille \u00e8&#8230; divertente, non c&#8217;\u00e8 altra parola, su pi\u00f9 livelli.\u00a0La trama \u00e8 un puro pretesto e la psicologia dei personaggi davvero lontana da noi, ma la lingua \u00e8 bellissima (l&#8217;ho letto in francese in una versione in libera circolazione, aiutandomi con una serie di traduzioni parziali trovate in rete) e la tragedia \u00e8 piena di particolarit\u00e0\u00a0delle quali non si fatica a comprendere la forza sul palcoscenico: la scena finale, con il falso destino di Sancho, \u00e8 un colpo teatrale di gran classe\u00a0e,\u00a0per esempio, la scena in cui Rodrigo si presenta in casa di Ximena e le propone di ucciderlo con la sua spada, la stessa che estratta si scopre\u00a0ancora sporca del sangue del padre, \u00e8 un\u00a0momento che se da una parte strappa un sorriso alla parte razionale\u00a0del lettore, d&#8217;altra parte potrebbe essere oggi tranquillamente tarantiniana &#8211; o forse pi\u00f9 di Scorsese &#8211; e comunque fa appello alla parte di noi che si \u00e8 nutrita per anni di narrazioni popolari e di effettacci sentimentali: il\u00a0<em>Cid<\/em>\u00a0era gi\u00e0 melodrammatico prima di essere adattato da Massenet: oggi io ne farei un\u00a0<em>manga<\/em>, e so che funzionerebbe alla grande.<\/p>\n<div class=\"jetpack-video-wrapper\"><span class=\"embed-youtube\" style=\"text-align:center; display: block;\"><iframe loading=\"lazy\" class=\"youtube-player\" width=\"800\" height=\"450\" src=\"https:\/\/www.youtube.com\/embed\/c3FFCb55qbo?version=3&#038;rel=1&#038;showsearch=0&#038;showinfo=1&#038;iv_load_policy=1&#038;fs=1&#038;hl=it-IT&#038;autohide=2&#038;wmode=transparent\" allowfullscreen=\"true\" style=\"border:0;\" sandbox=\"allow-scripts allow-same-origin allow-popups allow-presentation\"><\/iframe><\/span><\/div>\n<p>Su un altro piano se la psicologia dei personaggi \u00e8 lontana dalla nostra sensibilit\u00e0 invece le motivazioni del loro agire e i modi con i quali tentano di sopraffarsi l&#8217;un l&#8217;altro per raggiungere i loro obiettivi sono perfettamente comprensibili: in trasmissione ho sottolineato particolarmente la figura di Ximena perch\u00e9 il suo modo di manipolare le regole dell&#8217;onore maschile la rende il personaggio pi\u00f9 interessante, ma gli imbarazzi del Re e le passioni di Rodrigo costituiscono un triangolo di volont\u00e0 davvero notevole.<\/p>\n<p>E quindi il\u00a0<em>Cid<\/em> \u00e8 divertente da leggere, anche se faticoso. E offre un vantaggio aggiuntivo: il brivido di rendersi conto di essere\u00a0d&#8217;accordo con il Cardinale Richelieu, il quale aveva ragione a dire che la trama del\u00a0<em>Cid<\/em> \u00e8 del tutto incredibile. Quel che il Cardinale non capiva, probabilmente, \u00e8 che lo spettacolo ha le sue regole e che la coerenza narrativa interna non \u00e8 sempre l&#8217;elemento decisivo per i gusti del pubblico.<\/p>\n<p>Rispetto a Corneille ho apprezzato meno\u00a0Racine, anche per il paludamento neoclassico della\u00a0<em>Fedra<\/em>: Racine fa un lavoro superbo nel restituire toni, sentimenti, modi di pensare e argomenti della tragedia classica.\u00a0In certi momenti sembra quasi di leggere uno dei tre grandi tragediografi classici: \u00e8 in quel\u00a0<em>quasi<\/em>, per\u00f2, che sta un intero mondo di differenza.<\/p>\n<audio class=\"wp-audio-shortcode\" id=\"audio-11693-2\" preload=\"none\" style=\"width: 100%;\" controls=\"controls\"><source type=\"audio\/mpeg\" src=\"http:\/\/www.radiokalaritana.it\/audio\/LIB-S04E21-Jean_Racine_Fedra-20160218.mp3?_=2\" \/><a href=\"http:\/\/www.radiokalaritana.it\/audio\/LIB-S04E21-Jean_Racine_Fedra-20160218.mp3\">http:\/\/www.radiokalaritana.it\/audio\/LIB-S04E21-Jean_Racine_Fedra-20160218.mp3<\/a><\/audio>\n<h4><em>Fedra<\/em>\u00a0&#8211;\u00a0Jean Racine<\/h4>\n<audio class=\"wp-audio-shortcode\" id=\"audio-11693-3\" preload=\"none\" style=\"width: 100%;\" controls=\"controls\"><source type=\"audio\/mpeg\" src=\"http:\/\/www.radiokalaritana.it\/audio\/LIB-S04E22-Jean_Racine_e_il_teatro_della_sua_epoca-20160225.mp3?_=3\" \/><a href=\"http:\/\/www.radiokalaritana.it\/audio\/LIB-S04E22-Jean_Racine_e_il_teatro_della_sua_epoca-20160225.mp3\">http:\/\/www.radiokalaritana.it\/audio\/LIB-S04E22-Jean_Racine_e_il_teatro_della_sua_epoca-20160225.mp3<\/a><\/audio>\n<h4><i>Ancora su\u00a0<\/i>Jean Racine<\/h4>\n<p><img data-attachment-id=\"11697\" data-permalink=\"http:\/\/www.robertosedda.it\/?attachment_id=11697\" data-orig-file=\"https:\/\/i0.wp.com\/www.robertosedda.it\/wp-content\/uploads\/2016\/03\/Fedra.jpg?fit=300%2C336\" data-orig-size=\"300,336\" data-comments-opened=\"1\" data-image-meta=\"{&quot;aperture&quot;:&quot;0&quot;,&quot;credit&quot;:&quot;&quot;,&quot;camera&quot;:&quot;&quot;,&quot;caption&quot;:&quot;&quot;,&quot;created_timestamp&quot;:&quot;0&quot;,&quot;copyright&quot;:&quot;&quot;,&quot;focal_length&quot;:&quot;0&quot;,&quot;iso&quot;:&quot;0&quot;,&quot;shutter_speed&quot;:&quot;0&quot;,&quot;title&quot;:&quot;&quot;,&quot;orientation&quot;:&quot;0&quot;}\" data-image-title=\"Fedra\" data-image-description=\"\" data-image-caption=\"\" data-medium-file=\"https:\/\/i0.wp.com\/www.robertosedda.it\/wp-content\/uploads\/2016\/03\/Fedra.jpg?fit=268%2C300\" data-large-file=\"https:\/\/i0.wp.com\/www.robertosedda.it\/wp-content\/uploads\/2016\/03\/Fedra.jpg?fit=300%2C336\" decoding=\"async\" loading=\"lazy\" class=\"alignleft wp-image-11697 size-full\" src=\"https:\/\/i0.wp.com\/www.robertosedda.it\/wp-content\/uploads\/2016\/03\/Fedra.jpg?resize=300%2C336\" alt=\"Fedra\" width=\"300\" height=\"336\" srcset=\"https:\/\/i0.wp.com\/www.robertosedda.it\/wp-content\/uploads\/2016\/03\/Fedra.jpg?w=300 300w, https:\/\/i0.wp.com\/www.robertosedda.it\/wp-content\/uploads\/2016\/03\/Fedra.jpg?resize=134%2C150 134w, https:\/\/i0.wp.com\/www.robertosedda.it\/wp-content\/uploads\/2016\/03\/Fedra.jpg?resize=268%2C300 268w\" sizes=\"(max-width: 300px) 100vw, 300px\" data-recalc-dims=\"1\" \/>Alla\u00a0<em>Fedra<\/em> ho dedicato due puntate e ho avuto molto pi\u00f9 spazio per\u00a0illustrare le cose che volevo dire, quindi non mi dilungo. Devo solo ammettere che parlando del contributo alla teoria del teatro dato dal grande pensiero dell&#8217;Umanesimo e ai limiti che questo contributo poneva agli autori &#8211; un argomento evocato peraltro anche nella puntata su <a href=\"http:\/\/www.robertosedda.it\/?p=11184\">Lope de Vega<\/a>, in quella su <a href=\"http:\/\/www.robertosedda.it\/?p=11264\">Ben Jonson<\/a> e in altri momenti &#8211; sono stato pi\u00f9 volte un tantino impreciso: in tutti i casi in cui ne ho parlato avevo maturato della cosa una conoscenza del tutto libresca, dei riferimenti trovati nelle recensioni\u00a0critiche delle opere di cui parlavo e quindi, lo ammetto, ne ho parlato per sentito dire; per quanto mi abbia molto aiutato quest&#8217;anno l&#8217;aver avuto al Liceo insegnanti davvero bravi riascoltando\u00a0le puntate\u00a0mi rendo conto che ho detto spesso in merito delle cose che potevano essere espresse in maniera molto pi\u00f9 rigorosa. Per fortuna con Racine dovremmo avere finito e gli umanisti non torneranno pi\u00f9 a turbare la storia del teatro e la tranquillit\u00e0 delle puntate di\u00a0<em>Oggi parliamo di libri<\/em>: i miei difetti invece, temo, resteranno con noi anche in futuro!<\/p>\n","protected":false},"excerpt":{"rendered":"<p>Come ho spiegato all&#8217;inizio della ventesima puntata di questa stagione di\u00a0Oggi parliamo di libri avevo voglia fin dall&#8217;inizio dell&#8217;anno di<\/p>\n","protected":false},"author":1,"featured_media":11697,"comment_status":"open","ping_status":"open","sticky":false,"template":"","format":"standard","meta":{"_mi_skip_tracking":false,"_monsterinsights_sitenote_active":false,"_monsterinsights_sitenote_note":"","_monsterinsights_sitenote_category":0,"jetpack_post_was_ever_published":false,"_jetpack_newsletter_access":"","jetpack_publicize_message":"","jetpack_is_tweetstorm":false,"jetpack_publicize_feature_enabled":true,"jetpack_social_post_already_shared":true,"jetpack_social_options":{"image_generator_settings":{"template":"highway","enabled":false}}},"categories":[52,56,13,101,12],"tags":[],"jetpack_publicize_connections":[],"jetpack_featured_media_url":"https:\/\/i0.wp.com\/www.robertosedda.it\/wp-content\/uploads\/2016\/03\/Fedra.jpg?fit=300%2C336","jetpack_sharing_enabled":true,"jetpack_shortlink":"https:\/\/wp.me\/p4jV2T-32B","jetpack_likes_enabled":true,"jetpack-related-posts":[{"id":11858,"url":"http:\/\/www.robertosedda.it\/?p=11858","url_meta":{"origin":11693,"position":0},"title":"La perplessit\u00e0 del cuore","author":"Rufus","date":"20\/04\/2016","format":false,"excerpt":"Varr\u00e0 davvero\u00a0la pena di parlare (e soprattutto di leggere) di Vittorio Alfieri e del\u00a0Saul? Un'opera fuori del nostro tempo, probabilmente, eppure con un taglio inaspettatamente moderno. http:\/\/www.radiokalaritana.it\/audio\/LIB-S04E23-Vittorio_Alfieri_Saul-20160303.mp3 Saul - Vittorio Alfieri Metto in linea oggi la puntata di\u00a0Oggi parliamo di libri\u00a0dedicata al\u00a0Saul di Vittorio Alfieri, che\u00a0prosegue il quartetto di trasmissioni\u2026","rel":"","context":"In &quot;Coordinate&quot;","block_context":{"text":"Coordinate","link":"http:\/\/www.robertosedda.it\/?cat=52"},"img":{"alt_text":"","src":"https:\/\/i0.wp.com\/www.robertosedda.it\/wp-content\/uploads\/2016\/04\/Vittorio-Alfieri.jpg?fit=1024%2C768&resize=350%2C200","width":350,"height":200,"srcset":"https:\/\/i0.wp.com\/www.robertosedda.it\/wp-content\/uploads\/2016\/04\/Vittorio-Alfieri.jpg?fit=1024%2C768&resize=350%2C200 1x, https:\/\/i0.wp.com\/www.robertosedda.it\/wp-content\/uploads\/2016\/04\/Vittorio-Alfieri.jpg?fit=1024%2C768&resize=700%2C400 2x"},"classes":[]},{"id":9519,"url":"http:\/\/www.robertosedda.it\/?p=9519","url_meta":{"origin":11693,"position":1},"title":"Cyrano de Bergerac e le bugie dell&#8217;amore","author":"Rufus","date":"02\/02\/2015","format":"video","excerpt":"Devo confessare una cosa: forse perch\u00e9 opera teatrale in versi avevo sempre creduto che il Cyrano\u00a0di Rostand fosse un'opera pi\u00f9 o meno risalente alla stessa epoca dei fatti narrati, pi\u00f9 o meno contemporaneo di Corneille e Racine (e infatti i pi\u00f9 attenti ricorderanno che l'ho citato in questo senso nella\u2026","rel":"","context":"In &quot;Cappe e spade&quot;","block_context":{"text":"Cappe e spade","link":"http:\/\/www.robertosedda.it\/?cat=70"},"img":{"alt_text":"","src":"https:\/\/i0.wp.com\/img.youtube.com\/vi\/RoRIhrt9XUk\/0.jpg?resize=350%2C200","width":350,"height":200},"classes":[]},{"id":11710,"url":"http:\/\/www.robertosedda.it\/?p=11710","url_meta":{"origin":11693,"position":2},"title":"Il Re Cervo a Oggi parliamo di libri","author":"Rufus","date":"22\/03\/2016","format":false,"excerpt":"La settimana scorsa ho pubblicato qui sul sito le puntate di\u00a0Oggi parliamo di libri dedicate a Corneille e Racine; la vicinanza cronologica di questi due autori con Moli\u00e8re deve avermi confuso, perch\u00e9 non mi sono accorto che facendoli succedere immediatamente al Tartufo\u00a0saltavo due puntate intermedie, quelle nelle quali avevo proseguito\u2026","rel":"","context":"In &quot;Coordinate&quot;","block_context":{"text":"Coordinate","link":"http:\/\/www.robertosedda.it\/?cat=52"},"img":{"alt_text":"","src":"https:\/\/i0.wp.com\/www.robertosedda.it\/wp-content\/uploads\/2016\/03\/Re-Cervo.jpg?fit=720%2C618&resize=350%2C200","width":350,"height":200,"srcset":"https:\/\/i0.wp.com\/www.robertosedda.it\/wp-content\/uploads\/2016\/03\/Re-Cervo.jpg?fit=720%2C618&resize=350%2C200 1x, https:\/\/i0.wp.com\/www.robertosedda.it\/wp-content\/uploads\/2016\/03\/Re-Cervo.jpg?fit=720%2C618&resize=700%2C400 2x"},"classes":[]},{"id":20379,"url":"http:\/\/www.robertosedda.it\/?p=20379","url_meta":{"origin":11693,"position":3},"title":"Il riflettore truccato","author":"Rufus","date":"09\/11\/2023","format":false,"excerpt":"Dopo un certo periodo in cui ho letto Mimesis poche pagine per volta, l'altro giorno, complice una lunga passeggiata, mi sono bevuto d'un fiato il capitolo dedicato a Moli\u00e8re, Racine e Corneille (dalla quale lettura le mie puntate sugli stessi autori per Oggi parliamo di libri escono ovviamente salutarmente umiliate),\u2026","rel":"","context":"In &quot;Coordinate&quot;","block_context":{"text":"Coordinate","link":"http:\/\/www.robertosedda.it\/?cat=52"},"img":{"alt_text":"","src":"https:\/\/i0.wp.com\/www.robertosedda.it\/wp-content\/uploads\/2023\/03\/Mimesis.jpg?fit=311%2C500&resize=350%2C200","width":350,"height":200},"classes":[]},{"id":3424,"url":"http:\/\/www.robertosedda.it\/?p=3424","url_meta":{"origin":11693,"position":4},"title":"I gialli di cui parler\u00f2 (se voi me li consigliate)","author":"Rufus","date":"04\/06\/2013","format":false,"excerpt":"Mentre Oggi parliamo di libri del 2012\/2013 si avvia alla conclusione (per l'estate ci fermiamo) mi \u00e8 venuta voglia di dedicare un po' di tempo a progettare la prossima stagione, lavoro per il quale chiedo aiuto a voi, affezionati lettori. Dedicher\u00f2 sicuramente un ciclo di puntate ai gialli. Ho messo\u2026","rel":"","context":"In &quot;Coordinate&quot;","block_context":{"text":"Coordinate","link":"http:\/\/www.robertosedda.it\/?cat=52"},"img":{"alt_text":"","src":"https:\/\/i0.wp.com\/www.robertosedda.it\/wp-content\/uploads\/2012\/11\/92_1334481194.jpg?fit=447%2C335&resize=350%2C200","width":350,"height":200},"classes":[]},{"id":12472,"url":"http:\/\/www.robertosedda.it\/?p=12472","url_meta":{"origin":11693,"position":5},"title":"Cos\u00ec fin\u00ec Oggi parliamo di libri","author":"Rufus","date":"06\/09\/2016","format":false,"excerpt":"Trovate qui sotto l'ultima puntata della stagione 2015\/2016 di\u00a0Oggi parliamo di libri, dedicata a\u00a0Liol\u00e0\u00a0di Pirandello: si tratta anche dell'ultima puntata in generale della trasmissione, perch\u00e9 per l'anno prossimo mi piacerebbe molto che venisse accettata la mia proposta di parlare di giochi\u00a0(se si parte si parte ad ottobre, ma mi pare\u2026","rel":"","context":"In &quot;Coordinate&quot;","block_context":{"text":"Coordinate","link":"http:\/\/www.robertosedda.it\/?cat=52"},"img":{"alt_text":"","src":"https:\/\/i0.wp.com\/www.robertosedda.it\/wp-content\/uploads\/2016\/09\/Oggi-parliamo-di-libri-1.jpg?fit=480%2C360&resize=350%2C200","width":350,"height":200},"classes":[]}],"_links":{"self":[{"href":"http:\/\/www.robertosedda.it\/index.php?rest_route=\/wp\/v2\/posts\/11693"}],"collection":[{"href":"http:\/\/www.robertosedda.it\/index.php?rest_route=\/wp\/v2\/posts"}],"about":[{"href":"http:\/\/www.robertosedda.it\/index.php?rest_route=\/wp\/v2\/types\/post"}],"author":[{"embeddable":true,"href":"http:\/\/www.robertosedda.it\/index.php?rest_route=\/wp\/v2\/users\/1"}],"replies":[{"embeddable":true,"href":"http:\/\/www.robertosedda.it\/index.php?rest_route=%2Fwp%2Fv2%2Fcomments&post=11693"}],"version-history":[{"count":5,"href":"http:\/\/www.robertosedda.it\/index.php?rest_route=\/wp\/v2\/posts\/11693\/revisions"}],"predecessor-version":[{"id":13477,"href":"http:\/\/www.robertosedda.it\/index.php?rest_route=\/wp\/v2\/posts\/11693\/revisions\/13477"}],"wp:featuredmedia":[{"embeddable":true,"href":"http:\/\/www.robertosedda.it\/index.php?rest_route=\/wp\/v2\/media\/11697"}],"wp:attachment":[{"href":"http:\/\/www.robertosedda.it\/index.php?rest_route=%2Fwp%2Fv2%2Fmedia&parent=11693"}],"wp:term":[{"taxonomy":"category","embeddable":true,"href":"http:\/\/www.robertosedda.it\/index.php?rest_route=%2Fwp%2Fv2%2Fcategories&post=11693"},{"taxonomy":"post_tag","embeddable":true,"href":"http:\/\/www.robertosedda.it\/index.php?rest_route=%2Fwp%2Fv2%2Ftags&post=11693"}],"curies":[{"name":"wp","href":"https:\/\/api.w.org\/{rel}","templated":true}]}}