{"id":1167,"date":"2012-10-27T12:06:04","date_gmt":"2012-10-27T10:06:04","guid":{"rendered":"http:\/\/www.robertosedda.it\/?p=1167"},"modified":"2012-10-27T12:06:32","modified_gmt":"2012-10-27T10:06:32","slug":"allinizio-delle-piogge","status":"publish","type":"post","link":"http:\/\/www.robertosedda.it\/?p=1167","title":{"rendered":"All&#8217;inizio delle piogge"},"content":{"rendered":"<p>Oggi, uscendo di casa e salutando mia moglie sotto un diluvio, mi \u00e8 tornata in mente una poesia, adatta all&#8217;autunno e ai giorni di pioggia.<\/p>\n<p>Riguardatevi!<\/p>\n<p>La poesia \u00e8, ovviamente, di Bertolt Brecht:<\/p>\n<blockquote><p><strong>Da leggere il mattino e la sera<\/strong><\/p>\n<p>Quello che amo<br \/>\nmi ha detto<br \/>\nche ha bisogno di me.<\/p>\n<p>Per questo<br \/>\nho cura di me stessa<br \/>\nguardo dove cammino e<br \/>\ntemo che ogni goccia di pioggia<br \/>\nmi possa uccidere.<\/p><\/blockquote>\n","protected":false},"excerpt":{"rendered":"<p>Oggi, uscendo di casa e salutando mia moglie sotto un diluvio, mi \u00e8 tornata in mente una poesia, adatta all&#8217;autunno<\/p>\n","protected":false},"author":1,"featured_media":0,"comment_status":"open","ping_status":"open","sticky":false,"template":"","format":"standard","meta":{"_mi_skip_tracking":false,"_monsterinsights_sitenote_active":false,"_monsterinsights_sitenote_note":"","_monsterinsights_sitenote_category":0,"jetpack_post_was_ever_published":false,"_jetpack_newsletter_access":"","jetpack_publicize_message":"","jetpack_is_tweetstorm":false,"jetpack_publicize_feature_enabled":true,"jetpack_social_post_already_shared":false,"jetpack_social_options":{"image_generator_settings":{"template":"highway","enabled":false}}},"categories":[52,53,75,17,16],"tags":[],"jetpack_publicize_connections":[],"jetpack_featured_media_url":"","jetpack_sharing_enabled":true,"jetpack_shortlink":"https:\/\/wp.me\/p4jV2T-iP","jetpack_likes_enabled":true,"jetpack-related-posts":[{"id":16587,"url":"http:\/\/www.robertosedda.it\/?p=16587","url_meta":{"origin":1167,"position":0},"title":"Pioggia di primavera","author":"Rufus","date":"11\/04\/2019","format":false,"excerpt":"Controllando delle altre cose su Facebook mi sono accorto che c'\u00e8 stato un tempo (fra il 2008 e il 2009) nel quale pubblicavo una poesia al giorno. Cio\u00e8: che pubblicassi poesie me lo ricordavo. Quello che non ricordavo era di essere durato cos\u00ec tanto: almeno sei mesi interi, giorno dopo\u2026","rel":"","context":"In &quot;Coordinate&quot;","block_context":{"text":"Coordinate","link":"http:\/\/www.robertosedda.it\/?cat=52"},"img":{"alt_text":"","src":"https:\/\/i0.wp.com\/www.robertosedda.it\/wp-content\/uploads\/2013\/02\/Nazim_Hikmet.jpg?fit=240%2C268&resize=350%2C200","width":350,"height":200},"classes":[]},{"id":13585,"url":"http:\/\/www.robertosedda.it\/?p=13585","url_meta":{"origin":1167,"position":1},"title":"Piove","author":"Rufus","date":"19\/04\/2017","format":"video","excerpt":"Piove, oggi. E mi \u00e8 tornato in mente che da poco, durante una giornata altrettanto uggiosa, qualcuno mi ha chiesto perch\u00e9 durante uno dei miei vagabondaggi per l'Italia fra una riunione e l'altra non avessi provato a passare per Cesena (invece che puntare su Milano, credo) e io gli ho\u2026","rel":"","context":"In &quot;Coordinate&quot;","block_context":{"text":"Coordinate","link":"http:\/\/www.robertosedda.it\/?cat=52"},"img":{"alt_text":"","src":"https:\/\/i0.wp.com\/www.robertosedda.it\/wp-content\/uploads\/2017\/04\/Sanguineti-Poesia-italiana-del-Novecento-I.jpg?fit=364%2C603&resize=350%2C200","width":350,"height":200},"classes":[]},{"id":1333,"url":"http:\/\/www.robertosedda.it\/?p=1333","url_meta":{"origin":1167,"position":2},"title":"A qualcuno piace la poesia","author":"Rufus","date":"14\/11\/2012","format":false,"excerpt":"Ieri era il compleanno di mia moglie, e ovviamente sulla\u00a0mailing list\u00a0del gruppo \"La Pira\" le hanno fatto gli auguri. Per sdebitarsi Maria Bonaria ha pubblicato sulla lista una poesia di Wislawa Szymborska (che \u00e8 la sua poetessa, come Brecht per me). \u00c8 una poesia molto bella, e mi va di\u2026","rel":"","context":"In &quot;Coordinate&quot;","block_context":{"text":"Coordinate","link":"http:\/\/www.robertosedda.it\/?cat=52"},"img":{"alt_text":"","src":"","width":0,"height":0},"classes":[]},{"id":15915,"url":"http:\/\/www.robertosedda.it\/?p=15915","url_meta":{"origin":1167,"position":3},"title":"Dubbi amletici","author":"Rufus","date":"30\/11\/2018","format":false,"excerpt":"Devo confessare che per molto tempo ho creduto che frasi come\u00a0ha messo pioggia ed equivalenti\u00a0fossero una versione un po' anacolutica dell'espressione\u00a0il tempo si \u00e8 volto (messo) al peggio, al bello, al sereno (peraltro, un significato in qualche modo coerente con quel che riportano la\u00a0Treccani\u00a0e altri vocabolari). Ho invece scoperto, qualche\u2026","rel":"","context":"In &quot;Coordinate&quot;","block_context":{"text":"Coordinate","link":"http:\/\/www.robertosedda.it\/?cat=52"},"img":{"alt_text":"","src":"https:\/\/i0.wp.com\/www.robertosedda.it\/wp-content\/uploads\/2018\/11\/Pioggia.png?fit=512%2C512&resize=350%2C200","width":350,"height":200},"classes":[]},{"id":2357,"url":"http:\/\/www.robertosedda.it\/?p=2357","url_meta":{"origin":1167,"position":4},"title":"Giorno di festa","author":"Rufus","date":"26\/02\/2013","format":false,"excerpt":"Oggi \u00e8 giorno di festa, perch\u00e9 ho finalmente ritrovato la poesia di Nazim Hikmet citata nelle Fate ignoranti di Ozpetek. Hikmet \u00e8 pochi gradini sotto Brecht nella graduatoria dei miei poeti preferiti. Ora che ci penso: un altro poeta comunista della mia adolescenza (e no, mia mamma non mi leggeva\u2026","rel":"","context":"In &quot;Coordinate&quot;","block_context":{"text":"Coordinate","link":"http:\/\/www.robertosedda.it\/?cat=52"},"img":{"alt_text":"","src":"https:\/\/i0.wp.com\/www.robertosedda.it\/wp-content\/uploads\/2013\/02\/Nazim_Hikmet.jpg?fit=240%2C268&resize=350%2C200","width":350,"height":200},"classes":[]},{"id":17480,"url":"http:\/\/www.robertosedda.it\/?p=17480","url_meta":{"origin":1167,"position":5},"title":"Google Maps","author":"Rufus","date":"04\/11\/2019","format":false,"excerpt":"Questo ultimo lungo fine settimana me ne sono andato in giro per la Sardegna con Maria Bonaria. O meglio: avevo intenzione di farlo, poi pioveva e abbiamo deciso di limitare un po' i nostri giri. In ogni caso, gioved\u00ec ci ha trovato a Urzulei per pranzo e poi sulla strada\u2026","rel":"","context":"In &quot;Coordinate&quot;","block_context":{"text":"Coordinate","link":"http:\/\/www.robertosedda.it\/?cat=52"},"img":{"alt_text":"","src":"https:\/\/i0.wp.com\/www.robertosedda.it\/wp-content\/uploads\/2019\/11\/Urzulei3.png?fit=1081%2C636&resize=350%2C200","width":350,"height":200,"srcset":"https:\/\/i0.wp.com\/www.robertosedda.it\/wp-content\/uploads\/2019\/11\/Urzulei3.png?fit=1081%2C636&resize=350%2C200 1x, https:\/\/i0.wp.com\/www.robertosedda.it\/wp-content\/uploads\/2019\/11\/Urzulei3.png?fit=1081%2C636&resize=700%2C400 2x, https:\/\/i0.wp.com\/www.robertosedda.it\/wp-content\/uploads\/2019\/11\/Urzulei3.png?fit=1081%2C636&resize=1050%2C600 3x"},"classes":[]}],"_links":{"self":[{"href":"http:\/\/www.robertosedda.it\/index.php?rest_route=\/wp\/v2\/posts\/1167"}],"collection":[{"href":"http:\/\/www.robertosedda.it\/index.php?rest_route=\/wp\/v2\/posts"}],"about":[{"href":"http:\/\/www.robertosedda.it\/index.php?rest_route=\/wp\/v2\/types\/post"}],"author":[{"embeddable":true,"href":"http:\/\/www.robertosedda.it\/index.php?rest_route=\/wp\/v2\/users\/1"}],"replies":[{"embeddable":true,"href":"http:\/\/www.robertosedda.it\/index.php?rest_route=%2Fwp%2Fv2%2Fcomments&post=1167"}],"version-history":[{"count":4,"href":"http:\/\/www.robertosedda.it\/index.php?rest_route=\/wp\/v2\/posts\/1167\/revisions"}],"predecessor-version":[{"id":1171,"href":"http:\/\/www.robertosedda.it\/index.php?rest_route=\/wp\/v2\/posts\/1167\/revisions\/1171"}],"wp:attachment":[{"href":"http:\/\/www.robertosedda.it\/index.php?rest_route=%2Fwp%2Fv2%2Fmedia&parent=1167"}],"wp:term":[{"taxonomy":"category","embeddable":true,"href":"http:\/\/www.robertosedda.it\/index.php?rest_route=%2Fwp%2Fv2%2Fcategories&post=1167"},{"taxonomy":"post_tag","embeddable":true,"href":"http:\/\/www.robertosedda.it\/index.php?rest_route=%2Fwp%2Fv2%2Ftags&post=1167"}],"curies":[{"name":"wp","href":"https:\/\/api.w.org\/{rel}","templated":true}]}}