{"id":11659,"date":"2016-03-15T15:58:08","date_gmt":"2016-03-15T14:58:08","guid":{"rendered":"http:\/\/www.robertosedda.it\/?p=11659"},"modified":"2022-03-17T12:49:54","modified_gmt":"2022-03-17T11:49:54","slug":"bambini-e-pistole","status":"publish","type":"post","link":"http:\/\/www.robertosedda.it\/?p=11659","title":{"rendered":"Bambini e pistole"},"content":{"rendered":"<p>Non so se la settimana scorsa avete visto passare da qualche parte la notizia che riguarda Jamie Gilt.<\/p>\n<p>Chi \u00e8 Jamie Gilt?<\/p>\n<p>Questa.<img data-attachment-id=\"11662\" data-permalink=\"http:\/\/www.robertosedda.it\/?attachment_id=11662\" data-orig-file=\"https:\/\/i0.wp.com\/www.robertosedda.it\/wp-content\/uploads\/2016\/03\/Jamie-Gilt.jpg?fit=634%2C633\" data-orig-size=\"634,633\" data-comments-opened=\"1\" data-image-meta=\"{&quot;aperture&quot;:&quot;0&quot;,&quot;credit&quot;:&quot;\\u00a9 Facebook\\\/jamie gilt&quot;,&quot;camera&quot;:&quot;&quot;,&quot;caption&quot;:&quot;&quot;,&quot;created_timestamp&quot;:&quot;0&quot;,&quot;copyright&quot;:&quot;&quot;,&quot;focal_length&quot;:&quot;0&quot;,&quot;iso&quot;:&quot;0&quot;,&quot;shutter_speed&quot;:&quot;0&quot;,&quot;title&quot;:&quot;&quot;,&quot;orientation&quot;:&quot;0&quot;}\" data-image-title=\"Jamie Gilt\" data-image-description=\"\" data-image-caption=\"\" data-medium-file=\"https:\/\/i0.wp.com\/www.robertosedda.it\/wp-content\/uploads\/2016\/03\/Jamie-Gilt.jpg?fit=300%2C300\" data-large-file=\"https:\/\/i0.wp.com\/www.robertosedda.it\/wp-content\/uploads\/2016\/03\/Jamie-Gilt.jpg?fit=510%2C509\" decoding=\"async\" loading=\"lazy\" class=\"aligncenter size-full wp-image-11662\" src=\"https:\/\/i0.wp.com\/www.robertosedda.it\/wp-content\/uploads\/2016\/03\/Jamie-Gilt.jpg?resize=634%2C633\" alt=\"Jamie Gilt\" width=\"634\" height=\"633\" srcset=\"https:\/\/i0.wp.com\/www.robertosedda.it\/wp-content\/uploads\/2016\/03\/Jamie-Gilt.jpg?w=634 634w, https:\/\/i0.wp.com\/www.robertosedda.it\/wp-content\/uploads\/2016\/03\/Jamie-Gilt.jpg?resize=150%2C150 150w, https:\/\/i0.wp.com\/www.robertosedda.it\/wp-content\/uploads\/2016\/03\/Jamie-Gilt.jpg?resize=300%2C300 300w, https:\/\/i0.wp.com\/www.robertosedda.it\/wp-content\/uploads\/2016\/03\/Jamie-Gilt.jpg?resize=510%2C509 510w, https:\/\/i0.wp.com\/www.robertosedda.it\/wp-content\/uploads\/2016\/03\/Jamie-Gilt.jpg?resize=100%2C100 100w\" sizes=\"(max-width: 634px) 100vw, 634px\" data-recalc-dims=\"1\" \/><\/p>\n<p>Bella figliola, no? Molto fotogenica.<\/p>\n<p>Tanto che \u00e8 diventata famosetta, negli USA, come <em>testimonial<\/em> delle varie campagne a favore del diritto a portare armi, nonch\u00e9 piccolo idolo del solito giro di organizzazioni di destra.<\/p>\n<figure id=\"attachment_11663\" aria-describedby=\"caption-attachment-11663\" style=\"width: 560px\" class=\"wp-caption aligncenter\"><img data-attachment-id=\"11663\" data-permalink=\"http:\/\/www.robertosedda.it\/?attachment_id=11663\" data-orig-file=\"https:\/\/i0.wp.com\/www.robertosedda.it\/wp-content\/uploads\/2016\/03\/Jamie-Gilt-2.jpg?fit=560%2C840\" data-orig-size=\"560,840\" data-comments-opened=\"1\" data-image-meta=\"{&quot;aperture&quot;:&quot;0&quot;,&quot;credit&quot;:&quot;&quot;,&quot;camera&quot;:&quot;&quot;,&quot;caption&quot;:&quot;&quot;,&quot;created_timestamp&quot;:&quot;0&quot;,&quot;copyright&quot;:&quot;&quot;,&quot;focal_length&quot;:&quot;0&quot;,&quot;iso&quot;:&quot;0&quot;,&quot;shutter_speed&quot;:&quot;0&quot;,&quot;title&quot;:&quot;&quot;,&quot;orientation&quot;:&quot;0&quot;}\" data-image-title=\"Jamie Gilt 2\" data-image-description=\"&lt;p&gt;Pi\u00f9 conosco il mio governo pi\u00f9 amo le mie armi&lt;\/p&gt;\n\" data-image-caption=\"\" data-medium-file=\"https:\/\/i0.wp.com\/www.robertosedda.it\/wp-content\/uploads\/2016\/03\/Jamie-Gilt-2.jpg?fit=200%2C300\" data-large-file=\"https:\/\/i0.wp.com\/www.robertosedda.it\/wp-content\/uploads\/2016\/03\/Jamie-Gilt-2.jpg?fit=510%2C765\" decoding=\"async\" loading=\"lazy\" class=\"wp-image-11663 size-full\" src=\"https:\/\/i0.wp.com\/www.robertosedda.it\/wp-content\/uploads\/2016\/03\/Jamie-Gilt-2.jpg?resize=560%2C840\" alt=\"Jamie Gilt 2\" width=\"560\" height=\"840\" srcset=\"https:\/\/i0.wp.com\/www.robertosedda.it\/wp-content\/uploads\/2016\/03\/Jamie-Gilt-2.jpg?w=560 560w, https:\/\/i0.wp.com\/www.robertosedda.it\/wp-content\/uploads\/2016\/03\/Jamie-Gilt-2.jpg?resize=100%2C150 100w, https:\/\/i0.wp.com\/www.robertosedda.it\/wp-content\/uploads\/2016\/03\/Jamie-Gilt-2.jpg?resize=200%2C300 200w, https:\/\/i0.wp.com\/www.robertosedda.it\/wp-content\/uploads\/2016\/03\/Jamie-Gilt-2.jpg?resize=510%2C765 510w\" sizes=\"(max-width: 560px) 100vw, 560px\" data-recalc-dims=\"1\" \/><figcaption id=\"caption-attachment-11663\" class=\"wp-caption-text\">Pi\u00f9 conosco il mio governo, pi\u00f9 amo le mie armi!<\/figcaption><\/figure>\n<p>Il problema \u00e8 che il giorno che nostro Signore distribuiva il cervello la signora doveva essere in fila da un&#8217;altra parte a farsi placcare finto oro\u00a0l&#8217;ultima pistola acquistata.<\/p>\n<p>Non scherzo. Intanto questa \u00e8 la pistola:<\/p>\n<figure id=\"attachment_11664\" aria-describedby=\"caption-attachment-11664\" style=\"width: 634px\" class=\"wp-caption aligncenter\"><img data-attachment-id=\"11664\" data-permalink=\"http:\/\/www.robertosedda.it\/?attachment_id=11664\" data-orig-file=\"https:\/\/i0.wp.com\/www.robertosedda.it\/wp-content\/uploads\/2016\/03\/Jamie-Gilt-gold-plaqued.jpg?fit=634%2C859\" data-orig-size=\"634,859\" data-comments-opened=\"1\" data-image-meta=\"{&quot;aperture&quot;:&quot;0&quot;,&quot;credit&quot;:&quot;\\u00a9 Facebook\\\/jamie gilt&quot;,&quot;camera&quot;:&quot;&quot;,&quot;caption&quot;:&quot;&quot;,&quot;created_timestamp&quot;:&quot;0&quot;,&quot;copyright&quot;:&quot;&quot;,&quot;focal_length&quot;:&quot;0&quot;,&quot;iso&quot;:&quot;0&quot;,&quot;shutter_speed&quot;:&quot;0&quot;,&quot;title&quot;:&quot;&quot;,&quot;orientation&quot;:&quot;0&quot;}\" data-image-title=\"Jamie Gilt gold plaqued\" data-image-description=\"\" data-image-caption=\"\" data-medium-file=\"https:\/\/i0.wp.com\/www.robertosedda.it\/wp-content\/uploads\/2016\/03\/Jamie-Gilt-gold-plaqued.jpg?fit=221%2C300\" data-large-file=\"https:\/\/i0.wp.com\/www.robertosedda.it\/wp-content\/uploads\/2016\/03\/Jamie-Gilt-gold-plaqued.jpg?fit=510%2C691\" decoding=\"async\" loading=\"lazy\" class=\"wp-image-11664 size-full\" src=\"https:\/\/i0.wp.com\/www.robertosedda.it\/wp-content\/uploads\/2016\/03\/Jamie-Gilt-gold-plaqued.jpg?resize=634%2C859\" alt=\"Jamie Gilt gold plaqued\" width=\"634\" height=\"859\" srcset=\"https:\/\/i0.wp.com\/www.robertosedda.it\/wp-content\/uploads\/2016\/03\/Jamie-Gilt-gold-plaqued.jpg?w=634 634w, https:\/\/i0.wp.com\/www.robertosedda.it\/wp-content\/uploads\/2016\/03\/Jamie-Gilt-gold-plaqued.jpg?resize=111%2C150 111w, https:\/\/i0.wp.com\/www.robertosedda.it\/wp-content\/uploads\/2016\/03\/Jamie-Gilt-gold-plaqued.jpg?resize=221%2C300 221w, https:\/\/i0.wp.com\/www.robertosedda.it\/wp-content\/uploads\/2016\/03\/Jamie-Gilt-gold-plaqued.jpg?resize=510%2C691 510w\" sizes=\"(max-width: 634px) 100vw, 634px\" data-recalc-dims=\"1\" \/><figcaption id=\"caption-attachment-11664\" class=\"wp-caption-text\">Oggi gioco col mio nuovo giocattolo! Tempo di pulirla!<\/figcaption><\/figure>\n<p>E la mancanza di cervello \u00e8 data dalla notizia di cui parlavo all&#8217;inizio. L&#8217;altro giorno la bella Jamie era in macchina col figlio, un bambino di quattro anni che\u00a0sedeva dietro e non era legato. Il bambino, a quanto pare, condivide i gusti a mano armata della mamma, che ne aveva scritto con molto orgoglio su <em>Twitter<\/em> e <em>Facebook<\/em>.<\/p>\n<p>E cos\u00ec, l\u00e0 seduto su quel grande sedile tutto solo ha preso la pistola che la mamma gli aveva lasciato a portata di mano carica e senza sicura:\u00a0chi non poggia la borsa sul sedile posteriore, dopotutto? La borsa, la fondina, che differenza vuoi che faccia?<\/p>\n<p>E il bambino ha sparato.<\/p>\n<p>Il proiettile, calibro &#8217;45, \u00a0ha trapassato il sedile e preso Jamie Gilt alla spalla.<\/p>\n<p>Per fortuna non \u00e8 morta, se no non ne scriverei con questo sghignazzo. Per\u00f2 \u00abben ti sta\u00bb lasciatemelo pensare.<\/p>\n<figure id=\"attachment_11666\" aria-describedby=\"caption-attachment-11666\" style=\"width: 634px\" class=\"wp-caption aligncenter\"><img data-attachment-id=\"11666\" data-permalink=\"http:\/\/www.robertosedda.it\/?attachment_id=11666\" data-orig-file=\"https:\/\/i0.wp.com\/www.robertosedda.it\/wp-content\/uploads\/2016\/03\/Jamie-Gilt-pro-gun.jpg?fit=634%2C270\" data-orig-size=\"634,270\" data-comments-opened=\"1\" data-image-meta=\"{&quot;aperture&quot;:&quot;0&quot;,&quot;credit&quot;:&quot;\\u00a9 Facebook\\\/jamie gilt&quot;,&quot;camera&quot;:&quot;&quot;,&quot;caption&quot;:&quot;&quot;,&quot;created_timestamp&quot;:&quot;0&quot;,&quot;copyright&quot;:&quot;&quot;,&quot;focal_length&quot;:&quot;0&quot;,&quot;iso&quot;:&quot;0&quot;,&quot;shutter_speed&quot;:&quot;0&quot;,&quot;title&quot;:&quot;&quot;,&quot;orientation&quot;:&quot;0&quot;}\" data-image-title=\"Jamie Gilt pro gun\" data-image-description=\"\" data-image-caption=\"\" data-medium-file=\"https:\/\/i0.wp.com\/www.robertosedda.it\/wp-content\/uploads\/2016\/03\/Jamie-Gilt-pro-gun.jpg?fit=300%2C128\" data-large-file=\"https:\/\/i0.wp.com\/www.robertosedda.it\/wp-content\/uploads\/2016\/03\/Jamie-Gilt-pro-gun.jpg?fit=510%2C217\" decoding=\"async\" loading=\"lazy\" class=\"wp-image-11666 size-full\" src=\"https:\/\/i0.wp.com\/www.robertosedda.it\/wp-content\/uploads\/2016\/03\/Jamie-Gilt-pro-gun.jpg?resize=634%2C270\" alt=\"Jamie Gilt pro gun\" width=\"634\" height=\"270\" srcset=\"https:\/\/i0.wp.com\/www.robertosedda.it\/wp-content\/uploads\/2016\/03\/Jamie-Gilt-pro-gun.jpg?w=634 634w, https:\/\/i0.wp.com\/www.robertosedda.it\/wp-content\/uploads\/2016\/03\/Jamie-Gilt-pro-gun.jpg?resize=150%2C64 150w, https:\/\/i0.wp.com\/www.robertosedda.it\/wp-content\/uploads\/2016\/03\/Jamie-Gilt-pro-gun.jpg?resize=300%2C128 300w, https:\/\/i0.wp.com\/www.robertosedda.it\/wp-content\/uploads\/2016\/03\/Jamie-Gilt-pro-gun.jpg?resize=510%2C217 510w\" sizes=\"(max-width: 634px) 100vw, 634px\" data-recalc-dims=\"1\" \/><figcaption id=\"caption-attachment-11666\" class=\"wp-caption-text\">La pagina <em>Facebook<\/em> di Jamie Gilt<\/figcaption><\/figure>\n<p>Per\u00f2 non sarei il pignolo Rufus di quartiere che tutti amate se trasformassi questo\u00a0<em>blog<\/em> in un banale sito di satira che rimanda notizie gi\u00e0 viste sull&#8217;<em>Huffington Post<\/em>. Cos\u00ec mi \u00e8 venuta la curiosit\u00e0 di approfondire e ho trovato sul <em><a href=\"https:\/\/www.washingtonpost.com\">Washington Post<\/a><\/em>\u00a0un breve\u00a0<a href=\"https:\/\/www.washingtonpost.com\/news\/wonk\/wp\/2015\/10\/14\/people-are-getting-shot-by-toddlers-on-a-weekly-basis-this-year\/\">articolo<\/a> che\u00a0approfondisce il tema del rapporto fra bambini e armi negli Stati Uniti e che mi \u00e8 sembrato interessante\u00a0tradurre. L&#8217;articolo \u00e8 di ottobre 2015 e le statistiche che riporta si riferiscono a quell&#8217;anno.<\/p>\n<p>Vi avviso: non fa particolarmente\u00a0ridere, ma\u00a0non \u00e8 nemmeno truculento. Le infografiche sono quelle dell&#8217;articolo originale. L&#8217;articolo contiene dei rimandi (alcuni fra parentesi quadre) ad altri articoli sull&#8217;argomento: ho mantenuto i riferimenti ma ovviamente gli articoli di destinazione sono in inglese (ma spesso hanno infografiche facilmente comprensibili). L&#8217;ultima foto non \u00e8 dell&#8217;articolo originale, ma \u00e8 stata trovata sulla rete.<\/p>\n<h2>Un\u00a0bambino piccolo spara a qualcuno ogni settimana<\/h2>\n<h3>di\u00a0Christopher Ingraham<\/h3>\n<p>Questa settimana un bambino di due anni della Carolina del Sud ha trovato una pistola sul sedile posteriore della macchina in cui si trovava e <a href=\"http:\/\/www.cbsnews.com\/news\/cops-south-carolina-toddler-finds-gun-shoots-grandmother-in-back\/\">ha accidentalmente sparato a sua nonna<\/a>, che sedeva\u00a0a lato del guidatore. Di tanto in tanto questo tipo di cose accade: un bambino piccolo trova un&#8217;arma, spara, e ferisce o uccide se stesso o qualcun altro. Questi casi raramente\u00a0emergono a livello nazionale, salvo quando qualcuno, <a href=\"http:\/\/www.washingtonpost.com\/news\/morning-mix\/wp\/2014\/12\/31\/the-inside-story-of-how-an-idaho-toddler-shot-his-mom-at-wal-mart\/\">come un genitore<\/a>, viene ucciso.<\/p>\n<p>Ma casi come questo avvengono molto pi\u00f9 spesso di quanto possiate pensare. Dopo aver passato qualche ora a setacciare i lanci d&#8217;agenzia ho trovato almeno quarantatr\u00e9\u00a0casi quest&#8217;anno di qualcuno che \u00e8 stato ferito da un bambino di tre anni o meno. In trentuno\u00a0di questi quarantatr\u00e9\u00a0\u00a0casi, un bambino piccolo ha trovato un&#8217;arma e ha sparato a se stesso.<\/p>\n<figure id=\"attachment_11674\" aria-describedby=\"caption-attachment-11674\" style=\"width: 1484px\" class=\"wp-caption aligncenter\"><img data-attachment-id=\"11674\" data-permalink=\"http:\/\/www.robertosedda.it\/?attachment_id=11674\" data-orig-file=\"https:\/\/i0.wp.com\/www.robertosedda.it\/wp-content\/uploads\/2016\/03\/Bambini-e-armi.png?fit=1484%2C1464\" data-orig-size=\"1484,1464\" data-comments-opened=\"1\" data-image-meta=\"{&quot;aperture&quot;:&quot;0&quot;,&quot;credit&quot;:&quot;&quot;,&quot;camera&quot;:&quot;&quot;,&quot;caption&quot;:&quot;&quot;,&quot;created_timestamp&quot;:&quot;0&quot;,&quot;copyright&quot;:&quot;&quot;,&quot;focal_length&quot;:&quot;0&quot;,&quot;iso&quot;:&quot;0&quot;,&quot;shutter_speed&quot;:&quot;0&quot;,&quot;title&quot;:&quot;&quot;,&quot;orientation&quot;:&quot;0&quot;}\" data-image-title=\"Bambini e armi\" data-image-description=\"\" data-image-caption=\"\" data-medium-file=\"https:\/\/i0.wp.com\/www.robertosedda.it\/wp-content\/uploads\/2016\/03\/Bambini-e-armi.png?fit=300%2C296\" data-large-file=\"https:\/\/i0.wp.com\/www.robertosedda.it\/wp-content\/uploads\/2016\/03\/Bambini-e-armi.png?fit=510%2C503\" decoding=\"async\" loading=\"lazy\" class=\"wp-image-11674 size-full\" src=\"https:\/\/i0.wp.com\/www.robertosedda.it\/wp-content\/uploads\/2016\/03\/Bambini-e-armi.png?resize=800%2C789\" alt=\"Bambini e armi\" width=\"800\" height=\"789\" srcset=\"https:\/\/i0.wp.com\/www.robertosedda.it\/wp-content\/uploads\/2016\/03\/Bambini-e-armi.png?w=1484 1484w, https:\/\/i0.wp.com\/www.robertosedda.it\/wp-content\/uploads\/2016\/03\/Bambini-e-armi.png?resize=150%2C148 150w, https:\/\/i0.wp.com\/www.robertosedda.it\/wp-content\/uploads\/2016\/03\/Bambini-e-armi.png?resize=300%2C296 300w, https:\/\/i0.wp.com\/www.robertosedda.it\/wp-content\/uploads\/2016\/03\/Bambini-e-armi.png?resize=768%2C758 768w, https:\/\/i0.wp.com\/www.robertosedda.it\/wp-content\/uploads\/2016\/03\/Bambini-e-armi.png?resize=510%2C503 510w, https:\/\/i0.wp.com\/www.robertosedda.it\/wp-content\/uploads\/2016\/03\/Bambini-e-armi.png?resize=100%2C100 100w, https:\/\/i0.wp.com\/www.robertosedda.it\/wp-content\/uploads\/2016\/03\/Bambini-e-armi.png?resize=700%2C691 700w\" sizes=\"(max-width: 800px) 100vw, 800px\" data-recalc-dims=\"1\" \/><figcaption id=\"caption-attachment-11674\" class=\"wp-caption-text\">Nel 2015 tredici bambini si sono uccisi accidentalmente, diciotto si sono feriti, dieci hanno ferito altre persone e due hanno ucciso qualcuno.\u00a0<em>Toddler<\/em>\u00a0in s\u00e9 indica un bambino che ha appena iniziato a camminare.<\/figcaption><\/figure>\n<p>Ad agosto, per esempio, un bambino di ventun mesi dei sobborghi di St. Louis <a href=\"http:\/\/www.ksdk.com\/story\/news\/crime\/2015\/08\/25\/child-shot-killed-north-county\/32343949\/\">ha trovato una pistola carica a casa della nonna e si \u00e8 sparato al\u00a0torace<\/a>. Sua madre lo ha portato a un ospedale locale, dove \u00e8 stato dichiarato morto. In precedenza nello stesso anno un bambino di tre anni del Michigan <a href=\"http:\/\/www.dailymail.co.uk\/news\/article-3143330\/Jonathan-Kaufman-dies-Michigan-accidentally-shooting-head.html\">ha trovato una pistola calibro &#8217;40 in un ripostiglio<\/a> mentre suo padre e suo fratello erano fuori. Si \u00e8 sparato alla testa ed \u00e8 morto prima che arrivassero i soccorsi.<\/p>\n<p>[<a href=\"http:\/\/www.washingtonpost.com\/news\/wonkblog\/wp\/2015\/10\/02\/this-is-what-one-year-of-gun-deaths-in-america-looks-like\/?tid=a_inl\">Un anno di morti causate da armi da fuoco in America ha questo aspetto<\/a>]<\/p>\n<p>Le storie si ripetono sempre uguali di volta in volta: in media pi\u00f9 o meno una volta alla settimana in quest&#8217;anno un bambino piccolo ha trovato un&#8217;arma da fuoco, l&#8217;ha puntata contro se stesso o qualcun altro, e ha premuto il grilletto. I bambini sono\u00a0pi\u00f9 inclini a farlo in maniera sproporzionata: ho trovato solo tre casi nei quali una bambina sotto i quattro anni ha ferito qualcuno con un&#8217;arma. In tredici casi su quarantatr\u00e9 incidenti totali le ferite autoinferte dal bambino sono state fatali. In due altri casi un&#8217;altra persona \u00e8 morta dopo che il bambino ha fatto fuoco contro di lei: <a href=\"https:\/\/www.washingtonpost.com\/news\/post-nation\/wp\/2015\/08\/19\/toddler-may-have-accidentally-shot-and-killed-his-father-alabama-authorities-say\/\">un padre in Alabama<\/a> e <a href=\"http:\/\/nypost.com\/2015\/04\/13\/police-probe-how-toddler-who-fatally-shot-1-year-old-got-gun\/\">un bambino di un anno nell&#8217;Ohio<\/a>.<\/p>\n<p>In un caso un bambino di tre anni <a href=\"http:\/\/www.huffingtonpost.com\/2015\/02\/01\/toddler-gun_n_6588900.html\">\u00e8 riuscito a ferire entrambi i genitori con un unico\u00a0colpo<\/a> in un motel di Albuquerque.<\/p>\n<p><img data-attachment-id=\"11675\" data-permalink=\"http:\/\/www.robertosedda.it\/?attachment_id=11675\" data-orig-file=\"https:\/\/i0.wp.com\/www.robertosedda.it\/wp-content\/uploads\/2016\/03\/Bambini-e-armi-2.png?fit=1484%2C1291\" data-orig-size=\"1484,1291\" data-comments-opened=\"1\" data-image-meta=\"{&quot;aperture&quot;:&quot;0&quot;,&quot;credit&quot;:&quot;&quot;,&quot;camera&quot;:&quot;&quot;,&quot;caption&quot;:&quot;&quot;,&quot;created_timestamp&quot;:&quot;0&quot;,&quot;copyright&quot;:&quot;&quot;,&quot;focal_length&quot;:&quot;0&quot;,&quot;iso&quot;:&quot;0&quot;,&quot;shutter_speed&quot;:&quot;0&quot;,&quot;title&quot;:&quot;&quot;,&quot;orientation&quot;:&quot;0&quot;}\" data-image-title=\"Bambini e armi 2\" data-image-description=\"\" data-image-caption=\"\" data-medium-file=\"https:\/\/i0.wp.com\/www.robertosedda.it\/wp-content\/uploads\/2016\/03\/Bambini-e-armi-2.png?fit=300%2C261\" data-large-file=\"https:\/\/i0.wp.com\/www.robertosedda.it\/wp-content\/uploads\/2016\/03\/Bambini-e-armi-2.png?fit=510%2C444\" decoding=\"async\" loading=\"lazy\" class=\"aligncenter size-full wp-image-11675\" src=\"https:\/\/i0.wp.com\/www.robertosedda.it\/wp-content\/uploads\/2016\/03\/Bambini-e-armi-2.png?resize=800%2C696\" alt=\"Bambini e armi 2\" width=\"800\" height=\"696\" srcset=\"https:\/\/i0.wp.com\/www.robertosedda.it\/wp-content\/uploads\/2016\/03\/Bambini-e-armi-2.png?w=1484 1484w, https:\/\/i0.wp.com\/www.robertosedda.it\/wp-content\/uploads\/2016\/03\/Bambini-e-armi-2.png?resize=150%2C130 150w, https:\/\/i0.wp.com\/www.robertosedda.it\/wp-content\/uploads\/2016\/03\/Bambini-e-armi-2.png?resize=300%2C261 300w, https:\/\/i0.wp.com\/www.robertosedda.it\/wp-content\/uploads\/2016\/03\/Bambini-e-armi-2.png?resize=768%2C668 768w, https:\/\/i0.wp.com\/www.robertosedda.it\/wp-content\/uploads\/2016\/03\/Bambini-e-armi-2.png?resize=510%2C444 510w, https:\/\/i0.wp.com\/www.robertosedda.it\/wp-content\/uploads\/2016\/03\/Bambini-e-armi-2.png?resize=700%2C609 700w\" sizes=\"(max-width: 800px) 100vw, 800px\" data-recalc-dims=\"1\" \/>Incidenti con armi da fuoco che coinvolgono bambini piccoli si sono verificati in ventiquattro Stati quest&#8217;anno. Il Missouri ne ha avuto il maggior numero, con\u00a0cinque casi distinti. La Florida ne ha quattro. Il Texas tre. A causa del basso numero di casi totali e della natura isolata di questi incidenti io inviterei a essere cauti nel trarre conclusioni generalizzate\u00a0dalla mappa qui sopra. Ma vale la pena di notare che gli incidenti non necessariamente seguono l&#8217;andamento demografico generale. La California, lo stato pi\u00f9 popoloso della nazione, non ha nemmeno un caso. A nessuno \u00e8 stato sparato da un bambino piccolo nel New England o nell&#8217;alto Midwest.<\/p>\n<p>Questi numeri sono probabilmente sottostimati. Ci sono probabilmente casi nei quali i bambini piccoli sparano a persone ma il risultato sono solo ferite minori e nessuna notizia sui mezzi di comunicazione. E ci sono probabilmente molti pi\u00f9 casi nei quali un bambino inavvertitamente spara con un&#8217;arma e non colpisce nessuno, senza conseguenze se non un bambino spaventato e (si spera) dei genitori pentiti.<\/p>\n<p>Merita di notare che questi numeri non comprendono i casi nei quali i bambini piccoli sono colpiti, intenzionalmente o meno, da altri ragazzini o da adulti. Dozzine di bambini in et\u00e0 prescolare sono vittime di omicidio ogni anno, <a href=\"http:\/\/www.cdc.gov\/nchs\/data\/nvsr\/nvsr64\/nvsr64_02.pdf\">secondo i Centri per il Controllo delle Malattie e la Prevenzione<\/a>. Ma non ho incluso qui quei dati.<\/p>\n<p>[<a href=\"https:\/\/www.washingtonpost.com\/news\/post-nation\/wp\/2014\/09\/04\/how-often-do-children-in-the-u-s-unintentionally-shoot-and-kill-people-we-dont-know\/\">Quante volte dei bambini negli USA uccidono qualcuno accidentalmente? Non lo sappiamo<\/a>]<\/p>\n<p>Questi casi sono invariabilmente definiti come\u00a0<em>incidenti<\/em>\u00a0dai mezzi di comunicazione. Ma come argomenta\u00a0<em>Everytown or Gun Safety<\/em>, un gruppo di pressione in favore di leggi sul porto d&#8217;armi pi\u00f9 restrittive, molti incidenti possono essere prevenuti. In <a href=\"http:\/\/everytownresearch.org\/notanaccident\/\">uno studio sull&#8217;uso accidentale di armi da parte dei bambini di tutte le et\u00e0<\/a> (non solo i bambini piccoli) essi stimano che \u00abpi\u00f9 dei due terzi di queste tragedie avrebbe potuto essere evitata se i proprietari delle armi le conservassero in maniera adeguata e prevenissero i bambini dall&#8217;avervi accesso\u00bb.<\/p>\n<p>Ci sono strumenti\u00a0legali e tecnici per prevenire le morti da armi da fuoco nell&#8217;infanzia. Stati e centri abitati potrebbero <a href=\"http:\/\/www.timesunion.com\/news\/article\/Albany-may-require-gun-owners-to-lock-up-their-6314980.php\">richiedere che le armi siano chiuse a chiave<\/a> a casa, una politica che vede d&#8217;accordo il <a href=\"http:\/\/www.nejm.org\/doi\/full\/10.1056\/NEJMp1300512?query=featured_home\">67% degli americani<\/a>. <a href=\"http:\/\/fortune.com\/2015\/04\/22\/smart-guns-theyre-ready-are-we\/\">Esistono anche vari tipi di\u00a0armi intelligenti<\/a>, che impediscono a\u00a0chiunque non sia il proprietario di sparare. Ma la <em>National Rifle Association<\/em> e i suoi alleati si oppongono veementemente agli\u00a0<a href=\"https:\/\/www.nraila.org\/articles\/19990729\/mandatory-storagetrigger-lock-legislat\">armadi blindati<\/a> e alle <a href=\"http:\/\/www.usatoday.com\/story\/news\/nation\/2014\/08\/03\/proponents-smart-guns-nra-obstacle\/13551659\/\">armi intelligenti<\/a>.<\/p>\n<p>Invece, la\u00a0<em>NRA<\/em> continua a promuovere risposte che cercano di risolvere i problemi con le armi con <a href=\"http:\/\/www.theguardian.com\/world\/2013\/sep\/22\/nra-wayne-lapierre-navy-yard-shooting\">pi\u00f9 armi<\/a> e mira a aumentare la saturazione di armi da fuoco in quasi ogni sfera della vita pubblica e privata, dalle <a href=\"http:\/\/thewellarmedwoman.com\/guns-and-your-children\">case<\/a> alle <a href=\"http:\/\/www.washingtonpost.com\/news\/wonkblog\/wp\/2015\/10\/13\/in-some-texas-dorms-nerf-guns-will-be-banned-while-real-ones-are-allowed\/\">scuole<\/a>, alle <a href=\"http:\/\/www.washingtonpost.com\/news\/wonkblog\/wp\/2015\/06\/19\/an-nra-board-member-blamed-a-murdered-pastor-for-the-deaths-in-charleston-yes-really\/\">chiese<\/a>, ai <a href=\"http:\/\/www.economist.com\/news\/united-states\/21601515-georgia-gun-lovers-shot-and-beer\">bar<\/a>, agli <a href=\"http:\/\/thinkprogress.org\/justice\/2013\/11\/03\/2877251\/nra-guns-airports\/\">aeroporti<\/a> e oltre. In <a href=\"http:\/\/www.washingtonpost.com\/news\/wonkblog\/wp\/2015\/10\/05\/guns-in-the-united-states-one-for-every-man-woman-and-child-and-then-some\/\">un paese con pi\u00f9 armi da fuoco che persone<\/a> \u00e8 solo naturale che un certo numero di bambini piccoli giunga a mettere le mani su un&#8217;arma non protetta, con conseguenze tragiche.<\/p>\n<p>[<a href=\"http:\/\/www.washingtonpost.com\/news\/wonkblog\/wp\/2015\/06\/19\/guns-in-america-for-every-criminal-killed-in-self-defense-34-innocent-people-die\/\">Armi in America: per ogni criminale ucciso in legittima difesa, trentaquattro persone innocenti muoiono<\/a>]<\/p>\n<p>A seconda di come vi schierate sulla regolamentazione delle armi da fuoco, potete pensare che tredici bambini piccoli morti in dieci mesi siano troppi. O potreste ragionare che <a href=\"http:\/\/www.npr.org\/sections\/itsallpolitics\/2015\/10\/02\/445379809\/stuff-happens-comment-creates-firestorm-for-jeb-bush\">cose come queste succedono<\/a> e che questo \u00e8 parte del prezzo che dobbiamo pagare per proteggere i nostri diritti in materia di porto d&#8217;armi.<\/p>\n<figure id=\"attachment_11681\" aria-describedby=\"caption-attachment-11681\" style=\"width: 640px\" class=\"wp-caption aligncenter\"><img data-attachment-id=\"11681\" data-permalink=\"http:\/\/www.robertosedda.it\/?attachment_id=11681\" data-orig-file=\"https:\/\/i0.wp.com\/www.robertosedda.it\/wp-content\/uploads\/2016\/03\/Genitori-e-armi.jpg?fit=640%2C433\" data-orig-size=\"640,433\" data-comments-opened=\"1\" data-image-meta=\"{&quot;aperture&quot;:&quot;4&quot;,&quot;credit&quot;:&quot;&quot;,&quot;camera&quot;:&quot;Canon EOS 5D Mark II&quot;,&quot;caption&quot;:&quot;&quot;,&quot;created_timestamp&quot;:&quot;1248955340&quot;,&quot;copyright&quot;:&quot;&quot;,&quot;focal_length&quot;:&quot;100&quot;,&quot;iso&quot;:&quot;400&quot;,&quot;shutter_speed&quot;:&quot;0.008&quot;,&quot;title&quot;:&quot;&quot;,&quot;orientation&quot;:&quot;1&quot;}\" data-image-title=\"Genitori e armi\" data-image-description=\"\" data-image-caption=\"\" data-medium-file=\"https:\/\/i0.wp.com\/www.robertosedda.it\/wp-content\/uploads\/2016\/03\/Genitori-e-armi.jpg?fit=300%2C203\" data-large-file=\"https:\/\/i0.wp.com\/www.robertosedda.it\/wp-content\/uploads\/2016\/03\/Genitori-e-armi.jpg?fit=510%2C345\" decoding=\"async\" loading=\"lazy\" class=\"wp-image-11681 size-full\" src=\"https:\/\/i0.wp.com\/www.robertosedda.it\/wp-content\/uploads\/2016\/03\/Genitori-e-armi.jpg?resize=640%2C433\" alt=\"Genitori e armi\" width=\"640\" height=\"433\" srcset=\"https:\/\/i0.wp.com\/www.robertosedda.it\/wp-content\/uploads\/2016\/03\/Genitori-e-armi.jpg?w=640 640w, https:\/\/i0.wp.com\/www.robertosedda.it\/wp-content\/uploads\/2016\/03\/Genitori-e-armi.jpg?resize=150%2C101 150w, https:\/\/i0.wp.com\/www.robertosedda.it\/wp-content\/uploads\/2016\/03\/Genitori-e-armi.jpg?resize=300%2C203 300w, https:\/\/i0.wp.com\/www.robertosedda.it\/wp-content\/uploads\/2016\/03\/Genitori-e-armi.jpg?resize=510%2C345 510w\" sizes=\"(max-width: 640px) 100vw, 640px\" data-recalc-dims=\"1\" \/><figcaption id=\"caption-attachment-11681\" class=\"wp-caption-text\">Protezione. Una responsabilit\u00e0 di base dei genitori. <em>Seeee<\/em>, si vede&#8230;<\/figcaption><\/figure>\n<p>Ho incluso il mio conteggio di incidenti con armi da fuoco che coinvolgono i bambini qui sotto. Le fonti sono\u00a0<em>linkate<\/em> nella colonna &#8220;citt\u00e0&#8221;. Sapete di qualche caso quest&#8217;anno che mi \u00e8 sfuggito? <a href=\"http:\/\/christopher.ingraham@washpost.com\">Scrivetemi<\/a>.<\/p>\n<table>\n<tbody>\n<tr class=\"firstrow\">\n<th>Date<\/th>\n<th>City<\/th>\n<th>State<\/th>\n<th>Child&#8217;s age<\/th>\n<th>Child&#8217;s gender<\/th>\n<\/tr>\n<tr>\n<td>1\/8\/15<\/td>\n<td><a href=\"http:\/\/www.wxii12.com\/news\/Deputies-3-year-old-accidentally-shoots-grandfather-in-Davidson-County\/30615612\" target=\"_blank\" rel=\"noopener\">High Rock Lake<\/a><\/td>\n<td>NC<\/td>\n<td>3<\/td>\n<td>male<\/td>\n<\/tr>\n<tr>\n<td>1\/21\/15<\/td>\n<td><a href=\"http:\/\/www.wtsp.com\/story\/news\/local\/2015\/01\/21\/2-year-old-shot-in-chest\/22127141\/\" target=\"_blank\" rel=\"noopener\">East Lake<\/a><\/td>\n<td>FL<\/td>\n<td>2<\/td>\n<td>male<\/td>\n<\/tr>\n<tr>\n<td>1\/21\/15<\/td>\n<td><a href=\"http:\/\/www.wsbt.com\/news\/local\/police-id-toddler-killed-in-benton-township-accidental-shooting\/30887432\" target=\"_blank\" rel=\"noopener\">Benton Harbor<\/a><\/td>\n<td>MI<\/td>\n<td>3<\/td>\n<td>male<\/td>\n<\/tr>\n<tr>\n<td>1\/24\/15<\/td>\n<td><a href=\"http:\/\/lasvegas.cbslocal.com\/2015\/01\/26\/3-year-old-boy-recovering-after-shooting-himself\/\" target=\"_blank\" rel=\"noopener\">Las Vegas<\/a><\/td>\n<td>NV<\/td>\n<td>3<\/td>\n<td>male<\/td>\n<\/tr>\n<tr>\n<td>1\/31\/15<\/td>\n<td><a href=\"http:\/\/www.huffingtonpost.com\/2015\/02\/01\/toddler-gun_n_6588900.html\" target=\"_blank\" rel=\"noopener\">Albuquerque<\/a><\/td>\n<td>NM<\/td>\n<td>3<\/td>\n<td>male<\/td>\n<\/tr>\n<tr>\n<td>2\/3\/15<\/td>\n<td><a href=\"http:\/\/www.sun-sentinel.com\/news\/crime\/fl-davie-toddler-shoots-mother-20150202-story.html\" target=\"_blank\" rel=\"noopener\">Davie<\/a><\/td>\n<td>FL<\/td>\n<td>3<\/td>\n<td>male<\/td>\n<\/tr>\n<tr>\n<td>2\/9\/15<\/td>\n<td><a href=\"http:\/\/www.dailymail.co.uk\/news\/article-2950222\/Three-year-old-girl-killed-accidentally-fired-father-s-gun-left-living-room.html\" target=\"_blank\" rel=\"noopener\">LeBleu Settlement<\/a><\/td>\n<td>LA<\/td>\n<td>3<\/td>\n<td>female<\/td>\n<\/tr>\n<tr>\n<td>2\/23\/15<\/td>\n<td><a href=\"http:\/\/www.stltoday.com\/news\/local\/crime-and-courts\/boy-wounded-in-accidental-shooting-in-florissant-police-say\/article_d3a03164-4c0c-52d0-ba0c-753c432813f4.html\" target=\"_blank\" rel=\"noopener\">Florissant<\/a><\/td>\n<td>MO<\/td>\n<td>3<\/td>\n<td>male<\/td>\n<\/tr>\n<tr>\n<td>2\/27\/15<\/td>\n<td><a href=\"http:\/\/www.nbcnews.com\/news\/us-news\/three-year-old-shoots-self-texas-n314501\" target=\"_blank\" rel=\"noopener\">Houston<\/a><\/td>\n<td>TX<\/td>\n<td>3<\/td>\n<td>male<\/td>\n<\/tr>\n<tr>\n<td>3\/3\/15<\/td>\n<td><a href=\"http:\/\/wkrn.com\/2015\/03\/03\/3-year-old-tenn-boy-shoots-little-brother-in-the-head\/\" target=\"_blank\" rel=\"noopener\">Hillsboro<\/a><\/td>\n<td>TN<\/td>\n<td>3<\/td>\n<td>male<\/td>\n<\/tr>\n<tr>\n<td>3\/8\/15<\/td>\n<td><a href=\"http:\/\/rocketminer.com\/stories\/Toddler-shoots-self-in-hand,122818\" target=\"_blank\" rel=\"noopener\">Green River<\/a><\/td>\n<td>UT<\/td>\n<td>3<\/td>\n<td>male<\/td>\n<\/tr>\n<tr>\n<td>3\/19\/15<\/td>\n<td><a href=\"http:\/\/www.11alive.com\/story\/news\/local\/2015\/03\/19\/child-shot-chatsworth\/25043511\/\" target=\"_blank\" rel=\"noopener\">Chatsworth<\/a><\/td>\n<td>GA<\/td>\n<td>2<\/td>\n<td>female<\/td>\n<\/tr>\n<tr>\n<td>3\/26\/15<\/td>\n<td><a href=\"http:\/\/fox43.com\/2015\/03\/27\/pa-toddler-shot-himself-with-a-handgun\/\" target=\"_blank\" rel=\"noopener\">Montoursville<\/a><\/td>\n<td>PA<\/td>\n<td>2<\/td>\n<td>male<\/td>\n<\/tr>\n<tr>\n<td>3\/30\/15<\/td>\n<td><a href=\"http:\/\/onlineathens.com\/local-news\/2015-03-30\/child-dies-after-accidentally-shooting-self-jefferson\" target=\"_blank\" rel=\"noopener\">Jefferson<\/a><\/td>\n<td>GA<\/td>\n<td>3<\/td>\n<td>male<\/td>\n<\/tr>\n<tr>\n<td>4\/3\/15<\/td>\n<td><a href=\"http:\/\/www.wral.com\/2-year-old-shot-in-north-raleigh\/14558762\/\" target=\"_blank\" rel=\"noopener\">Raleigh<\/a><\/td>\n<td>NC<\/td>\n<td>2<\/td>\n<td>male<\/td>\n<\/tr>\n<tr>\n<td>4\/12\/15<\/td>\n<td><a href=\"http:\/\/nypost.com\/2015\/04\/13\/police-probe-how-toddler-who-fatally-shot-1-year-old-got-gun\/\" target=\"_blank\" rel=\"noopener\">Cleveland<\/a><\/td>\n<td>OH<\/td>\n<td>3<\/td>\n<td>male<\/td>\n<\/tr>\n<tr>\n<td>4\/30\/15<\/td>\n<td><a href=\"http:\/\/www.azcentral.com\/story\/news\/local\/peoria\/2015\/05\/01\/two-year-old-shot-in-face-abrk\/26697117\/\" target=\"_blank\" rel=\"noopener\">Peoria<\/a><\/td>\n<td>AZ<\/td>\n<td>2<\/td>\n<td>male<\/td>\n<\/tr>\n<tr>\n<td>5\/9\/15<\/td>\n<td><a href=\"http:\/\/www.wave3.com\/story\/29023929\/police-mother-accidentally-shot-by-2-year-old-in-lyndon\" target=\"_blank\" rel=\"noopener\">Louisville<\/a><\/td>\n<td>KY<\/td>\n<td>2<\/td>\n<td>male<\/td>\n<\/tr>\n<tr>\n<td>5\/9\/15<\/td>\n<td><a href=\"http:\/\/www.ksat.com\/news\/3-year-old-boy-critical-after-apparent-accidental-shooting\" target=\"_blank\" rel=\"noopener\">San Antonio<\/a><\/td>\n<td>TX<\/td>\n<td>3<\/td>\n<td>male<\/td>\n<\/tr>\n<tr>\n<td>5\/15\/15<\/td>\n<td><a href=\"http:\/\/www.koco.com\/news\/toddler-finds-gun-in-mothers-purse-shoots-himself-in-arm\/33050280\" target=\"_blank\" rel=\"noopener\">Oklahoma City<\/a><\/td>\n<td>OK<\/td>\n<td>2<\/td>\n<td>male<\/td>\n<\/tr>\n<tr>\n<td>5\/17\/15<\/td>\n<td><a href=\"http:\/\/www.usatoday.com\/story\/news\/nation\/2015\/05\/16\/deputies-year-old-shoots-year-old-face\/27445619\/\" target=\"_blank\" rel=\"noopener\">Venice<\/a><\/td>\n<td>FL<\/td>\n<td>3<\/td>\n<td>male<\/td>\n<\/tr>\n<tr>\n<td>5\/19\/15<\/td>\n<td><a href=\"http:\/\/www.deseretnews.com\/article\/865629124\/Police-Toddler-accidentally-shot-in-foot-by-3-year-old-brother.html?pg=all\" target=\"_blank\" rel=\"noopener\">Snowville<\/a><\/td>\n<td>UT<\/td>\n<td>3<\/td>\n<td>male<\/td>\n<\/tr>\n<tr>\n<td>5\/23\/15<\/td>\n<td><a href=\"http:\/\/wjtv.com\/2015\/05\/23\/jackson-police-investigate-3-year-old-shot-at-apartment-complex\/\" target=\"_blank\" rel=\"noopener\">Jackson<\/a><\/td>\n<td>MS<\/td>\n<td>3<\/td>\n<td>male<\/td>\n<\/tr>\n<tr>\n<td>5\/25\/15<\/td>\n<td><a href=\"http:\/\/www.nbc12.com\/story\/29169833\/va-2-year-old-dies-from-injuries-in-accidental-shooting\" target=\"_blank\" rel=\"noopener\">Lunenburg<\/a><\/td>\n<td>VA<\/td>\n<td>2<\/td>\n<td>male<\/td>\n<\/tr>\n<tr>\n<td>5\/30\/15<\/td>\n<td><a href=\"http:\/\/www.myrtlebeachonline.com\/news\/local\/crime\/article22795785.html\" target=\"_blank\" rel=\"noopener\">Myrtle Beach<\/a><\/td>\n<td>SC<\/td>\n<td>3<\/td>\n<td>male<\/td>\n<\/tr>\n<tr>\n<td>6\/12\/15<\/td>\n<td><a href=\"http:\/\/www.newsandtribune.com\/news\/jeffersonville-toddler-shoots-himself-in-leg-mom-s-boyfriend-jailed\/article_f810c2c8-114b-11e5-b848-2f20538afffb.html\" target=\"_blank\" rel=\"noopener\">Jeffersonville<\/a><\/td>\n<td>IN<\/td>\n<td>2<\/td>\n<td>male<\/td>\n<\/tr>\n<tr>\n<td>6\/12\/15<\/td>\n<td><a href=\"http:\/\/www.cbsnews.com\/news\/3-year-old-ohio-boy-kills-self-with-gun-found-in-moms-purse\/\" target=\"_blank\" rel=\"noopener\">Cincinnati<\/a><\/td>\n<td>OH<\/td>\n<td>3<\/td>\n<td>male<\/td>\n<\/tr>\n<tr>\n<td>6\/15\/15<\/td>\n<td><a href=\"http:\/\/www.yorkdispatch.com\/breaking\/ci_28316525\/police-mother-says-toddler-shot-her-foot\" target=\"_blank\" rel=\"noopener\">York<\/a><\/td>\n<td>PA<\/td>\n<td>3<\/td>\n<td>male<\/td>\n<\/tr>\n<tr>\n<td>6\/26\/15<\/td>\n<td><a href=\"http:\/\/www.detroitnews.com\/story\/news\/local\/oakland-county\/2015\/06\/26\/pontiac-child-shot\/29336001\/\" target=\"_blank\" rel=\"noopener\">Pontiac<\/a><\/td>\n<td>MI<\/td>\n<td>3<\/td>\n<td>male<\/td>\n<\/tr>\n<tr>\n<td>6\/29\/15<\/td>\n<td><a href=\"http:\/\/www.dailymail.co.uk\/news\/article-3143330\/Jonathan-Kaufman-dies-Michigan-accidentally-shooting-head.html\" target=\"_blank\" rel=\"noopener\">Franklin Township<\/a><\/td>\n<td>MI<\/td>\n<td>3<\/td>\n<td>male<\/td>\n<\/tr>\n<tr>\n<td>7\/2\/15<\/td>\n<td><a href=\"http:\/\/www.ktbs.com\/story\/29463070\/toddler-seriously-injured-in-apparent-accidental-shooting\" target=\"_blank\" rel=\"noopener\">Shreveport<\/a><\/td>\n<td>LA<\/td>\n<td>3<\/td>\n<td>male<\/td>\n<\/tr>\n<tr>\n<td>7\/6\/15<\/td>\n<td><a href=\"http:\/\/www.nydailynews.com\/news\/crime\/toddler-3-shoots-grandfather-gun-reports-article-1.2282528\" target=\"_blank\" rel=\"noopener\">Spring<\/a><\/td>\n<td>TX<\/td>\n<td>3<\/td>\n<td>male<\/td>\n<\/tr>\n<tr>\n<td>7\/14\/15<\/td>\n<td><a href=\"http:\/\/www.wmbfnews.com\/story\/29545119\/father-charged-after-3-year-old-fires-gun-injures-his-own-face\" target=\"_blank\" rel=\"noopener\">Conway<\/a><\/td>\n<td>SC<\/td>\n<td>3<\/td>\n<td>male<\/td>\n<\/tr>\n<tr>\n<td>7\/15\/15<\/td>\n<td><a href=\"http:\/\/www.kmbc.com\/news\/police-confirm-kc-girl-3-accidentally-shot-herself\/34203796\" target=\"_blank\" rel=\"noopener\">Kansas City<\/a><\/td>\n<td>MO<\/td>\n<td>3<\/td>\n<td>female<\/td>\n<\/tr>\n<tr>\n<td>7\/18\/15<\/td>\n<td><a href=\"http:\/\/www.komu.com\/news\/3-year-old-remains-in-hospital-after-accidentally-shooting-himself-in-the-arm\/\" target=\"_blank\" rel=\"noopener\">Columbia<\/a><\/td>\n<td>MO<\/td>\n<td>3<\/td>\n<td>male<\/td>\n<\/tr>\n<tr>\n<td>7\/21\/15<\/td>\n<td><a href=\"http:\/\/www.stltoday.com\/news\/local\/crime-and-courts\/uncle-charged-with-endangering-st-louis-toddler-who-shot-himself\/article_c4bf857a-7a45-5cbc-8a7b-7b0e97f94235.html\" target=\"_blank\" rel=\"noopener\">St. Louis<\/a><\/td>\n<td>MO<\/td>\n<td>3<\/td>\n<td>male<\/td>\n<\/tr>\n<tr>\n<td>8\/4\/15<\/td>\n<td><a href=\"http:\/\/www.nbcmiami.com\/on-air\/as-seen-on\/Toddler-Accidentally-Shoots-Self_-Miami-PD_Miami-320628662.html\" target=\"_blank\" rel=\"noopener\">Miami<\/a><\/td>\n<td>FL<\/td>\n<td>3<\/td>\n<td>male<\/td>\n<\/tr>\n<tr>\n<td>8\/5\/15<\/td>\n<td><a href=\"http:\/\/www.ktuu.com\/news\/news\/child-3-killed-in-south-anchorage-shooting\/34558526\" target=\"_blank\" rel=\"noopener\">South Anchorage<\/a><\/td>\n<td>AK<\/td>\n<td>3<\/td>\n<td>male<\/td>\n<\/tr>\n<tr>\n<td>8\/18\/15<\/td>\n<td><a href=\"https:\/\/www.washingtonpost.com\/news\/post-nation\/wp\/2015\/08\/19\/toddler-may-have-accidentally-shot-and-killed-his-father-alabama-authorities-say\/\" target=\"_blank\" rel=\"noopener\">Hoover<\/a><\/td>\n<td>AL<\/td>\n<td>2<\/td>\n<td>male<\/td>\n<\/tr>\n<tr>\n<td>8\/25\/15<\/td>\n<td><a href=\"http:\/\/www.nbcnews.com\/news\/us-news\/toddler-fatally-shot-near-st-louis-n415891\" target=\"_blank\" rel=\"noopener\">Hanley Hills<\/a><\/td>\n<td>MO<\/td>\n<td>1<\/td>\n<td>male<\/td>\n<\/tr>\n<tr>\n<td>9\/22\/15<\/td>\n<td><a href=\"http:\/\/www.wptz.com\/news\/toddler-accidentally-shoots-mother-at-lake-placid-apartment\/35416506\" target=\"_blank\" rel=\"noopener\">Lake Placid<\/a><\/td>\n<td>NY<\/td>\n<td>3<\/td>\n<td>male<\/td>\n<\/tr>\n<tr>\n<td>9\/22\/15<\/td>\n<td><a href=\"http:\/\/www.oregonlive.com\/pacific-northwest-news\/index.ssf\/2015\/09\/polk_county_authorities_toddle.html\" target=\"_blank\" rel=\"noopener\">Dallas<\/a><\/td>\n<td>OR<\/td>\n<td>2<\/td>\n<td>male<\/td>\n<\/tr>\n<tr>\n<td>10\/12\/15<\/td>\n<td><a href=\"http:\/\/www.cbsnews.com\/news\/cops-south-carolina-toddler-finds-gun-shoots-grandmother-in-back\/\" target=\"_blank\" rel=\"noopener\">Rock Hill<\/a><\/td>\n<td>SC<\/td>\n<td>2<\/td>\n<td>male<\/td>\n<\/tr>\n<\/tbody>\n<\/table>\n","protected":false},"excerpt":{"rendered":"<p>Non so se la settimana scorsa avete visto passare da qualche parte la notizia che riguarda Jamie Gilt. Chi \u00e8<\/p>\n","protected":false},"author":1,"featured_media":11681,"comment_status":"open","ping_status":"open","sticky":false,"template":"","format":"standard","meta":{"_mi_skip_tracking":false,"_monsterinsights_sitenote_active":false,"_monsterinsights_sitenote_note":"","_monsterinsights_sitenote_category":0,"jetpack_post_was_ever_published":false,"_jetpack_newsletter_access":"","jetpack_publicize_message":"","jetpack_is_tweetstorm":false,"jetpack_publicize_feature_enabled":true,"jetpack_social_post_already_shared":true,"jetpack_social_options":{"image_generator_settings":{"template":"highway","enabled":false}}},"categories":[52,55,77,19],"tags":[],"jetpack_publicize_connections":[],"jetpack_featured_media_url":"https:\/\/i0.wp.com\/www.robertosedda.it\/wp-content\/uploads\/2016\/03\/Genitori-e-armi.jpg?fit=640%2C433","jetpack_sharing_enabled":true,"jetpack_shortlink":"https:\/\/wp.me\/p4jV2T-323","jetpack_likes_enabled":true,"jetpack-related-posts":[{"id":19794,"url":"http:\/\/www.robertosedda.it\/?p=19794","url_meta":{"origin":11659,"position":0},"title":"Quel che non sappiamo sulle stragi e non solo","author":"Rufus","date":"14\/07\/2022","format":false,"excerpt":"Tempo fa ho salvato il riferimento a un articolo sull'Harvard Public Health Magazine, la rivista dell'Universit\u00e0 di Harvard sui temi della salute pubblica. Mi ha colpito molto perch\u00e9 aveva un approccio particolarmente problematico al tema delle stragi compiute negli Stati Uniti con armi da fuoco. Visto che negli ultimi giorni\u2026","rel":"","context":"In &quot;Coordinate&quot;","block_context":{"text":"Coordinate","link":"http:\/\/www.robertosedda.it\/?cat=52"},"img":{"alt_text":"","src":"https:\/\/i0.wp.com\/www.robertosedda.it\/wp-content\/uploads\/2022\/07\/David-Hemenway.png?fit=255%2C300&resize=350%2C200","width":350,"height":200},"classes":[]},{"id":6359,"url":"http:\/\/www.robertosedda.it\/?p=6359","url_meta":{"origin":11659,"position":1},"title":"Segni notevoli: seno naturale","author":"Rufus","date":"12\/02\/2014","format":false,"excerpt":"Ieri ho visto su Facebook lo status di un amico che segnalava, pi\u00f9 o meno: la ragazza davanti a me sul treno assomiglia irresistibilmente a Raphaella Anderson; sono turbato. Siccome sono curioso come una scimmia ma non sapevo chi fosse Raphaella Anderson ho cercato su Wiki e ho avuto la\u2026","rel":"","context":"In &quot;Coordinate&quot;","block_context":{"text":"Coordinate","link":"http:\/\/www.robertosedda.it\/?cat=52"},"img":{"alt_text":"","src":"https:\/\/i0.wp.com\/www.robertosedda.it\/wp-content\/uploads\/2014\/02\/Ilona-Staller-parlamento.png?resize=350%2C200","width":350,"height":200},"classes":[]},{"id":11886,"url":"http:\/\/www.robertosedda.it\/?p=11886","url_meta":{"origin":11659,"position":2},"title":"Umana piet\u00e0","author":"Rufus","date":"29\/04\/2016","format":false,"excerpt":"Il problema, tendenzialmente, \u00e8 pensare che in certi ruoli ci si vengano a trovare sempre gli altri, e mai noi Ieri, come forse qualcuno ha sentito, a\u00a0Oggi parliamo di libri ho citato\u00a0I miserabili di Hugo. In realt\u00e0 la puntata era dedicata all'Hernani, ma in testa io avevo soprattutto I miserabili\u00a0e\u2026","rel":"","context":"In &quot;Coordinate&quot;","block_context":{"text":"Coordinate","link":"http:\/\/www.robertosedda.it\/?cat=52"},"img":{"alt_text":"","src":"https:\/\/i0.wp.com\/www.robertosedda.it\/wp-content\/uploads\/2016\/04\/Il-Punitore-Marvel.jpg?fit=1200%2C648&resize=350%2C200","width":350,"height":200,"srcset":"https:\/\/i0.wp.com\/www.robertosedda.it\/wp-content\/uploads\/2016\/04\/Il-Punitore-Marvel.jpg?fit=1200%2C648&resize=350%2C200 1x, https:\/\/i0.wp.com\/www.robertosedda.it\/wp-content\/uploads\/2016\/04\/Il-Punitore-Marvel.jpg?fit=1200%2C648&resize=700%2C400 2x, https:\/\/i0.wp.com\/www.robertosedda.it\/wp-content\/uploads\/2016\/04\/Il-Punitore-Marvel.jpg?fit=1200%2C648&resize=1050%2C600 3x"},"classes":[]},{"id":15654,"url":"http:\/\/www.robertosedda.it\/?p=15654","url_meta":{"origin":11659,"position":3},"title":"Era davvero una cosa difficile. Ma entusiasmante","author":"Rufus","date":"12\/09\/2018","format":false,"excerpt":"\u00c8 stato quando mi sono reso conto che tutto il mio mondo e la mia capacit\u00e0 di attenzione ruotavano attorno alla pistola che tenevo in mano che mi sono reso conto che avevamo avuto ragione. Anche se la pistola era falsa. Quattro banditi Out of Dodge \u00e8 un gioco di\u2026","rel":"","context":"In &quot;Coordinate&quot;","block_context":{"text":"Coordinate","link":"http:\/\/www.robertosedda.it\/?cat=52"},"img":{"alt_text":"","src":"https:\/\/i0.wp.com\/www.robertosedda.it\/wp-content\/uploads\/2018\/09\/playroom_rect.png?fit=1200%2C277&resize=350%2C200","width":350,"height":200,"srcset":"https:\/\/i0.wp.com\/www.robertosedda.it\/wp-content\/uploads\/2018\/09\/playroom_rect.png?fit=1200%2C277&resize=350%2C200 1x, https:\/\/i0.wp.com\/www.robertosedda.it\/wp-content\/uploads\/2018\/09\/playroom_rect.png?fit=1200%2C277&resize=700%2C400 2x, https:\/\/i0.wp.com\/www.robertosedda.it\/wp-content\/uploads\/2018\/09\/playroom_rect.png?fit=1200%2C277&resize=1050%2C600 3x"},"classes":[]},{"id":15122,"url":"http:\/\/www.robertosedda.it\/?p=15122","url_meta":{"origin":11659,"position":4},"title":"Se mai ti metteranno a morte","author":"Rufus","date":"10\/05\/2018","format":"video","excerpt":"Ho riletto da poco\u00a0The maltese falcon, di Dashiell Hammett (si trova in libera circolazione), una delle pietre fondanti del genere hard boiled. Se non avete presente, il\u00a0trailer del film che ne fu tratto, con Humphrey Bogart, dovrebbe chiarirvi le idee. https:\/\/www.youtube.com\/watch?v=biQYsESrWUI Il protagonista \u00e8 Sam Spade, un investigatore privato che\u2026","rel":"","context":"In &quot;Coordinate&quot;","block_context":{"text":"Coordinate","link":"http:\/\/www.robertosedda.it\/?cat=52"},"img":{"alt_text":"","src":"https:\/\/i0.wp.com\/www.robertosedda.it\/wp-content\/uploads\/2018\/05\/Maltese-falcon.jpg?fit=380%2C540&resize=350%2C200","width":350,"height":200},"classes":[]},{"id":7827,"url":"http:\/\/www.robertosedda.it\/?p=7827","url_meta":{"origin":11659,"position":5},"title":"Generi da riscoprire","author":"Rufus","date":"24\/06\/2014","format":false,"excerpt":"In questo periodo oltre a libri \"nuovi\" sto rileggendo due serie di romanzi che ho gi\u00e0 abbondantemente letto e riletto. Una \u00e8 la serie di romanzi navali di Patrick O'Brian\u00a0e l'altra sono i gialli di Raymond Chandler con protagonista Philip Marlowe.\u00a0Potenza del palmare: ti porti dietro\u00a0un sacco di libri e\u2026","rel":"","context":"In &quot;Cappe e spade&quot;","block_context":{"text":"Cappe e spade","link":"http:\/\/www.robertosedda.it\/?cat=70"},"img":{"alt_text":"","src":"https:\/\/i0.wp.com\/www.robertosedda.it\/wp-content\/uploads\/2014\/06\/Silken-prey.jpg?fit=260%2C393&resize=350%2C200","width":350,"height":200},"classes":[]}],"_links":{"self":[{"href":"http:\/\/www.robertosedda.it\/index.php?rest_route=\/wp\/v2\/posts\/11659"}],"collection":[{"href":"http:\/\/www.robertosedda.it\/index.php?rest_route=\/wp\/v2\/posts"}],"about":[{"href":"http:\/\/www.robertosedda.it\/index.php?rest_route=\/wp\/v2\/types\/post"}],"author":[{"embeddable":true,"href":"http:\/\/www.robertosedda.it\/index.php?rest_route=\/wp\/v2\/users\/1"}],"replies":[{"embeddable":true,"href":"http:\/\/www.robertosedda.it\/index.php?rest_route=%2Fwp%2Fv2%2Fcomments&post=11659"}],"version-history":[{"count":9,"href":"http:\/\/www.robertosedda.it\/index.php?rest_route=\/wp\/v2\/posts\/11659\/revisions"}],"predecessor-version":[{"id":19287,"href":"http:\/\/www.robertosedda.it\/index.php?rest_route=\/wp\/v2\/posts\/11659\/revisions\/19287"}],"wp:featuredmedia":[{"embeddable":true,"href":"http:\/\/www.robertosedda.it\/index.php?rest_route=\/wp\/v2\/media\/11681"}],"wp:attachment":[{"href":"http:\/\/www.robertosedda.it\/index.php?rest_route=%2Fwp%2Fv2%2Fmedia&parent=11659"}],"wp:term":[{"taxonomy":"category","embeddable":true,"href":"http:\/\/www.robertosedda.it\/index.php?rest_route=%2Fwp%2Fv2%2Fcategories&post=11659"},{"taxonomy":"post_tag","embeddable":true,"href":"http:\/\/www.robertosedda.it\/index.php?rest_route=%2Fwp%2Fv2%2Ftags&post=11659"}],"curies":[{"name":"wp","href":"https:\/\/api.w.org\/{rel}","templated":true}]}}