{"id":11622,"date":"2016-03-01T15:41:14","date_gmt":"2016-03-01T14:41:14","guid":{"rendered":"http:\/\/www.robertosedda.it\/?p=11622"},"modified":"2017-03-03T09:53:29","modified_gmt":"2017-03-03T08:53:29","slug":"prossimamente-nei-vostri-musei","status":"publish","type":"post","link":"http:\/\/www.robertosedda.it\/?p=11622","title":{"rendered":"Prossimamente nei vostri musei"},"content":{"rendered":"<p><img data-attachment-id=\"11623\" data-permalink=\"http:\/\/www.robertosedda.it\/?attachment_id=11623\" data-orig-file=\"https:\/\/i0.wp.com\/www.robertosedda.it\/wp-content\/uploads\/2016\/03\/Fondazione-di-Sardegna.jpeg?fit=300%2C123\" data-orig-size=\"300,123\" data-comments-opened=\"1\" data-image-meta=\"{&quot;aperture&quot;:&quot;0&quot;,&quot;credit&quot;:&quot;&quot;,&quot;camera&quot;:&quot;&quot;,&quot;caption&quot;:&quot;&quot;,&quot;created_timestamp&quot;:&quot;0&quot;,&quot;copyright&quot;:&quot;&quot;,&quot;focal_length&quot;:&quot;0&quot;,&quot;iso&quot;:&quot;0&quot;,&quot;shutter_speed&quot;:&quot;0&quot;,&quot;title&quot;:&quot;&quot;,&quot;orientation&quot;:&quot;0&quot;}\" data-image-title=\"Fondazione di Sardegna\" data-image-description=\"\" data-image-caption=\"\" data-medium-file=\"https:\/\/i0.wp.com\/www.robertosedda.it\/wp-content\/uploads\/2016\/03\/Fondazione-di-Sardegna.jpeg?fit=300%2C123\" data-large-file=\"https:\/\/i0.wp.com\/www.robertosedda.it\/wp-content\/uploads\/2016\/03\/Fondazione-di-Sardegna.jpeg?fit=300%2C123\" decoding=\"async\" loading=\"lazy\" class=\"alignright size-full wp-image-11623\" src=\"https:\/\/i0.wp.com\/www.robertosedda.it\/wp-content\/uploads\/2016\/03\/Fondazione-di-Sardegna.jpeg?resize=300%2C123\" alt=\"Fondazione di Sardegna\" width=\"300\" height=\"123\" srcset=\"https:\/\/i0.wp.com\/www.robertosedda.it\/wp-content\/uploads\/2016\/03\/Fondazione-di-Sardegna.jpeg?w=300 300w, https:\/\/i0.wp.com\/www.robertosedda.it\/wp-content\/uploads\/2016\/03\/Fondazione-di-Sardegna.jpeg?resize=150%2C62 150w\" sizes=\"(max-width: 300px) 100vw, 300px\" data-recalc-dims=\"1\" \/>Dunque: buone notizie.<\/p>\n<p>Qualche giorno fa ho raccontato alcune cose che ho imparato su <a href=\"http:\/\/www.robertosedda.it\/?p=11547\">come si scrivono le richieste di finanziamento e i progetti<\/a>.<\/p>\n<p>Non ho avuto occasione di dire che il progetto che i <em>Fabbricastorie<\/em> hanno presentato insieme alle biologhe divulgatrici di <em>Oramelospiego<\/em> \u00e8 stato inserito nel catalogo dei laboratori per le scuole, all&#8217;interno delle misure con le quali <em>Iscol@<\/em> affronta il <em>digital divide<\/em>: era un progetto sull&#8217;educazione alimentare e la stampa 3D &#8211; lo so che detto cos\u00ec sembra una di quelle cose da <em>Sei uno zero<\/em>, tipo filosofia kantiana e tifosi della Lazio&#8230; <em>corri in edicola!<\/em> &#8211; a cui noi abbiamo aggiunto un po&#8217; di dimensione di gioco. Devo dire che entrare nel catalogo \u00e8 stata una bella soddisfazione, anche se la parte didattica \u00e8 in grandissima parte merito delle gentili signore di\u00a0<em>Oramelospiego<\/em>.<\/p>\n<p>Ieri sono uscite le valutazioni dei progetti presentati alla <em>Fondazione di Sardegna<\/em> e anche l\u00ec \u00e8 andata bene: il nostro progetto <em>Ichnuseum<\/em> \u00e8 stato accettato e quindi realizzeremo un <em>videogame<\/em> museale &#8211; a dirlo cos\u00ec fa impressione anche a me. La cattiva notizia \u00e8 che non credo che riusciremo a metterlo in piedi per questa estate, ma intanto il primo passo \u00e8 stato fatto: gioite con noi!<\/p>\n","protected":false},"excerpt":{"rendered":"<p>Dunque: buone notizie. Qualche giorno fa ho raccontato alcune cose che ho imparato su come si scrivono le richieste di<\/p>\n","protected":false},"author":1,"featured_media":11623,"comment_status":"open","ping_status":"open","sticky":false,"template":"","format":"standard","meta":{"_mi_skip_tracking":false,"_monsterinsights_sitenote_active":false,"_monsterinsights_sitenote_note":"","_monsterinsights_sitenote_category":0,"jetpack_post_was_ever_published":false,"_jetpack_newsletter_access":"","jetpack_publicize_message":"","jetpack_is_tweetstorm":false,"jetpack_publicize_feature_enabled":true,"jetpack_social_post_already_shared":true,"jetpack_social_options":{"image_generator_settings":{"template":"highway","enabled":false}}},"categories":[52,55,77,17,16],"tags":[],"jetpack_publicize_connections":[],"jetpack_featured_media_url":"https:\/\/i0.wp.com\/www.robertosedda.it\/wp-content\/uploads\/2016\/03\/Fondazione-di-Sardegna.jpeg?fit=300%2C123","jetpack_sharing_enabled":true,"jetpack_shortlink":"https:\/\/wp.me\/p4jV2T-31s","jetpack_likes_enabled":true,"jetpack-related-posts":[{"id":17458,"url":"http:\/\/www.robertosedda.it\/?p=17458","url_meta":{"origin":11622,"position":0},"title":"Film in libera circolazione","author":"Rufus","date":"16\/10\/2019","format":false,"excerpt":"L'avevo segnalato tempo fa, ma mi sono accorto che l'indicazione dell'indirizzo web era fuorviante e la ripeto di nuovo: sul sito Open Culture c'\u00e8 un catalogo di 1150 film liberamente visionabili, compreso un numero sterminato di classici (proprio l'altro giorno durante la visione di Iene avevo un dubbio sull'Andrei Rublev,\u2026","rel":"","context":"In &quot;Coordinate&quot;","block_context":{"text":"Coordinate","link":"http:\/\/www.robertosedda.it\/?cat=52"},"img":{"alt_text":"","src":"https:\/\/i0.wp.com\/www.robertosedda.it\/wp-content\/uploads\/2019\/10\/Andrei-Rublev.jpeg?fit=1152%2C576&resize=350%2C200","width":350,"height":200,"srcset":"https:\/\/i0.wp.com\/www.robertosedda.it\/wp-content\/uploads\/2019\/10\/Andrei-Rublev.jpeg?fit=1152%2C576&resize=350%2C200 1x, https:\/\/i0.wp.com\/www.robertosedda.it\/wp-content\/uploads\/2019\/10\/Andrei-Rublev.jpeg?fit=1152%2C576&resize=700%2C400 2x, https:\/\/i0.wp.com\/www.robertosedda.it\/wp-content\/uploads\/2019\/10\/Andrei-Rublev.jpeg?fit=1152%2C576&resize=1050%2C600 3x"},"classes":[]},{"id":10327,"url":"http:\/\/www.robertosedda.it\/?p=10327","url_meta":{"origin":11622,"position":1},"title":"La stand up comedy che in Italia non c&#8217;\u00e8 (e quella che c&#8217;\u00e8)","author":"Rufus","date":"08\/06\/2015","format":false,"excerpt":"Passioni \u00e8 un bel programma di Radio3 di cui ho gi\u00e0 parlato altre volte. Nello scorso fine settimana ho ascoltato due puntate dedicate alla stand up comedy, che erano molto interessanti e che vi invito a scaricare o a riascoltare in podcast (sono le puntate del 6 e 7 giugno\u2026","rel":"","context":"In &quot;Coordinate&quot;","block_context":{"text":"Coordinate","link":"http:\/\/www.robertosedda.it\/?cat=52"},"img":{"alt_text":"","src":"","width":0,"height":0},"classes":[]},{"id":7617,"url":"http:\/\/www.robertosedda.it\/?p=7617","url_meta":{"origin":11622,"position":2},"title":"Editori truffati: un appello","author":"Rufus","date":"06\/06\/2014","format":false,"excerpt":"Stamattina ho trovato su\u00a0Facebook\u00a0questa nota de\u00a0La Meridiana, una benemerita casa editrice di Molfetta\u00a0attiva sia nel campo dell'editoria sul gioco e l'educazione - ha pubblicato diversi miei amici, fra l'altro - sia nel campo della spiritualit\u00e0 cristiana (pubblica, ad esempio, gli scritti di don Tonino Bello). La rilancio per il contenuto\u2026","rel":"","context":"In &quot;Coordinate&quot;","block_context":{"text":"Coordinate","link":"http:\/\/www.robertosedda.it\/?cat=52"},"img":{"alt_text":"","src":"https:\/\/i0.wp.com\/www.robertosedda.it\/wp-content\/uploads\/2014\/06\/truffa-editori.jpg?fit=540%2C422&resize=350%2C200","width":350,"height":200},"classes":[]},{"id":1600,"url":"http:\/\/www.robertosedda.it\/?p=1600","url_meta":{"origin":11622,"position":3},"title":"Se non \u00e8 zuppa&#8230;","author":"Rufus","date":"08\/12\/2012","format":false,"excerpt":"Un\u00a0pomeriggio del d\u00ec di festa in cui sono impegnato a digerire un ottimo risotto ai porri con crema di topinambour e funghi (la ricetta \u00e8 dello chef Capano, il cui blog \u00e8 molto seguito in famiglia) mi invita a\u00a0due segnalazioni di lettura in stile, adatte anche al periodo invernale. Sconti\u2026","rel":"","context":"In &quot;Cibo e cucine&quot;","block_context":{"text":"Cibo e cucine","link":"http:\/\/www.robertosedda.it\/?cat=71"},"img":{"alt_text":"","src":"https:\/\/i0.wp.com\/www.robertosedda.it\/wp-content\/uploads\/2012\/12\/zuppe_m.jpg?fit=200%2C207&resize=350%2C200","width":350,"height":200},"classes":[]},{"id":8601,"url":"http:\/\/www.robertosedda.it\/?p=8601","url_meta":{"origin":11622,"position":4},"title":"&#8220;Orgoglio e pregiudizio&#8221;, finalmente!","author":"Rufus","date":"08\/10\/2014","format":"video","excerpt":"Ho cominciato a caricare su\u00a0YouTube le puntate di quest'anno di\u00a0Oggi parliamo di libri: la prima \u00e8 dedicata a\u00a0Orgoglio e pregiudizio, scelta se si vuole banale considerando che ho deciso di trattare tutti libri che presentano grandi storie d'amore o che appartengono al genere sentimentale. D'altra parte su Oggi parliamo di\u2026","rel":"","context":"In &quot;Le narrazioni&quot;","block_context":{"text":"Le narrazioni","link":"http:\/\/www.robertosedda.it\/?cat=56"},"img":{"alt_text":"","src":"https:\/\/i0.wp.com\/img.youtube.com\/vi\/Ho45UJVAl84\/0.jpg?resize=350%2C200","width":350,"height":200},"classes":[]},{"id":13634,"url":"http:\/\/www.robertosedda.it\/?p=13634","url_meta":{"origin":11622,"position":5},"title":"I got a gig in Sant&#8217;Antioco","author":"Rufus","date":"28\/04\/2017","format":false,"excerpt":"Ok, il titolo (che pi\u00f9 o meno vuol dire Ho un ingaggio per esibirmi a Sant'Antioco) \u00e8 in inglese perch\u00e9 parliamo di cose poliglotte. I\u00a0Fabbricastorie sono stati gentilmente invitati dai bravissimi amici dell'Associazione Iklos a presentare alcuni giochi al festival poliglotta\u00a0Limbas, che \u00e8 gi\u00e0 in svolgimento dal 25 aprile a\u2026","rel":"","context":"In &quot;Coordinate&quot;","block_context":{"text":"Coordinate","link":"http:\/\/www.robertosedda.it\/?cat=52"},"img":{"alt_text":"","src":"https:\/\/i0.wp.com\/www.robertosedda.it\/wp-content\/uploads\/2017\/04\/Limbas.png?fit=1200%2C416&resize=350%2C200","width":350,"height":200,"srcset":"https:\/\/i0.wp.com\/www.robertosedda.it\/wp-content\/uploads\/2017\/04\/Limbas.png?fit=1200%2C416&resize=350%2C200 1x, https:\/\/i0.wp.com\/www.robertosedda.it\/wp-content\/uploads\/2017\/04\/Limbas.png?fit=1200%2C416&resize=700%2C400 2x, https:\/\/i0.wp.com\/www.robertosedda.it\/wp-content\/uploads\/2017\/04\/Limbas.png?fit=1200%2C416&resize=1050%2C600 3x"},"classes":[]}],"_links":{"self":[{"href":"http:\/\/www.robertosedda.it\/index.php?rest_route=\/wp\/v2\/posts\/11622"}],"collection":[{"href":"http:\/\/www.robertosedda.it\/index.php?rest_route=\/wp\/v2\/posts"}],"about":[{"href":"http:\/\/www.robertosedda.it\/index.php?rest_route=\/wp\/v2\/types\/post"}],"author":[{"embeddable":true,"href":"http:\/\/www.robertosedda.it\/index.php?rest_route=\/wp\/v2\/users\/1"}],"replies":[{"embeddable":true,"href":"http:\/\/www.robertosedda.it\/index.php?rest_route=%2Fwp%2Fv2%2Fcomments&post=11622"}],"version-history":[{"count":2,"href":"http:\/\/www.robertosedda.it\/index.php?rest_route=\/wp\/v2\/posts\/11622\/revisions"}],"predecessor-version":[{"id":13331,"href":"http:\/\/www.robertosedda.it\/index.php?rest_route=\/wp\/v2\/posts\/11622\/revisions\/13331"}],"wp:featuredmedia":[{"embeddable":true,"href":"http:\/\/www.robertosedda.it\/index.php?rest_route=\/wp\/v2\/media\/11623"}],"wp:attachment":[{"href":"http:\/\/www.robertosedda.it\/index.php?rest_route=%2Fwp%2Fv2%2Fmedia&parent=11622"}],"wp:term":[{"taxonomy":"category","embeddable":true,"href":"http:\/\/www.robertosedda.it\/index.php?rest_route=%2Fwp%2Fv2%2Fcategories&post=11622"},{"taxonomy":"post_tag","embeddable":true,"href":"http:\/\/www.robertosedda.it\/index.php?rest_route=%2Fwp%2Fv2%2Ftags&post=11622"}],"curies":[{"name":"wp","href":"https:\/\/api.w.org\/{rel}","templated":true}]}}