{"id":11610,"date":"2016-02-26T18:04:59","date_gmt":"2016-02-26T17:04:59","guid":{"rendered":"http:\/\/www.robertosedda.it\/?p=11610"},"modified":"2016-03-08T15:27:09","modified_gmt":"2016-03-08T14:27:09","slug":"a-proposito-di-van-gogh","status":"publish","type":"post","link":"http:\/\/www.robertosedda.it\/?p=11610","title":{"rendered":"A proposito di Van Gogh"},"content":{"rendered":"<p>Stamattina ho condiviso su\u00a0<em>Facebook<\/em> un filmato che ho visto passare e che \u00e8 il\u00a0<em>trailer<\/em> del &#8220;primo film interamente dipinto&#8221;. Il film si chiama\u00a0<em><a href=\"http:\/\/www.lovingvincent.com\/\">Loving Vincent<\/a>\u00a0<\/em>(sostenetelo!), <a href=\"http:\/\/join.lovingvincent.com\/\">\u00e8 stato finanziato tramite\u00a0<em>Kickstarter<\/em><\/a> ed \u00e8 una straordinaria dichiarazione d&#8217;amore per l&#8217;arte di Van Gogh (gli autori sono gli anglopolacchi dello studio <em>Breakthru<\/em>\u00a0e hanno gi\u00e0 vinto degli Oscar).<\/p>\n<p>Non so se \u00e8 davvero il\u00a0<em>primo<\/em> film interamente dipinto (sono un po&#8217; perplesso). Certo \u00e8 probabilmente il primo composto di 56 000 dipinti a olio, come si vede in questi brevi documentari.<\/p>\n<div class=\"jetpack-video-wrapper\"><span class=\"embed-youtube\" style=\"text-align:center; display: block;\"><iframe loading=\"lazy\" class=\"youtube-player\" width=\"800\" height=\"450\" src=\"https:\/\/www.youtube.com\/embed\/UxSnZLR_UEI?version=3&#038;rel=1&#038;showsearch=0&#038;showinfo=1&#038;iv_load_policy=1&#038;fs=1&#038;hl=it-IT&#038;autohide=2&#038;wmode=transparent\" allowfullscreen=\"true\" style=\"border:0;\" sandbox=\"allow-scripts allow-same-origin allow-popups allow-presentation\"><\/iframe><\/span><\/div>\n<div class=\"jetpack-video-wrapper\"><span class=\"embed-youtube\" style=\"text-align:center; display: block;\"><iframe loading=\"lazy\" class=\"youtube-player\" width=\"800\" height=\"450\" src=\"https:\/\/www.youtube.com\/embed\/r3LSfvcmrf0?version=3&#038;rel=1&#038;showsearch=0&#038;showinfo=1&#038;iv_load_policy=1&#038;fs=1&#038;hl=it-IT&#038;autohide=2&#038;wmode=transparent\" allowfullscreen=\"true\" style=\"border:0;\" sandbox=\"allow-scripts allow-same-origin allow-popups allow-presentation\"><\/iframe><\/span><\/div>\n<div class=\"jetpack-video-wrapper\"><span class=\"embed-youtube\" style=\"text-align:center; display: block;\"><iframe loading=\"lazy\" class=\"youtube-player\" width=\"800\" height=\"450\" src=\"https:\/\/www.youtube.com\/embed\/AVa_ZENSqvw?version=3&#038;rel=1&#038;showsearch=0&#038;showinfo=1&#038;iv_load_policy=1&#038;fs=1&#038;hl=it-IT&#038;autohide=2&#038;wmode=transparent\" allowfullscreen=\"true\" style=\"border:0;\" sandbox=\"allow-scripts allow-same-origin allow-popups allow-presentation\"><\/iframe><\/span><\/div>\n<div class=\"jetpack-video-wrapper\"><span class=\"embed-youtube\" style=\"text-align:center; display: block;\"><iframe loading=\"lazy\" class=\"youtube-player\" width=\"800\" height=\"450\" src=\"https:\/\/www.youtube.com\/embed\/A5jZTHRd5hM?version=3&#038;rel=1&#038;showsearch=0&#038;showinfo=1&#038;iv_load_policy=1&#038;fs=1&#038;hl=it-IT&#038;autohide=2&#038;wmode=transparent\" allowfullscreen=\"true\" style=\"border:0;\" sandbox=\"allow-scripts allow-same-origin allow-popups allow-presentation\"><\/iframe><\/span><\/div>\n<p>Il\u00a0<em>trailer<\/em> pi\u00f9 aggiornato \u00e8 quello che trovate qui sotto, e il risultato \u00e8 davvero straordinario:<\/p>\n<div class=\"jetpack-video-wrapper\"><span class=\"embed-youtube\" style=\"text-align:center; display: block;\"><iframe loading=\"lazy\" class=\"youtube-player\" width=\"800\" height=\"450\" src=\"https:\/\/www.youtube.com\/embed\/47h6pQ6StCk?version=3&#038;rel=1&#038;showsearch=0&#038;showinfo=1&#038;iv_load_policy=1&#038;fs=1&#038;hl=it-IT&#038;autohide=2&#038;wmode=transparent\" allowfullscreen=\"true\" style=\"border:0;\" sandbox=\"allow-scripts allow-same-origin allow-popups allow-presentation\"><\/iframe><\/span><\/div>\n<p>Colgo l&#8217;occasione per segnalare un&#8217;altro curioso tentativo di rendere\u00a0<em>reale<\/em> la pittura di Van Gogh:\u00a0in occasione di <a href=\"http:\/\/extras.artic.edu\/van-gogh-bedrooms\">una mostra all&#8217;<em>Art Institute <\/em>di Chicago che raduna insieme le sue tre &#8220;camere da letto&#8221;<\/a>, il museo ha riprodotto la stanza ritratta in dimensioni reali, e il risultato \u00e8 notevole.<\/p>\n<p><img data-attachment-id=\"11616\" data-permalink=\"http:\/\/www.robertosedda.it\/?attachment_id=11616\" data-orig-file=\"https:\/\/i0.wp.com\/www.robertosedda.it\/wp-content\/uploads\/2016\/02\/Camera-da-letto-van-Gogh-museo.jpg?fit=721%2C502\" data-orig-size=\"721,502\" data-comments-opened=\"1\" data-image-meta=\"{&quot;aperture&quot;:&quot;0&quot;,&quot;credit&quot;:&quot;&quot;,&quot;camera&quot;:&quot;&quot;,&quot;caption&quot;:&quot;&quot;,&quot;created_timestamp&quot;:&quot;0&quot;,&quot;copyright&quot;:&quot;&quot;,&quot;focal_length&quot;:&quot;0&quot;,&quot;iso&quot;:&quot;0&quot;,&quot;shutter_speed&quot;:&quot;0&quot;,&quot;title&quot;:&quot;&quot;,&quot;orientation&quot;:&quot;1&quot;}\" data-image-title=\"Camera da letto van Gogh museo\" data-image-description=\"\" data-image-caption=\"\" data-medium-file=\"https:\/\/i0.wp.com\/www.robertosedda.it\/wp-content\/uploads\/2016\/02\/Camera-da-letto-van-Gogh-museo.jpg?fit=300%2C209\" data-large-file=\"https:\/\/i0.wp.com\/www.robertosedda.it\/wp-content\/uploads\/2016\/02\/Camera-da-letto-van-Gogh-museo.jpg?fit=510%2C355\" decoding=\"async\" loading=\"lazy\" class=\"aligncenter wp-image-11616 size-full\" src=\"https:\/\/i0.wp.com\/www.robertosedda.it\/wp-content\/uploads\/2016\/02\/Camera-da-letto-van-Gogh-museo.jpg?resize=721%2C502\" alt=\"Camera da letto van Gogh museo\" width=\"721\" height=\"502\" srcset=\"https:\/\/i0.wp.com\/www.robertosedda.it\/wp-content\/uploads\/2016\/02\/Camera-da-letto-van-Gogh-museo.jpg?w=721 721w, https:\/\/i0.wp.com\/www.robertosedda.it\/wp-content\/uploads\/2016\/02\/Camera-da-letto-van-Gogh-museo.jpg?resize=150%2C104 150w, https:\/\/i0.wp.com\/www.robertosedda.it\/wp-content\/uploads\/2016\/02\/Camera-da-letto-van-Gogh-museo.jpg?resize=300%2C209 300w, https:\/\/i0.wp.com\/www.robertosedda.it\/wp-content\/uploads\/2016\/02\/Camera-da-letto-van-Gogh-museo.jpg?resize=510%2C355 510w, https:\/\/i0.wp.com\/www.robertosedda.it\/wp-content\/uploads\/2016\/02\/Camera-da-letto-van-Gogh-museo.jpg?resize=700%2C487 700w\" sizes=\"(max-width: 721px) 100vw, 721px\" data-recalc-dims=\"1\" \/><img data-attachment-id=\"11617\" data-permalink=\"http:\/\/www.robertosedda.it\/?attachment_id=11617\" data-orig-file=\"https:\/\/i0.wp.com\/www.robertosedda.it\/wp-content\/uploads\/2016\/02\/Camera-da-letto-Van-Gogh-originale.jpg?fit=721%2C567\" data-orig-size=\"721,567\" data-comments-opened=\"1\" data-image-meta=\"{&quot;aperture&quot;:&quot;0&quot;,&quot;credit&quot;:&quot;&quot;,&quot;camera&quot;:&quot;&quot;,&quot;caption&quot;:&quot;&quot;,&quot;created_timestamp&quot;:&quot;0&quot;,&quot;copyright&quot;:&quot;&quot;,&quot;focal_length&quot;:&quot;0&quot;,&quot;iso&quot;:&quot;0&quot;,&quot;shutter_speed&quot;:&quot;0&quot;,&quot;title&quot;:&quot;&quot;,&quot;orientation&quot;:&quot;1&quot;}\" data-image-title=\"Camera da letto Van Gogh originale\" data-image-description=\"\" data-image-caption=\"\" data-medium-file=\"https:\/\/i0.wp.com\/www.robertosedda.it\/wp-content\/uploads\/2016\/02\/Camera-da-letto-Van-Gogh-originale.jpg?fit=300%2C236\" data-large-file=\"https:\/\/i0.wp.com\/www.robertosedda.it\/wp-content\/uploads\/2016\/02\/Camera-da-letto-Van-Gogh-originale.jpg?fit=510%2C401\" decoding=\"async\" loading=\"lazy\" class=\"aligncenter wp-image-11617 size-full\" src=\"https:\/\/i0.wp.com\/www.robertosedda.it\/wp-content\/uploads\/2016\/02\/Camera-da-letto-Van-Gogh-originale.jpg?resize=721%2C567\" alt=\"Camera da letto Van Gogh originale\" width=\"721\" height=\"567\" srcset=\"https:\/\/i0.wp.com\/www.robertosedda.it\/wp-content\/uploads\/2016\/02\/Camera-da-letto-Van-Gogh-originale.jpg?w=721 721w, https:\/\/i0.wp.com\/www.robertosedda.it\/wp-content\/uploads\/2016\/02\/Camera-da-letto-Van-Gogh-originale.jpg?resize=150%2C118 150w, https:\/\/i0.wp.com\/www.robertosedda.it\/wp-content\/uploads\/2016\/02\/Camera-da-letto-Van-Gogh-originale.jpg?resize=300%2C236 300w, https:\/\/i0.wp.com\/www.robertosedda.it\/wp-content\/uploads\/2016\/02\/Camera-da-letto-Van-Gogh-originale.jpg?resize=510%2C401 510w, https:\/\/i0.wp.com\/www.robertosedda.it\/wp-content\/uploads\/2016\/02\/Camera-da-letto-Van-Gogh-originale.jpg?resize=700%2C550 700w\" sizes=\"(max-width: 721px) 100vw, 721px\" data-recalc-dims=\"1\" \/><\/p>\n","protected":false},"excerpt":{"rendered":"<p>Stamattina ho condiviso su\u00a0Facebook un filmato che ho visto passare e che \u00e8 il\u00a0trailer del &#8220;primo film interamente dipinto&#8221;. Il<\/p>\n","protected":false},"author":1,"featured_media":0,"comment_status":"open","ping_status":"open","sticky":false,"template":"","format":"video","meta":{"_mi_skip_tracking":false,"_monsterinsights_sitenote_active":false,"_monsterinsights_sitenote_note":"","_monsterinsights_sitenote_category":0,"jetpack_post_was_ever_published":false,"_jetpack_newsletter_access":"","jetpack_publicize_message":"","jetpack_is_tweetstorm":false,"jetpack_publicize_feature_enabled":true,"jetpack_social_post_already_shared":true,"jetpack_social_options":{"image_generator_settings":{"template":"highway","enabled":false}}},"categories":[52,55,77,17,16],"tags":[],"jetpack_publicize_connections":[],"jetpack_featured_media_url":"","jetpack_sharing_enabled":true,"jetpack_shortlink":"https:\/\/wp.me\/p4jV2T-31g","jetpack_likes_enabled":true,"jetpack-related-posts":[{"id":13667,"url":"http:\/\/www.robertosedda.it\/?p=13667","url_meta":{"origin":11610,"position":0},"title":"Per la donna che non conosce gli Inti Illimani","author":"Rufus","date":"09\/05\/2017","format":"video","excerpt":"Domenica, durante la manifestazione per la pace di Iglesias, ho detto sogghignando a Gaetano: \u00abMa \u00e8 adesso che intoniamo\u00a0El pueblo unido?\u00bb. La Volante,\u00a0che ci marciava a fianco, ha detto: \u00abCantiamo cosa?\u00bb. \u00abEl pueblo...\u00bb. Mi sono\u00a0quasi\u00a0sentito mancare: \u00abVuoi dire che non conosci gli Inti Illimani?\u00bb. Lei mi ha guardato perplessa:\u00a0e che\u2026","rel":"","context":"In &quot;Coordinate&quot;","block_context":{"text":"Coordinate","link":"http:\/\/www.robertosedda.it\/?cat=52"},"img":{"alt_text":"","src":"https:\/\/i0.wp.com\/www.robertosedda.it\/wp-content\/uploads\/2017\/05\/18320612_1752601238100189_8065062830309173904_o.jpg?fit=1200%2C720&resize=350%2C200","width":350,"height":200,"srcset":"https:\/\/i0.wp.com\/www.robertosedda.it\/wp-content\/uploads\/2017\/05\/18320612_1752601238100189_8065062830309173904_o.jpg?fit=1200%2C720&resize=350%2C200 1x, https:\/\/i0.wp.com\/www.robertosedda.it\/wp-content\/uploads\/2017\/05\/18320612_1752601238100189_8065062830309173904_o.jpg?fit=1200%2C720&resize=700%2C400 2x, https:\/\/i0.wp.com\/www.robertosedda.it\/wp-content\/uploads\/2017\/05\/18320612_1752601238100189_8065062830309173904_o.jpg?fit=1200%2C720&resize=1050%2C600 3x"},"classes":[]},{"id":11454,"url":"http:\/\/www.robertosedda.it\/?p=11454","url_meta":{"origin":11610,"position":1},"title":"Tecniche di provocazione lenta","author":"Rufus","date":"26\/01\/2016","format":"video","excerpt":"Segnalo, perch\u00e9 mi ha fatto molto ridere, l'impresa del regista inglese Charlie Lyne che ha girato un film di quattordici ore (quat-tor-di-ci) nel quale tutto ci\u00f2 che si vede \u00e8 un muro appena dipinto sul quale pian piano la vernice si asciuga. Lyne ha concepito lo scherzo come una provocazione\u2026","rel":"","context":"In &quot;Coordinate&quot;","block_context":{"text":"Coordinate","link":"http:\/\/www.robertosedda.it\/?cat=52"},"img":{"alt_text":"","src":"https:\/\/i0.wp.com\/img.youtube.com\/vi\/xT7teifeXiU\/0.jpg?resize=350%2C200","width":350,"height":200},"classes":[]},{"id":18157,"url":"http:\/\/www.robertosedda.it\/?p=18157","url_meta":{"origin":11610,"position":2},"title":"Madame Tutli-Putli e i suoi amichetti canadesi","author":"Rufus","date":"03\/07\/2020","format":"video","excerpt":"Fra le varie cose che mi sono segnato durante quesi mesi perch\u00e9 potevano venire bene per il blog c'era anche la segnalazione di Nicola Barnaba, IACiner di vecchio corso, del canale YouTube dell'NFB, l'istituto cinematografico canadese. La segnalazione, in realt\u00e0, doveva riguardare una lista di cortometraggi di animazione canadesi vincitori\u2026","rel":"","context":"In &quot;Coordinate&quot;","block_context":{"text":"Coordinate","link":"http:\/\/www.robertosedda.it\/?cat=52"},"img":{"alt_text":"","src":"https:\/\/i0.wp.com\/www.robertosedda.it\/wp-content\/uploads\/2020\/07\/Screenshot_2020-07-03-Madame-Tutli-Putli-e-i-suoi-amichetti-canadesi.png?fit=770%2C433&resize=350%2C200","width":350,"height":200,"srcset":"https:\/\/i0.wp.com\/www.robertosedda.it\/wp-content\/uploads\/2020\/07\/Screenshot_2020-07-03-Madame-Tutli-Putli-e-i-suoi-amichetti-canadesi.png?fit=770%2C433&resize=350%2C200 1x, https:\/\/i0.wp.com\/www.robertosedda.it\/wp-content\/uploads\/2020\/07\/Screenshot_2020-07-03-Madame-Tutli-Putli-e-i-suoi-amichetti-canadesi.png?fit=770%2C433&resize=700%2C400 2x"},"classes":[]},{"id":11722,"url":"http:\/\/www.robertosedda.it\/?p=11722","url_meta":{"origin":11610,"position":3},"title":"Opera buffa del Gioved\u00ec Santo","author":"Rufus","date":"24\/03\/2016","format":"video","excerpt":"Devo confessare che io di Roberto De Simone non so moltissimo: che \u00e8 un musicista e musicologo importante, certo, che \u00e8 stato determinante nella nascita di una\u00a0scena musicale napoletana che negli anni '70 e '80 mi piaceva molto, pure, ma a parte questo non ho mai ritenuto necessario approfondire e\u2026","rel":"","context":"In &quot;Coordinate&quot;","block_context":{"text":"Coordinate","link":"http:\/\/www.robertosedda.it\/?cat=52"},"img":{"alt_text":"","src":"https:\/\/i0.wp.com\/img.youtube.com\/vi\/DWTYwqBekfI\/0.jpg?resize=350%2C200","width":350,"height":200},"classes":[]},{"id":13470,"url":"http:\/\/www.robertosedda.it\/?p=13470","url_meta":{"origin":11610,"position":4},"title":"Con la sola forza della voce e la pioggia nel pineto","author":"Rufus","date":"27\/03\/2017","format":"video","excerpt":"L'altro giorno in macchina io, Maria Bonaria e Gaetano - andavamo a mangiare panzerotti pugliesi a San Sperate, non eravamo in missione per conto di Banca Etica - ascoltavamo con vero piacere Africa dei Toto. Frugando su YouTube Maria Bonaria trovato una interpretazione che ci \u00e8 piaciuta molto del coro\u2026","rel":"","context":"In &quot;Coordinate&quot;","block_context":{"text":"Coordinate","link":"http:\/\/www.robertosedda.it\/?cat=52"},"img":{"alt_text":"","src":"https:\/\/i0.wp.com\/www.robertosedda.it\/wp-content\/uploads\/2017\/03\/Perpetuum-Jazzile.jpg?fit=1200%2C800&resize=350%2C200","width":350,"height":200,"srcset":"https:\/\/i0.wp.com\/www.robertosedda.it\/wp-content\/uploads\/2017\/03\/Perpetuum-Jazzile.jpg?fit=1200%2C800&resize=350%2C200 1x, https:\/\/i0.wp.com\/www.robertosedda.it\/wp-content\/uploads\/2017\/03\/Perpetuum-Jazzile.jpg?fit=1200%2C800&resize=700%2C400 2x, https:\/\/i0.wp.com\/www.robertosedda.it\/wp-content\/uploads\/2017\/03\/Perpetuum-Jazzile.jpg?fit=1200%2C800&resize=1050%2C600 3x"},"classes":[]},{"id":12115,"url":"http:\/\/www.robertosedda.it\/?p=12115","url_meta":{"origin":11610,"position":5},"title":"Mi sono emozionato","author":"Rufus","date":"17\/06\/2016","format":"video","excerpt":"Mi ha molto impressionato, stamattina, scoprire su Internazionale\u00a0che negli Stati Uniti inizia \u00e8 iniziato in questi giorni il processo contro il comandante del gruppo di militari che assassin\u00f2 il cantante Victor Jara, uno degli idoli della mia giovinezza, assassinato uno dei primi giorni dopo il colpo di stato di Pinochet.\u2026","rel":"","context":"In &quot;Coordinate&quot;","block_context":{"text":"Coordinate","link":"http:\/\/www.robertosedda.it\/?cat=52"},"img":{"alt_text":"","src":"https:\/\/i0.wp.com\/www.robertosedda.it\/wp-content\/uploads\/2016\/06\/Jara2.png?fit=1131%2C443&resize=350%2C200","width":350,"height":200,"srcset":"https:\/\/i0.wp.com\/www.robertosedda.it\/wp-content\/uploads\/2016\/06\/Jara2.png?fit=1131%2C443&resize=350%2C200 1x, https:\/\/i0.wp.com\/www.robertosedda.it\/wp-content\/uploads\/2016\/06\/Jara2.png?fit=1131%2C443&resize=700%2C400 2x, https:\/\/i0.wp.com\/www.robertosedda.it\/wp-content\/uploads\/2016\/06\/Jara2.png?fit=1131%2C443&resize=1050%2C600 3x"},"classes":[]}],"_links":{"self":[{"href":"http:\/\/www.robertosedda.it\/index.php?rest_route=\/wp\/v2\/posts\/11610"}],"collection":[{"href":"http:\/\/www.robertosedda.it\/index.php?rest_route=\/wp\/v2\/posts"}],"about":[{"href":"http:\/\/www.robertosedda.it\/index.php?rest_route=\/wp\/v2\/types\/post"}],"author":[{"embeddable":true,"href":"http:\/\/www.robertosedda.it\/index.php?rest_route=\/wp\/v2\/users\/1"}],"replies":[{"embeddable":true,"href":"http:\/\/www.robertosedda.it\/index.php?rest_route=%2Fwp%2Fv2%2Fcomments&post=11610"}],"version-history":[{"count":6,"href":"http:\/\/www.robertosedda.it\/index.php?rest_route=\/wp\/v2\/posts\/11610\/revisions"}],"predecessor-version":[{"id":11618,"href":"http:\/\/www.robertosedda.it\/index.php?rest_route=\/wp\/v2\/posts\/11610\/revisions\/11618"}],"wp:attachment":[{"href":"http:\/\/www.robertosedda.it\/index.php?rest_route=%2Fwp%2Fv2%2Fmedia&parent=11610"}],"wp:term":[{"taxonomy":"category","embeddable":true,"href":"http:\/\/www.robertosedda.it\/index.php?rest_route=%2Fwp%2Fv2%2Fcategories&post=11610"},{"taxonomy":"post_tag","embeddable":true,"href":"http:\/\/www.robertosedda.it\/index.php?rest_route=%2Fwp%2Fv2%2Ftags&post=11610"}],"curies":[{"name":"wp","href":"https:\/\/api.w.org\/{rel}","templated":true}]}}