{"id":11601,"date":"2016-02-25T16:18:50","date_gmt":"2016-02-25T15:18:50","guid":{"rendered":"http:\/\/www.robertosedda.it\/?p=11601"},"modified":"2016-02-26T18:05:26","modified_gmt":"2016-02-26T17:05:26","slug":"lettere-che-arrivano","status":"publish","type":"post","link":"http:\/\/www.robertosedda.it\/?p=11601","title":{"rendered":"Lettere che arrivano"},"content":{"rendered":"<p><img data-attachment-id=\"11602\" data-permalink=\"http:\/\/www.robertosedda.it\/?attachment_id=11602\" data-orig-file=\"https:\/\/i0.wp.com\/www.robertosedda.it\/wp-content\/uploads\/2016\/02\/20160225_154430.jpg?fit=2560%2C1536\" data-orig-size=\"2560,1536\" data-comments-opened=\"1\" data-image-meta=\"{&quot;aperture&quot;:&quot;2.6&quot;,&quot;credit&quot;:&quot;&quot;,&quot;camera&quot;:&quot;GT-I9060I&quot;,&quot;caption&quot;:&quot;&quot;,&quot;created_timestamp&quot;:&quot;1456415070&quot;,&quot;copyright&quot;:&quot;&quot;,&quot;focal_length&quot;:&quot;3.31&quot;,&quot;iso&quot;:&quot;100&quot;,&quot;shutter_speed&quot;:&quot;0.03030303030303&quot;,&quot;title&quot;:&quot;&quot;,&quot;orientation&quot;:&quot;1&quot;}\" data-image-title=\"20160225_154430\" data-image-description=\"\" data-image-caption=\"\" data-medium-file=\"https:\/\/i0.wp.com\/www.robertosedda.it\/wp-content\/uploads\/2016\/02\/20160225_154430.jpg?fit=300%2C180\" data-large-file=\"https:\/\/i0.wp.com\/www.robertosedda.it\/wp-content\/uploads\/2016\/02\/20160225_154430.jpg?fit=510%2C306\" decoding=\"async\" loading=\"lazy\" class=\"aligncenter wp-image-11602 size-full\" src=\"https:\/\/i0.wp.com\/www.robertosedda.it\/wp-content\/uploads\/2016\/02\/20160225_154430.jpg?resize=800%2C480\" alt=\"20160225_154430\" width=\"800\" height=\"480\" srcset=\"https:\/\/i0.wp.com\/www.robertosedda.it\/wp-content\/uploads\/2016\/02\/20160225_154430.jpg?w=2560 2560w, https:\/\/i0.wp.com\/www.robertosedda.it\/wp-content\/uploads\/2016\/02\/20160225_154430.jpg?resize=150%2C90 150w, https:\/\/i0.wp.com\/www.robertosedda.it\/wp-content\/uploads\/2016\/02\/20160225_154430.jpg?resize=300%2C180 300w, https:\/\/i0.wp.com\/www.robertosedda.it\/wp-content\/uploads\/2016\/02\/20160225_154430.jpg?resize=768%2C461 768w, https:\/\/i0.wp.com\/www.robertosedda.it\/wp-content\/uploads\/2016\/02\/20160225_154430.jpg?resize=510%2C306 510w, https:\/\/i0.wp.com\/www.robertosedda.it\/wp-content\/uploads\/2016\/02\/20160225_154430.jpg?resize=700%2C420 700w, https:\/\/i0.wp.com\/www.robertosedda.it\/wp-content\/uploads\/2016\/02\/20160225_154430.jpg?w=1600 1600w, https:\/\/i0.wp.com\/www.robertosedda.it\/wp-content\/uploads\/2016\/02\/20160225_154430.jpg?w=2400 2400w\" sizes=\"(max-width: 800px) 100vw, 800px\" data-recalc-dims=\"1\" \/><\/p>\n","protected":false},"excerpt":{"rendered":"","protected":false},"author":1,"featured_media":11602,"comment_status":"open","ping_status":"open","sticky":false,"template":"","format":"standard","meta":{"_mi_skip_tracking":false,"_monsterinsights_sitenote_active":false,"_monsterinsights_sitenote_note":"","_monsterinsights_sitenote_category":0,"jetpack_post_was_ever_published":false,"_jetpack_newsletter_access":"","jetpack_publicize_message":"","jetpack_is_tweetstorm":false,"jetpack_publicize_feature_enabled":true,"jetpack_social_post_already_shared":true,"jetpack_social_options":{"image_generator_settings":{"template":"highway","enabled":false}}},"categories":[72,52,55,17,16],"tags":[],"jetpack_publicize_connections":[],"jetpack_featured_media_url":"https:\/\/i0.wp.com\/www.robertosedda.it\/wp-content\/uploads\/2016\/02\/20160225_154430.jpg?fit=2560%2C1536","jetpack_sharing_enabled":true,"jetpack_shortlink":"https:\/\/wp.me\/p4jV2T-317","jetpack_likes_enabled":true,"jetpack-related-posts":[{"id":8757,"url":"http:\/\/www.robertosedda.it\/?p=8757","url_meta":{"origin":11601,"position":0},"title":"I am banking on values, too","author":"Rufus","date":"23\/10\/2014","format":false,"excerpt":"","rel":"","context":"In &quot;Banche e finanza&quot;","block_context":{"text":"Banche e finanza","link":"http:\/\/www.robertosedda.it\/?cat=72"},"img":{"alt_text":"","src":"https:\/\/i0.wp.com\/www.robertosedda.it\/wp-content\/uploads\/2014\/10\/Banking-on-values.jpg?fit=765%2C365&resize=350%2C200","width":350,"height":200,"srcset":"https:\/\/i0.wp.com\/www.robertosedda.it\/wp-content\/uploads\/2014\/10\/Banking-on-values.jpg?fit=765%2C365&resize=350%2C200 1x, https:\/\/i0.wp.com\/www.robertosedda.it\/wp-content\/uploads\/2014\/10\/Banking-on-values.jpg?fit=765%2C365&resize=700%2C400 2x"},"classes":[]},{"id":3183,"url":"http:\/\/www.robertosedda.it\/?p=3183","url_meta":{"origin":11601,"position":1},"title":"Le foto dell&#8217;Assemblea","author":"Rufus","date":"20\/05\/2013","format":false,"excerpt":"Alla fine all'Assemblea non ho fatto molte foto (tutte col palmare, mi ero dimenticato la macchina a casa), ma le posto comunque perch\u00e9 qualcuno si pu\u00f2 riconoscere - e poi la sala, stretta e lunga e cos\u00ec\u00a0piena, faceva veramente impressione.","rel":"","context":"In &quot;Banche e finanza&quot;","block_context":{"text":"Banche e finanza","link":"http:\/\/www.robertosedda.it\/?cat=72"},"img":{"alt_text":"","src":"https:\/\/i0.wp.com\/www.robertosedda.it\/wp-content\/uploads\/2013\/05\/2013-05-18-10.39.40.jpg?fit=1200%2C900&resize=350%2C200","width":350,"height":200,"srcset":"https:\/\/i0.wp.com\/www.robertosedda.it\/wp-content\/uploads\/2013\/05\/2013-05-18-10.39.40.jpg?fit=1200%2C900&resize=350%2C200 1x, https:\/\/i0.wp.com\/www.robertosedda.it\/wp-content\/uploads\/2013\/05\/2013-05-18-10.39.40.jpg?fit=1200%2C900&resize=700%2C400 2x, https:\/\/i0.wp.com\/www.robertosedda.it\/wp-content\/uploads\/2013\/05\/2013-05-18-10.39.40.jpg?fit=1200%2C900&resize=1050%2C600 3x"},"classes":[]},{"id":11014,"url":"http:\/\/www.robertosedda.it\/?p=11014","url_meta":{"origin":11601,"position":2},"title":"Vediamoci a Iglesias","author":"Rufus","date":"14\/10\/2015","format":"image","excerpt":"Sabato sono a Iglesias per prendere parte a una tavola rotonda, come vedete qui sotto. Non so bene quanti dei miei contatti o lettori siano della zona del Sulcis-Iglesiente, ma se qualcuno volesse\u00a0venire a sentire e a discutere ne sar\u00f2 molto contento.","rel":"","context":"In &quot;Banche e finanza&quot;","block_context":{"text":"Banche e finanza","link":"http:\/\/www.robertosedda.it\/?cat=72"},"img":{"alt_text":"","src":"https:\/\/i0.wp.com\/www.robertosedda.it\/wp-content\/uploads\/2015\/10\/Carovana-dignit\u00e0-lavoro.jpg?fit=678%2C960&resize=350%2C200","width":350,"height":200},"classes":[]},{"id":12559,"url":"http:\/\/www.robertosedda.it\/?p=12559","url_meta":{"origin":11601,"position":3},"title":"Ormai ci siamo","author":"Rufus","date":"21\/09\/2016","format":false,"excerpt":"Phew!! Era da un po' che non lavoravo cos\u00ec, per\u00f2 ormai ci siamo: dopodomani c'\u00e8 finalmente la festa di inaugurazione della sede di Banca Etica. Il programma \u00e8 bellissimo e man mano sono anche arrivate delle perle, come una strepitosa riscrittura di La paranza di Silvestri a opera di Paolo\u2026","rel":"","context":"In &quot;Banche e finanza&quot;","block_context":{"text":"Banche e finanza","link":"http:\/\/www.robertosedda.it\/?cat=72"},"img":{"alt_text":"","src":"https:\/\/i0.wp.com\/www.robertosedda.it\/wp-content\/uploads\/2016\/09\/Locandina-normale.jpg?fit=673%2C955&resize=350%2C200","width":350,"height":200},"classes":[]},{"id":3435,"url":"http:\/\/www.robertosedda.it\/?p=3435","url_meta":{"origin":11601,"position":4},"title":"Dimissioni","author":"Rufus","date":"05\/06\/2013","format":false,"excerpt":"Ho avvisato oggi i Coordinatori dei gruppi dei soci dell'Area Centro Italia di Banca Etica che mi dimetto, e ho convocato una riunione il prossimo 22 per discutere le dimissioni e eleggere il nuovo Referente dei soci per il Centro Italia. In un blog pubblico mi pare opportuno specificare che\u2026","rel":"","context":"In &quot;Banche e finanza&quot;","block_context":{"text":"Banche e finanza","link":"http:\/\/www.robertosedda.it\/?cat=72"},"img":{"alt_text":"","src":"","width":0,"height":0},"classes":[]},{"id":10781,"url":"http:\/\/www.robertosedda.it\/?p=10781","url_meta":{"origin":11601,"position":5},"title":"Sta arrivando&#8230;","author":"Rufus","date":"04\/09\/2015","format":false,"excerpt":"I soci cagliaritani pi\u00f9 attivi della Banca Etica lo sanno gi\u00e0, ma per tutti gli altri mi lascer\u00f2 sfuggire un'indiscrezione. Presto, prestissimo, a Cagliari aprir\u00e0 l'ufficio del nuovo banchiere ambulante della Sardegna meridionale. Due giorni fa il nuovo banchiere ambulante (anzi: la nuova banchiera ambulante, perch\u00e9 \u00e8 una ragazza) ha\u2026","rel":"","context":"In &quot;Banche e finanza&quot;","block_context":{"text":"Banche e finanza","link":"http:\/\/www.robertosedda.it\/?cat=72"},"img":{"alt_text":"","src":"https:\/\/i0.wp.com\/www.robertosedda.it\/wp-content\/uploads\/2015\/09\/Banca-Etica-skyline-Cagliari.png?fit=807%2C298&resize=350%2C200","width":350,"height":200,"srcset":"https:\/\/i0.wp.com\/www.robertosedda.it\/wp-content\/uploads\/2015\/09\/Banca-Etica-skyline-Cagliari.png?fit=807%2C298&resize=350%2C200 1x, https:\/\/i0.wp.com\/www.robertosedda.it\/wp-content\/uploads\/2015\/09\/Banca-Etica-skyline-Cagliari.png?fit=807%2C298&resize=700%2C400 2x"},"classes":[]}],"_links":{"self":[{"href":"http:\/\/www.robertosedda.it\/index.php?rest_route=\/wp\/v2\/posts\/11601"}],"collection":[{"href":"http:\/\/www.robertosedda.it\/index.php?rest_route=\/wp\/v2\/posts"}],"about":[{"href":"http:\/\/www.robertosedda.it\/index.php?rest_route=\/wp\/v2\/types\/post"}],"author":[{"embeddable":true,"href":"http:\/\/www.robertosedda.it\/index.php?rest_route=\/wp\/v2\/users\/1"}],"replies":[{"embeddable":true,"href":"http:\/\/www.robertosedda.it\/index.php?rest_route=%2Fwp%2Fv2%2Fcomments&post=11601"}],"version-history":[{"count":1,"href":"http:\/\/www.robertosedda.it\/index.php?rest_route=\/wp\/v2\/posts\/11601\/revisions"}],"predecessor-version":[{"id":11603,"href":"http:\/\/www.robertosedda.it\/index.php?rest_route=\/wp\/v2\/posts\/11601\/revisions\/11603"}],"wp:featuredmedia":[{"embeddable":true,"href":"http:\/\/www.robertosedda.it\/index.php?rest_route=\/wp\/v2\/media\/11602"}],"wp:attachment":[{"href":"http:\/\/www.robertosedda.it\/index.php?rest_route=%2Fwp%2Fv2%2Fmedia&parent=11601"}],"wp:term":[{"taxonomy":"category","embeddable":true,"href":"http:\/\/www.robertosedda.it\/index.php?rest_route=%2Fwp%2Fv2%2Fcategories&post=11601"},{"taxonomy":"post_tag","embeddable":true,"href":"http:\/\/www.robertosedda.it\/index.php?rest_route=%2Fwp%2Fv2%2Ftags&post=11601"}],"curies":[{"name":"wp","href":"https:\/\/api.w.org\/{rel}","templated":true}]}}