{"id":11495,"date":"2016-02-01T16:11:38","date_gmt":"2016-02-01T15:11:38","guid":{"rendered":"http:\/\/www.robertosedda.it\/?p=11495"},"modified":"2026-02-05T09:46:30","modified_gmt":"2026-02-05T08:46:30","slug":"attori-meravigliosi","status":"publish","type":"post","link":"http:\/\/www.robertosedda.it\/?p=11495","title":{"rendered":"Attori meravigliosi"},"content":{"rendered":"<p>Per celebrare\u00a0il quattrocentesimo anniversario della morte di Shakespeare, il\u00a0<em>Guardian\u00a0<\/em> pubblica i pi\u00f9 importanti attori inglesi (molti dei quali del tutto sconosciuti in Italia, direi), impegnati in famosi monologhi scespiriani. Qui sotto il video dei primi sei, sottotitolati in inglese.<\/p>\n<div class=\"jetpack-video-wrapper\"><span class=\"embed-youtube\" style=\"text-align:center; display: block;\"><iframe loading=\"lazy\" class=\"youtube-player\" width=\"800\" height=\"450\" src=\"https:\/\/www.youtube.com\/embed\/muLAzfQDS3M?version=3&#038;rel=1&#038;showsearch=0&#038;showinfo=1&#038;iv_load_policy=1&#038;fs=1&#038;hl=it-IT&#038;autohide=2&#038;wmode=transparent&#038;listType=playlist&#038;list=PLlfYT-Za_x2JuweuLmpYfi1AXhUNKz32g\" allowfullscreen=\"true\" style=\"border:0;\" sandbox=\"allow-scripts allow-same-origin allow-popups allow-presentation\"><\/iframe><\/span><\/div>\n","protected":false},"excerpt":{"rendered":"<p>Per celebrare\u00a0il quattrocentesimo anniversario della morte di Shakespeare, il\u00a0Guardian\u00a0 pubblica i pi\u00f9 importanti attori inglesi (molti dei quali del tutto<\/p>\n","protected":false},"author":1,"featured_media":0,"comment_status":"open","ping_status":"open","sticky":false,"template":"","format":"video","meta":{"_mi_skip_tracking":false,"_monsterinsights_sitenote_active":false,"_monsterinsights_sitenote_note":"","_monsterinsights_sitenote_category":0,"jetpack_post_was_ever_published":false,"_jetpack_newsletter_access":"","jetpack_publicize_message":"","jetpack_is_tweetstorm":false,"jetpack_publicize_feature_enabled":true,"jetpack_social_post_already_shared":true,"jetpack_social_options":{"image_generator_settings":{"template":"highway","enabled":false}}},"categories":[52,56,101,95,16],"tags":[],"jetpack_publicize_connections":[],"jetpack_featured_media_url":"","jetpack_sharing_enabled":true,"jetpack_shortlink":"https:\/\/wp.me\/p4jV2T-2Zp","jetpack_likes_enabled":true,"jetpack-related-posts":[{"id":20112,"url":"http:\/\/www.robertosedda.it\/?p=20112","url_meta":{"origin":11495,"position":0},"title":"Cambiare il quadro di riferimento","author":"Rufus","date":"10\/05\/2023","format":false,"excerpt":"Dato che oggi casualmente me ne sono dovuto occupare, segnalo un lungo (forse lunghissimo!) articolo del 2018 del Guardian sulla campagna BDS (Boicottaggio, Disinvestimento e Sanzioni) contro l'apartheid israeliano. L'articolo, per quanto datato, \u00e8 ricco di informazioni e soprattutto mi sembra suggerisca riflessioni su come all'interno di un conflitto la\u2026","rel":"","context":"In &quot;Coordinate&quot;","block_context":{"text":"Coordinate","link":"http:\/\/www.robertosedda.it\/?cat=52"},"img":{"alt_text":"","src":"https:\/\/i0.wp.com\/www.robertosedda.it\/wp-content\/uploads\/2023\/05\/BDS.png?fit=1200%2C320&resize=350%2C200","width":350,"height":200,"srcset":"https:\/\/i0.wp.com\/www.robertosedda.it\/wp-content\/uploads\/2023\/05\/BDS.png?fit=1200%2C320&resize=350%2C200 1x, https:\/\/i0.wp.com\/www.robertosedda.it\/wp-content\/uploads\/2023\/05\/BDS.png?fit=1200%2C320&resize=700%2C400 2x, https:\/\/i0.wp.com\/www.robertosedda.it\/wp-content\/uploads\/2023\/05\/BDS.png?fit=1200%2C320&resize=1050%2C600 3x"},"classes":[]},{"id":6359,"url":"http:\/\/www.robertosedda.it\/?p=6359","url_meta":{"origin":11495,"position":1},"title":"Segni notevoli: seno naturale","author":"Rufus","date":"12\/02\/2014","format":false,"excerpt":"Ieri ho visto su Facebook lo status di un amico che segnalava, pi\u00f9 o meno: la ragazza davanti a me sul treno assomiglia irresistibilmente a Raphaella Anderson; sono turbato. Siccome sono curioso come una scimmia ma non sapevo chi fosse Raphaella Anderson ho cercato su Wiki e ho avuto la\u2026","rel":"","context":"In &quot;Coordinate&quot;","block_context":{"text":"Coordinate","link":"http:\/\/www.robertosedda.it\/?cat=52"},"img":{"alt_text":"","src":"https:\/\/i0.wp.com\/www.robertosedda.it\/wp-content\/uploads\/2014\/02\/Ilona-Staller-parlamento.png?resize=350%2C200","width":350,"height":200},"classes":[]},{"id":16207,"url":"http:\/\/www.robertosedda.it\/?p=16207","url_meta":{"origin":11495,"position":2},"title":"Essere un marchio (di se stessi)","author":"Rufus","date":"01\/02\/2019","format":false,"excerpt":"La storia che voglio raccontarvi oggi \u00e8 probabilmente una storia minore, per\u00f2 a me sembra irresistibilmente divertente e, quel che \u00e8 pi\u00f9 importante, molto rappresentativa dei tempi che corrono. Dunque la storia \u00e8 questa. Durante le foto sul red carpet per la consegna dei Golden Globes una (astuta) ragazza si\u2026","rel":"","context":"In &quot;Coordinate&quot;","block_context":{"text":"Coordinate","link":"http:\/\/www.robertosedda.it\/?cat=52"},"img":{"alt_text":"","src":"https:\/\/i0.wp.com\/www.robertosedda.it\/wp-content\/uploads\/2019\/02\/Photobomb6.jpg?fit=1200%2C675&resize=350%2C200","width":350,"height":200,"srcset":"https:\/\/i0.wp.com\/www.robertosedda.it\/wp-content\/uploads\/2019\/02\/Photobomb6.jpg?fit=1200%2C675&resize=350%2C200 1x, https:\/\/i0.wp.com\/www.robertosedda.it\/wp-content\/uploads\/2019\/02\/Photobomb6.jpg?fit=1200%2C675&resize=700%2C400 2x, https:\/\/i0.wp.com\/www.robertosedda.it\/wp-content\/uploads\/2019\/02\/Photobomb6.jpg?fit=1200%2C675&resize=1050%2C600 3x"},"classes":[]},{"id":768,"url":"http:\/\/www.robertosedda.it\/?p=768","url_meta":{"origin":11495,"position":3},"title":"Sogno di una notte di mezza estate","author":"Rufus","date":"24\/08\/2012","format":false,"excerpt":"Vale la pena di fare una premessa: il Sogno non \u00e8 una delle opere scespiriane pi\u00f9 facili del mondo da mettere in scena, compresa com'\u00e8 di una serie di \"blocchi\" narrativi e di registri differenti (soprattutto il lungo inserto conclusivo della recita degli artigiani). E d'altra parte, bisogna per forza,\u2026","rel":"","context":"In &quot;Coordinate&quot;","block_context":{"text":"Coordinate","link":"http:\/\/www.robertosedda.it\/?cat=52"},"img":{"alt_text":"","src":"https:\/\/i0.wp.com\/www.robertosedda.it\/wp-content\/uploads\/2012\/08\/sogno_di_una_notte_di_mezza_estate_michelle_pfeiffer_michael_hoffman_001_jpg_uwri.jpg?fit=793%2C524&resize=350%2C200","width":350,"height":200,"srcset":"https:\/\/i0.wp.com\/www.robertosedda.it\/wp-content\/uploads\/2012\/08\/sogno_di_una_notte_di_mezza_estate_michelle_pfeiffer_michael_hoffman_001_jpg_uwri.jpg?fit=793%2C524&resize=350%2C200 1x, https:\/\/i0.wp.com\/www.robertosedda.it\/wp-content\/uploads\/2012\/08\/sogno_di_una_notte_di_mezza_estate_michelle_pfeiffer_michael_hoffman_001_jpg_uwri.jpg?fit=793%2C524&resize=700%2C400 2x"},"classes":[]},{"id":20874,"url":"http:\/\/www.robertosedda.it\/?p=20874","url_meta":{"origin":11495,"position":4},"title":"Non perdete Dark Winds","author":"Rufus","date":"27\/01\/2026","format":false,"excerpt":"Sto guardando Dark Winds, serie Netflix che trasferisce su video i gialli di Tony Hillermann dedicati ai poliziotti della Navajo Tribal Police; nella serie ai due poliziotti dei romanzi, Joe Leaphorn e Jim Chee, viene affiancata Bernadette Manuelito, un personaggio creato dalla figila di Hillerman, Anne, che ha ripreso i\u2026","rel":"","context":"In &quot;Coordinate&quot;","block_context":{"text":"Coordinate","link":"http:\/\/www.robertosedda.it\/?cat=52"},"img":{"alt_text":"","src":"https:\/\/i0.wp.com\/img.youtube.com\/vi\/KU9X4Xyb8JE\/0.jpg?resize=350%2C200","width":350,"height":200},"classes":[]},{"id":16231,"url":"http:\/\/www.robertosedda.it\/?p=16231","url_meta":{"origin":11495,"position":5},"title":"Repertori e cataloghi","author":"Rufus","date":"07\/02\/2019","format":false,"excerpt":"La settimana scorsa ho visto al teatro Argentina di Roma La\u00a0tragedia\u00a0del\u00a0vendicatore di Thomas Middleton, che contrariamente a quello che crede Google\u00a0non\u00a0\u00e8\u00a0un\u00a0parente\u00a0della\u00a0Duchessa\u00a0di Cambridge\u00a0ma\u00a0un autore di teatro pi\u00f9 o meno contemporaneo di Shakespeare. Parentesi: siccome Middleton \u00e8 stato attivo soprattutto dopo la morte della Regina Elisabetta non \u00e8 corretto definirlo un esponente\u2026","rel":"","context":"In &quot;Coordinate&quot;","block_context":{"text":"Coordinate","link":"http:\/\/www.robertosedda.it\/?cat=52"},"img":{"alt_text":"","src":"https:\/\/i0.wp.com\/www.robertosedda.it\/wp-content\/uploads\/2019\/02\/Middleton.jpg?fit=1200%2C900&resize=350%2C200","width":350,"height":200,"srcset":"https:\/\/i0.wp.com\/www.robertosedda.it\/wp-content\/uploads\/2019\/02\/Middleton.jpg?fit=1200%2C900&resize=350%2C200 1x, https:\/\/i0.wp.com\/www.robertosedda.it\/wp-content\/uploads\/2019\/02\/Middleton.jpg?fit=1200%2C900&resize=700%2C400 2x, https:\/\/i0.wp.com\/www.robertosedda.it\/wp-content\/uploads\/2019\/02\/Middleton.jpg?fit=1200%2C900&resize=1050%2C600 3x"},"classes":[]}],"_links":{"self":[{"href":"http:\/\/www.robertosedda.it\/index.php?rest_route=\/wp\/v2\/posts\/11495"}],"collection":[{"href":"http:\/\/www.robertosedda.it\/index.php?rest_route=\/wp\/v2\/posts"}],"about":[{"href":"http:\/\/www.robertosedda.it\/index.php?rest_route=\/wp\/v2\/types\/post"}],"author":[{"embeddable":true,"href":"http:\/\/www.robertosedda.it\/index.php?rest_route=\/wp\/v2\/users\/1"}],"replies":[{"embeddable":true,"href":"http:\/\/www.robertosedda.it\/index.php?rest_route=%2Fwp%2Fv2%2Fcomments&post=11495"}],"version-history":[{"count":4,"href":"http:\/\/www.robertosedda.it\/index.php?rest_route=\/wp\/v2\/posts\/11495\/revisions"}],"predecessor-version":[{"id":11499,"href":"http:\/\/www.robertosedda.it\/index.php?rest_route=\/wp\/v2\/posts\/11495\/revisions\/11499"}],"wp:attachment":[{"href":"http:\/\/www.robertosedda.it\/index.php?rest_route=%2Fwp%2Fv2%2Fmedia&parent=11495"}],"wp:term":[{"taxonomy":"category","embeddable":true,"href":"http:\/\/www.robertosedda.it\/index.php?rest_route=%2Fwp%2Fv2%2Fcategories&post=11495"},{"taxonomy":"post_tag","embeddable":true,"href":"http:\/\/www.robertosedda.it\/index.php?rest_route=%2Fwp%2Fv2%2Ftags&post=11495"}],"curies":[{"name":"wp","href":"https:\/\/api.w.org\/{rel}","templated":true}]}}