{"id":11403,"date":"2016-01-15T11:14:17","date_gmt":"2016-01-15T10:14:17","guid":{"rendered":"http:\/\/www.robertosedda.it\/?p=11403"},"modified":"2026-01-22T18:15:13","modified_gmt":"2026-01-22T17:15:13","slug":"ricordando-iside-spanu-de-zolt","status":"publish","type":"post","link":"http:\/\/www.robertosedda.it\/?p=11403","title":{"rendered":"Ricordando Iside Spanu De Zolt"},"content":{"rendered":"<p><img data-attachment-id=\"11404\" data-permalink=\"http:\/\/www.robertosedda.it\/?attachment_id=11404\" data-orig-file=\"https:\/\/i0.wp.com\/www.robertosedda.it\/wp-content\/uploads\/2016\/01\/Iside-e-Mino-Spanu.jpg?fit=200%2C150\" data-orig-size=\"200,150\" data-comments-opened=\"1\" data-image-meta=\"{&quot;aperture&quot;:&quot;0&quot;,&quot;credit&quot;:&quot;&quot;,&quot;camera&quot;:&quot;&quot;,&quot;caption&quot;:&quot;&quot;,&quot;created_timestamp&quot;:&quot;0&quot;,&quot;copyright&quot;:&quot;&quot;,&quot;focal_length&quot;:&quot;0&quot;,&quot;iso&quot;:&quot;0&quot;,&quot;shutter_speed&quot;:&quot;0&quot;,&quot;title&quot;:&quot;&quot;,&quot;orientation&quot;:&quot;1&quot;}\" data-image-title=\"Iside e Mino Spanu\" data-image-description=\"\" data-image-caption=\"\" data-medium-file=\"https:\/\/i0.wp.com\/www.robertosedda.it\/wp-content\/uploads\/2016\/01\/Iside-e-Mino-Spanu.jpg?fit=200%2C150\" data-large-file=\"https:\/\/i0.wp.com\/www.robertosedda.it\/wp-content\/uploads\/2016\/01\/Iside-e-Mino-Spanu.jpg?fit=200%2C150\" decoding=\"async\" loading=\"lazy\" class=\"alignright size-full wp-image-11404\" src=\"https:\/\/i0.wp.com\/www.robertosedda.it\/wp-content\/uploads\/2016\/01\/Iside-e-Mino-Spanu.jpg?resize=200%2C150\" alt=\"Iside e Mino Spanu\" width=\"200\" height=\"150\" srcset=\"https:\/\/i0.wp.com\/www.robertosedda.it\/wp-content\/uploads\/2016\/01\/Iside-e-Mino-Spanu.jpg?w=200 200w, https:\/\/i0.wp.com\/www.robertosedda.it\/wp-content\/uploads\/2016\/01\/Iside-e-Mino-Spanu.jpg?resize=150%2C113 150w\" sizes=\"(max-width: 200px) 100vw, 200px\" data-recalc-dims=\"1\" \/>Mi sono dimenticato di segnalare che sull&#8217;inserto diocesano\u00a0di <em>Avvenire<\/em>\u00a0del 20 dicembre scorso \u00e8 uscito un mio articolo dedicato a Iside De Zolt.<\/p>\n<p>Devo dire che, mentre ho molto apprezzato il fatto che l&#8217;<em>Ufficio diocesano delle comunicazioni sociali<\/em>\u00a0abbia deciso di ricordare Iside e di parlare, di conseguenza, di laici e di Azione Cattolica, ho accettato di scrivere di lei con un certo imbarazzo e dopo qualche sollecitazione. Mi sembrava in qualche modo di non avere titolo\u00a0&#8211; altri di AC le sono stati certamente pi\u00f9 vicini idealmente e cronologicamente &#8211; e nell&#8217;ultimo periodo della nostra militanza in comune nell&#8217;associazione ci siamo sicuramente trovati su posizioni piuttosto distanti. \u00c8 forse la misura del legame umano molto forte che la militanza in comune nell&#8217;AC crea il fatto che io ricordi ora con molta vividezza i tanti aneddoti di vita pastorale che Iside raccontava con molta efficacia e in maniera molto pi\u00f9 sfocata i nostri motivi di dissenso: ed per questo che, alla fine, ho accettato di scrivere l&#8217;articolo, che ho steso con vero affetto.<\/p>\n<p>Per motivi di spazio l&#8217;articolo \u00e8 brevissimo: molto pi\u00f9 ci sarebbe stato da dire su ciascuno dei\u00a0momenti di vita di Iside ai quali ho accennato.<\/p>\n<h2>Una pioniera dell\u2019Azione cattolica<\/h2>\n<h3>di Roberto Sedda<\/h3>\n<h4><em>Iside Spanu ha contribuito alla diffusione dell\u2019associazione in tutta l\u2019isola ed \u00e8 stata testimone viva del grande rinnovamento conciliare<\/em><\/h4>\n<p>Ricordo di avere sentito Iside Spanu raccontare che nel 1948 tutta la Segreteria nazionale della Giovent\u00f9 Femminile dell\u2019Azione Cattolica venne convocata in fretta e furia dal Papa.\u00a0\u00abCos\u00ec in fretta che non ci fecero nemmeno indossare l\u2019abito scuro e il velo: andammo cos\u00ec, come ci eravamo vestite per il lavoro\u00bb, ricordava.<\/p>\n<p>A quella esperienza nella <em>gieffe<\/em>, vissuta prima in parrocchia e in diocesi e poi a lungo con incarichi nazionali, Iside rimase legata tutta la vita. Anche negli anni \u201880, quando iniziava una relazione a un incontro diocesano non mancava mai di informarsi se fra il pubblico vi fosse qualcuna delle sue vecchie <em>giraffe<\/em>. Le signore l\u2019adoravano: aveva una capacit\u00e0 istintiva di essere popolare e alla mano, lei laureata, insegnate, traduttrice perfino di Raissa Maritain. Era una capacit\u00e0 che aveva affinato in centinaia, migliaia forse di incontri in parrocchie per mezza Italia (incontri da cui aveva tratto una rassegna impressionante di aneddoti gustosi, che in poche parole descrivevano un\u2019epoca). Era stato in uno di quei giri, del resto, che aveva conosciuto per la prima volta la Sardegna: nel 1948, in una visita piuttosto complessa e faticosa ai gruppi dell\u2019Azione Cattolica del Sulcis\u2013Iglesiente.<\/p>\n<p>Nata a Calalzo di Cadore aveva compiuto gli studi nell&#8217;Italia Settentrionale, poi il crescente impegno nell&#8217;Azione Cattolica l\u2019aveva portata a Roma fino al 1955, con vari incarichi nazionali. Fu a Roma che conobbe il futuro marito, che era sardo: dopo il matrimonio la coppia si stabil\u00ec dapprima a Lanusei, in una zona depressa della Sardegna non diversa dal Cadore della sua giovinezza e certo non meno difficile del Sulcis che aveva gi\u00e0 conosciuto. Fu pionieristico, a Lanusei, il loro lavoro nel campo dei consultori familiari, ma il loro apostolato tocc\u00f2 tutti i campi dell\u2019impegno laicale, dall&#8217;educazione alla presenza sociale. Un lavoro proseguito a Cagliari: Iside ha sempre rappresentato, per noi pi\u00f9 giovani, la migliore testimonianza di quella generazione di laici che ha testardamente preparato il Concilio e poi se l\u2019\u00e8 generosamente caricato sulle spalle per dargli un futuro.<\/p>\n","protected":false},"excerpt":{"rendered":"<p>Mi sono dimenticato di segnalare che sull&#8217;inserto diocesano\u00a0di Avvenire\u00a0del 20 dicembre scorso \u00e8 uscito un mio articolo dedicato a Iside<\/p>\n","protected":false},"author":1,"featured_media":11404,"comment_status":"open","ping_status":"open","sticky":false,"template":"","format":"standard","meta":{"_mi_skip_tracking":false,"_monsterinsights_sitenote_active":false,"_monsterinsights_sitenote_note":"","_monsterinsights_sitenote_category":0,"jetpack_post_was_ever_published":false,"_jetpack_newsletter_access":"","jetpack_publicize_message":"","jetpack_is_tweetstorm":false,"jetpack_publicize_feature_enabled":true,"jetpack_social_post_already_shared":true,"jetpack_social_options":{"image_generator_settings":{"template":"highway","enabled":false}}},"categories":[52,54,95,16,74],"tags":[],"jetpack_publicize_connections":[],"jetpack_featured_media_url":"https:\/\/i0.wp.com\/www.robertosedda.it\/wp-content\/uploads\/2016\/01\/Iside-e-Mino-Spanu.jpg?fit=200%2C150","jetpack_sharing_enabled":true,"jetpack_shortlink":"https:\/\/wp.me\/p4jV2T-2XV","jetpack_likes_enabled":true,"jetpack-related-posts":[{"id":7919,"url":"http:\/\/www.robertosedda.it\/?p=7919","url_meta":{"origin":11403,"position":0},"title":"La solita impossibilit\u00e0 di farmi gli affari miei (e l&#8217;Azione Cattolica)","author":"Rufus","date":"11\/07\/2014","format":false,"excerpt":"Vedo status\u00a0di Facebook di ex responsabili dell'AC\u00a0dal tono deprecatorio ed amaro, sento di mail che girano per mezza Sardegna\u00a0e mi sembra di capire che nei nuovi assetti dell'AC diocesana c'\u00e8 qualche scricchiolio. Mi permetto di dire la mia, sapendo benissimo di trovarmi nella posizione di quello al quale si adatta\u2026","rel":"","context":"In &quot;Azione Cattolica&quot;","block_context":{"text":"Azione Cattolica","link":"http:\/\/www.robertosedda.it\/?cat=76"},"img":{"alt_text":"","src":"https:\/\/i0.wp.com\/www.robertosedda.it\/wp-content\/uploads\/2014\/07\/Azione-Cattolica_07.jpg?fit=330%2C241&resize=350%2C200","width":350,"height":200},"classes":[]},{"id":6648,"url":"http:\/\/www.robertosedda.it\/?p=6648","url_meta":{"origin":11403,"position":1},"title":"Perch\u00e9 io avrei fatto diversamente la terna per il Presidente diocesano dell&#8217;Azione Cattolica","author":"Rufus","date":"05\/03\/2014","format":false,"excerpt":"Anche se ultimamente sono molto defilato seguo sempre con interesse le vicende dell'Azione Cattolica diocesana, l'associazione nella quale mi sono formato e in cui ancora mi onoro di militare. Pochi giorni fa \u00e8 stato completamente rinnovato il Consiglio diocesano dell'AC e luned\u00ec scorso \u00e8 stata eletta la terna fra cui\u2026","rel":"","context":"In &quot;Azione Cattolica&quot;","block_context":{"text":"Azione Cattolica","link":"http:\/\/www.robertosedda.it\/?cat=76"},"img":{"alt_text":"","src":"https:\/\/i0.wp.com\/www.robertosedda.it\/wp-content\/uploads\/2014\/03\/Convegno-AC-Assemini.jpg?fit=720%2C960&resize=350%2C200","width":350,"height":200,"srcset":"https:\/\/i0.wp.com\/www.robertosedda.it\/wp-content\/uploads\/2014\/03\/Convegno-AC-Assemini.jpg?fit=720%2C960&resize=350%2C200 1x, https:\/\/i0.wp.com\/www.robertosedda.it\/wp-content\/uploads\/2014\/03\/Convegno-AC-Assemini.jpg?fit=720%2C960&resize=700%2C400 2x"},"classes":[]},{"id":7770,"url":"http:\/\/www.robertosedda.it\/?p=7770","url_meta":{"origin":11403,"position":2},"title":"Il responsabile della comunicazione diocesano","author":"Rufus","date":"13\/06\/2014","format":false,"excerpt":"Ho ritrovato sull'hard disk una mia vecchia proposta alla Presidenza diocesana per l'istituzione di un\u00a0vero responsabile della comunicazione, una\u00a0roba che come al solito mi capitava non venne mai presa seriamente in considerazione (e i frutti si sono visti, diciamo). Siccome vedo che\u00a0il\u00a0documento assembleare dell'Azione Cattolica diocesana\u00a0dice: si rende indispensabile un\u2026","rel":"","context":"In &quot;Azione Cattolica&quot;","block_context":{"text":"Azione Cattolica","link":"http:\/\/www.robertosedda.it\/?cat=76"},"img":{"alt_text":"","src":"https:\/\/i0.wp.com\/www.robertosedda.it\/wp-content\/uploads\/2014\/06\/Azione-Cattolica-riunione.jpg?fit=604%2C453&resize=350%2C200","width":350,"height":200},"classes":[]},{"id":3776,"url":"http:\/\/www.robertosedda.it\/?p=3776","url_meta":{"origin":11403,"position":3},"title":"Popolarit\u00e0","author":"Rufus","date":"01\/07\/2013","format":false,"excerpt":"Nell'articolo di Michela Murgia sulla sua candidatura alla presidenza della Regione Sardegna c'\u00e8 una frase che mi ha colpito. ProgReS \u00e8 un partito giovane e dinamico, dove la media degli aderenti \u00e8 intorno ai 30 anni e la competenza pi\u00f9 diffusa \u00e8 la laurea. Hmmmm. La laurea. Io e Michela\u2026","rel":"","context":"In &quot;Coordinate&quot;","block_context":{"text":"Coordinate","link":"http:\/\/www.robertosedda.it\/?cat=52"},"img":{"alt_text":"","src":"https:\/\/i0.wp.com\/www.robertosedda.it\/wp-content\/uploads\/2013\/07\/Michela-Murgia.jpg?fit=960%2C639&resize=350%2C200","width":350,"height":200,"srcset":"https:\/\/i0.wp.com\/www.robertosedda.it\/wp-content\/uploads\/2013\/07\/Michela-Murgia.jpg?fit=960%2C639&resize=350%2C200 1x, https:\/\/i0.wp.com\/www.robertosedda.it\/wp-content\/uploads\/2013\/07\/Michela-Murgia.jpg?fit=960%2C639&resize=700%2C400 2x"},"classes":[]},{"id":602,"url":"http:\/\/www.robertosedda.it\/?p=602","url_meta":{"origin":11403,"position":4},"title":"Determinanti","author":"Rufus","date":"22\/08\/2012","format":false,"excerpt":"Secondo quanto riporta l\u2019agenzia di stampa ASCA, il Presidente dell\u2019Azione Cattolica, Franco Miano, commentando i risultati del referendum ha dichiarato che i cattolici sono stati determinanti. Ho l\u2019impressione che la frase, per quanto riportata con pi\u00f9 o meno\u00a0evidenza su tutti gli organi di stampa, non fosse particolarmente centrale nel ragionamento\u2026","rel":"","context":"In &quot;Coordinate&quot;","block_context":{"text":"Coordinate","link":"http:\/\/www.robertosedda.it\/?cat=52"},"img":{"alt_text":"","src":"","width":0,"height":0},"classes":[]},{"id":4101,"url":"http:\/\/www.robertosedda.it\/?p=4101","url_meta":{"origin":11403,"position":5},"title":"Quando il signor Luca torner\u00e0&#8230;","author":"Rufus","date":"24\/07\/2013","format":false,"excerpt":"Sto pensando di riprendere a scrivere storie del signor Luca. Per chi non lo sapesse si tratta di raccontini (temo, ahim\u00e9, fin troppo edificanti) che scrivevo su una defunta pubblicazione dell'Azione Cattolica diocesana, a proposito di un certo signor Luca e dei suoi amici della parrocchia: rileggendoli adesso vedo che\u2026","rel":"","context":"In &quot;Coordinate&quot;","block_context":{"text":"Coordinate","link":"http:\/\/www.robertosedda.it\/?cat=52"},"img":{"alt_text":"","src":"","width":0,"height":0},"classes":[]}],"_links":{"self":[{"href":"http:\/\/www.robertosedda.it\/index.php?rest_route=\/wp\/v2\/posts\/11403"}],"collection":[{"href":"http:\/\/www.robertosedda.it\/index.php?rest_route=\/wp\/v2\/posts"}],"about":[{"href":"http:\/\/www.robertosedda.it\/index.php?rest_route=\/wp\/v2\/types\/post"}],"author":[{"embeddable":true,"href":"http:\/\/www.robertosedda.it\/index.php?rest_route=\/wp\/v2\/users\/1"}],"replies":[{"embeddable":true,"href":"http:\/\/www.robertosedda.it\/index.php?rest_route=%2Fwp%2Fv2%2Fcomments&post=11403"}],"version-history":[{"count":1,"href":"http:\/\/www.robertosedda.it\/index.php?rest_route=\/wp\/v2\/posts\/11403\/revisions"}],"predecessor-version":[{"id":11405,"href":"http:\/\/www.robertosedda.it\/index.php?rest_route=\/wp\/v2\/posts\/11403\/revisions\/11405"}],"wp:featuredmedia":[{"embeddable":true,"href":"http:\/\/www.robertosedda.it\/index.php?rest_route=\/wp\/v2\/media\/11404"}],"wp:attachment":[{"href":"http:\/\/www.robertosedda.it\/index.php?rest_route=%2Fwp%2Fv2%2Fmedia&parent=11403"}],"wp:term":[{"taxonomy":"category","embeddable":true,"href":"http:\/\/www.robertosedda.it\/index.php?rest_route=%2Fwp%2Fv2%2Fcategories&post=11403"},{"taxonomy":"post_tag","embeddable":true,"href":"http:\/\/www.robertosedda.it\/index.php?rest_route=%2Fwp%2Fv2%2Ftags&post=11403"}],"curies":[{"name":"wp","href":"https:\/\/api.w.org\/{rel}","templated":true}]}}