{"id":11375,"date":"2016-01-07T17:53:02","date_gmt":"2016-01-07T16:53:02","guid":{"rendered":"http:\/\/www.robertosedda.it\/?p=11375"},"modified":"2016-01-26T10:18:57","modified_gmt":"2016-01-26T09:18:57","slug":"dura-vita-per-i-librai","status":"publish","type":"post","link":"http:\/\/www.robertosedda.it\/?p=11375","title":{"rendered":"Dura vita per i librai"},"content":{"rendered":"<p>Mi ero\u00a0segnato da un paio di giorni di rilanciare <a href=\"http:\/\/mashable.com\/2016\/01\/05\/missing-hk-booksellers\/#6cNSRlwsdkqx\">un articolo di\u00a0<em>Mashable<\/em><\/a>\u00a0(la notizia \u00e8 uscita comunque ovunque) riguardo al fatto che da qualche tempo a Hong Kong scompaiono i librai.<\/p>\n<p>Non nel senso che chiudono i negozi di libri: scompaiono proprio i librai, nel senso che escono di casa e poi\u00a0<em>puff!<\/em> pi\u00f9 niente.<\/p>\n<p>Non sono librai scelti a caso: sono l&#8217;intero\u00a0<em>staff<\/em> di una piccola libreria che \u00e8 anche casa editrice indipendente: la\u00a0<em>Mighty Current<\/em><em>. <\/em>Pubblicano libri scandalistici &#8211; e forse un filino diffamatori &#8211; sulla classe politica della Repubblica Popolare Cinese.<\/p>\n<figure id=\"attachment_11376\" aria-describedby=\"caption-attachment-11376\" style=\"width: 950px\" class=\"wp-caption aligncenter\"><img data-attachment-id=\"11376\" data-permalink=\"http:\/\/www.robertosedda.it\/?attachment_id=11376\" data-orig-file=\"https:\/\/i0.wp.com\/www.robertosedda.it\/wp-content\/uploads\/2016\/01\/Manifestazione-Hong-Kong.jpg?fit=950%2C534\" data-orig-size=\"950,534\" data-comments-opened=\"1\" data-image-meta=\"{&quot;aperture&quot;:&quot;0&quot;,&quot;credit&quot;:&quot;AP&quot;,&quot;camera&quot;:&quot;&quot;,&quot;caption&quot;:&quot;Protesters hold photos of missing booksellers during a protest outside the Liaison of the Central People&#039;s Government in Hong Kong, Sunday, Jan. 3, 2016. Hong Kong pro-democracy lawmakers say they&#039;ll press the government for answers after a fifth employee of a publisher specializing in books critical of China&#039;s ruling communists went missing. The Chinese words on banner reads  \\&quot;Where is Lee Bo? Liaison of the Central People&#039;s Government of Hong Kong explain!\\&quot;(AP Photo\\\/Vincent Yu)&quot;,&quot;created_timestamp&quot;:&quot;0&quot;,&quot;copyright&quot;:&quot;&quot;,&quot;focal_length&quot;:&quot;0&quot;,&quot;iso&quot;:&quot;0&quot;,&quot;shutter_speed&quot;:&quot;0&quot;,&quot;title&quot;:&quot;Hong Kong Missing Booksellers&quot;,&quot;orientation&quot;:&quot;1&quot;}\" data-image-title=\"Hong Kong Missing Booksellers\" data-image-description=\"\" data-image-caption=\"&lt;p&gt;Protesters hold photos of missing booksellers during a protest outside the Liaison of the Central People&#8217;s Government in Hong Kong, Sunday, Jan. 3, 2016. Hong Kong pro-democracy lawmakers say they&#8217;ll press the government for answers after a fifth employee of a publisher specializing in books critical of China&#8217;s ruling communists went missing. The Chinese words on banner reads  &#8220;Where is Lee Bo? Liaison of the Central People&#8217;s Government of Hong Kong explain!&#8221;(AP Photo\/Vincent Yu)&lt;\/p&gt;\n\" data-medium-file=\"https:\/\/i0.wp.com\/www.robertosedda.it\/wp-content\/uploads\/2016\/01\/Manifestazione-Hong-Kong.jpg?fit=300%2C169\" data-large-file=\"https:\/\/i0.wp.com\/www.robertosedda.it\/wp-content\/uploads\/2016\/01\/Manifestazione-Hong-Kong.jpg?fit=510%2C287\" decoding=\"async\" loading=\"lazy\" class=\"size-full wp-image-11376\" src=\"https:\/\/i0.wp.com\/www.robertosedda.it\/wp-content\/uploads\/2016\/01\/Manifestazione-Hong-Kong.jpg?resize=800%2C450\" alt=\"Protesters hold photos of missing booksellers during a protest outside the Liaison of the Central People's Government in Hong Kong, Sunday, Jan. 3, 2016. Hong Kong pro-democracy lawmakers say they'll press the government for answers after a fifth employee of a publisher specializing in books critical of China's ruling communists went missing. The Chinese words on banner reads &quot;Where is Lee Bo? Liaison of the Central People's Government of Hong Kong explain!&quot;(AP Photo\/Vincent Yu)\" width=\"800\" height=\"450\" srcset=\"https:\/\/i0.wp.com\/www.robertosedda.it\/wp-content\/uploads\/2016\/01\/Manifestazione-Hong-Kong.jpg?w=950 950w, https:\/\/i0.wp.com\/www.robertosedda.it\/wp-content\/uploads\/2016\/01\/Manifestazione-Hong-Kong.jpg?resize=150%2C84 150w, https:\/\/i0.wp.com\/www.robertosedda.it\/wp-content\/uploads\/2016\/01\/Manifestazione-Hong-Kong.jpg?resize=300%2C169 300w, https:\/\/i0.wp.com\/www.robertosedda.it\/wp-content\/uploads\/2016\/01\/Manifestazione-Hong-Kong.jpg?resize=768%2C432 768w, https:\/\/i0.wp.com\/www.robertosedda.it\/wp-content\/uploads\/2016\/01\/Manifestazione-Hong-Kong.jpg?resize=510%2C287 510w, https:\/\/i0.wp.com\/www.robertosedda.it\/wp-content\/uploads\/2016\/01\/Manifestazione-Hong-Kong.jpg?resize=700%2C393 700w\" sizes=\"(max-width: 800px) 100vw, 800px\" data-recalc-dims=\"1\" \/><figcaption id=\"caption-attachment-11376\" class=\"wp-caption-text\">AP Photo\/Vincent Yu<\/figcaption><\/figure>\n<p>E scompaiono. L&#8217;ultimo, il quinto della serie, ha fatto in tempo a denunciare la scomparsa dei colleghi. Poi \u00e8 sparito pure lui.<\/p>\n<p>Poi ha telefonato alla moglie. Dalla Cina, dicendo che\u00a0<em>collaborava a una indagine<\/em>.<\/p>\n<p>Sar\u00e0. Collaborazione spontanea, si immagina.<\/p>\n<p>Ha anche mandato un <em>fax<\/em>,\u00a0nel quale si dice che in Cina c&#8217;\u00e8 andato volontariamente e coi suoi mezzi.<\/p>\n<p>Spontaneamente, appunto.<\/p>\n<p>Volevo farci un articolo pi\u00f9 lungo, ma vedo che\u00a0<a href=\"http:\/\/ilmanifesto.info\/la-misteriosa-scomparsa-dei-librai-anti-pechino-di-hong-kong\/\"><em>Il Manifesto<\/em> ha fatto in tempo a farci un buon articolo<\/a>, al quale vi rimando (ne parla anche\u00a0<em><a href=\"http:\/\/www.ilfattoquotidiano.it\/2016\/01\/06\/cina-il-reato-di-gossip-e-caso-dei-cinque-librai-scomparsi-due-sono-cittadini-europei\/2352608\/\">Il Fatto Quotidiano<\/a><\/em>).<\/p>\n<p>L&#8217;unica cosa che posso aggiungere \u00e8 che magari sarebbe interessante una manifestazione di solidariet\u00e0 da parte dei librai locali (mi viene in mente\u00a0<em>Liberos<\/em>, anche).<\/p>\n","protected":false},"excerpt":{"rendered":"<p>Mi ero\u00a0segnato da un paio di giorni di rilanciare un articolo di\u00a0Mashable\u00a0(la notizia \u00e8 uscita comunque ovunque) riguardo al fatto<\/p>\n","protected":false},"author":1,"featured_media":11376,"comment_status":"open","ping_status":"open","sticky":false,"template":"","format":"standard","meta":{"_mi_skip_tracking":false,"_monsterinsights_sitenote_active":false,"_monsterinsights_sitenote_note":"","_monsterinsights_sitenote_category":0,"jetpack_post_was_ever_published":false,"_jetpack_newsletter_access":"","jetpack_publicize_message":"","jetpack_is_tweetstorm":false,"jetpack_publicize_feature_enabled":true,"jetpack_social_post_already_shared":true,"jetpack_social_options":{"image_generator_settings":{"template":"highway","enabled":false}}},"categories":[52,55,77,19],"tags":[134],"jetpack_publicize_connections":[],"jetpack_featured_media_url":"https:\/\/i0.wp.com\/www.robertosedda.it\/wp-content\/uploads\/2016\/01\/Manifestazione-Hong-Kong.jpg?fit=950%2C534","jetpack_sharing_enabled":true,"jetpack_shortlink":"https:\/\/wp.me\/p4jV2T-2Xt","jetpack_likes_enabled":true,"jetpack-related-posts":[{"id":5461,"url":"http:\/\/www.robertosedda.it\/?p=5461","url_meta":{"origin":11375,"position":0},"title":"Letture per Natale","author":"Rufus","date":"17\/12\/2013","format":false,"excerpt":"Raccolgo volentieri la segnalazione della mia amica, antica collega universitaria\u00a0e consocia di Banca Etica Marina Boetti, la libraia pi\u00f9 affascinante che conosca (qui a lato in una foto di Dietrich Steinmetz che ho rubato da Facebook). Marina mi ha\u00a0inviato per mail un elenco di titoli che per chi fa politica,\u2026","rel":"","context":"In &quot;Coordinate&quot;","block_context":{"text":"Coordinate","link":"http:\/\/www.robertosedda.it\/?cat=52"},"img":{"alt_text":"","src":"https:\/\/i0.wp.com\/www.robertosedda.it\/wp-content\/uploads\/2013\/12\/economia-con-l-anima.jpg?resize=350%2C200","width":350,"height":200},"classes":[]},{"id":16237,"url":"http:\/\/www.robertosedda.it\/?p=16237","url_meta":{"origin":11375,"position":1},"title":"Spiegare con humour","author":"Rufus","date":"08\/02\/2019","format":false,"excerpt":"Io ho un cugino che fa il libraio. Non mi spingo a dire che \u00e8 il mio cugino preferito perch\u00e9 poi gli altri si dispiacciono e comunque io voglio bene a tutti i miei cugini, ma certo gli sono sempre stato molto affezionato perch\u00e9 fra tutta la vasta geografia della\u2026","rel":"","context":"In &quot;Coordinate&quot;","block_context":{"text":"Coordinate","link":"http:\/\/www.robertosedda.it\/?cat=52"},"img":{"alt_text":"","src":"https:\/\/i0.wp.com\/www.robertosedda.it\/wp-content\/uploads\/2019\/02\/Pascale-Koob.jpg?fit=768%2C513&resize=350%2C200","width":350,"height":200,"srcset":"https:\/\/i0.wp.com\/www.robertosedda.it\/wp-content\/uploads\/2019\/02\/Pascale-Koob.jpg?fit=768%2C513&resize=350%2C200 1x, https:\/\/i0.wp.com\/www.robertosedda.it\/wp-content\/uploads\/2019\/02\/Pascale-Koob.jpg?fit=768%2C513&resize=700%2C400 2x"},"classes":[]},{"id":12918,"url":"http:\/\/www.robertosedda.it\/?p=12918","url_meta":{"origin":11375,"position":2},"title":"REBLOG: Numeri che forse nessuno ha notato","author":"Rufus","date":"06\/12\/2016","format":false,"excerpt":"Seguo spesso con piacere gli interventi su\u00a0Facebook di Pietro Pani, che conosco dai tempi della\u00a0FGCI, cio\u00e8 quasi quarant'anni, e che poi \u00e8 stato per un periodo il mio libraio di fiducia. Soprattutto quando parla di politica condivido quasi sempre. Ma oggi sul referendum fa un'analisi che mi sembra particolarmente interessante:\u2026","rel":"","context":"Articolo simile","block_context":{"text":"Articolo simile","link":""},"img":{"alt_text":"","src":"","width":0,"height":0},"classes":[]},{"id":1085,"url":"http:\/\/www.robertosedda.it\/?p=1085","url_meta":{"origin":11375,"position":3},"title":"L&#8217;ululato di Lance Henson in Piazza Repubblica Libri","author":"Rufus","date":"22\/10\/2012","format":false,"excerpt":"L'altra sera sono andato a vedere la nuova sede di Piazza Repubblica Libri: non ero andato alla festa di inaugurazione e volevo fare gli auguri a Patrizio, Daniela e gli altri, tanto pi\u00f9 che\u00a0adesso sono in una zona della citt\u00e0 lontana dai miei giri e passare \u00e8 meno spontaneo. Cos\u00ec\u2026","rel":"","context":"In &quot;Coordinate&quot;","block_context":{"text":"Coordinate","link":"http:\/\/www.robertosedda.it\/?cat=52"},"img":{"alt_text":"","src":"","width":0,"height":0},"classes":[]},{"id":1730,"url":"http:\/\/www.robertosedda.it\/?p=1730","url_meta":{"origin":11375,"position":4},"title":"Celebrit\u00e0, povere zie e amori","author":"Rufus","date":"20\/12\/2012","format":false,"excerpt":"L'altra mattina in pausa pranzo vado in una piadineria e, al momento di pagare, il proprietario (un ragazzo di rara gentilezza) mi fa: \u00abHo letto i suoi post\u00bb. Io: \u00abEh?!\u00bb Lui: \u00abSul suo blog...\u00bb. Io: \u00abEh?!?!\u00bb. Paziente, spiega: \u00abNo, perch\u00e9 siamo vicini di locale con Piazza Repubblica Libri e lei\u2026","rel":"","context":"In &quot;Coordinate&quot;","block_context":{"text":"Coordinate","link":"http:\/\/www.robertosedda.it\/?cat=52"},"img":{"alt_text":"","src":"https:\/\/i0.wp.com\/www.robertosedda.it\/wp-content\/uploads\/2012\/12\/Gusto-piadineria.jpg?fit=960%2C1200&resize=350%2C200","width":350,"height":200,"srcset":"https:\/\/i0.wp.com\/www.robertosedda.it\/wp-content\/uploads\/2012\/12\/Gusto-piadineria.jpg?fit=960%2C1200&resize=350%2C200 1x, https:\/\/i0.wp.com\/www.robertosedda.it\/wp-content\/uploads\/2012\/12\/Gusto-piadineria.jpg?fit=960%2C1200&resize=700%2C400 2x"},"classes":[]},{"id":13082,"url":"http:\/\/www.robertosedda.it\/?p=13082","url_meta":{"origin":11375,"position":5},"title":"Ballata brechtiana","author":"Rufus","date":"13\/01\/2017","format":false,"excerpt":"Ho finito oggi di leggere Qualcosa sui Lehman di Stefano Massini (Mondadori 2016, \u20ac 24), il libro da cui \u00e8 tratto lo spettacolo Lehman Trilogy, segnalatomi dal mio cugino Paolo, il grande libraio universale. Devo dire che \u00e8 un testo affascinante; Massini lo definisce romanzo\/ballata, e si capisce: \u00e8 tutto\u2026","rel":"","context":"In &quot;Biografie&quot;","block_context":{"text":"Biografie","link":"http:\/\/www.robertosedda.it\/?cat=83"},"img":{"alt_text":"","src":"https:\/\/i0.wp.com\/www.robertosedda.it\/wp-content\/uploads\/2017\/01\/Stefano-Massini.jpg?resize=350%2C200","width":350,"height":200},"classes":[]}],"_links":{"self":[{"href":"http:\/\/www.robertosedda.it\/index.php?rest_route=\/wp\/v2\/posts\/11375"}],"collection":[{"href":"http:\/\/www.robertosedda.it\/index.php?rest_route=\/wp\/v2\/posts"}],"about":[{"href":"http:\/\/www.robertosedda.it\/index.php?rest_route=\/wp\/v2\/types\/post"}],"author":[{"embeddable":true,"href":"http:\/\/www.robertosedda.it\/index.php?rest_route=\/wp\/v2\/users\/1"}],"replies":[{"embeddable":true,"href":"http:\/\/www.robertosedda.it\/index.php?rest_route=%2Fwp%2Fv2%2Fcomments&post=11375"}],"version-history":[{"count":1,"href":"http:\/\/www.robertosedda.it\/index.php?rest_route=\/wp\/v2\/posts\/11375\/revisions"}],"predecessor-version":[{"id":11377,"href":"http:\/\/www.robertosedda.it\/index.php?rest_route=\/wp\/v2\/posts\/11375\/revisions\/11377"}],"wp:featuredmedia":[{"embeddable":true,"href":"http:\/\/www.robertosedda.it\/index.php?rest_route=\/wp\/v2\/media\/11376"}],"wp:attachment":[{"href":"http:\/\/www.robertosedda.it\/index.php?rest_route=%2Fwp%2Fv2%2Fmedia&parent=11375"}],"wp:term":[{"taxonomy":"category","embeddable":true,"href":"http:\/\/www.robertosedda.it\/index.php?rest_route=%2Fwp%2Fv2%2Fcategories&post=11375"},{"taxonomy":"post_tag","embeddable":true,"href":"http:\/\/www.robertosedda.it\/index.php?rest_route=%2Fwp%2Fv2%2Ftags&post=11375"}],"curies":[{"name":"wp","href":"https:\/\/api.w.org\/{rel}","templated":true}]}}