{"id":11356,"date":"2015-12-29T10:00:39","date_gmt":"2015-12-29T09:00:39","guid":{"rendered":"http:\/\/www.robertosedda.it\/?p=11356"},"modified":"2016-01-18T17:17:33","modified_gmt":"2016-01-18T16:17:33","slug":"natale-in-casa-cupiello-e-auguri","status":"publish","type":"post","link":"http:\/\/www.robertosedda.it\/?p=11356","title":{"rendered":"Natale in casa Cupiello (e auguri)"},"content":{"rendered":"<p><img data-attachment-id=\"11360\" data-permalink=\"http:\/\/www.robertosedda.it\/?attachment_id=11360\" data-orig-file=\"https:\/\/i0.wp.com\/www.robertosedda.it\/wp-content\/uploads\/2015\/12\/Eduardo-Natale-in-casa-Cupiello.jpg?fit=2048%2C1473\" data-orig-size=\"2048,1473\" data-comments-opened=\"1\" data-image-meta=\"{&quot;aperture&quot;:&quot;0&quot;,&quot;credit&quot;:&quot;&quot;,&quot;camera&quot;:&quot;&quot;,&quot;caption&quot;:&quot;&quot;,&quot;created_timestamp&quot;:&quot;0&quot;,&quot;copyright&quot;:&quot;&quot;,&quot;focal_length&quot;:&quot;0&quot;,&quot;iso&quot;:&quot;0&quot;,&quot;shutter_speed&quot;:&quot;0&quot;,&quot;title&quot;:&quot;&quot;,&quot;orientation&quot;:&quot;0&quot;}\" data-image-title=\"Eduardo Natale in casa Cupiello\" data-image-description=\"\" data-image-caption=\"\" data-medium-file=\"https:\/\/i0.wp.com\/www.robertosedda.it\/wp-content\/uploads\/2015\/12\/Eduardo-Natale-in-casa-Cupiello.jpg?fit=300%2C216\" data-large-file=\"https:\/\/i0.wp.com\/www.robertosedda.it\/wp-content\/uploads\/2015\/12\/Eduardo-Natale-in-casa-Cupiello.jpg?fit=510%2C367\" decoding=\"async\" loading=\"lazy\" class=\"aligncenter size-full wp-image-11360\" src=\"https:\/\/i0.wp.com\/www.robertosedda.it\/wp-content\/uploads\/2015\/12\/Eduardo-Natale-in-casa-Cupiello.jpg?resize=800%2C575\" alt=\"Eduardo Natale in casa Cupiello\" width=\"800\" height=\"575\" srcset=\"https:\/\/i0.wp.com\/www.robertosedda.it\/wp-content\/uploads\/2015\/12\/Eduardo-Natale-in-casa-Cupiello.jpg?w=2048 2048w, https:\/\/i0.wp.com\/www.robertosedda.it\/wp-content\/uploads\/2015\/12\/Eduardo-Natale-in-casa-Cupiello.jpg?resize=150%2C108 150w, https:\/\/i0.wp.com\/www.robertosedda.it\/wp-content\/uploads\/2015\/12\/Eduardo-Natale-in-casa-Cupiello.jpg?resize=300%2C216 300w, https:\/\/i0.wp.com\/www.robertosedda.it\/wp-content\/uploads\/2015\/12\/Eduardo-Natale-in-casa-Cupiello.jpg?resize=768%2C552 768w, https:\/\/i0.wp.com\/www.robertosedda.it\/wp-content\/uploads\/2015\/12\/Eduardo-Natale-in-casa-Cupiello.jpg?resize=510%2C367 510w, https:\/\/i0.wp.com\/www.robertosedda.it\/wp-content\/uploads\/2015\/12\/Eduardo-Natale-in-casa-Cupiello.jpg?resize=700%2C503 700w, https:\/\/i0.wp.com\/www.robertosedda.it\/wp-content\/uploads\/2015\/12\/Eduardo-Natale-in-casa-Cupiello.jpg?w=1600 1600w\" sizes=\"(max-width: 800px) 100vw, 800px\" data-recalc-dims=\"1\" \/>Dopo il\u00a0<em>Volpone<\/em> di Ben Jonson ho dedicato diverse puntate di <em>Oggi parliamo di libri<\/em>\u00a0alla figura straordinaria di William Shakespeare. In reralt\u00e0 non ho ancora finito: dopo la pausa natalizia chiuder\u00f2 il ciclo con\u00a0<em>Molto rumore per nulla<\/em>.<\/p>\n<p>Nel frattempo, per\u00f2, e anche come occasione per fare a tutti gli auguri di Natale qui sul\u00a0<em>blog<\/em>, cosa che sinora non ho fatto un po&#8217; perch\u00e9 impegnato a godermi la famiglia e un po&#8217; perch\u00e9 impegnato a&#8230; non godermi un&#8217;influenza post-natalizia<em>, <\/em>nel frattempo, dicevo, pubblico qui la puntata di met\u00e0 dicembre dedicata a\u00a0<em>Natale in casa Cupiello<\/em>.<\/p>\n<!--[if lt IE 9]><script>document.createElement('audio');<\/script><![endif]-->\n<audio class=\"wp-audio-shortcode\" id=\"audio-11356-1\" preload=\"none\" style=\"width: 100%;\" controls=\"controls\"><source type=\"audio\/mpeg\" src=\"http:\/\/www.radiokalaritana.it\/audio\/LIB-S04E14-Eduardo_De_Filippo_Natale_in_casa_Cupiello-20151217.mp3?_=1\" \/><a href=\"http:\/\/www.radiokalaritana.it\/audio\/LIB-S04E14-Eduardo_De_Filippo_Natale_in_casa_Cupiello-20151217.mp3\">http:\/\/www.radiokalaritana.it\/audio\/LIB-S04E14-Eduardo_De_Filippo_Natale_in_casa_Cupiello-20151217.mp3<\/a><\/audio>\n<h4><em>Natale in casa Cupiello<\/em> &#8211; Eduardo de Filippo<\/h4>\n<p>Nella trasmissione per una volta sono riuscito a dire tutto quello che volevo dire e credo di avere anche dato un&#8217;immagine sufficientemente esatta della commedia, quindi non mi dilungo nel commento \u00a0se non per dire che ho visto che <em>Repubblica<\/em> propone il\u00a0<em>DVD\u00a0<\/em> nelle edicole &#8211; in un meraviglioso allestimento proposto per la <em>RAI<\/em>\u00a0di altri tempi &#8211; e invitare all&#8217;acquisto: forse pensate di averla gi\u00e0 vista mille volte ma la commedia \u00e8 ricchissima di sfumature e quindi merita di essere gustata e rigustata pi\u00f9 volte con occhio sempre diverso.<\/p>\n<p><img data-attachment-id=\"11359\" data-permalink=\"http:\/\/www.robertosedda.it\/?attachment_id=11359\" data-orig-file=\"https:\/\/i0.wp.com\/www.robertosedda.it\/wp-content\/uploads\/2015\/12\/Eduardo-Natale-in-casa-Cupiello-2.jpg?fit=800%2C600\" data-orig-size=\"800,600\" data-comments-opened=\"1\" data-image-meta=\"{&quot;aperture&quot;:&quot;0&quot;,&quot;credit&quot;:&quot;&quot;,&quot;camera&quot;:&quot;&quot;,&quot;caption&quot;:&quot;&quot;,&quot;created_timestamp&quot;:&quot;0&quot;,&quot;copyright&quot;:&quot;&quot;,&quot;focal_length&quot;:&quot;0&quot;,&quot;iso&quot;:&quot;0&quot;,&quot;shutter_speed&quot;:&quot;0&quot;,&quot;title&quot;:&quot;&quot;,&quot;orientation&quot;:&quot;0&quot;}\" data-image-title=\"Eduardo Natale in casa Cupiello 2\" data-image-description=\"\" data-image-caption=\"\" data-medium-file=\"https:\/\/i0.wp.com\/www.robertosedda.it\/wp-content\/uploads\/2015\/12\/Eduardo-Natale-in-casa-Cupiello-2.jpg?fit=300%2C225\" data-large-file=\"https:\/\/i0.wp.com\/www.robertosedda.it\/wp-content\/uploads\/2015\/12\/Eduardo-Natale-in-casa-Cupiello-2.jpg?fit=510%2C383\" decoding=\"async\" loading=\"lazy\" class=\"aligncenter size-full wp-image-11359\" src=\"https:\/\/i0.wp.com\/www.robertosedda.it\/wp-content\/uploads\/2015\/12\/Eduardo-Natale-in-casa-Cupiello-2.jpg?resize=800%2C600\" alt=\"Eduardo Natale in casa Cupiello 2\" width=\"800\" height=\"600\" srcset=\"https:\/\/i0.wp.com\/www.robertosedda.it\/wp-content\/uploads\/2015\/12\/Eduardo-Natale-in-casa-Cupiello-2.jpg?w=800 800w, https:\/\/i0.wp.com\/www.robertosedda.it\/wp-content\/uploads\/2015\/12\/Eduardo-Natale-in-casa-Cupiello-2.jpg?resize=150%2C113 150w, https:\/\/i0.wp.com\/www.robertosedda.it\/wp-content\/uploads\/2015\/12\/Eduardo-Natale-in-casa-Cupiello-2.jpg?resize=300%2C225 300w, https:\/\/i0.wp.com\/www.robertosedda.it\/wp-content\/uploads\/2015\/12\/Eduardo-Natale-in-casa-Cupiello-2.jpg?resize=768%2C576 768w, https:\/\/i0.wp.com\/www.robertosedda.it\/wp-content\/uploads\/2015\/12\/Eduardo-Natale-in-casa-Cupiello-2.jpg?resize=510%2C383 510w, https:\/\/i0.wp.com\/www.robertosedda.it\/wp-content\/uploads\/2015\/12\/Eduardo-Natale-in-casa-Cupiello-2.jpg?resize=268%2C200 268w, https:\/\/i0.wp.com\/www.robertosedda.it\/wp-content\/uploads\/2015\/12\/Eduardo-Natale-in-casa-Cupiello-2.jpg?resize=700%2C525 700w\" sizes=\"(max-width: 800px) 100vw, 800px\" data-recalc-dims=\"1\" \/>Come avrete sentito, alla fine della puntata mi sono chiesto se\u00a0<em>Natale in casa Cupiello<\/em> sia una commedia\u00a0<em>adatta<\/em> a essere vista a Natale, perch\u00e9 non \u00e8 banalmente consolatoria e ha un fondo tragico che contrasta con una certa visione pi\u00f9\u00a0<em>facile<\/em>\u00a0e certamente pi\u00f9 diffusa del Natale. Allo stesso modo mi chiedo se non faccia brutta impressione usare\u00a0<em>Natale in casa Cupiello<\/em> per fare gli auguri qui sul\u00a0<em>blog\u00a0<\/em>\u00a0(oltretutto in ritardo).<\/p>\n<p>Che dire? Certo le disgrazie che quel fatale giorno di Natale travolgono Luca Cupiello non possono essere augurate a nessuno e non \u00e8 questo, ovviamente, il mio intento. Ma la commedia ha una robusta dose di fiducia nella vita e nel futuro, nella capacit\u00e0 di ripartire e finanche di sciogliere i nodi irrisolti delle relazioni familiari &#8211; che sono tanti, come tutti sappiamo &#8211; e tutto questo \u00e8 certamente augurabile.<\/p>\n<p>Come ho detto in trasmissione, vi auguro festivit\u00e0 e un 2016 del tutto sereni e gioiosi, Ma se non fosse possibile &#8211; nella nostra condizione umana spesso non lo \u00e8 &#8211; che possiate deporre nella culla le vostre pene per essere consolati dal Dio che si \u00e8 fatto uomo per ciascuno di noi.<\/p>\n<p>Come dice il salmista:<\/p>\n<blockquote><p>Chi semina\u00a0nelle lacrime<br \/>\nmieter\u00e0 con giubilo.<\/p><\/blockquote>\n","protected":false},"excerpt":{"rendered":"<p>Dopo il\u00a0Volpone di Ben Jonson ho dedicato diverse puntate di Oggi parliamo di libri\u00a0alla figura straordinaria di William Shakespeare. In<\/p>\n","protected":false},"author":1,"featured_media":11360,"comment_status":"open","ping_status":"open","sticky":false,"template":"","format":"standard","meta":{"_mi_skip_tracking":false,"_monsterinsights_sitenote_active":false,"_monsterinsights_sitenote_note":"","_monsterinsights_sitenote_category":0,"jetpack_post_was_ever_published":false,"_jetpack_newsletter_access":"","jetpack_publicize_message":"","jetpack_is_tweetstorm":false,"jetpack_publicize_feature_enabled":true,"jetpack_social_post_already_shared":true,"jetpack_social_options":{"image_generator_settings":{"template":"highway","enabled":false}}},"categories":[52,86,53,56,101],"tags":[133],"jetpack_publicize_connections":[],"jetpack_featured_media_url":"https:\/\/i0.wp.com\/www.robertosedda.it\/wp-content\/uploads\/2015\/12\/Eduardo-Natale-in-casa-Cupiello.jpg?fit=2048%2C1473","jetpack_sharing_enabled":true,"jetpack_shortlink":"https:\/\/wp.me\/p4jV2T-2Xa","jetpack_likes_enabled":true,"jetpack-related-posts":[{"id":12128,"url":"http:\/\/www.robertosedda.it\/?p=12128","url_meta":{"origin":11356,"position":0},"title":"Il dimenticato pozzo del tesoro","author":"Rufus","date":"21\/06\/2016","format":false,"excerpt":"Credo che fra tutte le puntate che quest'anno in Oggi parliamo di libri\u00a0ho dedicato a opere teatrali di difficile lettura, vuoi perch\u00e9 l'autore \u00e8 lontano dalla nostra sensibilit\u00e0, vuoi perch\u00e9 sono opere poco note o magari un po' ostiche, nessuna abbia proposto\u00a0un autore che \u00e8 cos\u00ec improbabile che gli ascoltatori\u2026","rel":"","context":"In &quot;Coordinate&quot;","block_context":{"text":"Coordinate","link":"http:\/\/www.robertosedda.it\/?cat=52"},"img":{"alt_text":"","src":"https:\/\/i0.wp.com\/www.robertosedda.it\/wp-content\/uploads\/2016\/06\/Scribe.jpg?fit=307%2C400&resize=350%2C200","width":350,"height":200},"classes":[]},{"id":5562,"url":"http:\/\/www.robertosedda.it\/?p=5562","url_meta":{"origin":11356,"position":1},"title":"Auguri per Natale","author":"Rufus","date":"24\/12\/2013","format":"video","excerpt":"Per farvi gli auguri per Natale utilizzo un video che mi ha fatto conoscere Roberto Museo. \u00c8 molto bello e riunisce un po' tante delle mie anime: c'\u00e8 una bella storia, un po' di economia sociale, un pizzico di insegnamento cristiano ed \u00e8 fatto da una impresa per biechi fini\u2026","rel":"","context":"In &quot;Coordinate&quot;","block_context":{"text":"Coordinate","link":"http:\/\/www.robertosedda.it\/?cat=52"},"img":{"alt_text":"","src":"https:\/\/i0.wp.com\/img.youtube.com\/vi\/nKWnhYxyIPE\/0.jpg?resize=350%2C200","width":350,"height":200},"classes":[]},{"id":18392,"url":"http:\/\/www.robertosedda.it\/?p=18392","url_meta":{"origin":11356,"position":2},"title":"Tutti si meritano gli auguri di Natale","author":"Rufus","date":"28\/12\/2020","format":false,"excerpt":"Il giorno di Natale, dopo Messa, mi sono messo a fare gli auguri di Natale. Ho molta ammirazione per quelli bravi e organizzati che gi\u00e0 tre giorni prima ti mandano gli auguri, soprattutto perch\u00e9 io non sono capace e corro sempre il rischio, casomai, di fare gli auguri in ritardo,\u2026","rel":"","context":"In &quot;Coordinate&quot;","block_context":{"text":"Coordinate","link":"http:\/\/www.robertosedda.it\/?cat=52"},"img":{"alt_text":"","src":"https:\/\/i0.wp.com\/www.robertosedda.it\/wp-content\/uploads\/2020\/12\/Regina-Elisabetta.png?fit=691%2C599&resize=350%2C200","width":350,"height":200},"classes":[]},{"id":1793,"url":"http:\/\/www.robertosedda.it\/?p=1793","url_meta":{"origin":11356,"position":3},"title":"Poesia di Natale","author":"Rufus","date":"25\/12\/2012","format":false,"excerpt":"Volevo augurare buon Natale a tutti con una poesia, e ho trovato (e scartato) un Turoldo d'annata, Umberto Saba e Ada Negri, e insomma ognuna sarebbe bastata. Alla fine non ero soddisfatto e ho aperto a caso l'amata Emily Dickinson che non tradisce mai; e infatti ho trovato: Il silenzio\u2026","rel":"","context":"In &quot;Coordinate&quot;","block_context":{"text":"Coordinate","link":"http:\/\/www.robertosedda.it\/?cat=52"},"img":{"alt_text":"","src":"","width":0,"height":0},"classes":[]},{"id":17462,"url":"http:\/\/www.robertosedda.it\/?p=17462","url_meta":{"origin":11356,"position":4},"title":"Piccola storia significativa","author":"Rufus","date":"21\/10\/2019","format":false,"excerpt":"Dunque, la storia \u00e8 questa. Sabato io e Maria Bonaria, con alcuni altri soci del GIT, siamo andati a Iglesias per il convegno Totus impari: pace utopia o speranza del mondo?, organizzato dalla comunit\u00e0 battista del Sulcis-Iglesiente. Un po' siamo andati per amicizia nei confronti della pastora Elizabeth Green, che\u2026","rel":"","context":"In &quot;Coordinate&quot;","block_context":{"text":"Coordinate","link":"http:\/\/www.robertosedda.it\/?cat=52"},"img":{"alt_text":"","src":"https:\/\/i0.wp.com\/www.robertosedda.it\/wp-content\/uploads\/2019\/10\/io-e-bonnie-grande.gif?fit=900%2C1200&resize=350%2C200","width":350,"height":200,"srcset":"https:\/\/i0.wp.com\/www.robertosedda.it\/wp-content\/uploads\/2019\/10\/io-e-bonnie-grande.gif?fit=900%2C1200&resize=350%2C200 1x, https:\/\/i0.wp.com\/www.robertosedda.it\/wp-content\/uploads\/2019\/10\/io-e-bonnie-grande.gif?fit=900%2C1200&resize=700%2C400 2x"},"classes":[]},{"id":5564,"url":"http:\/\/www.robertosedda.it\/?p=5564","url_meta":{"origin":11356,"position":5},"title":"Perch\u00e9 \u00e8 sbagliato (forse) lasciare roba da mangiare per Babbo Natale","author":"Rufus","date":"28\/12\/2013","format":false,"excerpt":"Ho notato quest'anno che molti amici con figli, documentando i preparativi natalizi su Facebook, hanno fatto vedere che vicino al camino o in luoghi equivalenti \u00e8 stato lasciato qualcosa da mangiare per Babbo Natale (di solito latte e dolciumi) e perfino qualcosa per le renne. I bambini vogliono bene a\u2026","rel":"","context":"In &quot;Coordinate&quot;","block_context":{"text":"Coordinate","link":"http:\/\/www.robertosedda.it\/?cat=52"},"img":{"alt_text":"","src":"https:\/\/i0.wp.com\/www.robertosedda.it\/wp-content\/uploads\/2013\/12\/Santa-Claus-was-real-Chuck-Norris.jpg?fit=400%2C355&resize=350%2C200","width":350,"height":200},"classes":[]}],"_links":{"self":[{"href":"http:\/\/www.robertosedda.it\/index.php?rest_route=\/wp\/v2\/posts\/11356"}],"collection":[{"href":"http:\/\/www.robertosedda.it\/index.php?rest_route=\/wp\/v2\/posts"}],"about":[{"href":"http:\/\/www.robertosedda.it\/index.php?rest_route=\/wp\/v2\/types\/post"}],"author":[{"embeddable":true,"href":"http:\/\/www.robertosedda.it\/index.php?rest_route=\/wp\/v2\/users\/1"}],"replies":[{"embeddable":true,"href":"http:\/\/www.robertosedda.it\/index.php?rest_route=%2Fwp%2Fv2%2Fcomments&post=11356"}],"version-history":[{"count":3,"href":"http:\/\/www.robertosedda.it\/index.php?rest_route=\/wp\/v2\/posts\/11356\/revisions"}],"predecessor-version":[{"id":11361,"href":"http:\/\/www.robertosedda.it\/index.php?rest_route=\/wp\/v2\/posts\/11356\/revisions\/11361"}],"wp:featuredmedia":[{"embeddable":true,"href":"http:\/\/www.robertosedda.it\/index.php?rest_route=\/wp\/v2\/media\/11360"}],"wp:attachment":[{"href":"http:\/\/www.robertosedda.it\/index.php?rest_route=%2Fwp%2Fv2%2Fmedia&parent=11356"}],"wp:term":[{"taxonomy":"category","embeddable":true,"href":"http:\/\/www.robertosedda.it\/index.php?rest_route=%2Fwp%2Fv2%2Fcategories&post=11356"},{"taxonomy":"post_tag","embeddable":true,"href":"http:\/\/www.robertosedda.it\/index.php?rest_route=%2Fwp%2Fv2%2Ftags&post=11356"}],"curies":[{"name":"wp","href":"https:\/\/api.w.org\/{rel}","templated":true}]}}